{"id":10385,"date":"2025-10-09T11:20:24","date_gmt":"2025-10-09T09:20:24","guid":{"rendered":"https:\/\/downgalicia.org\/?p=10385"},"modified":"2025-10-09T11:24:53","modified_gmt":"2025-10-09T09:24:53","slug":"dia-del-tercer-sector-down-galicia-reclama-junto-al-resto-de-entidades-una-respuesta-social-e-inclusiva-ante-las-emergencias","status":"publish","type":"post","link":"https:\/\/downgalicia.org\/es\/dia-del-tercer-sector-down-galicia-reclama-junto-al-resto-de-entidades-una-respuesta-social-e-inclusiva-ante-las-emergencias\/","title":{"rendered":"D\u00eda del Tercer Sector: Down Galicia reclama junto al resto de entidades una respuesta social e inclusiva ante las emergencias"},"content":{"rendered":"<p>Las emergencias ya no son situaciones excepcionales, forman parte de una realidad cada vez m\u00e1s frecuente y compleja. Crisis clim\u00e1ticas, sanitarias, econ\u00f3micas, sociales y pol\u00edticas se suceden e interconectan, alterando nuestras vidas de manera profunda. Pero estas crisis no afectan por igual a todas las personas. Las emergencias no son neutras: agravan desigualdades preexistentes y golpean con mayor dureza a quienes ya viven en situaci\u00f3n de vulnerabilidad.<\/p>\n<p>En Espa\u00f1a, m\u00e1s de 12 millones de personas est\u00e1n en riesgo de pobreza o exclusi\u00f3n social y m\u00e1s del 38 % de los hogares no pueden afrontar gastos imprevistos. Estas cifras no son solo n\u00fameros: son rostros, son historias, son derechos en riesgo. Entre ellos se encuentran tambi\u00e9n las personas con discapacidad intelectual, que se enfrentan a mayores barreras de acceso a la informaci\u00f3n, a la salud, a la vivienda o a los apoyos necesarios para afrontar una situaci\u00f3n de emergencia.<\/p>\n<p>Con motivo del D\u00eda Nacional del Tercer Sector, desde Down Galicia nos unimos al manifiesto de la Plataforma del Tercer Sector para recordar que ninguna emergencia puede abordarse sin tener en cuenta su dimensi\u00f3n social y, en particular, la realidad de las personas con discapacidad intelectual y de sus familias. Tras una cat\u00e1strofe, no basta con reparar infraestructuras: hay que reconstruir vidas. Y esa reconstrucci\u00f3n solo ser\u00e1 justa si incorpora a todas las personas, con independencia de sus capacidades, desde la prevenci\u00f3n hasta la respuesta y la recuperaci\u00f3n.<\/p>\n<p><strong>Emergencias inclusivas y accesibles<\/strong><\/p>\n<p>La experiencia de nuestra federaci\u00f3n demuestra que la prevenci\u00f3n y la preparaci\u00f3n eficaz empiezan con una mirada inclusiva, que sit\u00fae a todas las personas en el centro como sujetos de derechos. En el caso de la discapacidad intelectual, esto pasa por garantizar sistemas de alerta temprana que sean comprensibles y accesibles, por dise\u00f1ar planes de emergencia que contemplen apoyos personalizados y por asegurar que la comunicaci\u00f3n y la informaci\u00f3n se adapten a diferentes necesidades cognitivas.<\/p>\n<p>Cada crisis pone en evidencia las brechas sociales y, en este terreno, las personas con discapacidad intelectual son uno de los colectivos m\u00e1s expuestos a quedar fuera de los sistemas de protecci\u00f3n si no se adoptan medidas espec\u00edficas. Por ello, reclamamos que las pol\u00edticas p\u00fablicas integren de manera estructural la perspectiva de la discapacidad en todas las fases de las emergencias: prevenci\u00f3n, respuesta, reconstrucci\u00f3n y evaluaci\u00f3n.<\/p>\n<p><strong>El papel del Tercer Sector<\/strong><\/p>\n<p>El Tercer Sector, en el que se enmarca Down Galicia, act\u00faa sin descanso, llegando donde otros no llegan, con eficiencia y equidad en las intervenciones. En el d\u00eda a d\u00eda y tambi\u00e9n en las emergencias, nuestras entidades ofrecen apoyo, generan confianza y acompa\u00f1an procesos de reconstrucci\u00f3n que devuelven autonom\u00eda y dignidad. En el caso de las personas con discapacidad intelectual, este acompa\u00f1amiento es esencial para que nadie quede atr\u00e1s.<\/p>\n<p>&nbsp;<\/p>\n<p>Por eso exigimos un enfoque integral, basado en los derechos humanos, que tenga en cuenta determinantes sociales como la pobreza energ\u00e9tica, la exclusi\u00f3n residencial, la salud mental, la violencia de g\u00e9nero y la discapacidad. Y que garantice siempre la participaci\u00f3n real de las personas afectadas, tambi\u00e9n de aquellas con discapacidad intelectual, a trav\u00e9s de apoyos adecuados que hagan posible su voz en la toma de decisiones.<\/p>\n<p><strong>Un llamamiento por la justicia social<\/strong><\/p>\n<p>En este D\u00eda Nacional del Tercer Sector, hacemos un llamamiento a instituciones, organismos, empresas, medios de comunicaci\u00f3n y ciudadan\u00eda para que se aborde la prevenci\u00f3n, la preparaci\u00f3n y la reconstrucci\u00f3n de las emergencias desde una perspectiva inclusiva y de derechos.<\/p>\n<p>La discapacidad intelectual no puede ser un factor de exclusi\u00f3n en las emergencias. Al contrario: debe ser una oportunidad para avanzar hacia un modelo m\u00e1s justo, equitativo e inclusivo. Para ello, reclamamos condiciones estructurales como la financiaci\u00f3n estable, el reconocimiento institucional del papel del Tercer Sector y espacios permanentes de di\u00e1logo que permitan integrar la experiencia y las propuestas de nuestras entidades.<\/p>\n<p>Solo as\u00ed construiremos una sociedad donde el cuidado, la equidad y la inclusi\u00f3n formen parte de cada acci\u00f3n, incluso \u2014y especialmente\u2014 en tiempos de crisis.<\/p>\n","protected":false},"excerpt":{"rendered":"<p>Las emergencias ya no son situaciones excepcionales, forman parte de una realidad cada vez m\u00e1s frecuente y compleja. Crisis clim\u00e1ticas, sanitarias, econ\u00f3micas, sociales y pol\u00edticas se suceden e interconectan, alterando [&hellip;]<\/p>\n","protected":false},"author":2,"featured_media":10383,"comment_status":"closed","ping_status":"closed","sticky":false,"template":"","format":"standard","meta":{"_acf_changed":false,"give_campaign_id":0,"footnotes":""},"categories":[110,129],"tags":[237],"class_list":["post-10385","post","type-post","status-publish","format-standard","has-post-thumbnail","hentry","category-actualidad","category-down-galicia-hemeroteca-es","tag-tercer-sector"],"acf":[],"yoast_head":"<!-- This site is optimized with the Yoast SEO plugin v25.3.1 - https:\/\/yoast.com\/wordpress\/plugins\/seo\/ -->\n<title>D\u00eda del Tercer Sector: Down Galicia reclama junto al resto de entidades una respuesta social e inclusiva ante las emergencias &#8226; Federaci\u00f3n Down Galicia<\/title>\n<meta name=\"robots\" content=\"index, follow, max-snippet:-1, max-image-preview:large, max-video-preview:-1\" \/>\n<link rel=\"canonical\" href=\"https:\/\/downgalicia.org\/es\/dia-del-tercer-sector-down-galicia-reclama-junto-al-resto-de-entidades-una-respuesta-social-e-inclusiva-ante-las-emergencias\/\" \/>\n<meta property=\"og:locale\" content=\"es_ES\" \/>\n<meta property=\"og:type\" content=\"article\" \/>\n<meta property=\"og:title\" content=\"D\u00eda del Tercer Sector: Down Galicia reclama junto al resto de entidades una respuesta social e inclusiva ante las emergencias &#8226; Federaci\u00f3n Down Galicia\" \/>\n<meta property=\"og:description\" content=\"Las emergencias ya no son situaciones excepcionales, forman parte de una realidad cada vez m\u00e1s frecuente y compleja. Crisis clim\u00e1ticas, sanitarias, econ\u00f3micas, sociales y pol\u00edticas se suceden e interconectan, alterando [&hellip;]\" \/>\n<meta property=\"og:url\" content=\"https:\/\/downgalicia.org\/es\/dia-del-tercer-sector-down-galicia-reclama-junto-al-resto-de-entidades-una-respuesta-social-e-inclusiva-ante-las-emergencias\/\" \/>\n<meta property=\"og:site_name\" content=\"Federaci\u00f3n Down Galicia\" \/>\n<meta property=\"article:published_time\" content=\"2025-10-09T09:20:24+00:00\" \/>\n<meta property=\"article:modified_time\" content=\"2025-10-09T09:24:53+00:00\" \/>\n<meta property=\"og:image\" content=\"https:\/\/downgalicia.org\/wp-content\/uploads\/2025\/10\/Dia-do-Terceiro-Sector.jpg\" \/>\n\t<meta property=\"og:image:width\" content=\"1080\" \/>\n\t<meta property=\"og:image:height\" content=\"720\" \/>\n\t<meta property=\"og:image:type\" content=\"image\/jpeg\" \/>\n<meta name=\"author\" content=\"marketing@downgalicia.org\" \/>\n<meta name=\"twitter:card\" content=\"summary_large_image\" \/>\n<meta name=\"twitter:label1\" content=\"Escrito por\" \/>\n\t<meta name=\"twitter:data1\" content=\"marketing@downgalicia.org\" \/>\n\t<meta name=\"twitter:label2\" content=\"Tiempo de lectura\" \/>\n\t<meta name=\"twitter:data2\" content=\"4 minutos\" \/>\n<script type=\"application\/ld+json\" class=\"yoast-schema-graph\">{\"@context\":\"https:\/\/schema.org\",\"@graph\":[{\"@type\":\"Article\",\"@id\":\"https:\/\/downgalicia.org\/es\/dia-del-tercer-sector-down-galicia-reclama-junto-al-resto-de-entidades-una-respuesta-social-e-inclusiva-ante-las-emergencias\/#article\",\"isPartOf\":{\"@id\":\"https:\/\/downgalicia.org\/es\/dia-del-tercer-sector-down-galicia-reclama-junto-al-resto-de-entidades-una-respuesta-social-e-inclusiva-ante-las-emergencias\/\"},\"author\":{\"name\":\"marketing@downgalicia.org\",\"@id\":\"https:\/\/downgalicia.org\/es\/#\/schema\/person\/3ca2f728cf073839dcb9aee6ac889a0b\"},\"headline\":\"D\u00eda del Tercer Sector: Down Galicia reclama junto al resto de entidades una respuesta social e inclusiva ante las emergencias\",\"datePublished\":\"2025-10-09T09:20:24+00:00\",\"dateModified\":\"2025-10-09T09:24:53+00:00\",\"mainEntityOfPage\":{\"@id\":\"https:\/\/downgalicia.org\/es\/dia-del-tercer-sector-down-galicia-reclama-junto-al-resto-de-entidades-una-respuesta-social-e-inclusiva-ante-las-emergencias\/\"},\"wordCount\":735,\"publisher\":{\"@id\":\"https:\/\/downgalicia.org\/es\/#organization\"},\"image\":{\"@id\":\"https:\/\/downgalicia.org\/es\/dia-del-tercer-sector-down-galicia-reclama-junto-al-resto-de-entidades-una-respuesta-social-e-inclusiva-ante-las-emergencias\/#primaryimage\"},\"thumbnailUrl\":\"https:\/\/downgalicia.org\/wp-content\/uploads\/2025\/10\/Dia-do-Terceiro-Sector.jpg\",\"keywords\":[\"tercer sector\"],\"articleSection\":[\"Actualidad\",\"Down Galicia\"],\"inLanguage\":\"es\"},{\"@type\":\"WebPage\",\"@id\":\"https:\/\/downgalicia.org\/es\/dia-del-tercer-sector-down-galicia-reclama-junto-al-resto-de-entidades-una-respuesta-social-e-inclusiva-ante-las-emergencias\/\",\"url\":\"https:\/\/downgalicia.org\/es\/dia-del-tercer-sector-down-galicia-reclama-junto-al-resto-de-entidades-una-respuesta-social-e-inclusiva-ante-las-emergencias\/\",\"name\":\"D\u00eda del Tercer Sector: Down Galicia reclama junto al resto de entidades una respuesta social e inclusiva ante las emergencias &#8226; Federaci\u00f3n Down Galicia\",\"isPartOf\":{\"@id\":\"https:\/\/downgalicia.org\/es\/#website\"},\"primaryImageOfPage\":{\"@id\":\"https:\/\/downgalicia.org\/es\/dia-del-tercer-sector-down-galicia-reclama-junto-al-resto-de-entidades-una-respuesta-social-e-inclusiva-ante-las-emergencias\/#primaryimage\"},\"image\":{\"@id\":\"https:\/\/downgalicia.org\/es\/dia-del-tercer-sector-down-galicia-reclama-junto-al-resto-de-entidades-una-respuesta-social-e-inclusiva-ante-las-emergencias\/#primaryimage\"},\"thumbnailUrl\":\"https:\/\/downgalicia.org\/wp-content\/uploads\/2025\/10\/Dia-do-Terceiro-Sector.jpg\",\"datePublished\":\"2025-10-09T09:20:24+00:00\",\"dateModified\":\"2025-10-09T09:24:53+00:00\",\"breadcrumb\":{\"@id\":\"https:\/\/downgalicia.org\/es\/dia-del-tercer-sector-down-galicia-reclama-junto-al-resto-de-entidades-una-respuesta-social-e-inclusiva-ante-las-emergencias\/#breadcrumb\"},\"inLanguage\":\"es\",\"potentialAction\":[{\"@type\":\"ReadAction\",\"target\":[\"https:\/\/downgalicia.org\/es\/dia-del-tercer-sector-down-galicia-reclama-junto-al-resto-de-entidades-una-respuesta-social-e-inclusiva-ante-las-emergencias\/\"]}]},{\"@type\":\"ImageObject\",\"inLanguage\":\"es\",\"@id\":\"https:\/\/downgalicia.org\/es\/dia-del-tercer-sector-down-galicia-reclama-junto-al-resto-de-entidades-una-respuesta-social-e-inclusiva-ante-las-emergencias\/#primaryimage\",\"url\":\"https:\/\/downgalicia.org\/wp-content\/uploads\/2025\/10\/Dia-do-Terceiro-Sector.jpg\",\"contentUrl\":\"https:\/\/downgalicia.org\/wp-content\/uploads\/2025\/10\/Dia-do-Terceiro-Sector.jpg\",\"width\":1080,\"height\":720},{\"@type\":\"BreadcrumbList\",\"@id\":\"https:\/\/downgalicia.org\/es\/dia-del-tercer-sector-down-galicia-reclama-junto-al-resto-de-entidades-una-respuesta-social-e-inclusiva-ante-las-emergencias\/#breadcrumb\",\"itemListElement\":[{\"@type\":\"ListItem\",\"position\":1,\"name\":\"Portada\",\"item\":\"https:\/\/downgalicia.org\/es\/\"},{\"@type\":\"ListItem\",\"position\":2,\"name\":\"D\u00eda del Tercer Sector: Down Galicia reclama junto al resto de entidades una respuesta social e inclusiva ante las emergencias\"}]},{\"@type\":\"WebSite\",\"@id\":\"https:\/\/downgalicia.org\/es\/#website\",\"url\":\"https:\/\/downgalicia.org\/es\/\",\"name\":\"Federaci\u00f3n Down Galicia\",\"description\":\"Apoio a persoas con S\u00edndrome de Down\",\"publisher\":{\"@id\":\"https:\/\/downgalicia.org\/es\/#organization\"},\"potentialAction\":[{\"@type\":\"SearchAction\",\"target\":{\"@type\":\"EntryPoint\",\"urlTemplate\":\"https:\/\/downgalicia.org\/es\/?s={search_term_string}\"},\"query-input\":{\"@type\":\"PropertyValueSpecification\",\"valueRequired\":true,\"valueName\":\"search_term_string\"}}],\"inLanguage\":\"es\"},{\"@type\":\"Organization\",\"@id\":\"https:\/\/downgalicia.org\/es\/#organization\",\"name\":\"Federaci\u00f3n Down Galicia\",\"url\":\"https:\/\/downgalicia.org\/es\/\",\"logo\":{\"@type\":\"ImageObject\",\"inLanguage\":\"es\",\"@id\":\"https:\/\/downgalicia.org\/es\/#\/schema\/logo\/image\/\",\"url\":\"https:\/\/downgalicia.org\/wp-content\/uploads\/2024\/07\/logo-sindrome-down-color.svg\",\"contentUrl\":\"https:\/\/downgalicia.org\/wp-content\/uploads\/2024\/07\/logo-sindrome-down-color.svg\",\"width\":271,\"height\":88,\"caption\":\"Federaci\u00f3n Down Galicia\"},\"image\":{\"@id\":\"https:\/\/downgalicia.org\/es\/#\/schema\/logo\/image\/\"}},{\"@type\":\"Person\",\"@id\":\"https:\/\/downgalicia.org\/es\/#\/schema\/person\/3ca2f728cf073839dcb9aee6ac889a0b\",\"name\":\"marketing@downgalicia.org\",\"image\":{\"@type\":\"ImageObject\",\"inLanguage\":\"es\",\"@id\":\"https:\/\/downgalicia.org\/es\/#\/schema\/person\/image\/\",\"url\":\"https:\/\/secure.gravatar.com\/avatar\/cf7e23aca6c471cdd853ed0cb5b921405dfdd5ec6a0946294f44f462c1d67eb6?s=96&d=mm&r=g\",\"contentUrl\":\"https:\/\/secure.gravatar.com\/avatar\/cf7e23aca6c471cdd853ed0cb5b921405dfdd5ec6a0946294f44f462c1d67eb6?s=96&d=mm&r=g\",\"caption\":\"marketing@downgalicia.org\"},\"url\":\"https:\/\/downgalicia.org\/es\/author\/marketingdowngalicia-org\/\"}]}<\/script>\n<!-- \/ Yoast SEO plugin. -->","yoast_head_json":{"title":"D\u00eda del Tercer Sector: Down Galicia reclama junto al resto de entidades una respuesta social e inclusiva ante las emergencias &#8226; Federaci\u00f3n Down Galicia","robots":{"index":"index","follow":"follow","max-snippet":"max-snippet:-1","max-image-preview":"max-image-preview:large","max-video-preview":"max-video-preview:-1"},"canonical":"https:\/\/downgalicia.org\/es\/dia-del-tercer-sector-down-galicia-reclama-junto-al-resto-de-entidades-una-respuesta-social-e-inclusiva-ante-las-emergencias\/","og_locale":"es_ES","og_type":"article","og_title":"D\u00eda del Tercer Sector: Down Galicia reclama junto al resto de entidades una respuesta social e inclusiva ante las emergencias &#8226; Federaci\u00f3n Down Galicia","og_description":"Las emergencias ya no son situaciones excepcionales, forman parte de una realidad cada vez m\u00e1s frecuente y compleja. Crisis clim\u00e1ticas, sanitarias, econ\u00f3micas, sociales y pol\u00edticas se suceden e interconectan, alterando [&hellip;]","og_url":"https:\/\/downgalicia.org\/es\/dia-del-tercer-sector-down-galicia-reclama-junto-al-resto-de-entidades-una-respuesta-social-e-inclusiva-ante-las-emergencias\/","og_site_name":"Federaci\u00f3n Down Galicia","article_published_time":"2025-10-09T09:20:24+00:00","article_modified_time":"2025-10-09T09:24:53+00:00","og_image":[{"width":1080,"height":720,"url":"https:\/\/downgalicia.org\/wp-content\/uploads\/2025\/10\/Dia-do-Terceiro-Sector.jpg","type":"image\/jpeg"}],"author":"marketing@downgalicia.org","twitter_card":"summary_large_image","twitter_misc":{"Escrito por":"marketing@downgalicia.org","Tiempo de lectura":"4 minutos"},"schema":{"@context":"https:\/\/schema.org","@graph":[{"@type":"Article","@id":"https:\/\/downgalicia.org\/es\/dia-del-tercer-sector-down-galicia-reclama-junto-al-resto-de-entidades-una-respuesta-social-e-inclusiva-ante-las-emergencias\/#article","isPartOf":{"@id":"https:\/\/downgalicia.org\/es\/dia-del-tercer-sector-down-galicia-reclama-junto-al-resto-de-entidades-una-respuesta-social-e-inclusiva-ante-las-emergencias\/"},"author":{"name":"marketing@downgalicia.org","@id":"https:\/\/downgalicia.org\/es\/#\/schema\/person\/3ca2f728cf073839dcb9aee6ac889a0b"},"headline":"D\u00eda del Tercer Sector: Down Galicia reclama junto al resto de entidades una respuesta social e inclusiva ante las emergencias","datePublished":"2025-10-09T09:20:24+00:00","dateModified":"2025-10-09T09:24:53+00:00","mainEntityOfPage":{"@id":"https:\/\/downgalicia.org\/es\/dia-del-tercer-sector-down-galicia-reclama-junto-al-resto-de-entidades-una-respuesta-social-e-inclusiva-ante-las-emergencias\/"},"wordCount":735,"publisher":{"@id":"https:\/\/downgalicia.org\/es\/#organization"},"image":{"@id":"https:\/\/downgalicia.org\/es\/dia-del-tercer-sector-down-galicia-reclama-junto-al-resto-de-entidades-una-respuesta-social-e-inclusiva-ante-las-emergencias\/#primaryimage"},"thumbnailUrl":"https:\/\/downgalicia.org\/wp-content\/uploads\/2025\/10\/Dia-do-Terceiro-Sector.jpg","keywords":["tercer sector"],"articleSection":["Actualidad","Down Galicia"],"inLanguage":"es"},{"@type":"WebPage","@id":"https:\/\/downgalicia.org\/es\/dia-del-tercer-sector-down-galicia-reclama-junto-al-resto-de-entidades-una-respuesta-social-e-inclusiva-ante-las-emergencias\/","url":"https:\/\/downgalicia.org\/es\/dia-del-tercer-sector-down-galicia-reclama-junto-al-resto-de-entidades-una-respuesta-social-e-inclusiva-ante-las-emergencias\/","name":"D\u00eda del Tercer Sector: Down Galicia reclama junto al resto de entidades una respuesta social e inclusiva ante las emergencias &#8226; Federaci\u00f3n Down Galicia","isPartOf":{"@id":"https:\/\/downgalicia.org\/es\/#website"},"primaryImageOfPage":{"@id":"https:\/\/downgalicia.org\/es\/dia-del-tercer-sector-down-galicia-reclama-junto-al-resto-de-entidades-una-respuesta-social-e-inclusiva-ante-las-emergencias\/#primaryimage"},"image":{"@id":"https:\/\/downgalicia.org\/es\/dia-del-tercer-sector-down-galicia-reclama-junto-al-resto-de-entidades-una-respuesta-social-e-inclusiva-ante-las-emergencias\/#primaryimage"},"thumbnailUrl":"https:\/\/downgalicia.org\/wp-content\/uploads\/2025\/10\/Dia-do-Terceiro-Sector.jpg","datePublished":"2025-10-09T09:20:24+00:00","dateModified":"2025-10-09T09:24:53+00:00","breadcrumb":{"@id":"https:\/\/downgalicia.org\/es\/dia-del-tercer-sector-down-galicia-reclama-junto-al-resto-de-entidades-una-respuesta-social-e-inclusiva-ante-las-emergencias\/#breadcrumb"},"inLanguage":"es","potentialAction":[{"@type":"ReadAction","target":["https:\/\/downgalicia.org\/es\/dia-del-tercer-sector-down-galicia-reclama-junto-al-resto-de-entidades-una-respuesta-social-e-inclusiva-ante-las-emergencias\/"]}]},{"@type":"ImageObject","inLanguage":"es","@id":"https:\/\/downgalicia.org\/es\/dia-del-tercer-sector-down-galicia-reclama-junto-al-resto-de-entidades-una-respuesta-social-e-inclusiva-ante-las-emergencias\/#primaryimage","url":"https:\/\/downgalicia.org\/wp-content\/uploads\/2025\/10\/Dia-do-Terceiro-Sector.jpg","contentUrl":"https:\/\/downgalicia.org\/wp-content\/uploads\/2025\/10\/Dia-do-Terceiro-Sector.jpg","width":1080,"height":720},{"@type":"BreadcrumbList","@id":"https:\/\/downgalicia.org\/es\/dia-del-tercer-sector-down-galicia-reclama-junto-al-resto-de-entidades-una-respuesta-social-e-inclusiva-ante-las-emergencias\/#breadcrumb","itemListElement":[{"@type":"ListItem","position":1,"name":"Portada","item":"https:\/\/downgalicia.org\/es\/"},{"@type":"ListItem","position":2,"name":"D\u00eda del Tercer Sector: Down Galicia reclama junto al resto de entidades una respuesta social e inclusiva ante las emergencias"}]},{"@type":"WebSite","@id":"https:\/\/downgalicia.org\/es\/#website","url":"https:\/\/downgalicia.org\/es\/","name":"Federaci\u00f3n Down Galicia","description":"Apoio a persoas con S\u00edndrome de Down","publisher":{"@id":"https:\/\/downgalicia.org\/es\/#organization"},"potentialAction":[{"@type":"SearchAction","target":{"@type":"EntryPoint","urlTemplate":"https:\/\/downgalicia.org\/es\/?s={search_term_string}"},"query-input":{"@type":"PropertyValueSpecification","valueRequired":true,"valueName":"search_term_string"}}],"inLanguage":"es"},{"@type":"Organization","@id":"https:\/\/downgalicia.org\/es\/#organization","name":"Federaci\u00f3n Down Galicia","url":"https:\/\/downgalicia.org\/es\/","logo":{"@type":"ImageObject","inLanguage":"es","@id":"https:\/\/downgalicia.org\/es\/#\/schema\/logo\/image\/","url":"https:\/\/downgalicia.org\/wp-content\/uploads\/2024\/07\/logo-sindrome-down-color.svg","contentUrl":"https:\/\/downgalicia.org\/wp-content\/uploads\/2024\/07\/logo-sindrome-down-color.svg","width":271,"height":88,"caption":"Federaci\u00f3n Down Galicia"},"image":{"@id":"https:\/\/downgalicia.org\/es\/#\/schema\/logo\/image\/"}},{"@type":"Person","@id":"https:\/\/downgalicia.org\/es\/#\/schema\/person\/3ca2f728cf073839dcb9aee6ac889a0b","name":"marketing@downgalicia.org","image":{"@type":"ImageObject","inLanguage":"es","@id":"https:\/\/downgalicia.org\/es\/#\/schema\/person\/image\/","url":"https:\/\/secure.gravatar.com\/avatar\/cf7e23aca6c471cdd853ed0cb5b921405dfdd5ec6a0946294f44f462c1d67eb6?s=96&d=mm&r=g","contentUrl":"https:\/\/secure.gravatar.com\/avatar\/cf7e23aca6c471cdd853ed0cb5b921405dfdd5ec6a0946294f44f462c1d67eb6?s=96&d=mm&r=g","caption":"marketing@downgalicia.org"},"url":"https:\/\/downgalicia.org\/es\/author\/marketingdowngalicia-org\/"}]}},"_links":{"self":[{"href":"https:\/\/downgalicia.org\/es\/wp-json\/wp\/v2\/posts\/10385","targetHints":{"allow":["GET"]}}],"collection":[{"href":"https:\/\/downgalicia.org\/es\/wp-json\/wp\/v2\/posts"}],"about":[{"href":"https:\/\/downgalicia.org\/es\/wp-json\/wp\/v2\/types\/post"}],"author":[{"embeddable":true,"href":"https:\/\/downgalicia.org\/es\/wp-json\/wp\/v2\/users\/2"}],"replies":[{"embeddable":true,"href":"https:\/\/downgalicia.org\/es\/wp-json\/wp\/v2\/comments?post=10385"}],"version-history":[{"count":1,"href":"https:\/\/downgalicia.org\/es\/wp-json\/wp\/v2\/posts\/10385\/revisions"}],"predecessor-version":[{"id":10386,"href":"https:\/\/downgalicia.org\/es\/wp-json\/wp\/v2\/posts\/10385\/revisions\/10386"}],"wp:featuredmedia":[{"embeddable":true,"href":"https:\/\/downgalicia.org\/es\/wp-json\/wp\/v2\/media\/10383"}],"wp:attachment":[{"href":"https:\/\/downgalicia.org\/es\/wp-json\/wp\/v2\/media?parent=10385"}],"wp:term":[{"taxonomy":"category","embeddable":true,"href":"https:\/\/downgalicia.org\/es\/wp-json\/wp\/v2\/categories?post=10385"},{"taxonomy":"post_tag","embeddable":true,"href":"https:\/\/downgalicia.org\/es\/wp-json\/wp\/v2\/tags?post=10385"}],"curies":[{"name":"wp","href":"https:\/\/api.w.org\/{rel}","templated":true}]}}