{"id":10470,"date":"2025-11-07T13:18:53","date_gmt":"2025-11-07T12:18:53","guid":{"rendered":"https:\/\/downgalicia.org\/?p=10470"},"modified":"2025-11-07T14:40:36","modified_gmt":"2025-11-07T13:40:36","slug":"miembros-de-down-pontevedra-xuntos-logran-el-segundo-premio-en-el-certamen-de-cortos-d-medo-de-barro","status":"publish","type":"post","link":"https:\/\/downgalicia.org\/es\/miembros-de-down-pontevedra-xuntos-logran-el-segundo-premio-en-el-certamen-de-cortos-d-medo-de-barro\/","title":{"rendered":"Miembros de Down Pontevedra Xuntos logran el segundo premio en el certamen de Cortos D-Medo de Barro"},"content":{"rendered":"<p>La asociaci\u00f3n Down Pontevedra Xuntos consigui\u00f3 el pasado viernes 31 de octubre el segundo premio con la pieza <em>O espantallo<\/em> en la categor\u00eda general del certamen de cortometrajes D-Medo, organizado por el Concello de Barro. El concurso busca fomentar el uso del gallego, el trabajo en equipo y el empleo de las nuevas tecnolog\u00edas, adem\u00e1s de servir como espacio de dinamizaci\u00f3n y transferencia cultural.<\/p>\n<p>La entidad participa en este certamen desde el a\u00f1o 2016, salvo en las ediciones de 2020 y 2024, y este reconocimiento se suma a una trayectoria llena de logros, ya que el grupo ha quedado en primeros puestos con cinco cortos a lo largo de estos a\u00f1os. Sin embargo, para las y los j\u00f3venes participantes, el mayor premio sigue siendo el reconocimiento a su esfuerzo, la convivencia y el disfrute compartido durante todo el proceso creativo.<\/p>\n<p>El proyecto se estructura en ocho sesiones de trabajo, en las que el grupo, formado este a\u00f1o por 11 personas, participa activamente en todas las fases: desde la elecci\u00f3n de la tem\u00e1tica hasta la grabaci\u00f3n final. Las y los participantes deciden por votaci\u00f3n el argumento y los personajes, elaboran el guion, preparan el vestuario y el atrezzo, e incluso aportan materiales propios. La grabaci\u00f3n, coordinada por las profesionales de la entidad Patri y Mar\u00eda, se desarrolla en escenarios del entorno m\u00e1s cercano, convirtiendo el municipio en un aut\u00e9ntico plat\u00f3 y sorprendiendo a veces al vecindario con escenas llenas de emoci\u00f3n, sangre falsa y alg\u00fan que otro grito de miedo. Como resultado de este trabajo el equipo lleg\u00f3 a rodar dos cortos, <em>O Espantallo<\/em> y<em> Xustiza na xogueter\u00eda<\/em>.<\/p>\n<p>La experiencia supone una herramienta de inclusi\u00f3n y sensibilizaci\u00f3n, que favorece la participaci\u00f3n activa de las personas con s\u00edndrome de Down y discapacidad intelectual, promoviendo la toma de decisiones, el di\u00e1logo, la expresi\u00f3n corporal y el trabajo en equipo. El certamen D-Medo es, as\u00ed, un ejemplo de c\u00f3mo el audiovisual puede contribuir a la visibilizaci\u00f3n del talento y la diversidad presentes en la sociedad.<\/p>\n<p>Desde Down Pontevedra Xuntos se muestra una gran satisfacci\u00f3n por este nuevo reconocimiento y se transmite, junto a Down Galicia, su enhorabuena a las y los j\u00f3venes participantes, que con entusiasmo y compromiso han hecho posible este \u00e9xito colectivo.<\/p>\n<p><strong>O ESPANTALLO (2\u00ba PREMIO)<\/strong><\/p>\n<p><iframe title=\"O ESPANTALLO\" width=\"800\" height=\"450\" src=\"https:\/\/www.youtube.com\/embed\/53acOwB0nbc?feature=oembed\" frameborder=\"0\" allow=\"accelerometer; autoplay; clipboard-write; encrypted-media; gyroscope; picture-in-picture; web-share\" referrerpolicy=\"strict-origin-when-cross-origin\" allowfullscreen><\/iframe><\/p>\n<p><strong>XUSTIZA NA XOGUETER\u00cdA<\/strong><\/p>\n<p><iframe title=\"XUSTIZA NA XOGUETER\u00cdA\" width=\"800\" height=\"450\" src=\"https:\/\/www.youtube.com\/embed\/w8vu1dxeano?feature=oembed\" frameborder=\"0\" allow=\"accelerometer; autoplay; clipboard-write; encrypted-media; gyroscope; picture-in-picture; web-share\" referrerpolicy=\"strict-origin-when-cross-origin\" allowfullscreen><\/iframe><\/p>\n","protected":false},"excerpt":{"rendered":"<p>La asociaci\u00f3n Down Pontevedra Xuntos consigui\u00f3 el pasado viernes 31 de octubre el segundo premio con la pieza O espantallo en la categor\u00eda general del certamen de cortometrajes D-Medo, organizado [&hellip;]<\/p>\n","protected":false},"author":2,"featured_media":10479,"comment_status":"closed","ping_status":"closed","sticky":false,"template":"","format":"standard","meta":{"_acf_changed":false,"give_campaign_id":0,"footnotes":""},"categories":[118],"tags":[201],"class_list":["post-10470","post","type-post","status-publish","format-standard","has-post-thumbnail","hentry","category-down-pontevedra-hemeroteca-es","tag-actividades-en-el-entorno"],"acf":[],"yoast_head":"<!-- This site is optimized with the Yoast SEO plugin v25.3.1 - https:\/\/yoast.com\/wordpress\/plugins\/seo\/ -->\n<title>Miembros de Down Pontevedra Xuntos logran el segundo premio en el certamen de Cortos D-Medo de Barro &#8226; Federaci\u00f3n Down Galicia<\/title>\n<meta name=\"robots\" content=\"index, follow, max-snippet:-1, max-image-preview:large, max-video-preview:-1\" \/>\n<link rel=\"canonical\" href=\"https:\/\/downgalicia.org\/es\/miembros-de-down-pontevedra-xuntos-logran-el-segundo-premio-en-el-certamen-de-cortos-d-medo-de-barro\/\" \/>\n<meta property=\"og:locale\" content=\"es_ES\" \/>\n<meta property=\"og:type\" content=\"article\" \/>\n<meta property=\"og:title\" content=\"Miembros de Down Pontevedra Xuntos logran el segundo premio en el certamen de Cortos D-Medo de Barro &#8226; Federaci\u00f3n Down Galicia\" \/>\n<meta property=\"og:description\" content=\"La asociaci\u00f3n Down Pontevedra Xuntos consigui\u00f3 el pasado viernes 31 de octubre el segundo premio con la pieza O espantallo en la categor\u00eda general del certamen de cortometrajes D-Medo, organizado [&hellip;]\" \/>\n<meta property=\"og:url\" content=\"https:\/\/downgalicia.org\/es\/miembros-de-down-pontevedra-xuntos-logran-el-segundo-premio-en-el-certamen-de-cortos-d-medo-de-barro\/\" \/>\n<meta property=\"og:site_name\" content=\"Federaci\u00f3n Down Galicia\" \/>\n<meta property=\"article:published_time\" content=\"2025-11-07T12:18:53+00:00\" \/>\n<meta property=\"article:modified_time\" content=\"2025-11-07T13:40:36+00:00\" \/>\n<meta property=\"og:image\" content=\"https:\/\/downgalicia.org\/wp-content\/uploads\/2025\/11\/WhatsApp-Image-2025-11-07-at-14.33.26.jpeg\" \/>\n\t<meta property=\"og:image:width\" content=\"1600\" \/>\n\t<meta property=\"og:image:height\" content=\"900\" \/>\n\t<meta property=\"og:image:type\" content=\"image\/jpeg\" \/>\n<meta name=\"author\" content=\"marketing@downgalicia.org\" \/>\n<meta name=\"twitter:card\" content=\"summary_large_image\" \/>\n<meta name=\"twitter:label1\" content=\"Escrito por\" \/>\n\t<meta name=\"twitter:data1\" content=\"marketing@downgalicia.org\" \/>\n\t<meta name=\"twitter:label2\" content=\"Tiempo de lectura\" \/>\n\t<meta name=\"twitter:data2\" content=\"3 minutos\" \/>\n<script type=\"application\/ld+json\" class=\"yoast-schema-graph\">{\"@context\":\"https:\/\/schema.org\",\"@graph\":[{\"@type\":\"Article\",\"@id\":\"https:\/\/downgalicia.org\/es\/miembros-de-down-pontevedra-xuntos-logran-el-segundo-premio-en-el-certamen-de-cortos-d-medo-de-barro\/#article\",\"isPartOf\":{\"@id\":\"https:\/\/downgalicia.org\/es\/miembros-de-down-pontevedra-xuntos-logran-el-segundo-premio-en-el-certamen-de-cortos-d-medo-de-barro\/\"},\"author\":{\"name\":\"marketing@downgalicia.org\",\"@id\":\"https:\/\/downgalicia.org\/es\/#\/schema\/person\/3ca2f728cf073839dcb9aee6ac889a0b\"},\"headline\":\"Miembros de Down Pontevedra Xuntos logran el segundo premio en el certamen de Cortos D-Medo de Barro\",\"datePublished\":\"2025-11-07T12:18:53+00:00\",\"dateModified\":\"2025-11-07T13:40:36+00:00\",\"mainEntityOfPage\":{\"@id\":\"https:\/\/downgalicia.org\/es\/miembros-de-down-pontevedra-xuntos-logran-el-segundo-premio-en-el-certamen-de-cortos-d-medo-de-barro\/\"},\"wordCount\":436,\"publisher\":{\"@id\":\"https:\/\/downgalicia.org\/es\/#organization\"},\"image\":{\"@id\":\"https:\/\/downgalicia.org\/es\/miembros-de-down-pontevedra-xuntos-logran-el-segundo-premio-en-el-certamen-de-cortos-d-medo-de-barro\/#primaryimage\"},\"thumbnailUrl\":\"https:\/\/downgalicia.org\/wp-content\/uploads\/2025\/11\/xuntoa2.jpg\",\"keywords\":[\"actividades en el entorno\"],\"articleSection\":[\"Down Pontevedra\"],\"inLanguage\":\"es\"},{\"@type\":\"WebPage\",\"@id\":\"https:\/\/downgalicia.org\/es\/miembros-de-down-pontevedra-xuntos-logran-el-segundo-premio-en-el-certamen-de-cortos-d-medo-de-barro\/\",\"url\":\"https:\/\/downgalicia.org\/es\/miembros-de-down-pontevedra-xuntos-logran-el-segundo-premio-en-el-certamen-de-cortos-d-medo-de-barro\/\",\"name\":\"Miembros de Down Pontevedra Xuntos logran el segundo premio en el certamen de Cortos D-Medo de Barro &#8226; Federaci\u00f3n Down Galicia\",\"isPartOf\":{\"@id\":\"https:\/\/downgalicia.org\/es\/#website\"},\"primaryImageOfPage\":{\"@id\":\"https:\/\/downgalicia.org\/es\/miembros-de-down-pontevedra-xuntos-logran-el-segundo-premio-en-el-certamen-de-cortos-d-medo-de-barro\/#primaryimage\"},\"image\":{\"@id\":\"https:\/\/downgalicia.org\/es\/miembros-de-down-pontevedra-xuntos-logran-el-segundo-premio-en-el-certamen-de-cortos-d-medo-de-barro\/#primaryimage\"},\"thumbnailUrl\":\"https:\/\/downgalicia.org\/wp-content\/uploads\/2025\/11\/xuntoa2.jpg\",\"datePublished\":\"2025-11-07T12:18:53+00:00\",\"dateModified\":\"2025-11-07T13:40:36+00:00\",\"breadcrumb\":{\"@id\":\"https:\/\/downgalicia.org\/es\/miembros-de-down-pontevedra-xuntos-logran-el-segundo-premio-en-el-certamen-de-cortos-d-medo-de-barro\/#breadcrumb\"},\"inLanguage\":\"es\",\"potentialAction\":[{\"@type\":\"ReadAction\",\"target\":[\"https:\/\/downgalicia.org\/es\/miembros-de-down-pontevedra-xuntos-logran-el-segundo-premio-en-el-certamen-de-cortos-d-medo-de-barro\/\"]}]},{\"@type\":\"ImageObject\",\"inLanguage\":\"es\",\"@id\":\"https:\/\/downgalicia.org\/es\/miembros-de-down-pontevedra-xuntos-logran-el-segundo-premio-en-el-certamen-de-cortos-d-medo-de-barro\/#primaryimage\",\"url\":\"https:\/\/downgalicia.org\/wp-content\/uploads\/2025\/11\/xuntoa2.jpg\",\"contentUrl\":\"https:\/\/downgalicia.org\/wp-content\/uploads\/2025\/11\/xuntoa2.jpg\",\"width\":1201,\"height\":800},{\"@type\":\"BreadcrumbList\",\"@id\":\"https:\/\/downgalicia.org\/es\/miembros-de-down-pontevedra-xuntos-logran-el-segundo-premio-en-el-certamen-de-cortos-d-medo-de-barro\/#breadcrumb\",\"itemListElement\":[{\"@type\":\"ListItem\",\"position\":1,\"name\":\"Portada\",\"item\":\"https:\/\/downgalicia.org\/es\/\"},{\"@type\":\"ListItem\",\"position\":2,\"name\":\"Miembros de Down Pontevedra Xuntos logran el segundo premio en el certamen de Cortos D-Medo de Barro\"}]},{\"@type\":\"WebSite\",\"@id\":\"https:\/\/downgalicia.org\/es\/#website\",\"url\":\"https:\/\/downgalicia.org\/es\/\",\"name\":\"Federaci\u00f3n Down Galicia\",\"description\":\"Apoio a persoas con S\u00edndrome de Down\",\"publisher\":{\"@id\":\"https:\/\/downgalicia.org\/es\/#organization\"},\"potentialAction\":[{\"@type\":\"SearchAction\",\"target\":{\"@type\":\"EntryPoint\",\"urlTemplate\":\"https:\/\/downgalicia.org\/es\/?s={search_term_string}\"},\"query-input\":{\"@type\":\"PropertyValueSpecification\",\"valueRequired\":true,\"valueName\":\"search_term_string\"}}],\"inLanguage\":\"es\"},{\"@type\":\"Organization\",\"@id\":\"https:\/\/downgalicia.org\/es\/#organization\",\"name\":\"Federaci\u00f3n Down Galicia\",\"url\":\"https:\/\/downgalicia.org\/es\/\",\"logo\":{\"@type\":\"ImageObject\",\"inLanguage\":\"es\",\"@id\":\"https:\/\/downgalicia.org\/es\/#\/schema\/logo\/image\/\",\"url\":\"https:\/\/downgalicia.org\/wp-content\/uploads\/2024\/07\/logo-sindrome-down-color.svg\",\"contentUrl\":\"https:\/\/downgalicia.org\/wp-content\/uploads\/2024\/07\/logo-sindrome-down-color.svg\",\"width\":271,\"height\":88,\"caption\":\"Federaci\u00f3n Down Galicia\"},\"image\":{\"@id\":\"https:\/\/downgalicia.org\/es\/#\/schema\/logo\/image\/\"}},{\"@type\":\"Person\",\"@id\":\"https:\/\/downgalicia.org\/es\/#\/schema\/person\/3ca2f728cf073839dcb9aee6ac889a0b\",\"name\":\"marketing@downgalicia.org\",\"image\":{\"@type\":\"ImageObject\",\"inLanguage\":\"es\",\"@id\":\"https:\/\/downgalicia.org\/es\/#\/schema\/person\/image\/\",\"url\":\"https:\/\/secure.gravatar.com\/avatar\/cf7e23aca6c471cdd853ed0cb5b921405dfdd5ec6a0946294f44f462c1d67eb6?s=96&d=mm&r=g\",\"contentUrl\":\"https:\/\/secure.gravatar.com\/avatar\/cf7e23aca6c471cdd853ed0cb5b921405dfdd5ec6a0946294f44f462c1d67eb6?s=96&d=mm&r=g\",\"caption\":\"marketing@downgalicia.org\"},\"url\":\"https:\/\/downgalicia.org\/es\/author\/marketingdowngalicia-org\/\"}]}<\/script>\n<!-- \/ Yoast SEO plugin. -->","yoast_head_json":{"title":"Miembros de Down Pontevedra Xuntos logran el segundo premio en el certamen de Cortos D-Medo de Barro &#8226; Federaci\u00f3n Down Galicia","robots":{"index":"index","follow":"follow","max-snippet":"max-snippet:-1","max-image-preview":"max-image-preview:large","max-video-preview":"max-video-preview:-1"},"canonical":"https:\/\/downgalicia.org\/es\/miembros-de-down-pontevedra-xuntos-logran-el-segundo-premio-en-el-certamen-de-cortos-d-medo-de-barro\/","og_locale":"es_ES","og_type":"article","og_title":"Miembros de Down Pontevedra Xuntos logran el segundo premio en el certamen de Cortos D-Medo de Barro &#8226; Federaci\u00f3n Down Galicia","og_description":"La asociaci\u00f3n Down Pontevedra Xuntos consigui\u00f3 el pasado viernes 31 de octubre el segundo premio con la pieza O espantallo en la categor\u00eda general del certamen de cortometrajes D-Medo, organizado [&hellip;]","og_url":"https:\/\/downgalicia.org\/es\/miembros-de-down-pontevedra-xuntos-logran-el-segundo-premio-en-el-certamen-de-cortos-d-medo-de-barro\/","og_site_name":"Federaci\u00f3n Down Galicia","article_published_time":"2025-11-07T12:18:53+00:00","article_modified_time":"2025-11-07T13:40:36+00:00","og_image":[{"width":1600,"height":900,"url":"https:\/\/downgalicia.org\/wp-content\/uploads\/2025\/11\/WhatsApp-Image-2025-11-07-at-14.33.26.jpeg","type":"image\/jpeg"}],"author":"marketing@downgalicia.org","twitter_card":"summary_large_image","twitter_misc":{"Escrito por":"marketing@downgalicia.org","Tiempo de lectura":"3 minutos"},"schema":{"@context":"https:\/\/schema.org","@graph":[{"@type":"Article","@id":"https:\/\/downgalicia.org\/es\/miembros-de-down-pontevedra-xuntos-logran-el-segundo-premio-en-el-certamen-de-cortos-d-medo-de-barro\/#article","isPartOf":{"@id":"https:\/\/downgalicia.org\/es\/miembros-de-down-pontevedra-xuntos-logran-el-segundo-premio-en-el-certamen-de-cortos-d-medo-de-barro\/"},"author":{"name":"marketing@downgalicia.org","@id":"https:\/\/downgalicia.org\/es\/#\/schema\/person\/3ca2f728cf073839dcb9aee6ac889a0b"},"headline":"Miembros de Down Pontevedra Xuntos logran el segundo premio en el certamen de Cortos D-Medo de Barro","datePublished":"2025-11-07T12:18:53+00:00","dateModified":"2025-11-07T13:40:36+00:00","mainEntityOfPage":{"@id":"https:\/\/downgalicia.org\/es\/miembros-de-down-pontevedra-xuntos-logran-el-segundo-premio-en-el-certamen-de-cortos-d-medo-de-barro\/"},"wordCount":436,"publisher":{"@id":"https:\/\/downgalicia.org\/es\/#organization"},"image":{"@id":"https:\/\/downgalicia.org\/es\/miembros-de-down-pontevedra-xuntos-logran-el-segundo-premio-en-el-certamen-de-cortos-d-medo-de-barro\/#primaryimage"},"thumbnailUrl":"https:\/\/downgalicia.org\/wp-content\/uploads\/2025\/11\/xuntoa2.jpg","keywords":["actividades en el entorno"],"articleSection":["Down Pontevedra"],"inLanguage":"es"},{"@type":"WebPage","@id":"https:\/\/downgalicia.org\/es\/miembros-de-down-pontevedra-xuntos-logran-el-segundo-premio-en-el-certamen-de-cortos-d-medo-de-barro\/","url":"https:\/\/downgalicia.org\/es\/miembros-de-down-pontevedra-xuntos-logran-el-segundo-premio-en-el-certamen-de-cortos-d-medo-de-barro\/","name":"Miembros de Down Pontevedra Xuntos logran el segundo premio en el certamen de Cortos D-Medo de Barro &#8226; Federaci\u00f3n Down Galicia","isPartOf":{"@id":"https:\/\/downgalicia.org\/es\/#website"},"primaryImageOfPage":{"@id":"https:\/\/downgalicia.org\/es\/miembros-de-down-pontevedra-xuntos-logran-el-segundo-premio-en-el-certamen-de-cortos-d-medo-de-barro\/#primaryimage"},"image":{"@id":"https:\/\/downgalicia.org\/es\/miembros-de-down-pontevedra-xuntos-logran-el-segundo-premio-en-el-certamen-de-cortos-d-medo-de-barro\/#primaryimage"},"thumbnailUrl":"https:\/\/downgalicia.org\/wp-content\/uploads\/2025\/11\/xuntoa2.jpg","datePublished":"2025-11-07T12:18:53+00:00","dateModified":"2025-11-07T13:40:36+00:00","breadcrumb":{"@id":"https:\/\/downgalicia.org\/es\/miembros-de-down-pontevedra-xuntos-logran-el-segundo-premio-en-el-certamen-de-cortos-d-medo-de-barro\/#breadcrumb"},"inLanguage":"es","potentialAction":[{"@type":"ReadAction","target":["https:\/\/downgalicia.org\/es\/miembros-de-down-pontevedra-xuntos-logran-el-segundo-premio-en-el-certamen-de-cortos-d-medo-de-barro\/"]}]},{"@type":"ImageObject","inLanguage":"es","@id":"https:\/\/downgalicia.org\/es\/miembros-de-down-pontevedra-xuntos-logran-el-segundo-premio-en-el-certamen-de-cortos-d-medo-de-barro\/#primaryimage","url":"https:\/\/downgalicia.org\/wp-content\/uploads\/2025\/11\/xuntoa2.jpg","contentUrl":"https:\/\/downgalicia.org\/wp-content\/uploads\/2025\/11\/xuntoa2.jpg","width":1201,"height":800},{"@type":"BreadcrumbList","@id":"https:\/\/downgalicia.org\/es\/miembros-de-down-pontevedra-xuntos-logran-el-segundo-premio-en-el-certamen-de-cortos-d-medo-de-barro\/#breadcrumb","itemListElement":[{"@type":"ListItem","position":1,"name":"Portada","item":"https:\/\/downgalicia.org\/es\/"},{"@type":"ListItem","position":2,"name":"Miembros de Down Pontevedra Xuntos logran el segundo premio en el certamen de Cortos D-Medo de Barro"}]},{"@type":"WebSite","@id":"https:\/\/downgalicia.org\/es\/#website","url":"https:\/\/downgalicia.org\/es\/","name":"Federaci\u00f3n Down Galicia","description":"Apoio a persoas con S\u00edndrome de Down","publisher":{"@id":"https:\/\/downgalicia.org\/es\/#organization"},"potentialAction":[{"@type":"SearchAction","target":{"@type":"EntryPoint","urlTemplate":"https:\/\/downgalicia.org\/es\/?s={search_term_string}"},"query-input":{"@type":"PropertyValueSpecification","valueRequired":true,"valueName":"search_term_string"}}],"inLanguage":"es"},{"@type":"Organization","@id":"https:\/\/downgalicia.org\/es\/#organization","name":"Federaci\u00f3n Down Galicia","url":"https:\/\/downgalicia.org\/es\/","logo":{"@type":"ImageObject","inLanguage":"es","@id":"https:\/\/downgalicia.org\/es\/#\/schema\/logo\/image\/","url":"https:\/\/downgalicia.org\/wp-content\/uploads\/2024\/07\/logo-sindrome-down-color.svg","contentUrl":"https:\/\/downgalicia.org\/wp-content\/uploads\/2024\/07\/logo-sindrome-down-color.svg","width":271,"height":88,"caption":"Federaci\u00f3n Down Galicia"},"image":{"@id":"https:\/\/downgalicia.org\/es\/#\/schema\/logo\/image\/"}},{"@type":"Person","@id":"https:\/\/downgalicia.org\/es\/#\/schema\/person\/3ca2f728cf073839dcb9aee6ac889a0b","name":"marketing@downgalicia.org","image":{"@type":"ImageObject","inLanguage":"es","@id":"https:\/\/downgalicia.org\/es\/#\/schema\/person\/image\/","url":"https:\/\/secure.gravatar.com\/avatar\/cf7e23aca6c471cdd853ed0cb5b921405dfdd5ec6a0946294f44f462c1d67eb6?s=96&d=mm&r=g","contentUrl":"https:\/\/secure.gravatar.com\/avatar\/cf7e23aca6c471cdd853ed0cb5b921405dfdd5ec6a0946294f44f462c1d67eb6?s=96&d=mm&r=g","caption":"marketing@downgalicia.org"},"url":"https:\/\/downgalicia.org\/es\/author\/marketingdowngalicia-org\/"}]}},"_links":{"self":[{"href":"https:\/\/downgalicia.org\/es\/wp-json\/wp\/v2\/posts\/10470","targetHints":{"allow":["GET"]}}],"collection":[{"href":"https:\/\/downgalicia.org\/es\/wp-json\/wp\/v2\/posts"}],"about":[{"href":"https:\/\/downgalicia.org\/es\/wp-json\/wp\/v2\/types\/post"}],"author":[{"embeddable":true,"href":"https:\/\/downgalicia.org\/es\/wp-json\/wp\/v2\/users\/2"}],"replies":[{"embeddable":true,"href":"https:\/\/downgalicia.org\/es\/wp-json\/wp\/v2\/comments?post=10470"}],"version-history":[{"count":3,"href":"https:\/\/downgalicia.org\/es\/wp-json\/wp\/v2\/posts\/10470\/revisions"}],"predecessor-version":[{"id":10475,"href":"https:\/\/downgalicia.org\/es\/wp-json\/wp\/v2\/posts\/10470\/revisions\/10475"}],"wp:featuredmedia":[{"embeddable":true,"href":"https:\/\/downgalicia.org\/es\/wp-json\/wp\/v2\/media\/10479"}],"wp:attachment":[{"href":"https:\/\/downgalicia.org\/es\/wp-json\/wp\/v2\/media?parent=10470"}],"wp:term":[{"taxonomy":"category","embeddable":true,"href":"https:\/\/downgalicia.org\/es\/wp-json\/wp\/v2\/categories?post=10470"},{"taxonomy":"post_tag","embeddable":true,"href":"https:\/\/downgalicia.org\/es\/wp-json\/wp\/v2\/tags?post=10470"}],"curies":[{"name":"wp","href":"https:\/\/api.w.org\/{rel}","templated":true}]}}