{"id":10663,"date":"2025-12-22T08:33:55","date_gmt":"2025-12-22T07:33:55","guid":{"rendered":"https:\/\/downgalicia.org\/?p=10663"},"modified":"2025-12-22T08:44:23","modified_gmt":"2025-12-22T07:44:23","slug":"jovenes-de-down-compostela-e-alumnado-de-magisterio-de-la-usc-estrenan-case-un-cuento-musicado","status":"publish","type":"post","link":"https:\/\/downgalicia.org\/es\/jovenes-de-down-compostela-e-alumnado-de-magisterio-de-la-usc-estrenan-case-un-cuento-musicado\/","title":{"rendered":"J\u00f3venes de Down Compostela e alumnado de Magisterio de la USC estrenan &#8216;Case&#8217;, un cuento musicado"},"content":{"rendered":"<p>Personas con discapacidad que participan en el programa de Inclusi\u00f3n Social de la Fundaci\u00f3n Down Compostela y estudiantes del Grado en Magisterio de la Universidade de Santiago de Compostela estrenaron el pasado jueves 18 de diciembre \u2018Case\u2019, un cuento musicado creado de forma colaborativa entre ambos grupos. Se trata de un proyecto de aprendizaje-servicio que celebra la creatividad, la diversidad y el valor \u00fanico de cada persona.<\/p>\n<p>\u2018Casi\u2019 se inspira en \u2018Ish\u2019, el cuento de Peter H. Reynolds, y nos habla de probar, de aprender y de disfrutar del proceso creativo. Porque a trav\u00e9s del esp\u00edritu creativo se aprende que pensar es mucho m\u00e1s maravilloso que \u201chacerlo bien\u201d.<\/p>\n<p>Los j\u00f3venes de Down Compostela y de Magisterio que participaron en este proyecto han estado trabajando durante 4 meses para representar esta obra, en la que unas personas ejerc\u00edan de actores y otras de m\u00fasicos o cantantes para contar un cuento que habla de probar, aprender y disfrutar del proceso creativo.<\/p>\n<p>Las responsables del proyecto por parte de la Fundaci\u00f3n, Aloia Lema y Rebeca Esmor\u00eds, junto con las profesoras de Magisterio de la USC, Carol Guillanders y Mar\u00eda Jos\u00e9 Caama\u00f1o, han promovido esta iniciativa.<\/p>\n<p>La representaci\u00f3n se realiz\u00f3 en el sal\u00f3n de actos de Down Compostela y cont\u00f3 con un p\u00fablico muy especial, el alumnado de 1\u00ba y 2\u00ba de Primaria del CEIP Quiroga Palacios, un total de 125 alumnos y alumnas que pudieron disfrutar de la representaci\u00f3n y que acabaron realizando una actividad en la que dibujaron su \u201cCasi jarr\u00f3n\u201d.<\/p>\n","protected":false},"excerpt":{"rendered":"<p>Personas con discapacidad que participan en el programa de Inclusi\u00f3n Social de la Fundaci\u00f3n Down Compostela y estudiantes del Grado en Magisterio de la Universidade de Santiago de Compostela estrenaron [&hellip;]<\/p>\n","protected":false},"author":2,"featured_media":10659,"comment_status":"closed","ping_status":"closed","sticky":false,"template":"","format":"standard","meta":{"_acf_changed":false,"give_campaign_id":0,"footnotes":""},"categories":[134],"tags":[280],"class_list":["post-10663","post","type-post","status-publish","format-standard","has-post-thumbnail","hentry","category-down-compostela-hemeroteca-es","tag-colaboracion-es"],"acf":[],"yoast_head":"<!-- This site is optimized with the Yoast SEO plugin v25.3.1 - https:\/\/yoast.com\/wordpress\/plugins\/seo\/ -->\n<title>J\u00f3venes de Down Compostela e alumnado de Magisterio de la USC estrenan &#039;Case&#039;, un cuento musicado &#8226; Federaci\u00f3n Down Galicia<\/title>\n<meta name=\"robots\" content=\"index, follow, max-snippet:-1, max-image-preview:large, max-video-preview:-1\" \/>\n<link rel=\"canonical\" href=\"https:\/\/downgalicia.org\/es\/jovenes-de-down-compostela-e-alumnado-de-magisterio-de-la-usc-estrenan-case-un-cuento-musicado\/\" \/>\n<meta property=\"og:locale\" content=\"es_ES\" \/>\n<meta property=\"og:type\" content=\"article\" \/>\n<meta property=\"og:title\" content=\"J\u00f3venes de Down Compostela e alumnado de Magisterio de la USC estrenan &#039;Case&#039;, un cuento musicado &#8226; Federaci\u00f3n Down Galicia\" \/>\n<meta property=\"og:description\" content=\"Personas con discapacidad que participan en el programa de Inclusi\u00f3n Social de la Fundaci\u00f3n Down Compostela y estudiantes del Grado en Magisterio de la Universidade de Santiago de Compostela estrenaron [&hellip;]\" \/>\n<meta property=\"og:url\" content=\"https:\/\/downgalicia.org\/es\/jovenes-de-down-compostela-e-alumnado-de-magisterio-de-la-usc-estrenan-case-un-cuento-musicado\/\" \/>\n<meta property=\"og:site_name\" content=\"Federaci\u00f3n Down Galicia\" \/>\n<meta property=\"article:published_time\" content=\"2025-12-22T07:33:55+00:00\" \/>\n<meta property=\"article:modified_time\" content=\"2025-12-22T07:44:23+00:00\" \/>\n<meta property=\"og:image\" content=\"https:\/\/downgalicia.org\/wp-content\/uploads\/2025\/12\/Down-Compostela_Colaboracion-maxisterio.jpg\" \/>\n\t<meta property=\"og:image:width\" content=\"1920\" \/>\n\t<meta property=\"og:image:height\" content=\"1080\" \/>\n\t<meta property=\"og:image:type\" content=\"image\/jpeg\" \/>\n<meta name=\"author\" content=\"marketing@downgalicia.org\" \/>\n<meta name=\"twitter:card\" content=\"summary_large_image\" \/>\n<meta name=\"twitter:label1\" content=\"Escrito por\" \/>\n\t<meta name=\"twitter:data1\" content=\"marketing@downgalicia.org\" \/>\n\t<meta name=\"twitter:label2\" content=\"Tiempo de lectura\" \/>\n\t<meta name=\"twitter:data2\" content=\"2 minutos\" \/>\n<script type=\"application\/ld+json\" class=\"yoast-schema-graph\">{\"@context\":\"https:\/\/schema.org\",\"@graph\":[{\"@type\":\"Article\",\"@id\":\"https:\/\/downgalicia.org\/es\/jovenes-de-down-compostela-e-alumnado-de-magisterio-de-la-usc-estrenan-case-un-cuento-musicado\/#article\",\"isPartOf\":{\"@id\":\"https:\/\/downgalicia.org\/es\/jovenes-de-down-compostela-e-alumnado-de-magisterio-de-la-usc-estrenan-case-un-cuento-musicado\/\"},\"author\":{\"name\":\"marketing@downgalicia.org\",\"@id\":\"https:\/\/downgalicia.org\/es\/#\/schema\/person\/3ca2f728cf073839dcb9aee6ac889a0b\"},\"headline\":\"J\u00f3venes de Down Compostela e alumnado de Magisterio de la USC estrenan &#8216;Case&#8217;, un cuento musicado\",\"datePublished\":\"2025-12-22T07:33:55+00:00\",\"dateModified\":\"2025-12-22T07:44:23+00:00\",\"mainEntityOfPage\":{\"@id\":\"https:\/\/downgalicia.org\/es\/jovenes-de-down-compostela-e-alumnado-de-magisterio-de-la-usc-estrenan-case-un-cuento-musicado\/\"},\"wordCount\":278,\"publisher\":{\"@id\":\"https:\/\/downgalicia.org\/es\/#organization\"},\"image\":{\"@id\":\"https:\/\/downgalicia.org\/es\/jovenes-de-down-compostela-e-alumnado-de-magisterio-de-la-usc-estrenan-case-un-cuento-musicado\/#primaryimage\"},\"thumbnailUrl\":\"https:\/\/downgalicia.org\/wp-content\/uploads\/2025\/12\/Down-Compostela_Colaboracion-maxisterio.jpg\",\"keywords\":[\"colaboraci\u00f3n\"],\"articleSection\":[\"Down Compostela\"],\"inLanguage\":\"es\"},{\"@type\":\"WebPage\",\"@id\":\"https:\/\/downgalicia.org\/es\/jovenes-de-down-compostela-e-alumnado-de-magisterio-de-la-usc-estrenan-case-un-cuento-musicado\/\",\"url\":\"https:\/\/downgalicia.org\/es\/jovenes-de-down-compostela-e-alumnado-de-magisterio-de-la-usc-estrenan-case-un-cuento-musicado\/\",\"name\":\"J\u00f3venes de Down Compostela e alumnado de Magisterio de la USC estrenan 'Case', un cuento musicado &#8226; Federaci\u00f3n Down Galicia\",\"isPartOf\":{\"@id\":\"https:\/\/downgalicia.org\/es\/#website\"},\"primaryImageOfPage\":{\"@id\":\"https:\/\/downgalicia.org\/es\/jovenes-de-down-compostela-e-alumnado-de-magisterio-de-la-usc-estrenan-case-un-cuento-musicado\/#primaryimage\"},\"image\":{\"@id\":\"https:\/\/downgalicia.org\/es\/jovenes-de-down-compostela-e-alumnado-de-magisterio-de-la-usc-estrenan-case-un-cuento-musicado\/#primaryimage\"},\"thumbnailUrl\":\"https:\/\/downgalicia.org\/wp-content\/uploads\/2025\/12\/Down-Compostela_Colaboracion-maxisterio.jpg\",\"datePublished\":\"2025-12-22T07:33:55+00:00\",\"dateModified\":\"2025-12-22T07:44:23+00:00\",\"breadcrumb\":{\"@id\":\"https:\/\/downgalicia.org\/es\/jovenes-de-down-compostela-e-alumnado-de-magisterio-de-la-usc-estrenan-case-un-cuento-musicado\/#breadcrumb\"},\"inLanguage\":\"es\",\"potentialAction\":[{\"@type\":\"ReadAction\",\"target\":[\"https:\/\/downgalicia.org\/es\/jovenes-de-down-compostela-e-alumnado-de-magisterio-de-la-usc-estrenan-case-un-cuento-musicado\/\"]}]},{\"@type\":\"ImageObject\",\"inLanguage\":\"es\",\"@id\":\"https:\/\/downgalicia.org\/es\/jovenes-de-down-compostela-e-alumnado-de-magisterio-de-la-usc-estrenan-case-un-cuento-musicado\/#primaryimage\",\"url\":\"https:\/\/downgalicia.org\/wp-content\/uploads\/2025\/12\/Down-Compostela_Colaboracion-maxisterio.jpg\",\"contentUrl\":\"https:\/\/downgalicia.org\/wp-content\/uploads\/2025\/12\/Down-Compostela_Colaboracion-maxisterio.jpg\",\"width\":1920,\"height\":1080,\"caption\":\"Persoas usuarias de Down Compotela e estudantado de Maxisterio da USC neste proxecto colaborativo que celebra a creatividade, a divesidade e o valor de cada persoa\"},{\"@type\":\"BreadcrumbList\",\"@id\":\"https:\/\/downgalicia.org\/es\/jovenes-de-down-compostela-e-alumnado-de-magisterio-de-la-usc-estrenan-case-un-cuento-musicado\/#breadcrumb\",\"itemListElement\":[{\"@type\":\"ListItem\",\"position\":1,\"name\":\"Portada\",\"item\":\"https:\/\/downgalicia.org\/es\/\"},{\"@type\":\"ListItem\",\"position\":2,\"name\":\"J\u00f3venes de Down Compostela e alumnado de Magisterio de la USC estrenan &#8216;Case&#8217;, un cuento musicado\"}]},{\"@type\":\"WebSite\",\"@id\":\"https:\/\/downgalicia.org\/es\/#website\",\"url\":\"https:\/\/downgalicia.org\/es\/\",\"name\":\"Federaci\u00f3n Down Galicia\",\"description\":\"Apoio a persoas con S\u00edndrome de Down\",\"publisher\":{\"@id\":\"https:\/\/downgalicia.org\/es\/#organization\"},\"potentialAction\":[{\"@type\":\"SearchAction\",\"target\":{\"@type\":\"EntryPoint\",\"urlTemplate\":\"https:\/\/downgalicia.org\/es\/?s={search_term_string}\"},\"query-input\":{\"@type\":\"PropertyValueSpecification\",\"valueRequired\":true,\"valueName\":\"search_term_string\"}}],\"inLanguage\":\"es\"},{\"@type\":\"Organization\",\"@id\":\"https:\/\/downgalicia.org\/es\/#organization\",\"name\":\"Federaci\u00f3n Down Galicia\",\"url\":\"https:\/\/downgalicia.org\/es\/\",\"logo\":{\"@type\":\"ImageObject\",\"inLanguage\":\"es\",\"@id\":\"https:\/\/downgalicia.org\/es\/#\/schema\/logo\/image\/\",\"url\":\"https:\/\/downgalicia.org\/wp-content\/uploads\/2024\/07\/logo-sindrome-down-color.svg\",\"contentUrl\":\"https:\/\/downgalicia.org\/wp-content\/uploads\/2024\/07\/logo-sindrome-down-color.svg\",\"width\":271,\"height\":88,\"caption\":\"Federaci\u00f3n Down Galicia\"},\"image\":{\"@id\":\"https:\/\/downgalicia.org\/es\/#\/schema\/logo\/image\/\"}},{\"@type\":\"Person\",\"@id\":\"https:\/\/downgalicia.org\/es\/#\/schema\/person\/3ca2f728cf073839dcb9aee6ac889a0b\",\"name\":\"marketing@downgalicia.org\",\"image\":{\"@type\":\"ImageObject\",\"inLanguage\":\"es\",\"@id\":\"https:\/\/downgalicia.org\/es\/#\/schema\/person\/image\/\",\"url\":\"https:\/\/secure.gravatar.com\/avatar\/cf7e23aca6c471cdd853ed0cb5b921405dfdd5ec6a0946294f44f462c1d67eb6?s=96&d=mm&r=g\",\"contentUrl\":\"https:\/\/secure.gravatar.com\/avatar\/cf7e23aca6c471cdd853ed0cb5b921405dfdd5ec6a0946294f44f462c1d67eb6?s=96&d=mm&r=g\",\"caption\":\"marketing@downgalicia.org\"},\"url\":\"https:\/\/downgalicia.org\/es\/author\/marketingdowngalicia-org\/\"}]}<\/script>\n<!-- \/ Yoast SEO plugin. -->","yoast_head_json":{"title":"J\u00f3venes de Down Compostela e alumnado de Magisterio de la USC estrenan 'Case', un cuento musicado &#8226; Federaci\u00f3n Down Galicia","robots":{"index":"index","follow":"follow","max-snippet":"max-snippet:-1","max-image-preview":"max-image-preview:large","max-video-preview":"max-video-preview:-1"},"canonical":"https:\/\/downgalicia.org\/es\/jovenes-de-down-compostela-e-alumnado-de-magisterio-de-la-usc-estrenan-case-un-cuento-musicado\/","og_locale":"es_ES","og_type":"article","og_title":"J\u00f3venes de Down Compostela e alumnado de Magisterio de la USC estrenan 'Case', un cuento musicado &#8226; Federaci\u00f3n Down Galicia","og_description":"Personas con discapacidad que participan en el programa de Inclusi\u00f3n Social de la Fundaci\u00f3n Down Compostela y estudiantes del Grado en Magisterio de la Universidade de Santiago de Compostela estrenaron [&hellip;]","og_url":"https:\/\/downgalicia.org\/es\/jovenes-de-down-compostela-e-alumnado-de-magisterio-de-la-usc-estrenan-case-un-cuento-musicado\/","og_site_name":"Federaci\u00f3n Down Galicia","article_published_time":"2025-12-22T07:33:55+00:00","article_modified_time":"2025-12-22T07:44:23+00:00","og_image":[{"width":1920,"height":1080,"url":"https:\/\/downgalicia.org\/wp-content\/uploads\/2025\/12\/Down-Compostela_Colaboracion-maxisterio.jpg","type":"image\/jpeg"}],"author":"marketing@downgalicia.org","twitter_card":"summary_large_image","twitter_misc":{"Escrito por":"marketing@downgalicia.org","Tiempo de lectura":"2 minutos"},"schema":{"@context":"https:\/\/schema.org","@graph":[{"@type":"Article","@id":"https:\/\/downgalicia.org\/es\/jovenes-de-down-compostela-e-alumnado-de-magisterio-de-la-usc-estrenan-case-un-cuento-musicado\/#article","isPartOf":{"@id":"https:\/\/downgalicia.org\/es\/jovenes-de-down-compostela-e-alumnado-de-magisterio-de-la-usc-estrenan-case-un-cuento-musicado\/"},"author":{"name":"marketing@downgalicia.org","@id":"https:\/\/downgalicia.org\/es\/#\/schema\/person\/3ca2f728cf073839dcb9aee6ac889a0b"},"headline":"J\u00f3venes de Down Compostela e alumnado de Magisterio de la USC estrenan &#8216;Case&#8217;, un cuento musicado","datePublished":"2025-12-22T07:33:55+00:00","dateModified":"2025-12-22T07:44:23+00:00","mainEntityOfPage":{"@id":"https:\/\/downgalicia.org\/es\/jovenes-de-down-compostela-e-alumnado-de-magisterio-de-la-usc-estrenan-case-un-cuento-musicado\/"},"wordCount":278,"publisher":{"@id":"https:\/\/downgalicia.org\/es\/#organization"},"image":{"@id":"https:\/\/downgalicia.org\/es\/jovenes-de-down-compostela-e-alumnado-de-magisterio-de-la-usc-estrenan-case-un-cuento-musicado\/#primaryimage"},"thumbnailUrl":"https:\/\/downgalicia.org\/wp-content\/uploads\/2025\/12\/Down-Compostela_Colaboracion-maxisterio.jpg","keywords":["colaboraci\u00f3n"],"articleSection":["Down Compostela"],"inLanguage":"es"},{"@type":"WebPage","@id":"https:\/\/downgalicia.org\/es\/jovenes-de-down-compostela-e-alumnado-de-magisterio-de-la-usc-estrenan-case-un-cuento-musicado\/","url":"https:\/\/downgalicia.org\/es\/jovenes-de-down-compostela-e-alumnado-de-magisterio-de-la-usc-estrenan-case-un-cuento-musicado\/","name":"J\u00f3venes de Down Compostela e alumnado de Magisterio de la USC estrenan 'Case', un cuento musicado &#8226; Federaci\u00f3n Down Galicia","isPartOf":{"@id":"https:\/\/downgalicia.org\/es\/#website"},"primaryImageOfPage":{"@id":"https:\/\/downgalicia.org\/es\/jovenes-de-down-compostela-e-alumnado-de-magisterio-de-la-usc-estrenan-case-un-cuento-musicado\/#primaryimage"},"image":{"@id":"https:\/\/downgalicia.org\/es\/jovenes-de-down-compostela-e-alumnado-de-magisterio-de-la-usc-estrenan-case-un-cuento-musicado\/#primaryimage"},"thumbnailUrl":"https:\/\/downgalicia.org\/wp-content\/uploads\/2025\/12\/Down-Compostela_Colaboracion-maxisterio.jpg","datePublished":"2025-12-22T07:33:55+00:00","dateModified":"2025-12-22T07:44:23+00:00","breadcrumb":{"@id":"https:\/\/downgalicia.org\/es\/jovenes-de-down-compostela-e-alumnado-de-magisterio-de-la-usc-estrenan-case-un-cuento-musicado\/#breadcrumb"},"inLanguage":"es","potentialAction":[{"@type":"ReadAction","target":["https:\/\/downgalicia.org\/es\/jovenes-de-down-compostela-e-alumnado-de-magisterio-de-la-usc-estrenan-case-un-cuento-musicado\/"]}]},{"@type":"ImageObject","inLanguage":"es","@id":"https:\/\/downgalicia.org\/es\/jovenes-de-down-compostela-e-alumnado-de-magisterio-de-la-usc-estrenan-case-un-cuento-musicado\/#primaryimage","url":"https:\/\/downgalicia.org\/wp-content\/uploads\/2025\/12\/Down-Compostela_Colaboracion-maxisterio.jpg","contentUrl":"https:\/\/downgalicia.org\/wp-content\/uploads\/2025\/12\/Down-Compostela_Colaboracion-maxisterio.jpg","width":1920,"height":1080,"caption":"Persoas usuarias de Down Compotela e estudantado de Maxisterio da USC neste proxecto colaborativo que celebra a creatividade, a divesidade e o valor de cada persoa"},{"@type":"BreadcrumbList","@id":"https:\/\/downgalicia.org\/es\/jovenes-de-down-compostela-e-alumnado-de-magisterio-de-la-usc-estrenan-case-un-cuento-musicado\/#breadcrumb","itemListElement":[{"@type":"ListItem","position":1,"name":"Portada","item":"https:\/\/downgalicia.org\/es\/"},{"@type":"ListItem","position":2,"name":"J\u00f3venes de Down Compostela e alumnado de Magisterio de la USC estrenan &#8216;Case&#8217;, un cuento musicado"}]},{"@type":"WebSite","@id":"https:\/\/downgalicia.org\/es\/#website","url":"https:\/\/downgalicia.org\/es\/","name":"Federaci\u00f3n Down Galicia","description":"Apoio a persoas con S\u00edndrome de Down","publisher":{"@id":"https:\/\/downgalicia.org\/es\/#organization"},"potentialAction":[{"@type":"SearchAction","target":{"@type":"EntryPoint","urlTemplate":"https:\/\/downgalicia.org\/es\/?s={search_term_string}"},"query-input":{"@type":"PropertyValueSpecification","valueRequired":true,"valueName":"search_term_string"}}],"inLanguage":"es"},{"@type":"Organization","@id":"https:\/\/downgalicia.org\/es\/#organization","name":"Federaci\u00f3n Down Galicia","url":"https:\/\/downgalicia.org\/es\/","logo":{"@type":"ImageObject","inLanguage":"es","@id":"https:\/\/downgalicia.org\/es\/#\/schema\/logo\/image\/","url":"https:\/\/downgalicia.org\/wp-content\/uploads\/2024\/07\/logo-sindrome-down-color.svg","contentUrl":"https:\/\/downgalicia.org\/wp-content\/uploads\/2024\/07\/logo-sindrome-down-color.svg","width":271,"height":88,"caption":"Federaci\u00f3n Down Galicia"},"image":{"@id":"https:\/\/downgalicia.org\/es\/#\/schema\/logo\/image\/"}},{"@type":"Person","@id":"https:\/\/downgalicia.org\/es\/#\/schema\/person\/3ca2f728cf073839dcb9aee6ac889a0b","name":"marketing@downgalicia.org","image":{"@type":"ImageObject","inLanguage":"es","@id":"https:\/\/downgalicia.org\/es\/#\/schema\/person\/image\/","url":"https:\/\/secure.gravatar.com\/avatar\/cf7e23aca6c471cdd853ed0cb5b921405dfdd5ec6a0946294f44f462c1d67eb6?s=96&d=mm&r=g","contentUrl":"https:\/\/secure.gravatar.com\/avatar\/cf7e23aca6c471cdd853ed0cb5b921405dfdd5ec6a0946294f44f462c1d67eb6?s=96&d=mm&r=g","caption":"marketing@downgalicia.org"},"url":"https:\/\/downgalicia.org\/es\/author\/marketingdowngalicia-org\/"}]}},"_links":{"self":[{"href":"https:\/\/downgalicia.org\/es\/wp-json\/wp\/v2\/posts\/10663","targetHints":{"allow":["GET"]}}],"collection":[{"href":"https:\/\/downgalicia.org\/es\/wp-json\/wp\/v2\/posts"}],"about":[{"href":"https:\/\/downgalicia.org\/es\/wp-json\/wp\/v2\/types\/post"}],"author":[{"embeddable":true,"href":"https:\/\/downgalicia.org\/es\/wp-json\/wp\/v2\/users\/2"}],"replies":[{"embeddable":true,"href":"https:\/\/downgalicia.org\/es\/wp-json\/wp\/v2\/comments?post=10663"}],"version-history":[{"count":1,"href":"https:\/\/downgalicia.org\/es\/wp-json\/wp\/v2\/posts\/10663\/revisions"}],"predecessor-version":[{"id":10664,"href":"https:\/\/downgalicia.org\/es\/wp-json\/wp\/v2\/posts\/10663\/revisions\/10664"}],"wp:featuredmedia":[{"embeddable":true,"href":"https:\/\/downgalicia.org\/es\/wp-json\/wp\/v2\/media\/10659"}],"wp:attachment":[{"href":"https:\/\/downgalicia.org\/es\/wp-json\/wp\/v2\/media?parent=10663"}],"wp:term":[{"taxonomy":"category","embeddable":true,"href":"https:\/\/downgalicia.org\/es\/wp-json\/wp\/v2\/categories?post=10663"},{"taxonomy":"post_tag","embeddable":true,"href":"https:\/\/downgalicia.org\/es\/wp-json\/wp\/v2\/tags?post=10663"}],"curies":[{"name":"wp","href":"https:\/\/api.w.org\/{rel}","templated":true}]}}