{"id":10754,"date":"2026-02-05T11:17:28","date_gmt":"2026-02-05T10:17:28","guid":{"rendered":"https:\/\/downgalicia.org\/?p=10754"},"modified":"2026-02-05T11:19:36","modified_gmt":"2026-02-05T10:19:36","slug":"down-lugo-impulsa-la-3a-edicion-del-obradoiro-de-vida-independiente-con-el-alumnado-de-enfermeria-y-gestion-cultural-de-la-usc","status":"publish","type":"post","link":"https:\/\/downgalicia.org\/es\/down-lugo-impulsa-la-3a-edicion-del-obradoiro-de-vida-independiente-con-el-alumnado-de-enfermeria-y-gestion-cultural-de-la-usc\/","title":{"rendered":"Down Lugo impulsa la 3\u00aa edici\u00f3n del Obradoiro de Vida Independiente con el alumnado de Enfermer\u00eda y Gesti\u00f3n Cultural de la USC"},"content":{"rendered":"<p>La asociaci\u00f3n Down Lugo ha iniciado la tercera edici\u00f3n del Obradoiro de Vida Independiente con la Universidade de Santiago de Compostela. Una iniciativa formativa pensada para promover la autonom\u00eda personal, la autoestima y la participaci\u00f3n activa de las personas con s\u00edndrome de Down y otras discapacidades intelectuales en la vida comunitaria. Esta acci\u00f3n se realiza en colaboraci\u00f3n con los grados de Enfermer\u00eda y de Gesti\u00f3n Cultural, en el marco del programa de Voluntariado del Campus de Lugo.<\/p>\n<p>El taller, que se desarrolla en la Facultade de Enfermar\u00eda de la ciudad amurallada todos los jueves, comenz\u00f3 el 29 de enero y se prolongar\u00e1 hasta el 30 de abril, configur\u00e1ndose como la edici\u00f3n de mayor duraci\u00f3n \u2014tres meses\u2014 y con mayor participaci\u00f3n desde su puesta en marcha.<\/p>\n<p>En esta edici\u00f3n participan 5 personas usuarias de Down Lugo junto con 14 estudiantes de los grados de Enfermer\u00eda y de Gesti\u00f3n Cultural, superando el n\u00famero de alumnado implicado en cursos anteriores y reflejando el \u00e9xito de la colaboraci\u00f3n entre la entidad y la universidad. Adem\u00e1s, est\u00e1n implicados cuatro docentes, dos de cada grado, que coordinan la acci\u00f3n formativa junto al equipo profesional de la asociaci\u00f3n.<\/p>\n<p><strong>Un espacio de aprendizaje compartido<\/strong><\/p>\n<p>El taller se articula en torno a sesiones semanales centradas en temas fundamentales para la vida independiente, integrando contenidos sobre autonom\u00eda personal, salud y vida cultural. La metodolog\u00eda incluye acciones y entrevistas preparadas conjuntamente entre el alumnado universitario y las personas usuarias, as\u00ed como visitas a espacios comunitarios, como el Hospital Universitario de Lugo (HULA), donde se trabaja la sensibilizaci\u00f3n para garantizar un trato en igualdad de condiciones y el respeto a los derechos de las personas con discapacidad.<\/p>\n<p>Esta actividad supone un espacio de trabajo de igual a igual donde el alumnado universitario y las personas usuarias aprenden juntos, compartiendo experiencias y construyendo nuevos conocimientos desde la diversidad. Gracias a esta din\u00e1mica, las personas tambi\u00e9n aplican estos aprendizajes fuera del taller: acuden a la facultad en autob\u00fas urbano y participan en los descansos en la cafeter\u00eda del campus, conviviendo con otros y otras estudiantes y viviendo experiencias de inclusi\u00f3n en la pr\u00e1ctica.<\/p>\n<p>El Obradoiro de Vida Independiente, fortalecido tras dos ediciones previas, constituye un ejemplo de colaboraci\u00f3n intergeneracional e interdisciplinar entre la asociaci\u00f3n Down Lugo y la USC, y reafirma el compromiso de ambas instituciones con la creaci\u00f3n de espacios que favorezcan la inclusi\u00f3n social, la formaci\u00f3n en valores y el aprendizaje a lo largo de la vida.<\/p>\n","protected":false},"excerpt":{"rendered":"<p>La asociaci\u00f3n Down Lugo ha iniciado la tercera edici\u00f3n del Obradoiro de Vida Independiente con la Universidade de Santiago de Compostela. Una iniciativa formativa pensada para promover la autonom\u00eda personal, [&hellip;]<\/p>\n","protected":false},"author":2,"featured_media":10752,"comment_status":"closed","ping_status":"closed","sticky":false,"template":"","format":"standard","meta":{"_acf_changed":false,"give_campaign_id":0,"footnotes":""},"categories":[125,112],"tags":[304,280,303,302],"class_list":["post-10754","post","type-post","status-publish","format-standard","has-post-thumbnail","hentry","category-down-lugo-hemeroteca-es","category-vida-adulta-hemeroteca-hemeroteca-es","tag-autonomia-es","tag-colaboracion-es","tag-vida-adulta-es","tag-vida-independiente"],"acf":[],"yoast_head":"<!-- This site is optimized with the Yoast SEO plugin v25.3.1 - https:\/\/yoast.com\/wordpress\/plugins\/seo\/ -->\n<title>Down Lugo impulsa la 3\u00aa edici\u00f3n del Obradoiro de Vida Independiente con el alumnado de Enfermer\u00eda y Gesti\u00f3n Cultural de la USC &#8226; Federaci\u00f3n Down Galicia<\/title>\n<meta name=\"robots\" content=\"index, follow, max-snippet:-1, max-image-preview:large, max-video-preview:-1\" \/>\n<link rel=\"canonical\" href=\"https:\/\/downgalicia.org\/es\/down-lugo-impulsa-la-3a-edicion-del-obradoiro-de-vida-independiente-con-el-alumnado-de-enfermeria-y-gestion-cultural-de-la-usc\/\" \/>\n<meta property=\"og:locale\" content=\"es_ES\" \/>\n<meta property=\"og:type\" content=\"article\" \/>\n<meta property=\"og:title\" content=\"Down Lugo impulsa la 3\u00aa edici\u00f3n del Obradoiro de Vida Independiente con el alumnado de Enfermer\u00eda y Gesti\u00f3n Cultural de la USC &#8226; Federaci\u00f3n Down Galicia\" \/>\n<meta property=\"og:description\" content=\"La asociaci\u00f3n Down Lugo ha iniciado la tercera edici\u00f3n del Obradoiro de Vida Independiente con la Universidade de Santiago de Compostela. Una iniciativa formativa pensada para promover la autonom\u00eda personal, [&hellip;]\" \/>\n<meta property=\"og:url\" content=\"https:\/\/downgalicia.org\/es\/down-lugo-impulsa-la-3a-edicion-del-obradoiro-de-vida-independiente-con-el-alumnado-de-enfermeria-y-gestion-cultural-de-la-usc\/\" \/>\n<meta property=\"og:site_name\" content=\"Federaci\u00f3n Down Galicia\" \/>\n<meta property=\"article:published_time\" content=\"2026-02-05T10:17:28+00:00\" \/>\n<meta property=\"article:modified_time\" content=\"2026-02-05T10:19:36+00:00\" \/>\n<meta property=\"og:image\" content=\"https:\/\/downgalicia.org\/wp-content\/uploads\/2026\/02\/Down-Lugo_Obradoiro-coa-USC.jpg\" \/>\n\t<meta property=\"og:image:width\" content=\"1426\" \/>\n\t<meta property=\"og:image:height\" content=\"957\" \/>\n\t<meta property=\"og:image:type\" content=\"image\/jpeg\" \/>\n<meta name=\"author\" content=\"marketing@downgalicia.org\" \/>\n<meta name=\"twitter:card\" content=\"summary_large_image\" \/>\n<meta name=\"twitter:label1\" content=\"Escrito por\" \/>\n\t<meta name=\"twitter:data1\" content=\"marketing@downgalicia.org\" \/>\n\t<meta name=\"twitter:label2\" content=\"Tiempo de lectura\" \/>\n\t<meta name=\"twitter:data2\" content=\"3 minutos\" \/>\n<script type=\"application\/ld+json\" class=\"yoast-schema-graph\">{\"@context\":\"https:\/\/schema.org\",\"@graph\":[{\"@type\":\"Article\",\"@id\":\"https:\/\/downgalicia.org\/es\/down-lugo-impulsa-la-3a-edicion-del-obradoiro-de-vida-independiente-con-el-alumnado-de-enfermeria-y-gestion-cultural-de-la-usc\/#article\",\"isPartOf\":{\"@id\":\"https:\/\/downgalicia.org\/es\/down-lugo-impulsa-la-3a-edicion-del-obradoiro-de-vida-independiente-con-el-alumnado-de-enfermeria-y-gestion-cultural-de-la-usc\/\"},\"author\":{\"name\":\"marketing@downgalicia.org\",\"@id\":\"https:\/\/downgalicia.org\/es\/#\/schema\/person\/3ca2f728cf073839dcb9aee6ac889a0b\"},\"headline\":\"Down Lugo impulsa la 3\u00aa edici\u00f3n del Obradoiro de Vida Independiente con el alumnado de Enfermer\u00eda y Gesti\u00f3n Cultural de la USC\",\"datePublished\":\"2026-02-05T10:17:28+00:00\",\"dateModified\":\"2026-02-05T10:19:36+00:00\",\"mainEntityOfPage\":{\"@id\":\"https:\/\/downgalicia.org\/es\/down-lugo-impulsa-la-3a-edicion-del-obradoiro-de-vida-independiente-con-el-alumnado-de-enfermeria-y-gestion-cultural-de-la-usc\/\"},\"wordCount\":462,\"publisher\":{\"@id\":\"https:\/\/downgalicia.org\/es\/#organization\"},\"image\":{\"@id\":\"https:\/\/downgalicia.org\/es\/down-lugo-impulsa-la-3a-edicion-del-obradoiro-de-vida-independiente-con-el-alumnado-de-enfermeria-y-gestion-cultural-de-la-usc\/#primaryimage\"},\"thumbnailUrl\":\"https:\/\/downgalicia.org\/wp-content\/uploads\/2026\/02\/Down-Lugo_Obradoiro-coa-USC.jpg\",\"keywords\":[\"autonom\u00eda\",\"colaboraci\u00f3n\",\"vida adulta\",\"vida independiente\"],\"articleSection\":[\"Down Lugo\",\"Vida adulta\"],\"inLanguage\":\"es\"},{\"@type\":\"WebPage\",\"@id\":\"https:\/\/downgalicia.org\/es\/down-lugo-impulsa-la-3a-edicion-del-obradoiro-de-vida-independiente-con-el-alumnado-de-enfermeria-y-gestion-cultural-de-la-usc\/\",\"url\":\"https:\/\/downgalicia.org\/es\/down-lugo-impulsa-la-3a-edicion-del-obradoiro-de-vida-independiente-con-el-alumnado-de-enfermeria-y-gestion-cultural-de-la-usc\/\",\"name\":\"Down Lugo impulsa la 3\u00aa edici\u00f3n del Obradoiro de Vida Independiente con el alumnado de Enfermer\u00eda y Gesti\u00f3n Cultural de la USC &#8226; Federaci\u00f3n Down Galicia\",\"isPartOf\":{\"@id\":\"https:\/\/downgalicia.org\/es\/#website\"},\"primaryImageOfPage\":{\"@id\":\"https:\/\/downgalicia.org\/es\/down-lugo-impulsa-la-3a-edicion-del-obradoiro-de-vida-independiente-con-el-alumnado-de-enfermeria-y-gestion-cultural-de-la-usc\/#primaryimage\"},\"image\":{\"@id\":\"https:\/\/downgalicia.org\/es\/down-lugo-impulsa-la-3a-edicion-del-obradoiro-de-vida-independiente-con-el-alumnado-de-enfermeria-y-gestion-cultural-de-la-usc\/#primaryimage\"},\"thumbnailUrl\":\"https:\/\/downgalicia.org\/wp-content\/uploads\/2026\/02\/Down-Lugo_Obradoiro-coa-USC.jpg\",\"datePublished\":\"2026-02-05T10:17:28+00:00\",\"dateModified\":\"2026-02-05T10:19:36+00:00\",\"breadcrumb\":{\"@id\":\"https:\/\/downgalicia.org\/es\/down-lugo-impulsa-la-3a-edicion-del-obradoiro-de-vida-independiente-con-el-alumnado-de-enfermeria-y-gestion-cultural-de-la-usc\/#breadcrumb\"},\"inLanguage\":\"es\",\"potentialAction\":[{\"@type\":\"ReadAction\",\"target\":[\"https:\/\/downgalicia.org\/es\/down-lugo-impulsa-la-3a-edicion-del-obradoiro-de-vida-independiente-con-el-alumnado-de-enfermeria-y-gestion-cultural-de-la-usc\/\"]}]},{\"@type\":\"ImageObject\",\"inLanguage\":\"es\",\"@id\":\"https:\/\/downgalicia.org\/es\/down-lugo-impulsa-la-3a-edicion-del-obradoiro-de-vida-independiente-con-el-alumnado-de-enfermeria-y-gestion-cultural-de-la-usc\/#primaryimage\",\"url\":\"https:\/\/downgalicia.org\/wp-content\/uploads\/2026\/02\/Down-Lugo_Obradoiro-coa-USC.jpg\",\"contentUrl\":\"https:\/\/downgalicia.org\/wp-content\/uploads\/2026\/02\/Down-Lugo_Obradoiro-coa-USC.jpg\",\"width\":1426,\"height\":957},{\"@type\":\"BreadcrumbList\",\"@id\":\"https:\/\/downgalicia.org\/es\/down-lugo-impulsa-la-3a-edicion-del-obradoiro-de-vida-independiente-con-el-alumnado-de-enfermeria-y-gestion-cultural-de-la-usc\/#breadcrumb\",\"itemListElement\":[{\"@type\":\"ListItem\",\"position\":1,\"name\":\"Portada\",\"item\":\"https:\/\/downgalicia.org\/es\/\"},{\"@type\":\"ListItem\",\"position\":2,\"name\":\"Down Lugo impulsa la 3\u00aa edici\u00f3n del Obradoiro de Vida Independiente con el alumnado de Enfermer\u00eda y Gesti\u00f3n Cultural de la USC\"}]},{\"@type\":\"WebSite\",\"@id\":\"https:\/\/downgalicia.org\/es\/#website\",\"url\":\"https:\/\/downgalicia.org\/es\/\",\"name\":\"Federaci\u00f3n Down Galicia\",\"description\":\"Apoio a persoas con S\u00edndrome de Down\",\"publisher\":{\"@id\":\"https:\/\/downgalicia.org\/es\/#organization\"},\"potentialAction\":[{\"@type\":\"SearchAction\",\"target\":{\"@type\":\"EntryPoint\",\"urlTemplate\":\"https:\/\/downgalicia.org\/es\/?s={search_term_string}\"},\"query-input\":{\"@type\":\"PropertyValueSpecification\",\"valueRequired\":true,\"valueName\":\"search_term_string\"}}],\"inLanguage\":\"es\"},{\"@type\":\"Organization\",\"@id\":\"https:\/\/downgalicia.org\/es\/#organization\",\"name\":\"Federaci\u00f3n Down Galicia\",\"url\":\"https:\/\/downgalicia.org\/es\/\",\"logo\":{\"@type\":\"ImageObject\",\"inLanguage\":\"es\",\"@id\":\"https:\/\/downgalicia.org\/es\/#\/schema\/logo\/image\/\",\"url\":\"https:\/\/downgalicia.org\/wp-content\/uploads\/2024\/07\/logo-sindrome-down-color.svg\",\"contentUrl\":\"https:\/\/downgalicia.org\/wp-content\/uploads\/2024\/07\/logo-sindrome-down-color.svg\",\"width\":271,\"height\":88,\"caption\":\"Federaci\u00f3n Down Galicia\"},\"image\":{\"@id\":\"https:\/\/downgalicia.org\/es\/#\/schema\/logo\/image\/\"}},{\"@type\":\"Person\",\"@id\":\"https:\/\/downgalicia.org\/es\/#\/schema\/person\/3ca2f728cf073839dcb9aee6ac889a0b\",\"name\":\"marketing@downgalicia.org\",\"image\":{\"@type\":\"ImageObject\",\"inLanguage\":\"es\",\"@id\":\"https:\/\/downgalicia.org\/es\/#\/schema\/person\/image\/\",\"url\":\"https:\/\/secure.gravatar.com\/avatar\/cf7e23aca6c471cdd853ed0cb5b921405dfdd5ec6a0946294f44f462c1d67eb6?s=96&d=mm&r=g\",\"contentUrl\":\"https:\/\/secure.gravatar.com\/avatar\/cf7e23aca6c471cdd853ed0cb5b921405dfdd5ec6a0946294f44f462c1d67eb6?s=96&d=mm&r=g\",\"caption\":\"marketing@downgalicia.org\"},\"url\":\"https:\/\/downgalicia.org\/es\/author\/marketingdowngalicia-org\/\"}]}<\/script>\n<!-- \/ Yoast SEO plugin. -->","yoast_head_json":{"title":"Down Lugo impulsa la 3\u00aa edici\u00f3n del Obradoiro de Vida Independiente con el alumnado de Enfermer\u00eda y Gesti\u00f3n Cultural de la USC &#8226; Federaci\u00f3n Down Galicia","robots":{"index":"index","follow":"follow","max-snippet":"max-snippet:-1","max-image-preview":"max-image-preview:large","max-video-preview":"max-video-preview:-1"},"canonical":"https:\/\/downgalicia.org\/es\/down-lugo-impulsa-la-3a-edicion-del-obradoiro-de-vida-independiente-con-el-alumnado-de-enfermeria-y-gestion-cultural-de-la-usc\/","og_locale":"es_ES","og_type":"article","og_title":"Down Lugo impulsa la 3\u00aa edici\u00f3n del Obradoiro de Vida Independiente con el alumnado de Enfermer\u00eda y Gesti\u00f3n Cultural de la USC &#8226; Federaci\u00f3n Down Galicia","og_description":"La asociaci\u00f3n Down Lugo ha iniciado la tercera edici\u00f3n del Obradoiro de Vida Independiente con la Universidade de Santiago de Compostela. Una iniciativa formativa pensada para promover la autonom\u00eda personal, [&hellip;]","og_url":"https:\/\/downgalicia.org\/es\/down-lugo-impulsa-la-3a-edicion-del-obradoiro-de-vida-independiente-con-el-alumnado-de-enfermeria-y-gestion-cultural-de-la-usc\/","og_site_name":"Federaci\u00f3n Down Galicia","article_published_time":"2026-02-05T10:17:28+00:00","article_modified_time":"2026-02-05T10:19:36+00:00","og_image":[{"width":1426,"height":957,"url":"https:\/\/downgalicia.org\/wp-content\/uploads\/2026\/02\/Down-Lugo_Obradoiro-coa-USC.jpg","type":"image\/jpeg"}],"author":"marketing@downgalicia.org","twitter_card":"summary_large_image","twitter_misc":{"Escrito por":"marketing@downgalicia.org","Tiempo de lectura":"3 minutos"},"schema":{"@context":"https:\/\/schema.org","@graph":[{"@type":"Article","@id":"https:\/\/downgalicia.org\/es\/down-lugo-impulsa-la-3a-edicion-del-obradoiro-de-vida-independiente-con-el-alumnado-de-enfermeria-y-gestion-cultural-de-la-usc\/#article","isPartOf":{"@id":"https:\/\/downgalicia.org\/es\/down-lugo-impulsa-la-3a-edicion-del-obradoiro-de-vida-independiente-con-el-alumnado-de-enfermeria-y-gestion-cultural-de-la-usc\/"},"author":{"name":"marketing@downgalicia.org","@id":"https:\/\/downgalicia.org\/es\/#\/schema\/person\/3ca2f728cf073839dcb9aee6ac889a0b"},"headline":"Down Lugo impulsa la 3\u00aa edici\u00f3n del Obradoiro de Vida Independiente con el alumnado de Enfermer\u00eda y Gesti\u00f3n Cultural de la USC","datePublished":"2026-02-05T10:17:28+00:00","dateModified":"2026-02-05T10:19:36+00:00","mainEntityOfPage":{"@id":"https:\/\/downgalicia.org\/es\/down-lugo-impulsa-la-3a-edicion-del-obradoiro-de-vida-independiente-con-el-alumnado-de-enfermeria-y-gestion-cultural-de-la-usc\/"},"wordCount":462,"publisher":{"@id":"https:\/\/downgalicia.org\/es\/#organization"},"image":{"@id":"https:\/\/downgalicia.org\/es\/down-lugo-impulsa-la-3a-edicion-del-obradoiro-de-vida-independiente-con-el-alumnado-de-enfermeria-y-gestion-cultural-de-la-usc\/#primaryimage"},"thumbnailUrl":"https:\/\/downgalicia.org\/wp-content\/uploads\/2026\/02\/Down-Lugo_Obradoiro-coa-USC.jpg","keywords":["autonom\u00eda","colaboraci\u00f3n","vida adulta","vida independiente"],"articleSection":["Down Lugo","Vida adulta"],"inLanguage":"es"},{"@type":"WebPage","@id":"https:\/\/downgalicia.org\/es\/down-lugo-impulsa-la-3a-edicion-del-obradoiro-de-vida-independiente-con-el-alumnado-de-enfermeria-y-gestion-cultural-de-la-usc\/","url":"https:\/\/downgalicia.org\/es\/down-lugo-impulsa-la-3a-edicion-del-obradoiro-de-vida-independiente-con-el-alumnado-de-enfermeria-y-gestion-cultural-de-la-usc\/","name":"Down Lugo impulsa la 3\u00aa edici\u00f3n del Obradoiro de Vida Independiente con el alumnado de Enfermer\u00eda y Gesti\u00f3n Cultural de la USC &#8226; Federaci\u00f3n Down Galicia","isPartOf":{"@id":"https:\/\/downgalicia.org\/es\/#website"},"primaryImageOfPage":{"@id":"https:\/\/downgalicia.org\/es\/down-lugo-impulsa-la-3a-edicion-del-obradoiro-de-vida-independiente-con-el-alumnado-de-enfermeria-y-gestion-cultural-de-la-usc\/#primaryimage"},"image":{"@id":"https:\/\/downgalicia.org\/es\/down-lugo-impulsa-la-3a-edicion-del-obradoiro-de-vida-independiente-con-el-alumnado-de-enfermeria-y-gestion-cultural-de-la-usc\/#primaryimage"},"thumbnailUrl":"https:\/\/downgalicia.org\/wp-content\/uploads\/2026\/02\/Down-Lugo_Obradoiro-coa-USC.jpg","datePublished":"2026-02-05T10:17:28+00:00","dateModified":"2026-02-05T10:19:36+00:00","breadcrumb":{"@id":"https:\/\/downgalicia.org\/es\/down-lugo-impulsa-la-3a-edicion-del-obradoiro-de-vida-independiente-con-el-alumnado-de-enfermeria-y-gestion-cultural-de-la-usc\/#breadcrumb"},"inLanguage":"es","potentialAction":[{"@type":"ReadAction","target":["https:\/\/downgalicia.org\/es\/down-lugo-impulsa-la-3a-edicion-del-obradoiro-de-vida-independiente-con-el-alumnado-de-enfermeria-y-gestion-cultural-de-la-usc\/"]}]},{"@type":"ImageObject","inLanguage":"es","@id":"https:\/\/downgalicia.org\/es\/down-lugo-impulsa-la-3a-edicion-del-obradoiro-de-vida-independiente-con-el-alumnado-de-enfermeria-y-gestion-cultural-de-la-usc\/#primaryimage","url":"https:\/\/downgalicia.org\/wp-content\/uploads\/2026\/02\/Down-Lugo_Obradoiro-coa-USC.jpg","contentUrl":"https:\/\/downgalicia.org\/wp-content\/uploads\/2026\/02\/Down-Lugo_Obradoiro-coa-USC.jpg","width":1426,"height":957},{"@type":"BreadcrumbList","@id":"https:\/\/downgalicia.org\/es\/down-lugo-impulsa-la-3a-edicion-del-obradoiro-de-vida-independiente-con-el-alumnado-de-enfermeria-y-gestion-cultural-de-la-usc\/#breadcrumb","itemListElement":[{"@type":"ListItem","position":1,"name":"Portada","item":"https:\/\/downgalicia.org\/es\/"},{"@type":"ListItem","position":2,"name":"Down Lugo impulsa la 3\u00aa edici\u00f3n del Obradoiro de Vida Independiente con el alumnado de Enfermer\u00eda y Gesti\u00f3n Cultural de la USC"}]},{"@type":"WebSite","@id":"https:\/\/downgalicia.org\/es\/#website","url":"https:\/\/downgalicia.org\/es\/","name":"Federaci\u00f3n Down Galicia","description":"Apoio a persoas con S\u00edndrome de Down","publisher":{"@id":"https:\/\/downgalicia.org\/es\/#organization"},"potentialAction":[{"@type":"SearchAction","target":{"@type":"EntryPoint","urlTemplate":"https:\/\/downgalicia.org\/es\/?s={search_term_string}"},"query-input":{"@type":"PropertyValueSpecification","valueRequired":true,"valueName":"search_term_string"}}],"inLanguage":"es"},{"@type":"Organization","@id":"https:\/\/downgalicia.org\/es\/#organization","name":"Federaci\u00f3n Down Galicia","url":"https:\/\/downgalicia.org\/es\/","logo":{"@type":"ImageObject","inLanguage":"es","@id":"https:\/\/downgalicia.org\/es\/#\/schema\/logo\/image\/","url":"https:\/\/downgalicia.org\/wp-content\/uploads\/2024\/07\/logo-sindrome-down-color.svg","contentUrl":"https:\/\/downgalicia.org\/wp-content\/uploads\/2024\/07\/logo-sindrome-down-color.svg","width":271,"height":88,"caption":"Federaci\u00f3n Down Galicia"},"image":{"@id":"https:\/\/downgalicia.org\/es\/#\/schema\/logo\/image\/"}},{"@type":"Person","@id":"https:\/\/downgalicia.org\/es\/#\/schema\/person\/3ca2f728cf073839dcb9aee6ac889a0b","name":"marketing@downgalicia.org","image":{"@type":"ImageObject","inLanguage":"es","@id":"https:\/\/downgalicia.org\/es\/#\/schema\/person\/image\/","url":"https:\/\/secure.gravatar.com\/avatar\/cf7e23aca6c471cdd853ed0cb5b921405dfdd5ec6a0946294f44f462c1d67eb6?s=96&d=mm&r=g","contentUrl":"https:\/\/secure.gravatar.com\/avatar\/cf7e23aca6c471cdd853ed0cb5b921405dfdd5ec6a0946294f44f462c1d67eb6?s=96&d=mm&r=g","caption":"marketing@downgalicia.org"},"url":"https:\/\/downgalicia.org\/es\/author\/marketingdowngalicia-org\/"}]}},"_links":{"self":[{"href":"https:\/\/downgalicia.org\/es\/wp-json\/wp\/v2\/posts\/10754","targetHints":{"allow":["GET"]}}],"collection":[{"href":"https:\/\/downgalicia.org\/es\/wp-json\/wp\/v2\/posts"}],"about":[{"href":"https:\/\/downgalicia.org\/es\/wp-json\/wp\/v2\/types\/post"}],"author":[{"embeddable":true,"href":"https:\/\/downgalicia.org\/es\/wp-json\/wp\/v2\/users\/2"}],"replies":[{"embeddable":true,"href":"https:\/\/downgalicia.org\/es\/wp-json\/wp\/v2\/comments?post=10754"}],"version-history":[{"count":1,"href":"https:\/\/downgalicia.org\/es\/wp-json\/wp\/v2\/posts\/10754\/revisions"}],"predecessor-version":[{"id":10755,"href":"https:\/\/downgalicia.org\/es\/wp-json\/wp\/v2\/posts\/10754\/revisions\/10755"}],"wp:featuredmedia":[{"embeddable":true,"href":"https:\/\/downgalicia.org\/es\/wp-json\/wp\/v2\/media\/10752"}],"wp:attachment":[{"href":"https:\/\/downgalicia.org\/es\/wp-json\/wp\/v2\/media?parent=10754"}],"wp:term":[{"taxonomy":"category","embeddable":true,"href":"https:\/\/downgalicia.org\/es\/wp-json\/wp\/v2\/categories?post=10754"},{"taxonomy":"post_tag","embeddable":true,"href":"https:\/\/downgalicia.org\/es\/wp-json\/wp\/v2\/tags?post=10754"}],"curies":[{"name":"wp","href":"https:\/\/api.w.org\/{rel}","templated":true}]}}