{"id":11291,"date":"2026-04-28T09:13:01","date_gmt":"2026-04-28T07:13:01","guid":{"rendered":"https:\/\/downgalicia.org\/?p=11291"},"modified":"2026-04-28T09:22:40","modified_gmt":"2026-04-28T07:22:40","slug":"down-ourense-participa-en-las-xxiii-jornadas-interxeracionais-celebradas-en-la-ciudad-termal","status":"publish","type":"post","link":"https:\/\/downgalicia.org\/es\/down-ourense-participa-en-las-xxiii-jornadas-interxeracionais-celebradas-en-la-ciudad-termal\/","title":{"rendered":"Down Ourense participa en las XXIII Jornadas Interxeracionais celebradas en la ciudad termal"},"content":{"rendered":"<p>Varias persoas usuarias de Down Ourense formaron parte o pasado 16 de abril das <strong>XXIII Xornadas Interxeracionais<\/strong> celebradas na cidade, un encontro organizado por alumnado e profesorado do Grao de Educaci\u00f3n Social da Facultade de Educaci\u00f3n e Traballo Social e por Ategal, que busca <strong>tecer lazos entre as diferentes etapas vitais e dar visibilidade \u00e1 importancia de estar en conexi\u00f3n coa diversidade<\/strong>. Os mozos e mozas participaron de xeito activo en actividades dese\u00f1adas para romper barreiras e demostrar que o di\u00e1logo entre xeraci\u00f3ns \u00e9 unha ferramenta clave para a inclusi\u00f3n. A trav\u00e9s de obradoiros compartidos e espazos de lecer, as persoas da asociaci\u00f3n achegaron a s\u00faa vitalidade e perspectiva, enriquec\u00e9ndose ao mesmo tempo coa sabedor\u00eda e vivencias das persoas maiores da cidade.<\/p>\n<p>Estas xornadas, que reuniron a m\u00e1is de 150 persoas, volveron converterse nun punto de encontro esencial para fomentar a cohesi\u00f3n social e o intercambio de experiencias entre distintas idades. As\u00ed, cre\u00e1ronse espazos de convivencia onde crianzas, xente moza e maiores puideron compartir co\u00f1ecementos, valores e afecci\u00f3ns, combatendo as\u00ed o illamento social e os estereotipos asociados \u00e1 idade. A trav\u00e9s dun amplo programa de actividades l\u00fadicas, formativas e culturais, as xornadas destacaron a importancia de manter os v\u00ednculos comunitarios e de reco\u00f1ecer o legado experiencial das xeraci\u00f3ns m\u00e1is lonxevas como un activo fundamental para o desenvolvemento da sociedade.<\/p>\n<p>Ao longo dos anos, este proxecto logrou implicar a diversos axentes sociais, centros educativos e colectivos cidad\u00e1ns, demostrando que a interacci\u00f3n xeracional enriquece o tecido social e mellora o benestar emocional de todas as persoas participantes. Con esta vix\u00e9simo terceira edici\u00f3n, as xornadas revalidaron o seu \u00e9xito ao transformar a diversidade de idades nunha oportunidade para a cohesi\u00f3n, a empat\u00eda e o crecemento colectivo.<\/p>\n<p>A participaci\u00f3n de Down Ourense nestas xornadas reafirma o compromiso da entidade coa <strong>autonom\u00eda e a participaci\u00f3n <\/strong>das persoas coa s\u00edndrome de Down e outras discapacidades intelectuais en contornas comunitarias. Esta colaboraci\u00f3n non s\u00f3 permite tecer novas redes de apoio e amizade, sen\u00f3n que tam\u00e9n serve para sensibilizar \u00e1 sociedade ourens\u00e1 sobre a importancia de constru\u00edr unha cidade m\u00e1is humana e diversa.<\/p>\n","protected":false},"excerpt":{"rendered":"<p>Varias persoas usuarias de Down Ourense formaron parte o pasado 16 de abril das XXIII Xornadas Interxeracionais celebradas na cidade, un encontro organizado por alumnado e profesorado do Grao de [&hellip;]<\/p>\n","protected":false},"author":2,"featured_media":11287,"comment_status":"closed","ping_status":"closed","sticky":false,"template":"","format":"standard","meta":{"_acf_changed":false,"give_campaign_id":0,"footnotes":""},"categories":[121,117],"tags":[160,378,377],"class_list":["post-11291","post","type-post","status-publish","format-standard","has-post-thumbnail","hentry","category-down-ourense-hemeroteca-es","category-ocio-e-tempo-de-lecer-hemeroteca-es","tag-down-ourense-es","tag-inclusion-es","tag-jornadas-intergeneracionales"],"acf":[],"yoast_head":"<!-- This site is optimized with the Yoast SEO plugin v25.3.1 - https:\/\/yoast.com\/wordpress\/plugins\/seo\/ -->\n<title>Down Ourense participa en las XXIII Jornadas Interxeracionais celebradas en la ciudad termal &#8226; Federaci\u00f3n Down Galicia<\/title>\n<meta name=\"robots\" content=\"index, follow, max-snippet:-1, max-image-preview:large, max-video-preview:-1\" \/>\n<link rel=\"canonical\" href=\"https:\/\/downgalicia.org\/es\/down-ourense-participa-en-las-xxiii-jornadas-interxeracionais-celebradas-en-la-ciudad-termal\/\" \/>\n<meta property=\"og:locale\" content=\"es_ES\" \/>\n<meta property=\"og:type\" content=\"article\" \/>\n<meta property=\"og:title\" content=\"Down Ourense participa en las XXIII Jornadas Interxeracionais celebradas en la ciudad termal &#8226; Federaci\u00f3n Down Galicia\" \/>\n<meta property=\"og:description\" content=\"Varias persoas usuarias de Down Ourense formaron parte o pasado 16 de abril das XXIII Xornadas Interxeracionais celebradas na cidade, un encontro organizado por alumnado e profesorado do Grao de [&hellip;]\" \/>\n<meta property=\"og:url\" content=\"https:\/\/downgalicia.org\/es\/down-ourense-participa-en-las-xxiii-jornadas-interxeracionais-celebradas-en-la-ciudad-termal\/\" \/>\n<meta property=\"og:site_name\" content=\"Federaci\u00f3n Down Galicia\" \/>\n<meta property=\"article:published_time\" content=\"2026-04-28T07:13:01+00:00\" \/>\n<meta property=\"article:modified_time\" content=\"2026-04-28T07:22:40+00:00\" \/>\n<meta property=\"og:image\" content=\"https:\/\/downgalicia.org\/wp-content\/uploads\/2026\/04\/Down-Ourense_Xornadas-interxeracionais.jpg\" \/>\n\t<meta property=\"og:image:width\" content=\"1440\" \/>\n\t<meta property=\"og:image:height\" content=\"925\" \/>\n\t<meta property=\"og:image:type\" content=\"image\/jpeg\" \/>\n<meta name=\"author\" content=\"marketing@downgalicia.org\" \/>\n<meta name=\"twitter:card\" content=\"summary_large_image\" \/>\n<meta name=\"twitter:label1\" content=\"Escrito por\" \/>\n\t<meta name=\"twitter:data1\" content=\"marketing@downgalicia.org\" \/>\n\t<meta name=\"twitter:label2\" content=\"Tiempo de lectura\" \/>\n\t<meta name=\"twitter:data2\" content=\"3 minutos\" \/>\n<script type=\"application\/ld+json\" class=\"yoast-schema-graph\">{\"@context\":\"https:\/\/schema.org\",\"@graph\":[{\"@type\":\"Article\",\"@id\":\"https:\/\/downgalicia.org\/es\/down-ourense-participa-en-las-xxiii-jornadas-interxeracionais-celebradas-en-la-ciudad-termal\/#article\",\"isPartOf\":{\"@id\":\"https:\/\/downgalicia.org\/es\/down-ourense-participa-en-las-xxiii-jornadas-interxeracionais-celebradas-en-la-ciudad-termal\/\"},\"author\":{\"name\":\"marketing@downgalicia.org\",\"@id\":\"https:\/\/downgalicia.org\/es\/#\/schema\/person\/3ca2f728cf073839dcb9aee6ac889a0b\"},\"headline\":\"Down Ourense participa en las XXIII Jornadas Interxeracionais celebradas en la ciudad termal\",\"datePublished\":\"2026-04-28T07:13:01+00:00\",\"dateModified\":\"2026-04-28T07:22:40+00:00\",\"mainEntityOfPage\":{\"@id\":\"https:\/\/downgalicia.org\/es\/down-ourense-participa-en-las-xxiii-jornadas-interxeracionais-celebradas-en-la-ciudad-termal\/\"},\"wordCount\":390,\"publisher\":{\"@id\":\"https:\/\/downgalicia.org\/es\/#organization\"},\"image\":{\"@id\":\"https:\/\/downgalicia.org\/es\/down-ourense-participa-en-las-xxiii-jornadas-interxeracionais-celebradas-en-la-ciudad-termal\/#primaryimage\"},\"thumbnailUrl\":\"https:\/\/downgalicia.org\/wp-content\/uploads\/2026\/04\/Down-Ourense_Xornadas-interxeracionais.jpg\",\"keywords\":[\"Down Ourense\",\"Inclusi\u00f3n\",\"Jornadas Intergeneracionales\"],\"articleSection\":[\"Down Ourense\",\"Ocio e tempo de lecer\"],\"inLanguage\":\"es\"},{\"@type\":\"WebPage\",\"@id\":\"https:\/\/downgalicia.org\/es\/down-ourense-participa-en-las-xxiii-jornadas-interxeracionais-celebradas-en-la-ciudad-termal\/\",\"url\":\"https:\/\/downgalicia.org\/es\/down-ourense-participa-en-las-xxiii-jornadas-interxeracionais-celebradas-en-la-ciudad-termal\/\",\"name\":\"Down Ourense participa en las XXIII Jornadas Interxeracionais celebradas en la ciudad termal &#8226; Federaci\u00f3n Down Galicia\",\"isPartOf\":{\"@id\":\"https:\/\/downgalicia.org\/es\/#website\"},\"primaryImageOfPage\":{\"@id\":\"https:\/\/downgalicia.org\/es\/down-ourense-participa-en-las-xxiii-jornadas-interxeracionais-celebradas-en-la-ciudad-termal\/#primaryimage\"},\"image\":{\"@id\":\"https:\/\/downgalicia.org\/es\/down-ourense-participa-en-las-xxiii-jornadas-interxeracionais-celebradas-en-la-ciudad-termal\/#primaryimage\"},\"thumbnailUrl\":\"https:\/\/downgalicia.org\/wp-content\/uploads\/2026\/04\/Down-Ourense_Xornadas-interxeracionais.jpg\",\"datePublished\":\"2026-04-28T07:13:01+00:00\",\"dateModified\":\"2026-04-28T07:22:40+00:00\",\"breadcrumb\":{\"@id\":\"https:\/\/downgalicia.org\/es\/down-ourense-participa-en-las-xxiii-jornadas-interxeracionais-celebradas-en-la-ciudad-termal\/#breadcrumb\"},\"inLanguage\":\"es\",\"potentialAction\":[{\"@type\":\"ReadAction\",\"target\":[\"https:\/\/downgalicia.org\/es\/down-ourense-participa-en-las-xxiii-jornadas-interxeracionais-celebradas-en-la-ciudad-termal\/\"]}]},{\"@type\":\"ImageObject\",\"inLanguage\":\"es\",\"@id\":\"https:\/\/downgalicia.org\/es\/down-ourense-participa-en-las-xxiii-jornadas-interxeracionais-celebradas-en-la-ciudad-termal\/#primaryimage\",\"url\":\"https:\/\/downgalicia.org\/wp-content\/uploads\/2026\/04\/Down-Ourense_Xornadas-interxeracionais.jpg\",\"contentUrl\":\"https:\/\/downgalicia.org\/wp-content\/uploads\/2026\/04\/Down-Ourense_Xornadas-interxeracionais.jpg\",\"width\":1440,\"height\":925},{\"@type\":\"BreadcrumbList\",\"@id\":\"https:\/\/downgalicia.org\/es\/down-ourense-participa-en-las-xxiii-jornadas-interxeracionais-celebradas-en-la-ciudad-termal\/#breadcrumb\",\"itemListElement\":[{\"@type\":\"ListItem\",\"position\":1,\"name\":\"Portada\",\"item\":\"https:\/\/downgalicia.org\/es\/\"},{\"@type\":\"ListItem\",\"position\":2,\"name\":\"Down Ourense participa en las XXIII Jornadas Interxeracionais celebradas en la ciudad termal\"}]},{\"@type\":\"WebSite\",\"@id\":\"https:\/\/downgalicia.org\/es\/#website\",\"url\":\"https:\/\/downgalicia.org\/es\/\",\"name\":\"Federaci\u00f3n Down Galicia\",\"description\":\"Apoio a persoas con S\u00edndrome de Down\",\"publisher\":{\"@id\":\"https:\/\/downgalicia.org\/es\/#organization\"},\"potentialAction\":[{\"@type\":\"SearchAction\",\"target\":{\"@type\":\"EntryPoint\",\"urlTemplate\":\"https:\/\/downgalicia.org\/es\/?s={search_term_string}\"},\"query-input\":{\"@type\":\"PropertyValueSpecification\",\"valueRequired\":true,\"valueName\":\"search_term_string\"}}],\"inLanguage\":\"es\"},{\"@type\":\"Organization\",\"@id\":\"https:\/\/downgalicia.org\/es\/#organization\",\"name\":\"Federaci\u00f3n Down Galicia\",\"url\":\"https:\/\/downgalicia.org\/es\/\",\"logo\":{\"@type\":\"ImageObject\",\"inLanguage\":\"es\",\"@id\":\"https:\/\/downgalicia.org\/es\/#\/schema\/logo\/image\/\",\"url\":\"https:\/\/downgalicia.org\/wp-content\/uploads\/2024\/07\/logo-sindrome-down-color.svg\",\"contentUrl\":\"https:\/\/downgalicia.org\/wp-content\/uploads\/2024\/07\/logo-sindrome-down-color.svg\",\"width\":271,\"height\":88,\"caption\":\"Federaci\u00f3n Down Galicia\"},\"image\":{\"@id\":\"https:\/\/downgalicia.org\/es\/#\/schema\/logo\/image\/\"}},{\"@type\":\"Person\",\"@id\":\"https:\/\/downgalicia.org\/es\/#\/schema\/person\/3ca2f728cf073839dcb9aee6ac889a0b\",\"name\":\"marketing@downgalicia.org\",\"image\":{\"@type\":\"ImageObject\",\"inLanguage\":\"es\",\"@id\":\"https:\/\/downgalicia.org\/es\/#\/schema\/person\/image\/\",\"url\":\"https:\/\/secure.gravatar.com\/avatar\/cf7e23aca6c471cdd853ed0cb5b921405dfdd5ec6a0946294f44f462c1d67eb6?s=96&d=mm&r=g\",\"contentUrl\":\"https:\/\/secure.gravatar.com\/avatar\/cf7e23aca6c471cdd853ed0cb5b921405dfdd5ec6a0946294f44f462c1d67eb6?s=96&d=mm&r=g\",\"caption\":\"marketing@downgalicia.org\"},\"url\":\"https:\/\/downgalicia.org\/es\/author\/marketingdowngalicia-org\/\"}]}<\/script>\n<!-- \/ Yoast SEO plugin. -->","yoast_head_json":{"title":"Down Ourense participa en las XXIII Jornadas Interxeracionais celebradas en la ciudad termal &#8226; Federaci\u00f3n Down Galicia","robots":{"index":"index","follow":"follow","max-snippet":"max-snippet:-1","max-image-preview":"max-image-preview:large","max-video-preview":"max-video-preview:-1"},"canonical":"https:\/\/downgalicia.org\/es\/down-ourense-participa-en-las-xxiii-jornadas-interxeracionais-celebradas-en-la-ciudad-termal\/","og_locale":"es_ES","og_type":"article","og_title":"Down Ourense participa en las XXIII Jornadas Interxeracionais celebradas en la ciudad termal &#8226; Federaci\u00f3n Down Galicia","og_description":"Varias persoas usuarias de Down Ourense formaron parte o pasado 16 de abril das XXIII Xornadas Interxeracionais celebradas na cidade, un encontro organizado por alumnado e profesorado do Grao de [&hellip;]","og_url":"https:\/\/downgalicia.org\/es\/down-ourense-participa-en-las-xxiii-jornadas-interxeracionais-celebradas-en-la-ciudad-termal\/","og_site_name":"Federaci\u00f3n Down Galicia","article_published_time":"2026-04-28T07:13:01+00:00","article_modified_time":"2026-04-28T07:22:40+00:00","og_image":[{"width":1440,"height":925,"url":"https:\/\/downgalicia.org\/wp-content\/uploads\/2026\/04\/Down-Ourense_Xornadas-interxeracionais.jpg","type":"image\/jpeg"}],"author":"marketing@downgalicia.org","twitter_card":"summary_large_image","twitter_misc":{"Escrito por":"marketing@downgalicia.org","Tiempo de lectura":"3 minutos"},"schema":{"@context":"https:\/\/schema.org","@graph":[{"@type":"Article","@id":"https:\/\/downgalicia.org\/es\/down-ourense-participa-en-las-xxiii-jornadas-interxeracionais-celebradas-en-la-ciudad-termal\/#article","isPartOf":{"@id":"https:\/\/downgalicia.org\/es\/down-ourense-participa-en-las-xxiii-jornadas-interxeracionais-celebradas-en-la-ciudad-termal\/"},"author":{"name":"marketing@downgalicia.org","@id":"https:\/\/downgalicia.org\/es\/#\/schema\/person\/3ca2f728cf073839dcb9aee6ac889a0b"},"headline":"Down Ourense participa en las XXIII Jornadas Interxeracionais celebradas en la ciudad termal","datePublished":"2026-04-28T07:13:01+00:00","dateModified":"2026-04-28T07:22:40+00:00","mainEntityOfPage":{"@id":"https:\/\/downgalicia.org\/es\/down-ourense-participa-en-las-xxiii-jornadas-interxeracionais-celebradas-en-la-ciudad-termal\/"},"wordCount":390,"publisher":{"@id":"https:\/\/downgalicia.org\/es\/#organization"},"image":{"@id":"https:\/\/downgalicia.org\/es\/down-ourense-participa-en-las-xxiii-jornadas-interxeracionais-celebradas-en-la-ciudad-termal\/#primaryimage"},"thumbnailUrl":"https:\/\/downgalicia.org\/wp-content\/uploads\/2026\/04\/Down-Ourense_Xornadas-interxeracionais.jpg","keywords":["Down Ourense","Inclusi\u00f3n","Jornadas Intergeneracionales"],"articleSection":["Down Ourense","Ocio e tempo de lecer"],"inLanguage":"es"},{"@type":"WebPage","@id":"https:\/\/downgalicia.org\/es\/down-ourense-participa-en-las-xxiii-jornadas-interxeracionais-celebradas-en-la-ciudad-termal\/","url":"https:\/\/downgalicia.org\/es\/down-ourense-participa-en-las-xxiii-jornadas-interxeracionais-celebradas-en-la-ciudad-termal\/","name":"Down Ourense participa en las XXIII Jornadas Interxeracionais celebradas en la ciudad termal &#8226; Federaci\u00f3n Down Galicia","isPartOf":{"@id":"https:\/\/downgalicia.org\/es\/#website"},"primaryImageOfPage":{"@id":"https:\/\/downgalicia.org\/es\/down-ourense-participa-en-las-xxiii-jornadas-interxeracionais-celebradas-en-la-ciudad-termal\/#primaryimage"},"image":{"@id":"https:\/\/downgalicia.org\/es\/down-ourense-participa-en-las-xxiii-jornadas-interxeracionais-celebradas-en-la-ciudad-termal\/#primaryimage"},"thumbnailUrl":"https:\/\/downgalicia.org\/wp-content\/uploads\/2026\/04\/Down-Ourense_Xornadas-interxeracionais.jpg","datePublished":"2026-04-28T07:13:01+00:00","dateModified":"2026-04-28T07:22:40+00:00","breadcrumb":{"@id":"https:\/\/downgalicia.org\/es\/down-ourense-participa-en-las-xxiii-jornadas-interxeracionais-celebradas-en-la-ciudad-termal\/#breadcrumb"},"inLanguage":"es","potentialAction":[{"@type":"ReadAction","target":["https:\/\/downgalicia.org\/es\/down-ourense-participa-en-las-xxiii-jornadas-interxeracionais-celebradas-en-la-ciudad-termal\/"]}]},{"@type":"ImageObject","inLanguage":"es","@id":"https:\/\/downgalicia.org\/es\/down-ourense-participa-en-las-xxiii-jornadas-interxeracionais-celebradas-en-la-ciudad-termal\/#primaryimage","url":"https:\/\/downgalicia.org\/wp-content\/uploads\/2026\/04\/Down-Ourense_Xornadas-interxeracionais.jpg","contentUrl":"https:\/\/downgalicia.org\/wp-content\/uploads\/2026\/04\/Down-Ourense_Xornadas-interxeracionais.jpg","width":1440,"height":925},{"@type":"BreadcrumbList","@id":"https:\/\/downgalicia.org\/es\/down-ourense-participa-en-las-xxiii-jornadas-interxeracionais-celebradas-en-la-ciudad-termal\/#breadcrumb","itemListElement":[{"@type":"ListItem","position":1,"name":"Portada","item":"https:\/\/downgalicia.org\/es\/"},{"@type":"ListItem","position":2,"name":"Down Ourense participa en las XXIII Jornadas Interxeracionais celebradas en la ciudad termal"}]},{"@type":"WebSite","@id":"https:\/\/downgalicia.org\/es\/#website","url":"https:\/\/downgalicia.org\/es\/","name":"Federaci\u00f3n Down Galicia","description":"Apoio a persoas con S\u00edndrome de Down","publisher":{"@id":"https:\/\/downgalicia.org\/es\/#organization"},"potentialAction":[{"@type":"SearchAction","target":{"@type":"EntryPoint","urlTemplate":"https:\/\/downgalicia.org\/es\/?s={search_term_string}"},"query-input":{"@type":"PropertyValueSpecification","valueRequired":true,"valueName":"search_term_string"}}],"inLanguage":"es"},{"@type":"Organization","@id":"https:\/\/downgalicia.org\/es\/#organization","name":"Federaci\u00f3n Down Galicia","url":"https:\/\/downgalicia.org\/es\/","logo":{"@type":"ImageObject","inLanguage":"es","@id":"https:\/\/downgalicia.org\/es\/#\/schema\/logo\/image\/","url":"https:\/\/downgalicia.org\/wp-content\/uploads\/2024\/07\/logo-sindrome-down-color.svg","contentUrl":"https:\/\/downgalicia.org\/wp-content\/uploads\/2024\/07\/logo-sindrome-down-color.svg","width":271,"height":88,"caption":"Federaci\u00f3n Down Galicia"},"image":{"@id":"https:\/\/downgalicia.org\/es\/#\/schema\/logo\/image\/"}},{"@type":"Person","@id":"https:\/\/downgalicia.org\/es\/#\/schema\/person\/3ca2f728cf073839dcb9aee6ac889a0b","name":"marketing@downgalicia.org","image":{"@type":"ImageObject","inLanguage":"es","@id":"https:\/\/downgalicia.org\/es\/#\/schema\/person\/image\/","url":"https:\/\/secure.gravatar.com\/avatar\/cf7e23aca6c471cdd853ed0cb5b921405dfdd5ec6a0946294f44f462c1d67eb6?s=96&d=mm&r=g","contentUrl":"https:\/\/secure.gravatar.com\/avatar\/cf7e23aca6c471cdd853ed0cb5b921405dfdd5ec6a0946294f44f462c1d67eb6?s=96&d=mm&r=g","caption":"marketing@downgalicia.org"},"url":"https:\/\/downgalicia.org\/es\/author\/marketingdowngalicia-org\/"}]}},"_links":{"self":[{"href":"https:\/\/downgalicia.org\/es\/wp-json\/wp\/v2\/posts\/11291","targetHints":{"allow":["GET"]}}],"collection":[{"href":"https:\/\/downgalicia.org\/es\/wp-json\/wp\/v2\/posts"}],"about":[{"href":"https:\/\/downgalicia.org\/es\/wp-json\/wp\/v2\/types\/post"}],"author":[{"embeddable":true,"href":"https:\/\/downgalicia.org\/es\/wp-json\/wp\/v2\/users\/2"}],"replies":[{"embeddable":true,"href":"https:\/\/downgalicia.org\/es\/wp-json\/wp\/v2\/comments?post=11291"}],"version-history":[{"count":2,"href":"https:\/\/downgalicia.org\/es\/wp-json\/wp\/v2\/posts\/11291\/revisions"}],"predecessor-version":[{"id":11293,"href":"https:\/\/downgalicia.org\/es\/wp-json\/wp\/v2\/posts\/11291\/revisions\/11293"}],"wp:featuredmedia":[{"embeddable":true,"href":"https:\/\/downgalicia.org\/es\/wp-json\/wp\/v2\/media\/11287"}],"wp:attachment":[{"href":"https:\/\/downgalicia.org\/es\/wp-json\/wp\/v2\/media?parent=11291"}],"wp:term":[{"taxonomy":"category","embeddable":true,"href":"https:\/\/downgalicia.org\/es\/wp-json\/wp\/v2\/categories?post=11291"},{"taxonomy":"post_tag","embeddable":true,"href":"https:\/\/downgalicia.org\/es\/wp-json\/wp\/v2\/tags?post=11291"}],"curies":[{"name":"wp","href":"https:\/\/api.w.org\/{rel}","templated":true}]}}