{"id":17399,"date":"2026-09-01T10:37:09","date_gmt":"2026-09-01T08:37:09","guid":{"rendered":"https:\/\/downgalicia.org\/?p=17399"},"modified":"2026-09-01T10:38:37","modified_gmt":"2026-09-01T08:38:37","slug":"down-espana-reclama-la-aprobacion-urgente-de-un-plan-estrategico-de-educacion-inclusiva-real-y-sin-trampas","status":"publish","type":"post","link":"https:\/\/downgalicia.org\/es\/down-espana-reclama-la-aprobacion-urgente-de-un-plan-estrategico-de-educacion-inclusiva-real-y-sin-trampas\/","title":{"rendered":"Down Espa\u00f1a reclama la aprobaci\u00f3n urgente de un Plan Estrat\u00e9gico de Educaci\u00f3n Inclusiva \u00abreal y sin trampas\u00bb"},"content":{"rendered":"<p>A pesar de algunos avances, el <strong>Plan Estrat\u00e9gico de Educaci\u00f3n Inclusiva,<\/strong> previsto en la LOMLOE de 2020, todav\u00eda no ha sido aprobado por el Consejo de Ministros ni cuenta con un calendario oficial de implantaci\u00f3n. Por eso, ante el inicio del nuevo curso escolar, <strong>Down Espa\u00f1a reclama al Gobierno la aprobaci\u00f3n urgente del plan para garantizar una inclusi\u00f3n \u00abreal y sin trampas\u201d<\/strong>.<\/p>\n<p>Han pasado ya <strong>seis a\u00f1os<\/strong> desde que la <strong>Ley Org\u00e1nica de Modificaci\u00f3n de la LOE<\/strong> (LOMLOE) estableciese la elaboraci\u00f3n de una normativa para dotar a los centros ordinarios de los recursos necesarios que permitiesen avanzar hacia una educaci\u00f3n verdaderamente inclusiva. Sin embargo, ese compromiso contin\u00faa pendiente y el alumnado con s\u00edndrome de Down sigue sin disfrutar de su derecho a una educaci\u00f3n de calidad, tal y como defiende la <strong>Convenci\u00f3n de las Naciones Unidas sobre los Derechos de las Personas con Discapacidad<\/strong>, ratificada por Espa\u00f1a en 2008.<\/p>\n<p>Para Down Espa\u00f1a, este retraso impide hacer efectivo un derecho que debe convertirse de forma urgente en una realidad para todo el alumnado \u201cporque es injusto que un ni\u00f1o o una ni\u00f1a con s\u00edndrome de Down u otra discapacidad intelectual llame a las puertas de un colegio y no le atiendan ni acojan igual que har\u00edan con cualquier otro\u201d, afirma Mar\u00eda O\u00f1ez Mart\u00edn, vocal de la Junta Directiva de Down Espa\u00f1a, federaci\u00f3n que lleva m\u00e1s de 25 a\u00f1os trabajando para que todos los ni\u00f1os y ni\u00f1as, con y sin discapacidad, aprendan juntos en un \u00fanico sistema educativo.<\/p>\n<p>\u00ab<strong>La educaci\u00f3n es un derecho universal y, por lo tanto, debe llegar a todos, independientemente de la condici\u00f3n o situaci\u00f3n de cada persona. Es urgente pasar de las palabras y las buenas intenciones a los compromisos reales y a los hechos<\/strong>\u00ab, reclama Mart\u00edn.<\/p>\n<p>Down Espa\u00f1a se\u00f1ala que, \u201cdespu\u00e9s de m\u00e1s de 30 a\u00f1os (desde la Declaraci\u00f3n de Salamanca), <strong>sigue sin entenderse el concepto de educaci\u00f3n inclusiva<\/strong> y sin implementarse en las aulas. <strong>No se debe llamar inclusi\u00f3n a lo que en realidad es segregaci\u00f3n<\/strong> porque, escolarizar al alumnado con s\u00edndrome de Down en un centro ordinario, pero mantenerlo separado del resto de sus compa\u00f1eros la mayor\u00eda de su tiempo mediante aulas espec\u00edficas o modelos que limitan su participaci\u00f3n, no es educaci\u00f3n inclusiva, son trampas. La verdadera inclusi\u00f3n -contin\u00faa Mart\u00edn- exige que todo el alumnado participe en igualdad de condiciones y avance en su aprendizaje, recibiendo los apoyos necesarios dentro del entorno ordinario\u201d.<\/p>\n<p>Para Mart\u00edn \u201cel derecho a la educaci\u00f3n inclusiva es incuestionable y es necesario que las administraciones y los centros educativos se coordinen y desarrollen una voluntad real para llevar a cabo acciones que produzcan el cambio progresivo que se necesita en el sistema educativo\u201d.<\/p>\n<p>\u201cUna escuela que no sabe educar en inclusi\u00f3n es una escuela injusta, que discrimina a las personas vulnerables y que hace que todo su alumnado pierda la oportunidad de enriquecerse en valores\u201d, a\u00f1ade.<\/p>\n<p>Down Espa\u00f1a recuerda que el <strong>Comit\u00e9 de la ONU sobre los Derechos de las Personas con Discapacidad ha instado en varias ocasiones a Espa\u00f1a a avanzar hacia un sistema educativo inclusivo<\/strong> tras considerar discriminatoria la exclusi\u00f3n del alumnado con discapacidad del sistema ordinario.<\/p>\n<p>Para lograrlo, la federaci\u00f3n considera imprescindible transformar el sistema escolar e introducir los <strong>cambios metodol\u00f3gicos, organizativos y curriculares<\/strong> que sean necesarios para responder a la diversidad del alumnado y atender a sus necesidades educativas.<\/p>\n<p>Con el objetivo de visibilizar que la educaci\u00f3n inclusiva no solo garantiza los derechos del alumnado con discapacidad, sino que beneficia a todos ni\u00f1os y ni\u00f1as y favorece el desarrollo de una ciudadan\u00eda m\u00e1s inclusiva, coincidiendo con la vuelta a las aulas, Down Espa\u00f1a lanza <strong><em>&#8216;Tengo un compa\u00f1ero con s\u00edndrome de Down\u2019<\/em>. <\/strong><\/p>\n<p>Una campa\u00f1a que protagoniza V\u00edctor, un ni\u00f1o con s\u00edndrome de Down que estudia en un colegio inclusivo. A trav\u00e9s de los testimonios de sus maestros, compa\u00f1eros, asociaci\u00f3n y familia, la federaci\u00f3n muestra que la educaci\u00f3n inclusiva no solo es posible, sino que sus beneficios para todo el alumnado merecen el compromiso y esfuerzo que supone la transformaci\u00f3n del sistema educativo actual.<\/p>\n<ul>\n<li><strong>Accede aqu\u00ed a los <a href=\"https:\/\/www.youtube.com\/watch?v=dh8TVyGvXNs&amp;list=PLPb9Y_Fufn7A\" target=\"_blank\" rel=\"noopener\">v\u00eddeos de la campa\u00f1a<\/a> <em>\u2018Tengo un compa\u00f1ero con s\u00edndrome de Down\u2019<\/em>.<\/strong><\/li>\n<\/ul>\n<p>&nbsp;<\/p>\n<p>Esta campa\u00f1a cuenta con la colaboraci\u00f3n del <strong>Ministerio de Derechos Sociales y Agenda 2030.<\/strong><\/p>\n<p><strong>M\u00e1s informaci\u00f3n en<\/strong> <a href=\"http:\/\/www.sindromedown.org\" target=\"_blank\" rel=\"noopener\">www.sindromedown.org<\/a><\/p>\n","protected":false},"excerpt":{"rendered":"<p>A pesar de algunos avances, el Plan Estrat\u00e9gico de Educaci\u00f3n Inclusiva, previsto en la LOMLOE de 2020, todav\u00eda no ha sido aprobado por el Consejo de Ministros ni cuenta con [&hellip;]<\/p>\n","protected":false},"author":4,"featured_media":17396,"comment_status":"closed","ping_status":"closed","sticky":false,"template":"","format":"standard","meta":{"_acf_changed":false,"give_campaign_id":0,"footnotes":""},"categories":[126,113],"tags":[324,146,145],"class_list":["post-17399","post","type-post","status-publish","format-standard","has-post-thumbnail","hentry","category-down-espana-hemeroteca-es","category-educacion-hemeroteca-hemeroteca-es","tag-down-espana-es","tag-educacion-inclusiva-es","tag-inclusion-educativa-es"],"acf":[],"yoast_head":"<!-- This site is optimized with the Yoast SEO plugin v28.3 - https:\/\/yoast.com\/product\/yoast-seo-wordpress\/ -->\n<title>Down Espa\u00f1a reclama la aprobaci\u00f3n urgente de un Plan Estrat\u00e9gico de Educaci\u00f3n Inclusiva &quot;real y sin trampas&quot; &#8226; Federaci\u00f3n Down Galicia<\/title>\n<meta name=\"robots\" content=\"index, follow, max-snippet:-1, max-image-preview:large, max-video-preview:-1\" \/>\n<link rel=\"canonical\" href=\"https:\/\/downgalicia.org\/es\/down-espana-reclama-la-aprobacion-urgente-de-un-plan-estrategico-de-educacion-inclusiva-real-y-sin-trampas\/\" \/>\n<meta property=\"og:locale\" content=\"es_ES\" \/>\n<meta property=\"og:type\" content=\"article\" \/>\n<meta property=\"og:title\" content=\"Down Espa\u00f1a reclama la aprobaci\u00f3n urgente de un Plan Estrat\u00e9gico de Educaci\u00f3n Inclusiva &quot;real y sin trampas&quot; &#8226; Federaci\u00f3n Down Galicia\" \/>\n<meta property=\"og:description\" content=\"A pesar de algunos avances, el Plan Estrat\u00e9gico de Educaci\u00f3n Inclusiva, previsto en la LOMLOE de 2020, todav\u00eda no ha sido aprobado por el Consejo de Ministros ni cuenta con [&hellip;]\" \/>\n<meta property=\"og:url\" content=\"https:\/\/downgalicia.org\/es\/down-espana-reclama-la-aprobacion-urgente-de-un-plan-estrategico-de-educacion-inclusiva-real-y-sin-trampas\/\" \/>\n<meta property=\"og:site_name\" content=\"Federaci\u00f3n Down Galicia\" \/>\n<meta property=\"article:published_time\" content=\"2026-09-01T08:37:09+00:00\" \/>\n<meta property=\"article:modified_time\" content=\"2026-09-01T08:38:37+00:00\" \/>\n<meta property=\"og:image\" content=\"https:\/\/downgalicia.org\/wp-content\/uploads\/2026\/09\/Down-Espana_Campana-educacion.jpg\" \/>\n\t<meta property=\"og:image:width\" content=\"1600\" \/>\n\t<meta property=\"og:image:height\" content=\"1066\" \/>\n\t<meta property=\"og:image:type\" content=\"image\/jpeg\" \/>\n<meta name=\"author\" content=\"comunicacion@downgalicia.org\" \/>\n<meta name=\"twitter:card\" content=\"summary_large_image\" \/>\n<meta name=\"twitter:label1\" content=\"Escrito por\" \/>\n\t<meta name=\"twitter:data1\" content=\"comunicacion@downgalicia.org\" \/>\n\t<meta name=\"twitter:label2\" content=\"Tiempo de lectura\" \/>\n\t<meta name=\"twitter:data2\" content=\"5 minutos\" \/>\n<script type=\"application\/ld+json\" class=\"yoast-schema-graph\">{\"@context\":\"https:\\\/\\\/schema.org\",\"@graph\":[{\"@type\":\"Article\",\"@id\":\"https:\\\/\\\/downgalicia.org\\\/es\\\/down-espana-reclama-la-aprobacion-urgente-de-un-plan-estrategico-de-educacion-inclusiva-real-y-sin-trampas\\\/#article\",\"isPartOf\":{\"@id\":\"https:\\\/\\\/downgalicia.org\\\/es\\\/down-espana-reclama-la-aprobacion-urgente-de-un-plan-estrategico-de-educacion-inclusiva-real-y-sin-trampas\\\/\"},\"author\":{\"name\":\"comunicacion@downgalicia.org\",\"@id\":\"https:\\\/\\\/downgalicia.org\\\/es\\\/#\\\/schema\\\/person\\\/029948e820bf46a33c428b6dac0ada81\"},\"headline\":\"Down Espa\u00f1a reclama la aprobaci\u00f3n urgente de un Plan Estrat\u00e9gico de Educaci\u00f3n Inclusiva \u00abreal y sin trampas\u00bb\",\"datePublished\":\"2026-09-01T08:37:09+00:00\",\"dateModified\":\"2026-09-01T08:38:37+00:00\",\"mainEntityOfPage\":{\"@id\":\"https:\\\/\\\/downgalicia.org\\\/es\\\/down-espana-reclama-la-aprobacion-urgente-de-un-plan-estrategico-de-educacion-inclusiva-real-y-sin-trampas\\\/\"},\"wordCount\":805,\"publisher\":{\"@id\":\"https:\\\/\\\/downgalicia.org\\\/es\\\/#organization\"},\"image\":{\"@id\":\"https:\\\/\\\/downgalicia.org\\\/es\\\/down-espana-reclama-la-aprobacion-urgente-de-un-plan-estrategico-de-educacion-inclusiva-real-y-sin-trampas\\\/#primaryimage\"},\"thumbnailUrl\":\"https:\\\/\\\/downgalicia.org\\\/wp-content\\\/uploads\\\/2026\\\/09\\\/Down-Espana_Campana-educacion.jpg\",\"keywords\":[\"Down Espa\u00f1a\",\"Educaci\u00f3n inclusiva\",\"Inclusi\u00f3n educativa\"],\"articleSection\":[\"Down Espa\u00f1a\",\"Educaci\u00f3n\"],\"inLanguage\":\"es\"},{\"@type\":\"WebPage\",\"@id\":\"https:\\\/\\\/downgalicia.org\\\/es\\\/down-espana-reclama-la-aprobacion-urgente-de-un-plan-estrategico-de-educacion-inclusiva-real-y-sin-trampas\\\/\",\"url\":\"https:\\\/\\\/downgalicia.org\\\/es\\\/down-espana-reclama-la-aprobacion-urgente-de-un-plan-estrategico-de-educacion-inclusiva-real-y-sin-trampas\\\/\",\"name\":\"Down Espa\u00f1a reclama la aprobaci\u00f3n urgente de un Plan Estrat\u00e9gico de Educaci\u00f3n Inclusiva \\\"real y sin trampas\\\" &#8226; Federaci\u00f3n Down Galicia\",\"isPartOf\":{\"@id\":\"https:\\\/\\\/downgalicia.org\\\/es\\\/#website\"},\"primaryImageOfPage\":{\"@id\":\"https:\\\/\\\/downgalicia.org\\\/es\\\/down-espana-reclama-la-aprobacion-urgente-de-un-plan-estrategico-de-educacion-inclusiva-real-y-sin-trampas\\\/#primaryimage\"},\"image\":{\"@id\":\"https:\\\/\\\/downgalicia.org\\\/es\\\/down-espana-reclama-la-aprobacion-urgente-de-un-plan-estrategico-de-educacion-inclusiva-real-y-sin-trampas\\\/#primaryimage\"},\"thumbnailUrl\":\"https:\\\/\\\/downgalicia.org\\\/wp-content\\\/uploads\\\/2026\\\/09\\\/Down-Espana_Campana-educacion.jpg\",\"datePublished\":\"2026-09-01T08:37:09+00:00\",\"dateModified\":\"2026-09-01T08:38:37+00:00\",\"breadcrumb\":{\"@id\":\"https:\\\/\\\/downgalicia.org\\\/es\\\/down-espana-reclama-la-aprobacion-urgente-de-un-plan-estrategico-de-educacion-inclusiva-real-y-sin-trampas\\\/#breadcrumb\"},\"inLanguage\":\"es\",\"potentialAction\":[{\"@type\":\"ReadAction\",\"target\":[\"https:\\\/\\\/downgalicia.org\\\/es\\\/down-espana-reclama-la-aprobacion-urgente-de-un-plan-estrategico-de-educacion-inclusiva-real-y-sin-trampas\\\/\"]}]},{\"@type\":\"ImageObject\",\"inLanguage\":\"es\",\"@id\":\"https:\\\/\\\/downgalicia.org\\\/es\\\/down-espana-reclama-la-aprobacion-urgente-de-un-plan-estrategico-de-educacion-inclusiva-real-y-sin-trampas\\\/#primaryimage\",\"url\":\"https:\\\/\\\/downgalicia.org\\\/wp-content\\\/uploads\\\/2026\\\/09\\\/Down-Espana_Campana-educacion.jpg\",\"contentUrl\":\"https:\\\/\\\/downgalicia.org\\\/wp-content\\\/uploads\\\/2026\\\/09\\\/Down-Espana_Campana-educacion.jpg\",\"width\":1600,\"height\":1066},{\"@type\":\"BreadcrumbList\",\"@id\":\"https:\\\/\\\/downgalicia.org\\\/es\\\/down-espana-reclama-la-aprobacion-urgente-de-un-plan-estrategico-de-educacion-inclusiva-real-y-sin-trampas\\\/#breadcrumb\",\"itemListElement\":[{\"@type\":\"ListItem\",\"position\":1,\"name\":\"Portada\",\"item\":\"https:\\\/\\\/downgalicia.org\\\/es\\\/\"},{\"@type\":\"ListItem\",\"position\":2,\"name\":\"Down Espa\u00f1a reclama la aprobaci\u00f3n urgente de un Plan Estrat\u00e9gico de Educaci\u00f3n Inclusiva &#8220;real y sin trampas&#8221;\"}]},{\"@type\":\"WebSite\",\"@id\":\"https:\\\/\\\/downgalicia.org\\\/es\\\/#website\",\"url\":\"https:\\\/\\\/downgalicia.org\\\/es\\\/\",\"name\":\"Federaci\u00f3n Down Galicia\",\"description\":\"Apoio a persoas con S\u00edndrome de Down\",\"publisher\":{\"@id\":\"https:\\\/\\\/downgalicia.org\\\/es\\\/#organization\"},\"potentialAction\":[{\"@type\":\"SearchAction\",\"target\":{\"@type\":\"EntryPoint\",\"urlTemplate\":\"https:\\\/\\\/downgalicia.org\\\/es\\\/?s={search_term_string}\"},\"query-input\":{\"@type\":\"PropertyValueSpecification\",\"valueRequired\":true,\"valueName\":\"search_term_string\"}}],\"inLanguage\":\"es\"},{\"@type\":\"Organization\",\"@id\":\"https:\\\/\\\/downgalicia.org\\\/es\\\/#organization\",\"name\":\"Federaci\u00f3n Down Galicia\",\"url\":\"https:\\\/\\\/downgalicia.org\\\/es\\\/\",\"logo\":{\"@type\":\"ImageObject\",\"inLanguage\":\"es\",\"@id\":\"https:\\\/\\\/downgalicia.org\\\/es\\\/#\\\/schema\\\/logo\\\/image\\\/\",\"url\":\"https:\\\/\\\/downgalicia.org\\\/wp-content\\\/uploads\\\/2024\\\/07\\\/logo-sindrome-down-color.svg\",\"contentUrl\":\"https:\\\/\\\/downgalicia.org\\\/wp-content\\\/uploads\\\/2024\\\/07\\\/logo-sindrome-down-color.svg\",\"width\":271,\"height\":88,\"caption\":\"Federaci\u00f3n Down Galicia\"},\"image\":{\"@id\":\"https:\\\/\\\/downgalicia.org\\\/es\\\/#\\\/schema\\\/logo\\\/image\\\/\"}},{\"@type\":\"Person\",\"@id\":\"https:\\\/\\\/downgalicia.org\\\/es\\\/#\\\/schema\\\/person\\\/029948e820bf46a33c428b6dac0ada81\",\"name\":\"comunicacion@downgalicia.org\",\"image\":{\"@type\":\"ImageObject\",\"inLanguage\":\"es\",\"@id\":\"https:\\\/\\\/secure.gravatar.com\\\/avatar\\\/3a5642008977bf93e2553b5239cea7ff458a19418dbeef7fab0c1a5d891037f3?s=96&d=mm&r=g\",\"url\":\"https:\\\/\\\/secure.gravatar.com\\\/avatar\\\/3a5642008977bf93e2553b5239cea7ff458a19418dbeef7fab0c1a5d891037f3?s=96&d=mm&r=g\",\"contentUrl\":\"https:\\\/\\\/secure.gravatar.com\\\/avatar\\\/3a5642008977bf93e2553b5239cea7ff458a19418dbeef7fab0c1a5d891037f3?s=96&d=mm&r=g\",\"caption\":\"comunicacion@downgalicia.org\"},\"url\":\"https:\\\/\\\/downgalicia.org\\\/es\\\/author\\\/comunicaciondowngalicia-org\\\/\"}]}<\/script>\n<!-- \/ Yoast SEO plugin. -->","yoast_head_json":{"title":"Down Espa\u00f1a reclama la aprobaci\u00f3n urgente de un Plan Estrat\u00e9gico de Educaci\u00f3n Inclusiva \"real y sin trampas\" &#8226; Federaci\u00f3n Down Galicia","robots":{"index":"index","follow":"follow","max-snippet":"max-snippet:-1","max-image-preview":"max-image-preview:large","max-video-preview":"max-video-preview:-1"},"canonical":"https:\/\/downgalicia.org\/es\/down-espana-reclama-la-aprobacion-urgente-de-un-plan-estrategico-de-educacion-inclusiva-real-y-sin-trampas\/","og_locale":"es_ES","og_type":"article","og_title":"Down Espa\u00f1a reclama la aprobaci\u00f3n urgente de un Plan Estrat\u00e9gico de Educaci\u00f3n Inclusiva \"real y sin trampas\" &#8226; Federaci\u00f3n Down Galicia","og_description":"A pesar de algunos avances, el Plan Estrat\u00e9gico de Educaci\u00f3n Inclusiva, previsto en la LOMLOE de 2020, todav\u00eda no ha sido aprobado por el Consejo de Ministros ni cuenta con [&hellip;]","og_url":"https:\/\/downgalicia.org\/es\/down-espana-reclama-la-aprobacion-urgente-de-un-plan-estrategico-de-educacion-inclusiva-real-y-sin-trampas\/","og_site_name":"Federaci\u00f3n Down Galicia","article_published_time":"2026-09-01T08:37:09+00:00","article_modified_time":"2026-09-01T08:38:37+00:00","og_image":[{"width":1600,"height":1066,"url":"https:\/\/downgalicia.org\/wp-content\/uploads\/2026\/09\/Down-Espana_Campana-educacion.jpg","type":"image\/jpeg"}],"author":"comunicacion@downgalicia.org","twitter_card":"summary_large_image","twitter_misc":{"Escrito por":"comunicacion@downgalicia.org","Tiempo de lectura":"5 minutos"},"schema":{"@context":"https:\/\/schema.org","@graph":[{"@type":"Article","@id":"https:\/\/downgalicia.org\/es\/down-espana-reclama-la-aprobacion-urgente-de-un-plan-estrategico-de-educacion-inclusiva-real-y-sin-trampas\/#article","isPartOf":{"@id":"https:\/\/downgalicia.org\/es\/down-espana-reclama-la-aprobacion-urgente-de-un-plan-estrategico-de-educacion-inclusiva-real-y-sin-trampas\/"},"author":{"name":"comunicacion@downgalicia.org","@id":"https:\/\/downgalicia.org\/es\/#\/schema\/person\/029948e820bf46a33c428b6dac0ada81"},"headline":"Down Espa\u00f1a reclama la aprobaci\u00f3n urgente de un Plan Estrat\u00e9gico de Educaci\u00f3n Inclusiva \u00abreal y sin trampas\u00bb","datePublished":"2026-09-01T08:37:09+00:00","dateModified":"2026-09-01T08:38:37+00:00","mainEntityOfPage":{"@id":"https:\/\/downgalicia.org\/es\/down-espana-reclama-la-aprobacion-urgente-de-un-plan-estrategico-de-educacion-inclusiva-real-y-sin-trampas\/"},"wordCount":805,"publisher":{"@id":"https:\/\/downgalicia.org\/es\/#organization"},"image":{"@id":"https:\/\/downgalicia.org\/es\/down-espana-reclama-la-aprobacion-urgente-de-un-plan-estrategico-de-educacion-inclusiva-real-y-sin-trampas\/#primaryimage"},"thumbnailUrl":"https:\/\/downgalicia.org\/wp-content\/uploads\/2026\/09\/Down-Espana_Campana-educacion.jpg","keywords":["Down Espa\u00f1a","Educaci\u00f3n inclusiva","Inclusi\u00f3n educativa"],"articleSection":["Down Espa\u00f1a","Educaci\u00f3n"],"inLanguage":"es"},{"@type":"WebPage","@id":"https:\/\/downgalicia.org\/es\/down-espana-reclama-la-aprobacion-urgente-de-un-plan-estrategico-de-educacion-inclusiva-real-y-sin-trampas\/","url":"https:\/\/downgalicia.org\/es\/down-espana-reclama-la-aprobacion-urgente-de-un-plan-estrategico-de-educacion-inclusiva-real-y-sin-trampas\/","name":"Down Espa\u00f1a reclama la aprobaci\u00f3n urgente de un Plan Estrat\u00e9gico de Educaci\u00f3n Inclusiva \"real y sin trampas\" &#8226; Federaci\u00f3n Down Galicia","isPartOf":{"@id":"https:\/\/downgalicia.org\/es\/#website"},"primaryImageOfPage":{"@id":"https:\/\/downgalicia.org\/es\/down-espana-reclama-la-aprobacion-urgente-de-un-plan-estrategico-de-educacion-inclusiva-real-y-sin-trampas\/#primaryimage"},"image":{"@id":"https:\/\/downgalicia.org\/es\/down-espana-reclama-la-aprobacion-urgente-de-un-plan-estrategico-de-educacion-inclusiva-real-y-sin-trampas\/#primaryimage"},"thumbnailUrl":"https:\/\/downgalicia.org\/wp-content\/uploads\/2026\/09\/Down-Espana_Campana-educacion.jpg","datePublished":"2026-09-01T08:37:09+00:00","dateModified":"2026-09-01T08:38:37+00:00","breadcrumb":{"@id":"https:\/\/downgalicia.org\/es\/down-espana-reclama-la-aprobacion-urgente-de-un-plan-estrategico-de-educacion-inclusiva-real-y-sin-trampas\/#breadcrumb"},"inLanguage":"es","potentialAction":[{"@type":"ReadAction","target":["https:\/\/downgalicia.org\/es\/down-espana-reclama-la-aprobacion-urgente-de-un-plan-estrategico-de-educacion-inclusiva-real-y-sin-trampas\/"]}]},{"@type":"ImageObject","inLanguage":"es","@id":"https:\/\/downgalicia.org\/es\/down-espana-reclama-la-aprobacion-urgente-de-un-plan-estrategico-de-educacion-inclusiva-real-y-sin-trampas\/#primaryimage","url":"https:\/\/downgalicia.org\/wp-content\/uploads\/2026\/09\/Down-Espana_Campana-educacion.jpg","contentUrl":"https:\/\/downgalicia.org\/wp-content\/uploads\/2026\/09\/Down-Espana_Campana-educacion.jpg","width":1600,"height":1066},{"@type":"BreadcrumbList","@id":"https:\/\/downgalicia.org\/es\/down-espana-reclama-la-aprobacion-urgente-de-un-plan-estrategico-de-educacion-inclusiva-real-y-sin-trampas\/#breadcrumb","itemListElement":[{"@type":"ListItem","position":1,"name":"Portada","item":"https:\/\/downgalicia.org\/es\/"},{"@type":"ListItem","position":2,"name":"Down Espa\u00f1a reclama la aprobaci\u00f3n urgente de un Plan Estrat\u00e9gico de Educaci\u00f3n Inclusiva &#8220;real y sin trampas&#8221;"}]},{"@type":"WebSite","@id":"https:\/\/downgalicia.org\/es\/#website","url":"https:\/\/downgalicia.org\/es\/","name":"Federaci\u00f3n Down Galicia","description":"Apoio a persoas con S\u00edndrome de Down","publisher":{"@id":"https:\/\/downgalicia.org\/es\/#organization"},"potentialAction":[{"@type":"SearchAction","target":{"@type":"EntryPoint","urlTemplate":"https:\/\/downgalicia.org\/es\/?s={search_term_string}"},"query-input":{"@type":"PropertyValueSpecification","valueRequired":true,"valueName":"search_term_string"}}],"inLanguage":"es"},{"@type":"Organization","@id":"https:\/\/downgalicia.org\/es\/#organization","name":"Federaci\u00f3n Down Galicia","url":"https:\/\/downgalicia.org\/es\/","logo":{"@type":"ImageObject","inLanguage":"es","@id":"https:\/\/downgalicia.org\/es\/#\/schema\/logo\/image\/","url":"https:\/\/downgalicia.org\/wp-content\/uploads\/2024\/07\/logo-sindrome-down-color.svg","contentUrl":"https:\/\/downgalicia.org\/wp-content\/uploads\/2024\/07\/logo-sindrome-down-color.svg","width":271,"height":88,"caption":"Federaci\u00f3n Down Galicia"},"image":{"@id":"https:\/\/downgalicia.org\/es\/#\/schema\/logo\/image\/"}},{"@type":"Person","@id":"https:\/\/downgalicia.org\/es\/#\/schema\/person\/029948e820bf46a33c428b6dac0ada81","name":"comunicacion@downgalicia.org","image":{"@type":"ImageObject","inLanguage":"es","@id":"https:\/\/secure.gravatar.com\/avatar\/3a5642008977bf93e2553b5239cea7ff458a19418dbeef7fab0c1a5d891037f3?s=96&d=mm&r=g","url":"https:\/\/secure.gravatar.com\/avatar\/3a5642008977bf93e2553b5239cea7ff458a19418dbeef7fab0c1a5d891037f3?s=96&d=mm&r=g","contentUrl":"https:\/\/secure.gravatar.com\/avatar\/3a5642008977bf93e2553b5239cea7ff458a19418dbeef7fab0c1a5d891037f3?s=96&d=mm&r=g","caption":"comunicacion@downgalicia.org"},"url":"https:\/\/downgalicia.org\/es\/author\/comunicaciondowngalicia-org\/"}]}},"_links":{"self":[{"href":"https:\/\/downgalicia.org\/es\/wp-json\/wp\/v2\/posts\/17399","targetHints":{"allow":["GET"]}}],"collection":[{"href":"https:\/\/downgalicia.org\/es\/wp-json\/wp\/v2\/posts"}],"about":[{"href":"https:\/\/downgalicia.org\/es\/wp-json\/wp\/v2\/types\/post"}],"author":[{"embeddable":true,"href":"https:\/\/downgalicia.org\/es\/wp-json\/wp\/v2\/users\/4"}],"replies":[{"embeddable":true,"href":"https:\/\/downgalicia.org\/es\/wp-json\/wp\/v2\/comments?post=17399"}],"version-history":[{"count":1,"href":"https:\/\/downgalicia.org\/es\/wp-json\/wp\/v2\/posts\/17399\/revisions"}],"predecessor-version":[{"id":17400,"href":"https:\/\/downgalicia.org\/es\/wp-json\/wp\/v2\/posts\/17399\/revisions\/17400"}],"wp:featuredmedia":[{"embeddable":true,"href":"https:\/\/downgalicia.org\/es\/wp-json\/wp\/v2\/media\/17396"}],"wp:attachment":[{"href":"https:\/\/downgalicia.org\/es\/wp-json\/wp\/v2\/media?parent=17399"}],"wp:term":[{"taxonomy":"category","embeddable":true,"href":"https:\/\/downgalicia.org\/es\/wp-json\/wp\/v2\/categories?post=17399"},{"taxonomy":"post_tag","embeddable":true,"href":"https:\/\/downgalicia.org\/es\/wp-json\/wp\/v2\/tags?post=17399"}],"curies":[{"name":"wp","href":"https:\/\/api.w.org\/{rel}","templated":true}]}}