{"id":4055,"date":"2025-05-21T10:39:15","date_gmt":"2025-05-21T08:39:15","guid":{"rendered":"http:\/\/downgalicia.org.136-144-253-96.136-144-253-96.visualpublinet.com\/la-federacion-down-galicia-exige-una-rectificacion-del-obispo-emerito-juan-antonio-reig-pla-por-asociar-discapacidad-y-pecado\/"},"modified":"2025-05-21T10:39:15","modified_gmt":"2025-05-21T08:39:15","slug":"la-federacion-down-galicia-exige-una-rectificacion-del-obispo-emerito-juan-antonio-reig-pla-por-asociar-discapacidad-y-pecado","status":"publish","type":"post","link":"https:\/\/downgalicia.org\/es\/la-federacion-down-galicia-exige-una-rectificacion-del-obispo-emerito-juan-antonio-reig-pla-por-asociar-discapacidad-y-pecado\/","title":{"rendered":"La Federaci\u00f3n Down Galicia exige una rectificaci\u00f3n del obispo em\u00e9rito Juan Antonio Reig Pla por asociar discapacidad y pecado"},"content":{"rendered":"<p>&nbsp;<\/p>\n<p>El pasado 11 de mayo, el obispo em\u00e9rito de Alcal\u00e1 de Henares, Juan Antonio Reig Pla, afirm\u00f3 en una homil\u00eda celebrada en la Bas\u00edlica de la Anunciaci\u00f3n de Alba de Tormes (Salamanca) que \u201cla discapacidad es herencia del pecado y del desorden de la naturaleza\u201d. <strong>Desde el Movimiento Down en Galicia queremos manifestar nuestro m\u00e1s absoluto rechazo a estas declaraciones<\/strong>, que consideramos profundamente ofensivas, discriminatorias e inaceptables en una sociedad que trabaja activamente por la igualdad, la inclusi\u00f3n y el respeto a la diversidad.<\/p>\n<p>Vincular la discapacidad a una supuesta culpa moral o a un desorden natural no solo perpet\u00faa estigmas superados, sino que supone un retroceso en los derechos y la dignidad de millones de personas. La discapacidad no es un castigo ni una consecuencia de pecados individuales o colectivos, sino una realidad humana que forma parte de la riqueza diversa de nuestra sociedad. Todas las personas, con o sin discapacidad, poseen dignidad, derechos fundamentales y capacidades \u00fanicas que deben ser reconocidas y respetadas. Mensajes como el pronunciado por el obispo Reig Pla refuerzan visiones excluyentes y prejuicios hist\u00f3ricos que tanto da\u00f1o han causado a lo largo del tiempo a las personas con discapacidad.<\/p>\n<p>Por todo ello, <strong>exigimos una rectificaci\u00f3n p\u00fablica y clara por parte del se\u00f1or Reig Pla, as\u00ed como una respuesta firme y comprometida de la Conferencia Episcopal<\/strong>. La Iglesia no puede permanecer en silencio ante manifestaciones que vulneran la dignidad de tantas personas. Es imprescindible avanzar hacia una sociedad m\u00e1s justa, en la que la diversidad sea entendida como una riqueza colectiva y las personas con discapacidad sean plenamente reconocidas como sujetos de derechos, con dignidad y capacidades propias, libres de toda culpa o discriminaci\u00f3n heredada.<\/p>\n<p>&nbsp;<\/p>\n<p><strong>Actuaci\u00f3n institucional ante la Fiscal\u00eda General del Estado<\/strong><\/p>\n<p>Down Galicia se suma a las numerosas entidades del Estado que han manifestado su rechazo a estas declaraciones. Entre ellas, destaca la actuaci\u00f3n de la Direcci\u00f3n General de Derechos de las Personas con Discapacidad, dependiente del Ministerio de Derechos Sociales, Consumo y Agenda 2030, que ha trasladado el caso a la Fiscal\u00eda General del Estado. La Direcci\u00f3n General solicita que el Ministerio Fiscal estudie la apertura de diligencias ante lo que considera \u201cun discurso p\u00fablico e inaceptable en democracia, que asocia la discapacidad con postulados propios del medievo, y no con un factor de diversidad humana, presente y comprobado en cualquier sociedad\u201d. En este contexto, se plantea que las palabras del obispo podr\u00edan estar tipificadas en el art\u00edculo 510.2 del C\u00f3digo Penal.<\/p>\n<p>Del mismo modo, la Oficina de Atenci\u00f3n a la Discapacidad, dependiente de la misma Direcci\u00f3n General, ha abierto un expediente informativo sobre los hechos y ha solicitado a la Conferencia Episcopal que explique p\u00fablicamente estas descalificaciones y qu\u00e9 medidas tomar\u00e1 para evitar que se repitan mensajes similares en el futuro.<\/p>\n<p>Por \u00faltimo, tambi\u00e9n han remitido una queja formal al Defensor del Pueblo para que estudie estas manifestaciones, por su posible vulneraci\u00f3n de los derechos fundamentales de las personas con discapacidad.<\/p>\n<p><strong>Desde Down Galicia seguiremos defendiendo una sociedad inclusiva, libre de estigmas, en la que se reconozca y valore la dignidad de todas las personas, sin excepciones<\/strong>.<\/p>\n","protected":false},"excerpt":{"rendered":"<p>&nbsp; El pasado 11 de mayo, el obispo em\u00e9rito de Alcal\u00e1 de Henares, Juan Antonio Reig Pla, afirm\u00f3 en una homil\u00eda celebrada en la Bas\u00edlica de la Anunciaci\u00f3n de Alba de Tormes (Salamanca) que \u201cla discapacidad es herencia del pecado&#8230;<\/p>\n","protected":false},"author":1,"featured_media":4056,"comment_status":"closed","ping_status":"closed","sticky":false,"template":"","format":"standard","meta":{"_acf_changed":false,"give_campaign_id":0,"footnotes":""},"categories":[129,71,120],"tags":[],"class_list":["post-4055","post","type-post","status-publish","format-standard","has-post-thumbnail","hentry","category-down-galicia-hemeroteca-es","category-noticias-sindrome-de-down-es","category-novas-hemeroteca-es"],"acf":[],"yoast_head":"<!-- This site is optimized with the Yoast SEO plugin v25.3.1 - https:\/\/yoast.com\/wordpress\/plugins\/seo\/ -->\n<title>La Federaci\u00f3n Down Galicia exige una rectificaci\u00f3n del obispo em\u00e9rito Juan Antonio Reig Pla por asociar discapacidad y pecado &#8226; Federaci\u00f3n Down Galicia<\/title>\n<meta name=\"robots\" content=\"index, follow, max-snippet:-1, max-image-preview:large, max-video-preview:-1\" \/>\n<link rel=\"canonical\" href=\"https:\/\/downgalicia.org\/es\/la-federacion-down-galicia-exige-una-rectificacion-del-obispo-emerito-juan-antonio-reig-pla-por-asociar-discapacidad-y-pecado\/\" \/>\n<meta property=\"og:locale\" content=\"es_ES\" \/>\n<meta property=\"og:type\" content=\"article\" \/>\n<meta property=\"og:title\" content=\"La Federaci\u00f3n Down Galicia exige una rectificaci\u00f3n del obispo em\u00e9rito Juan Antonio Reig Pla por asociar discapacidad y pecado &#8226; Federaci\u00f3n Down Galicia\" \/>\n<meta property=\"og:description\" content=\"&nbsp; El pasado 11 de mayo, el obispo em\u00e9rito de Alcal\u00e1 de Henares, Juan Antonio Reig Pla, afirm\u00f3 en una homil\u00eda celebrada en la Bas\u00edlica de la Anunciaci\u00f3n de Alba de Tormes (Salamanca) que \u201cla discapacidad es herencia del pecado...\" \/>\n<meta property=\"og:url\" content=\"https:\/\/downgalicia.org\/es\/la-federacion-down-galicia-exige-una-rectificacion-del-obispo-emerito-juan-antonio-reig-pla-por-asociar-discapacidad-y-pecado\/\" \/>\n<meta property=\"og:site_name\" content=\"Federaci\u00f3n Down Galicia\" \/>\n<meta property=\"article:published_time\" content=\"2025-05-21T08:39:15+00:00\" \/>\n<meta property=\"og:image\" content=\"https:\/\/downgalicia.org\/wp-content\/uploads\/2025\/06\/Condena-Down-Galicia-palabras-Juan-Antonio-Reig-Pla-5.jpg\" \/>\n\t<meta property=\"og:image:width\" content=\"980\" \/>\n\t<meta property=\"og:image:height\" content=\"680\" \/>\n\t<meta property=\"og:image:type\" content=\"image\/jpeg\" \/>\n<meta name=\"author\" content=\"produccion@visualpublinet.com\" \/>\n<meta name=\"twitter:card\" content=\"summary_large_image\" \/>\n<meta name=\"twitter:label1\" content=\"Escrito por\" \/>\n\t<meta name=\"twitter:data1\" content=\"produccion@visualpublinet.com\" \/>\n\t<meta name=\"twitter:label2\" content=\"Tiempo de lectura\" \/>\n\t<meta name=\"twitter:data2\" content=\"3 minutos\" \/>\n<script type=\"application\/ld+json\" class=\"yoast-schema-graph\">{\"@context\":\"https:\/\/schema.org\",\"@graph\":[{\"@type\":\"Article\",\"@id\":\"https:\/\/downgalicia.org\/es\/la-federacion-down-galicia-exige-una-rectificacion-del-obispo-emerito-juan-antonio-reig-pla-por-asociar-discapacidad-y-pecado\/#article\",\"isPartOf\":{\"@id\":\"https:\/\/downgalicia.org\/es\/la-federacion-down-galicia-exige-una-rectificacion-del-obispo-emerito-juan-antonio-reig-pla-por-asociar-discapacidad-y-pecado\/\"},\"author\":{\"name\":\"produccion@visualpublinet.com\",\"@id\":\"https:\/\/downgalicia.org\/es\/#\/schema\/person\/317730a00185114c76a219b94bddef15\"},\"headline\":\"La Federaci\u00f3n Down Galicia exige una rectificaci\u00f3n del obispo em\u00e9rito Juan Antonio Reig Pla por asociar discapacidad y pecado\",\"datePublished\":\"2025-05-21T08:39:15+00:00\",\"mainEntityOfPage\":{\"@id\":\"https:\/\/downgalicia.org\/es\/la-federacion-down-galicia-exige-una-rectificacion-del-obispo-emerito-juan-antonio-reig-pla-por-asociar-discapacidad-y-pecado\/\"},\"wordCount\":566,\"publisher\":{\"@id\":\"https:\/\/downgalicia.org\/es\/#organization\"},\"image\":{\"@id\":\"https:\/\/downgalicia.org\/es\/la-federacion-down-galicia-exige-una-rectificacion-del-obispo-emerito-juan-antonio-reig-pla-por-asociar-discapacidad-y-pecado\/#primaryimage\"},\"thumbnailUrl\":\"https:\/\/downgalicia.org\/wp-content\/uploads\/2025\/06\/Condena-Down-Galicia-palabras-Juan-Antonio-Reig-Pla-5.jpg\",\"articleSection\":[\"Down Galicia\",\"Noticias del Movimiento Down\",\"Novas\"],\"inLanguage\":\"es\"},{\"@type\":\"WebPage\",\"@id\":\"https:\/\/downgalicia.org\/es\/la-federacion-down-galicia-exige-una-rectificacion-del-obispo-emerito-juan-antonio-reig-pla-por-asociar-discapacidad-y-pecado\/\",\"url\":\"https:\/\/downgalicia.org\/es\/la-federacion-down-galicia-exige-una-rectificacion-del-obispo-emerito-juan-antonio-reig-pla-por-asociar-discapacidad-y-pecado\/\",\"name\":\"La Federaci\u00f3n Down Galicia exige una rectificaci\u00f3n del obispo em\u00e9rito Juan Antonio Reig Pla por asociar discapacidad y pecado &#8226; Federaci\u00f3n Down Galicia\",\"isPartOf\":{\"@id\":\"https:\/\/downgalicia.org\/es\/#website\"},\"primaryImageOfPage\":{\"@id\":\"https:\/\/downgalicia.org\/es\/la-federacion-down-galicia-exige-una-rectificacion-del-obispo-emerito-juan-antonio-reig-pla-por-asociar-discapacidad-y-pecado\/#primaryimage\"},\"image\":{\"@id\":\"https:\/\/downgalicia.org\/es\/la-federacion-down-galicia-exige-una-rectificacion-del-obispo-emerito-juan-antonio-reig-pla-por-asociar-discapacidad-y-pecado\/#primaryimage\"},\"thumbnailUrl\":\"https:\/\/downgalicia.org\/wp-content\/uploads\/2025\/06\/Condena-Down-Galicia-palabras-Juan-Antonio-Reig-Pla-5.jpg\",\"datePublished\":\"2025-05-21T08:39:15+00:00\",\"breadcrumb\":{\"@id\":\"https:\/\/downgalicia.org\/es\/la-federacion-down-galicia-exige-una-rectificacion-del-obispo-emerito-juan-antonio-reig-pla-por-asociar-discapacidad-y-pecado\/#breadcrumb\"},\"inLanguage\":\"es\",\"potentialAction\":[{\"@type\":\"ReadAction\",\"target\":[\"https:\/\/downgalicia.org\/es\/la-federacion-down-galicia-exige-una-rectificacion-del-obispo-emerito-juan-antonio-reig-pla-por-asociar-discapacidad-y-pecado\/\"]}]},{\"@type\":\"ImageObject\",\"inLanguage\":\"es\",\"@id\":\"https:\/\/downgalicia.org\/es\/la-federacion-down-galicia-exige-una-rectificacion-del-obispo-emerito-juan-antonio-reig-pla-por-asociar-discapacidad-y-pecado\/#primaryimage\",\"url\":\"https:\/\/downgalicia.org\/wp-content\/uploads\/2025\/06\/Condena-Down-Galicia-palabras-Juan-Antonio-Reig-Pla-5.jpg\",\"contentUrl\":\"https:\/\/downgalicia.org\/wp-content\/uploads\/2025\/06\/Condena-Down-Galicia-palabras-Juan-Antonio-Reig-Pla-5.jpg\",\"width\":980,\"height\":680},{\"@type\":\"BreadcrumbList\",\"@id\":\"https:\/\/downgalicia.org\/es\/la-federacion-down-galicia-exige-una-rectificacion-del-obispo-emerito-juan-antonio-reig-pla-por-asociar-discapacidad-y-pecado\/#breadcrumb\",\"itemListElement\":[{\"@type\":\"ListItem\",\"position\":1,\"name\":\"Portada\",\"item\":\"https:\/\/downgalicia.org\/es\/\"},{\"@type\":\"ListItem\",\"position\":2,\"name\":\"La Federaci\u00f3n Down Galicia exige una rectificaci\u00f3n del obispo em\u00e9rito Juan Antonio Reig Pla por asociar discapacidad y pecado\"}]},{\"@type\":\"WebSite\",\"@id\":\"https:\/\/downgalicia.org\/es\/#website\",\"url\":\"https:\/\/downgalicia.org\/es\/\",\"name\":\"Federaci\u00f3n Down Galicia\",\"description\":\"Apoio a persoas con S\u00edndrome de Down\",\"publisher\":{\"@id\":\"https:\/\/downgalicia.org\/es\/#organization\"},\"potentialAction\":[{\"@type\":\"SearchAction\",\"target\":{\"@type\":\"EntryPoint\",\"urlTemplate\":\"https:\/\/downgalicia.org\/es\/?s={search_term_string}\"},\"query-input\":{\"@type\":\"PropertyValueSpecification\",\"valueRequired\":true,\"valueName\":\"search_term_string\"}}],\"inLanguage\":\"es\"},{\"@type\":\"Organization\",\"@id\":\"https:\/\/downgalicia.org\/es\/#organization\",\"name\":\"Federaci\u00f3n Down Galicia\",\"url\":\"https:\/\/downgalicia.org\/es\/\",\"logo\":{\"@type\":\"ImageObject\",\"inLanguage\":\"es\",\"@id\":\"https:\/\/downgalicia.org\/es\/#\/schema\/logo\/image\/\",\"url\":\"https:\/\/downgalicia.org\/wp-content\/uploads\/2024\/07\/logo-sindrome-down-color.svg\",\"contentUrl\":\"https:\/\/downgalicia.org\/wp-content\/uploads\/2024\/07\/logo-sindrome-down-color.svg\",\"width\":271,\"height\":88,\"caption\":\"Federaci\u00f3n Down Galicia\"},\"image\":{\"@id\":\"https:\/\/downgalicia.org\/es\/#\/schema\/logo\/image\/\"}},{\"@type\":\"Person\",\"@id\":\"https:\/\/downgalicia.org\/es\/#\/schema\/person\/317730a00185114c76a219b94bddef15\",\"name\":\"produccion@visualpublinet.com\",\"image\":{\"@type\":\"ImageObject\",\"inLanguage\":\"es\",\"@id\":\"https:\/\/downgalicia.org\/es\/#\/schema\/person\/image\/\",\"url\":\"https:\/\/secure.gravatar.com\/avatar\/282ee20c78c1b1137175d4ab9f75785d8c239d499b1376df3ba16efa213b7b10?s=96&d=mm&r=g\",\"contentUrl\":\"https:\/\/secure.gravatar.com\/avatar\/282ee20c78c1b1137175d4ab9f75785d8c239d499b1376df3ba16efa213b7b10?s=96&d=mm&r=g\",\"caption\":\"produccion@visualpublinet.com\"},\"sameAs\":[\"https:\/\/downgalicia.org\"],\"url\":\"https:\/\/downgalicia.org\/es\/author\/produccionvisualpublinet-com\/\"}]}<\/script>\n<!-- \/ Yoast SEO plugin. -->","yoast_head_json":{"title":"La Federaci\u00f3n Down Galicia exige una rectificaci\u00f3n del obispo em\u00e9rito Juan Antonio Reig Pla por asociar discapacidad y pecado &#8226; Federaci\u00f3n Down Galicia","robots":{"index":"index","follow":"follow","max-snippet":"max-snippet:-1","max-image-preview":"max-image-preview:large","max-video-preview":"max-video-preview:-1"},"canonical":"https:\/\/downgalicia.org\/es\/la-federacion-down-galicia-exige-una-rectificacion-del-obispo-emerito-juan-antonio-reig-pla-por-asociar-discapacidad-y-pecado\/","og_locale":"es_ES","og_type":"article","og_title":"La Federaci\u00f3n Down Galicia exige una rectificaci\u00f3n del obispo em\u00e9rito Juan Antonio Reig Pla por asociar discapacidad y pecado &#8226; Federaci\u00f3n Down Galicia","og_description":"&nbsp; El pasado 11 de mayo, el obispo em\u00e9rito de Alcal\u00e1 de Henares, Juan Antonio Reig Pla, afirm\u00f3 en una homil\u00eda celebrada en la Bas\u00edlica de la Anunciaci\u00f3n de Alba de Tormes (Salamanca) que \u201cla discapacidad es herencia del pecado...","og_url":"https:\/\/downgalicia.org\/es\/la-federacion-down-galicia-exige-una-rectificacion-del-obispo-emerito-juan-antonio-reig-pla-por-asociar-discapacidad-y-pecado\/","og_site_name":"Federaci\u00f3n Down Galicia","article_published_time":"2025-05-21T08:39:15+00:00","og_image":[{"width":980,"height":680,"url":"https:\/\/downgalicia.org\/wp-content\/uploads\/2025\/06\/Condena-Down-Galicia-palabras-Juan-Antonio-Reig-Pla-5.jpg","type":"image\/jpeg"}],"author":"produccion@visualpublinet.com","twitter_card":"summary_large_image","twitter_misc":{"Escrito por":"produccion@visualpublinet.com","Tiempo de lectura":"3 minutos"},"schema":{"@context":"https:\/\/schema.org","@graph":[{"@type":"Article","@id":"https:\/\/downgalicia.org\/es\/la-federacion-down-galicia-exige-una-rectificacion-del-obispo-emerito-juan-antonio-reig-pla-por-asociar-discapacidad-y-pecado\/#article","isPartOf":{"@id":"https:\/\/downgalicia.org\/es\/la-federacion-down-galicia-exige-una-rectificacion-del-obispo-emerito-juan-antonio-reig-pla-por-asociar-discapacidad-y-pecado\/"},"author":{"name":"produccion@visualpublinet.com","@id":"https:\/\/downgalicia.org\/es\/#\/schema\/person\/317730a00185114c76a219b94bddef15"},"headline":"La Federaci\u00f3n Down Galicia exige una rectificaci\u00f3n del obispo em\u00e9rito Juan Antonio Reig Pla por asociar discapacidad y pecado","datePublished":"2025-05-21T08:39:15+00:00","mainEntityOfPage":{"@id":"https:\/\/downgalicia.org\/es\/la-federacion-down-galicia-exige-una-rectificacion-del-obispo-emerito-juan-antonio-reig-pla-por-asociar-discapacidad-y-pecado\/"},"wordCount":566,"publisher":{"@id":"https:\/\/downgalicia.org\/es\/#organization"},"image":{"@id":"https:\/\/downgalicia.org\/es\/la-federacion-down-galicia-exige-una-rectificacion-del-obispo-emerito-juan-antonio-reig-pla-por-asociar-discapacidad-y-pecado\/#primaryimage"},"thumbnailUrl":"https:\/\/downgalicia.org\/wp-content\/uploads\/2025\/06\/Condena-Down-Galicia-palabras-Juan-Antonio-Reig-Pla-5.jpg","articleSection":["Down Galicia","Noticias del Movimiento Down","Novas"],"inLanguage":"es"},{"@type":"WebPage","@id":"https:\/\/downgalicia.org\/es\/la-federacion-down-galicia-exige-una-rectificacion-del-obispo-emerito-juan-antonio-reig-pla-por-asociar-discapacidad-y-pecado\/","url":"https:\/\/downgalicia.org\/es\/la-federacion-down-galicia-exige-una-rectificacion-del-obispo-emerito-juan-antonio-reig-pla-por-asociar-discapacidad-y-pecado\/","name":"La Federaci\u00f3n Down Galicia exige una rectificaci\u00f3n del obispo em\u00e9rito Juan Antonio Reig Pla por asociar discapacidad y pecado &#8226; Federaci\u00f3n Down Galicia","isPartOf":{"@id":"https:\/\/downgalicia.org\/es\/#website"},"primaryImageOfPage":{"@id":"https:\/\/downgalicia.org\/es\/la-federacion-down-galicia-exige-una-rectificacion-del-obispo-emerito-juan-antonio-reig-pla-por-asociar-discapacidad-y-pecado\/#primaryimage"},"image":{"@id":"https:\/\/downgalicia.org\/es\/la-federacion-down-galicia-exige-una-rectificacion-del-obispo-emerito-juan-antonio-reig-pla-por-asociar-discapacidad-y-pecado\/#primaryimage"},"thumbnailUrl":"https:\/\/downgalicia.org\/wp-content\/uploads\/2025\/06\/Condena-Down-Galicia-palabras-Juan-Antonio-Reig-Pla-5.jpg","datePublished":"2025-05-21T08:39:15+00:00","breadcrumb":{"@id":"https:\/\/downgalicia.org\/es\/la-federacion-down-galicia-exige-una-rectificacion-del-obispo-emerito-juan-antonio-reig-pla-por-asociar-discapacidad-y-pecado\/#breadcrumb"},"inLanguage":"es","potentialAction":[{"@type":"ReadAction","target":["https:\/\/downgalicia.org\/es\/la-federacion-down-galicia-exige-una-rectificacion-del-obispo-emerito-juan-antonio-reig-pla-por-asociar-discapacidad-y-pecado\/"]}]},{"@type":"ImageObject","inLanguage":"es","@id":"https:\/\/downgalicia.org\/es\/la-federacion-down-galicia-exige-una-rectificacion-del-obispo-emerito-juan-antonio-reig-pla-por-asociar-discapacidad-y-pecado\/#primaryimage","url":"https:\/\/downgalicia.org\/wp-content\/uploads\/2025\/06\/Condena-Down-Galicia-palabras-Juan-Antonio-Reig-Pla-5.jpg","contentUrl":"https:\/\/downgalicia.org\/wp-content\/uploads\/2025\/06\/Condena-Down-Galicia-palabras-Juan-Antonio-Reig-Pla-5.jpg","width":980,"height":680},{"@type":"BreadcrumbList","@id":"https:\/\/downgalicia.org\/es\/la-federacion-down-galicia-exige-una-rectificacion-del-obispo-emerito-juan-antonio-reig-pla-por-asociar-discapacidad-y-pecado\/#breadcrumb","itemListElement":[{"@type":"ListItem","position":1,"name":"Portada","item":"https:\/\/downgalicia.org\/es\/"},{"@type":"ListItem","position":2,"name":"La Federaci\u00f3n Down Galicia exige una rectificaci\u00f3n del obispo em\u00e9rito Juan Antonio Reig Pla por asociar discapacidad y pecado"}]},{"@type":"WebSite","@id":"https:\/\/downgalicia.org\/es\/#website","url":"https:\/\/downgalicia.org\/es\/","name":"Federaci\u00f3n Down Galicia","description":"Apoio a persoas con S\u00edndrome de Down","publisher":{"@id":"https:\/\/downgalicia.org\/es\/#organization"},"potentialAction":[{"@type":"SearchAction","target":{"@type":"EntryPoint","urlTemplate":"https:\/\/downgalicia.org\/es\/?s={search_term_string}"},"query-input":{"@type":"PropertyValueSpecification","valueRequired":true,"valueName":"search_term_string"}}],"inLanguage":"es"},{"@type":"Organization","@id":"https:\/\/downgalicia.org\/es\/#organization","name":"Federaci\u00f3n Down Galicia","url":"https:\/\/downgalicia.org\/es\/","logo":{"@type":"ImageObject","inLanguage":"es","@id":"https:\/\/downgalicia.org\/es\/#\/schema\/logo\/image\/","url":"https:\/\/downgalicia.org\/wp-content\/uploads\/2024\/07\/logo-sindrome-down-color.svg","contentUrl":"https:\/\/downgalicia.org\/wp-content\/uploads\/2024\/07\/logo-sindrome-down-color.svg","width":271,"height":88,"caption":"Federaci\u00f3n Down Galicia"},"image":{"@id":"https:\/\/downgalicia.org\/es\/#\/schema\/logo\/image\/"}},{"@type":"Person","@id":"https:\/\/downgalicia.org\/es\/#\/schema\/person\/317730a00185114c76a219b94bddef15","name":"produccion@visualpublinet.com","image":{"@type":"ImageObject","inLanguage":"es","@id":"https:\/\/downgalicia.org\/es\/#\/schema\/person\/image\/","url":"https:\/\/secure.gravatar.com\/avatar\/282ee20c78c1b1137175d4ab9f75785d8c239d499b1376df3ba16efa213b7b10?s=96&d=mm&r=g","contentUrl":"https:\/\/secure.gravatar.com\/avatar\/282ee20c78c1b1137175d4ab9f75785d8c239d499b1376df3ba16efa213b7b10?s=96&d=mm&r=g","caption":"produccion@visualpublinet.com"},"sameAs":["https:\/\/downgalicia.org"],"url":"https:\/\/downgalicia.org\/es\/author\/produccionvisualpublinet-com\/"}]}},"_links":{"self":[{"href":"https:\/\/downgalicia.org\/es\/wp-json\/wp\/v2\/posts\/4055","targetHints":{"allow":["GET"]}}],"collection":[{"href":"https:\/\/downgalicia.org\/es\/wp-json\/wp\/v2\/posts"}],"about":[{"href":"https:\/\/downgalicia.org\/es\/wp-json\/wp\/v2\/types\/post"}],"author":[{"embeddable":true,"href":"https:\/\/downgalicia.org\/es\/wp-json\/wp\/v2\/users\/1"}],"replies":[{"embeddable":true,"href":"https:\/\/downgalicia.org\/es\/wp-json\/wp\/v2\/comments?post=4055"}],"version-history":[{"count":0,"href":"https:\/\/downgalicia.org\/es\/wp-json\/wp\/v2\/posts\/4055\/revisions"}],"wp:featuredmedia":[{"embeddable":true,"href":"https:\/\/downgalicia.org\/es\/wp-json\/wp\/v2\/media\/4056"}],"wp:attachment":[{"href":"https:\/\/downgalicia.org\/es\/wp-json\/wp\/v2\/media?parent=4055"}],"wp:term":[{"taxonomy":"category","embeddable":true,"href":"https:\/\/downgalicia.org\/es\/wp-json\/wp\/v2\/categories?post=4055"},{"taxonomy":"post_tag","embeddable":true,"href":"https:\/\/downgalicia.org\/es\/wp-json\/wp\/v2\/tags?post=4055"}],"curies":[{"name":"wp","href":"https:\/\/api.w.org\/{rel}","templated":true}]}}