{"id":4138,"date":"2025-03-14T11:39:43","date_gmt":"2025-03-14T10:39:43","guid":{"rendered":"http:\/\/downgalicia.org.136-144-253-96.136-144-253-96.visualpublinet.com\/down-galicia-y-bbva-suman-trece-anos-promoviendo-conjuntamente-la-inclusion-laboral-de-las-personas-con-sindrome-de-down-y-discapacidad-intelectual\/"},"modified":"2025-03-14T11:39:43","modified_gmt":"2025-03-14T10:39:43","slug":"down-galicia-y-bbva-suman-trece-anos-promoviendo-conjuntamente-la-inclusion-laboral-de-las-personas-con-sindrome-de-down-y-discapacidad-intelectual","status":"publish","type":"post","link":"https:\/\/downgalicia.org\/es\/down-galicia-y-bbva-suman-trece-anos-promoviendo-conjuntamente-la-inclusion-laboral-de-las-personas-con-sindrome-de-down-y-discapacidad-intelectual\/","title":{"rendered":"Down Galicia y BBVA suman trece a\u00f1os promoviendo conjuntamente la inclusi\u00f3n laboral de las personas con s\u00edndrome de Down y discapacidad intelectual"},"content":{"rendered":"<p>&nbsp;<\/p>\n<p>Down Galicia y BBVA han firmado esta semana en la sede de la entidad social en Santiago de Compostela un acuerdo de colaboraci\u00f3n para la puesta en marcha de una <strong>nueva edici\u00f3n del programa de formaci\u00f3n pr\u00e1ctica \u2018Empleo con Apoyo\u2019<\/strong>, experiencia que comenz\u00f3 en 2012, y que promueve la inclusi\u00f3n socio-laboral de personas con s\u00edndrome de Down y otras discapacidades intelectuales, y por el <strong>que un grupo de personas usuarias de las distintas entidades Down har\u00e1n formaci\u00f3n pr\u00e1ctica en oficinas gallegas de la entidad financiera<\/strong>. La directora de la Territorial Noroeste de BBVA, Guadalupe Hern\u00e1ndez, y el presidente de Down Galicia, Delmiro Prieto, han firmado el acuerdo de colaboraci\u00f3n en nombre de ambas instituciones.<\/p>\n<p>El programa \u2018Empleo con Apoyo\u2019 echa a andar de nuevo con el objetivo de facilitar el proceso de b\u00fasqueda de empleo de las personas participantes, adem\u00e1s de mejorar sus habilidades sociales para la inclusi\u00f3n en diferentes equipos de trabajo. A lo largo de este a\u00f1o, un grupo de personas usuarias de Down Galicia trabajar\u00e1n durante un per\u00edodo aproximado de un mes en distintas oficinas de BBVA en la comunidad. El proyecto se desarrollar\u00e1 a trav\u00e9s de un programa de capacitaci\u00f3n para el empleo, un entrenamiento laboral en el puesto de trabajo, un seguimiento laboral continuado y una formaci\u00f3n permanente.<\/p>\n<p>En el acto de firma celebrado hoy, <strong>Guadalupe Hern\u00e1ndez<\/strong>, directora de la Territorial Noroeste de BBVA, ha destacado que \u201ces una colaboraci\u00f3n que cumple trece a\u00f1os y que siempre nos ha demostrado que es una <strong>experiencia muy enriquecedora<\/strong> tanto para los equipos de BBVA como para las personas participantes\u201d. \u201cSabemos que este tipo de proyectos favorece la inclusi\u00f3n socio-laboral de personas con discapacidad intelectual, algo sumamente importante para su desarrollo\u201d, ha concluido.<\/p>\n<p>Por su parte, <strong>Delmiro Prieto<\/strong>, presidente de Down Galicia, ha resaltado \u201cla importancia de que entidades de tan amplio calado como BBVA apuesten por la inclusi\u00f3n laboral, <strong>ofreciendo oportunidades a aquellas personas que, lamentablemente, no suelen tenerlas<\/strong>\u201d. &#8220;S\u00f3lo podemos agradecer esta colaboraci\u00f3n, ya que, en estos trece a\u00f1os, decenas de personas con s\u00edndrome de Down y discapacidad intelectual han podido disfrutar de esta formaci\u00f3n pr\u00e1ctica, capacit\u00e1ndolos para dar el salto a un nuevo empleo&#8221;, ha terminado.<\/p>\n<p>&nbsp;<\/p>\n","protected":false},"excerpt":{"rendered":"<p>&nbsp; Down Galicia y BBVA han firmado esta semana en la sede de la entidad social en Santiago de Compostela un acuerdo de colaboraci\u00f3n para la puesta en marcha de una nueva edici\u00f3n del programa de formaci\u00f3n pr\u00e1ctica \u2018Empleo con&#8230;<\/p>\n","protected":false},"author":1,"featured_media":4139,"comment_status":"closed","ping_status":"closed","sticky":false,"template":"","format":"standard","meta":{"_acf_changed":false,"give_campaign_id":0,"footnotes":""},"categories":[129,127,71],"tags":[],"class_list":["post-4138","post","type-post","status-publish","format-standard","has-post-thumbnail","hentry","category-down-galicia-hemeroteca-es","category-formacion-e-emprego-hemeroteca-hemeroteca-es","category-noticias-sindrome-de-down-es"],"acf":[],"yoast_head":"<!-- This site is optimized with the Yoast SEO plugin v25.3.1 - https:\/\/yoast.com\/wordpress\/plugins\/seo\/ -->\n<title>Down Galicia y BBVA suman trece a\u00f1os promoviendo conjuntamente la inclusi\u00f3n laboral de las personas con s\u00edndrome de Down y discapacidad intelectual &#8226; Federaci\u00f3n Down Galicia<\/title>\n<meta name=\"robots\" content=\"index, follow, max-snippet:-1, max-image-preview:large, max-video-preview:-1\" \/>\n<link rel=\"canonical\" href=\"https:\/\/downgalicia.org\/es\/down-galicia-y-bbva-suman-trece-anos-promoviendo-conjuntamente-la-inclusion-laboral-de-las-personas-con-sindrome-de-down-y-discapacidad-intelectual\/\" \/>\n<meta property=\"og:locale\" content=\"es_ES\" \/>\n<meta property=\"og:type\" content=\"article\" \/>\n<meta property=\"og:title\" content=\"Down Galicia y BBVA suman trece a\u00f1os promoviendo conjuntamente la inclusi\u00f3n laboral de las personas con s\u00edndrome de Down y discapacidad intelectual &#8226; Federaci\u00f3n Down Galicia\" \/>\n<meta property=\"og:description\" content=\"&nbsp; Down Galicia y BBVA han firmado esta semana en la sede de la entidad social en Santiago de Compostela un acuerdo de colaboraci\u00f3n para la puesta en marcha de una nueva edici\u00f3n del programa de formaci\u00f3n pr\u00e1ctica \u2018Empleo con...\" \/>\n<meta property=\"og:url\" content=\"https:\/\/downgalicia.org\/es\/down-galicia-y-bbva-suman-trece-anos-promoviendo-conjuntamente-la-inclusion-laboral-de-las-personas-con-sindrome-de-down-y-discapacidad-intelectual\/\" \/>\n<meta property=\"og:site_name\" content=\"Federaci\u00f3n Down Galicia\" \/>\n<meta property=\"article:published_time\" content=\"2025-03-14T10:39:43+00:00\" \/>\n<meta property=\"og:image\" content=\"https:\/\/downgalicia.org\/wp-content\/uploads\/2025\/06\/Sinatura-convenio-BBVA-5.jpg\" \/>\n\t<meta property=\"og:image:width\" content=\"980\" \/>\n\t<meta property=\"og:image:height\" content=\"680\" \/>\n\t<meta property=\"og:image:type\" content=\"image\/jpeg\" \/>\n<meta name=\"author\" content=\"produccion@visualpublinet.com\" \/>\n<meta name=\"twitter:card\" content=\"summary_large_image\" \/>\n<meta name=\"twitter:label1\" content=\"Escrito por\" \/>\n\t<meta name=\"twitter:data1\" content=\"produccion@visualpublinet.com\" \/>\n\t<meta name=\"twitter:label2\" content=\"Tiempo de lectura\" \/>\n\t<meta name=\"twitter:data2\" content=\"2 minutos\" \/>\n<script type=\"application\/ld+json\" class=\"yoast-schema-graph\">{\"@context\":\"https:\/\/schema.org\",\"@graph\":[{\"@type\":\"Article\",\"@id\":\"https:\/\/downgalicia.org\/es\/down-galicia-y-bbva-suman-trece-anos-promoviendo-conjuntamente-la-inclusion-laboral-de-las-personas-con-sindrome-de-down-y-discapacidad-intelectual\/#article\",\"isPartOf\":{\"@id\":\"https:\/\/downgalicia.org\/es\/down-galicia-y-bbva-suman-trece-anos-promoviendo-conjuntamente-la-inclusion-laboral-de-las-personas-con-sindrome-de-down-y-discapacidad-intelectual\/\"},\"author\":{\"name\":\"produccion@visualpublinet.com\",\"@id\":\"https:\/\/downgalicia.org\/es\/#\/schema\/person\/317730a00185114c76a219b94bddef15\"},\"headline\":\"Down Galicia y BBVA suman trece a\u00f1os promoviendo conjuntamente la inclusi\u00f3n laboral de las personas con s\u00edndrome de Down y discapacidad intelectual\",\"datePublished\":\"2025-03-14T10:39:43+00:00\",\"mainEntityOfPage\":{\"@id\":\"https:\/\/downgalicia.org\/es\/down-galicia-y-bbva-suman-trece-anos-promoviendo-conjuntamente-la-inclusion-laboral-de-las-personas-con-sindrome-de-down-y-discapacidad-intelectual\/\"},\"wordCount\":419,\"publisher\":{\"@id\":\"https:\/\/downgalicia.org\/es\/#organization\"},\"image\":{\"@id\":\"https:\/\/downgalicia.org\/es\/down-galicia-y-bbva-suman-trece-anos-promoviendo-conjuntamente-la-inclusion-laboral-de-las-personas-con-sindrome-de-down-y-discapacidad-intelectual\/#primaryimage\"},\"thumbnailUrl\":\"https:\/\/downgalicia.org\/wp-content\/uploads\/2025\/06\/Sinatura-convenio-BBVA-5.jpg\",\"articleSection\":[\"Down Galicia\",\"Formaci\u00f3n e Emprego\",\"Noticias del Movimiento Down\"],\"inLanguage\":\"es\"},{\"@type\":\"WebPage\",\"@id\":\"https:\/\/downgalicia.org\/es\/down-galicia-y-bbva-suman-trece-anos-promoviendo-conjuntamente-la-inclusion-laboral-de-las-personas-con-sindrome-de-down-y-discapacidad-intelectual\/\",\"url\":\"https:\/\/downgalicia.org\/es\/down-galicia-y-bbva-suman-trece-anos-promoviendo-conjuntamente-la-inclusion-laboral-de-las-personas-con-sindrome-de-down-y-discapacidad-intelectual\/\",\"name\":\"Down Galicia y BBVA suman trece a\u00f1os promoviendo conjuntamente la inclusi\u00f3n laboral de las personas con s\u00edndrome de Down y discapacidad intelectual &#8226; Federaci\u00f3n Down Galicia\",\"isPartOf\":{\"@id\":\"https:\/\/downgalicia.org\/es\/#website\"},\"primaryImageOfPage\":{\"@id\":\"https:\/\/downgalicia.org\/es\/down-galicia-y-bbva-suman-trece-anos-promoviendo-conjuntamente-la-inclusion-laboral-de-las-personas-con-sindrome-de-down-y-discapacidad-intelectual\/#primaryimage\"},\"image\":{\"@id\":\"https:\/\/downgalicia.org\/es\/down-galicia-y-bbva-suman-trece-anos-promoviendo-conjuntamente-la-inclusion-laboral-de-las-personas-con-sindrome-de-down-y-discapacidad-intelectual\/#primaryimage\"},\"thumbnailUrl\":\"https:\/\/downgalicia.org\/wp-content\/uploads\/2025\/06\/Sinatura-convenio-BBVA-5.jpg\",\"datePublished\":\"2025-03-14T10:39:43+00:00\",\"breadcrumb\":{\"@id\":\"https:\/\/downgalicia.org\/es\/down-galicia-y-bbva-suman-trece-anos-promoviendo-conjuntamente-la-inclusion-laboral-de-las-personas-con-sindrome-de-down-y-discapacidad-intelectual\/#breadcrumb\"},\"inLanguage\":\"es\",\"potentialAction\":[{\"@type\":\"ReadAction\",\"target\":[\"https:\/\/downgalicia.org\/es\/down-galicia-y-bbva-suman-trece-anos-promoviendo-conjuntamente-la-inclusion-laboral-de-las-personas-con-sindrome-de-down-y-discapacidad-intelectual\/\"]}]},{\"@type\":\"ImageObject\",\"inLanguage\":\"es\",\"@id\":\"https:\/\/downgalicia.org\/es\/down-galicia-y-bbva-suman-trece-anos-promoviendo-conjuntamente-la-inclusion-laboral-de-las-personas-con-sindrome-de-down-y-discapacidad-intelectual\/#primaryimage\",\"url\":\"https:\/\/downgalicia.org\/wp-content\/uploads\/2025\/06\/Sinatura-convenio-BBVA-5.jpg\",\"contentUrl\":\"https:\/\/downgalicia.org\/wp-content\/uploads\/2025\/06\/Sinatura-convenio-BBVA-5.jpg\",\"width\":980,\"height\":680},{\"@type\":\"BreadcrumbList\",\"@id\":\"https:\/\/downgalicia.org\/es\/down-galicia-y-bbva-suman-trece-anos-promoviendo-conjuntamente-la-inclusion-laboral-de-las-personas-con-sindrome-de-down-y-discapacidad-intelectual\/#breadcrumb\",\"itemListElement\":[{\"@type\":\"ListItem\",\"position\":1,\"name\":\"Portada\",\"item\":\"https:\/\/downgalicia.org\/es\/\"},{\"@type\":\"ListItem\",\"position\":2,\"name\":\"Down Galicia y BBVA suman trece a\u00f1os promoviendo conjuntamente la inclusi\u00f3n laboral de las personas con s\u00edndrome de Down y discapacidad intelectual\"}]},{\"@type\":\"WebSite\",\"@id\":\"https:\/\/downgalicia.org\/es\/#website\",\"url\":\"https:\/\/downgalicia.org\/es\/\",\"name\":\"Federaci\u00f3n Down Galicia\",\"description\":\"Apoio a persoas con S\u00edndrome de Down\",\"publisher\":{\"@id\":\"https:\/\/downgalicia.org\/es\/#organization\"},\"potentialAction\":[{\"@type\":\"SearchAction\",\"target\":{\"@type\":\"EntryPoint\",\"urlTemplate\":\"https:\/\/downgalicia.org\/es\/?s={search_term_string}\"},\"query-input\":{\"@type\":\"PropertyValueSpecification\",\"valueRequired\":true,\"valueName\":\"search_term_string\"}}],\"inLanguage\":\"es\"},{\"@type\":\"Organization\",\"@id\":\"https:\/\/downgalicia.org\/es\/#organization\",\"name\":\"Federaci\u00f3n Down Galicia\",\"url\":\"https:\/\/downgalicia.org\/es\/\",\"logo\":{\"@type\":\"ImageObject\",\"inLanguage\":\"es\",\"@id\":\"https:\/\/downgalicia.org\/es\/#\/schema\/logo\/image\/\",\"url\":\"https:\/\/downgalicia.org\/wp-content\/uploads\/2024\/07\/logo-sindrome-down-color.svg\",\"contentUrl\":\"https:\/\/downgalicia.org\/wp-content\/uploads\/2024\/07\/logo-sindrome-down-color.svg\",\"width\":271,\"height\":88,\"caption\":\"Federaci\u00f3n Down Galicia\"},\"image\":{\"@id\":\"https:\/\/downgalicia.org\/es\/#\/schema\/logo\/image\/\"}},{\"@type\":\"Person\",\"@id\":\"https:\/\/downgalicia.org\/es\/#\/schema\/person\/317730a00185114c76a219b94bddef15\",\"name\":\"produccion@visualpublinet.com\",\"image\":{\"@type\":\"ImageObject\",\"inLanguage\":\"es\",\"@id\":\"https:\/\/downgalicia.org\/es\/#\/schema\/person\/image\/\",\"url\":\"https:\/\/secure.gravatar.com\/avatar\/282ee20c78c1b1137175d4ab9f75785d8c239d499b1376df3ba16efa213b7b10?s=96&d=mm&r=g\",\"contentUrl\":\"https:\/\/secure.gravatar.com\/avatar\/282ee20c78c1b1137175d4ab9f75785d8c239d499b1376df3ba16efa213b7b10?s=96&d=mm&r=g\",\"caption\":\"produccion@visualpublinet.com\"},\"sameAs\":[\"https:\/\/downgalicia.org\"],\"url\":\"https:\/\/downgalicia.org\/es\/author\/produccionvisualpublinet-com\/\"}]}<\/script>\n<!-- \/ Yoast SEO plugin. -->","yoast_head_json":{"title":"Down Galicia y BBVA suman trece a\u00f1os promoviendo conjuntamente la inclusi\u00f3n laboral de las personas con s\u00edndrome de Down y discapacidad intelectual &#8226; Federaci\u00f3n Down Galicia","robots":{"index":"index","follow":"follow","max-snippet":"max-snippet:-1","max-image-preview":"max-image-preview:large","max-video-preview":"max-video-preview:-1"},"canonical":"https:\/\/downgalicia.org\/es\/down-galicia-y-bbva-suman-trece-anos-promoviendo-conjuntamente-la-inclusion-laboral-de-las-personas-con-sindrome-de-down-y-discapacidad-intelectual\/","og_locale":"es_ES","og_type":"article","og_title":"Down Galicia y BBVA suman trece a\u00f1os promoviendo conjuntamente la inclusi\u00f3n laboral de las personas con s\u00edndrome de Down y discapacidad intelectual &#8226; Federaci\u00f3n Down Galicia","og_description":"&nbsp; Down Galicia y BBVA han firmado esta semana en la sede de la entidad social en Santiago de Compostela un acuerdo de colaboraci\u00f3n para la puesta en marcha de una nueva edici\u00f3n del programa de formaci\u00f3n pr\u00e1ctica \u2018Empleo con...","og_url":"https:\/\/downgalicia.org\/es\/down-galicia-y-bbva-suman-trece-anos-promoviendo-conjuntamente-la-inclusion-laboral-de-las-personas-con-sindrome-de-down-y-discapacidad-intelectual\/","og_site_name":"Federaci\u00f3n Down Galicia","article_published_time":"2025-03-14T10:39:43+00:00","og_image":[{"width":980,"height":680,"url":"https:\/\/downgalicia.org\/wp-content\/uploads\/2025\/06\/Sinatura-convenio-BBVA-5.jpg","type":"image\/jpeg"}],"author":"produccion@visualpublinet.com","twitter_card":"summary_large_image","twitter_misc":{"Escrito por":"produccion@visualpublinet.com","Tiempo de lectura":"2 minutos"},"schema":{"@context":"https:\/\/schema.org","@graph":[{"@type":"Article","@id":"https:\/\/downgalicia.org\/es\/down-galicia-y-bbva-suman-trece-anos-promoviendo-conjuntamente-la-inclusion-laboral-de-las-personas-con-sindrome-de-down-y-discapacidad-intelectual\/#article","isPartOf":{"@id":"https:\/\/downgalicia.org\/es\/down-galicia-y-bbva-suman-trece-anos-promoviendo-conjuntamente-la-inclusion-laboral-de-las-personas-con-sindrome-de-down-y-discapacidad-intelectual\/"},"author":{"name":"produccion@visualpublinet.com","@id":"https:\/\/downgalicia.org\/es\/#\/schema\/person\/317730a00185114c76a219b94bddef15"},"headline":"Down Galicia y BBVA suman trece a\u00f1os promoviendo conjuntamente la inclusi\u00f3n laboral de las personas con s\u00edndrome de Down y discapacidad intelectual","datePublished":"2025-03-14T10:39:43+00:00","mainEntityOfPage":{"@id":"https:\/\/downgalicia.org\/es\/down-galicia-y-bbva-suman-trece-anos-promoviendo-conjuntamente-la-inclusion-laboral-de-las-personas-con-sindrome-de-down-y-discapacidad-intelectual\/"},"wordCount":419,"publisher":{"@id":"https:\/\/downgalicia.org\/es\/#organization"},"image":{"@id":"https:\/\/downgalicia.org\/es\/down-galicia-y-bbva-suman-trece-anos-promoviendo-conjuntamente-la-inclusion-laboral-de-las-personas-con-sindrome-de-down-y-discapacidad-intelectual\/#primaryimage"},"thumbnailUrl":"https:\/\/downgalicia.org\/wp-content\/uploads\/2025\/06\/Sinatura-convenio-BBVA-5.jpg","articleSection":["Down Galicia","Formaci\u00f3n e Emprego","Noticias del Movimiento Down"],"inLanguage":"es"},{"@type":"WebPage","@id":"https:\/\/downgalicia.org\/es\/down-galicia-y-bbva-suman-trece-anos-promoviendo-conjuntamente-la-inclusion-laboral-de-las-personas-con-sindrome-de-down-y-discapacidad-intelectual\/","url":"https:\/\/downgalicia.org\/es\/down-galicia-y-bbva-suman-trece-anos-promoviendo-conjuntamente-la-inclusion-laboral-de-las-personas-con-sindrome-de-down-y-discapacidad-intelectual\/","name":"Down Galicia y BBVA suman trece a\u00f1os promoviendo conjuntamente la inclusi\u00f3n laboral de las personas con s\u00edndrome de Down y discapacidad intelectual &#8226; Federaci\u00f3n Down Galicia","isPartOf":{"@id":"https:\/\/downgalicia.org\/es\/#website"},"primaryImageOfPage":{"@id":"https:\/\/downgalicia.org\/es\/down-galicia-y-bbva-suman-trece-anos-promoviendo-conjuntamente-la-inclusion-laboral-de-las-personas-con-sindrome-de-down-y-discapacidad-intelectual\/#primaryimage"},"image":{"@id":"https:\/\/downgalicia.org\/es\/down-galicia-y-bbva-suman-trece-anos-promoviendo-conjuntamente-la-inclusion-laboral-de-las-personas-con-sindrome-de-down-y-discapacidad-intelectual\/#primaryimage"},"thumbnailUrl":"https:\/\/downgalicia.org\/wp-content\/uploads\/2025\/06\/Sinatura-convenio-BBVA-5.jpg","datePublished":"2025-03-14T10:39:43+00:00","breadcrumb":{"@id":"https:\/\/downgalicia.org\/es\/down-galicia-y-bbva-suman-trece-anos-promoviendo-conjuntamente-la-inclusion-laboral-de-las-personas-con-sindrome-de-down-y-discapacidad-intelectual\/#breadcrumb"},"inLanguage":"es","potentialAction":[{"@type":"ReadAction","target":["https:\/\/downgalicia.org\/es\/down-galicia-y-bbva-suman-trece-anos-promoviendo-conjuntamente-la-inclusion-laboral-de-las-personas-con-sindrome-de-down-y-discapacidad-intelectual\/"]}]},{"@type":"ImageObject","inLanguage":"es","@id":"https:\/\/downgalicia.org\/es\/down-galicia-y-bbva-suman-trece-anos-promoviendo-conjuntamente-la-inclusion-laboral-de-las-personas-con-sindrome-de-down-y-discapacidad-intelectual\/#primaryimage","url":"https:\/\/downgalicia.org\/wp-content\/uploads\/2025\/06\/Sinatura-convenio-BBVA-5.jpg","contentUrl":"https:\/\/downgalicia.org\/wp-content\/uploads\/2025\/06\/Sinatura-convenio-BBVA-5.jpg","width":980,"height":680},{"@type":"BreadcrumbList","@id":"https:\/\/downgalicia.org\/es\/down-galicia-y-bbva-suman-trece-anos-promoviendo-conjuntamente-la-inclusion-laboral-de-las-personas-con-sindrome-de-down-y-discapacidad-intelectual\/#breadcrumb","itemListElement":[{"@type":"ListItem","position":1,"name":"Portada","item":"https:\/\/downgalicia.org\/es\/"},{"@type":"ListItem","position":2,"name":"Down Galicia y BBVA suman trece a\u00f1os promoviendo conjuntamente la inclusi\u00f3n laboral de las personas con s\u00edndrome de Down y discapacidad intelectual"}]},{"@type":"WebSite","@id":"https:\/\/downgalicia.org\/es\/#website","url":"https:\/\/downgalicia.org\/es\/","name":"Federaci\u00f3n Down Galicia","description":"Apoio a persoas con S\u00edndrome de Down","publisher":{"@id":"https:\/\/downgalicia.org\/es\/#organization"},"potentialAction":[{"@type":"SearchAction","target":{"@type":"EntryPoint","urlTemplate":"https:\/\/downgalicia.org\/es\/?s={search_term_string}"},"query-input":{"@type":"PropertyValueSpecification","valueRequired":true,"valueName":"search_term_string"}}],"inLanguage":"es"},{"@type":"Organization","@id":"https:\/\/downgalicia.org\/es\/#organization","name":"Federaci\u00f3n Down Galicia","url":"https:\/\/downgalicia.org\/es\/","logo":{"@type":"ImageObject","inLanguage":"es","@id":"https:\/\/downgalicia.org\/es\/#\/schema\/logo\/image\/","url":"https:\/\/downgalicia.org\/wp-content\/uploads\/2024\/07\/logo-sindrome-down-color.svg","contentUrl":"https:\/\/downgalicia.org\/wp-content\/uploads\/2024\/07\/logo-sindrome-down-color.svg","width":271,"height":88,"caption":"Federaci\u00f3n Down Galicia"},"image":{"@id":"https:\/\/downgalicia.org\/es\/#\/schema\/logo\/image\/"}},{"@type":"Person","@id":"https:\/\/downgalicia.org\/es\/#\/schema\/person\/317730a00185114c76a219b94bddef15","name":"produccion@visualpublinet.com","image":{"@type":"ImageObject","inLanguage":"es","@id":"https:\/\/downgalicia.org\/es\/#\/schema\/person\/image\/","url":"https:\/\/secure.gravatar.com\/avatar\/282ee20c78c1b1137175d4ab9f75785d8c239d499b1376df3ba16efa213b7b10?s=96&d=mm&r=g","contentUrl":"https:\/\/secure.gravatar.com\/avatar\/282ee20c78c1b1137175d4ab9f75785d8c239d499b1376df3ba16efa213b7b10?s=96&d=mm&r=g","caption":"produccion@visualpublinet.com"},"sameAs":["https:\/\/downgalicia.org"],"url":"https:\/\/downgalicia.org\/es\/author\/produccionvisualpublinet-com\/"}]}},"_links":{"self":[{"href":"https:\/\/downgalicia.org\/es\/wp-json\/wp\/v2\/posts\/4138","targetHints":{"allow":["GET"]}}],"collection":[{"href":"https:\/\/downgalicia.org\/es\/wp-json\/wp\/v2\/posts"}],"about":[{"href":"https:\/\/downgalicia.org\/es\/wp-json\/wp\/v2\/types\/post"}],"author":[{"embeddable":true,"href":"https:\/\/downgalicia.org\/es\/wp-json\/wp\/v2\/users\/1"}],"replies":[{"embeddable":true,"href":"https:\/\/downgalicia.org\/es\/wp-json\/wp\/v2\/comments?post=4138"}],"version-history":[{"count":0,"href":"https:\/\/downgalicia.org\/es\/wp-json\/wp\/v2\/posts\/4138\/revisions"}],"wp:featuredmedia":[{"embeddable":true,"href":"https:\/\/downgalicia.org\/es\/wp-json\/wp\/v2\/media\/4139"}],"wp:attachment":[{"href":"https:\/\/downgalicia.org\/es\/wp-json\/wp\/v2\/media?parent=4138"}],"wp:term":[{"taxonomy":"category","embeddable":true,"href":"https:\/\/downgalicia.org\/es\/wp-json\/wp\/v2\/categories?post=4138"},{"taxonomy":"post_tag","embeddable":true,"href":"https:\/\/downgalicia.org\/es\/wp-json\/wp\/v2\/tags?post=4138"}],"curies":[{"name":"wp","href":"https:\/\/api.w.org\/{rel}","templated":true}]}}