{"id":4154,"date":"2025-02-27T11:32:15","date_gmt":"2025-02-27T10:32:15","guid":{"rendered":"http:\/\/downgalicia.org.136-144-253-96.136-144-253-96.visualpublinet.com\/conoce-el-modelo-de-inclusion-y-promocion-de-la-autonomia-personal-de-las-entidades-down-de-galicia\/"},"modified":"2025-09-30T13:03:53","modified_gmt":"2025-09-30T11:03:53","slug":"conoce-el-modelo-de-inclusion-y-promocion-de-la-autonomia-personal-de-las-entidades-down-de-galicia","status":"publish","type":"post","link":"https:\/\/downgalicia.org\/es\/conoce-el-modelo-de-inclusion-y-promocion-de-la-autonomia-personal-de-las-entidades-down-de-galicia\/","title":{"rendered":"Conoce el modelo de inclusi\u00f3n y promoci\u00f3n de la autonom\u00eda personal de las entidades Down de Galicia"},"content":{"rendered":"<p>&nbsp;<\/p>\n<p>La <strong>inclusi\u00f3n social <\/strong>es un proceso que busca garantizar que todas las personas, independientemente de su origen o condici\u00f3n social, tengan acceso a los recursos y oportunidades necesarias para participar en la sociedad y realizarse como personas. Es decir, sin importar sus caracter\u00edsticas personales, sus habilidades, sus necesidades y\/o si tiene o no discapacidad.<\/p>\n<p>Por tanto, la inclusi\u00f3n es un enfoque que <strong>responde positivamente a la diversidad de las personas y las diferencias individuales<\/strong>, entendiendo que no son un problema, sino una oportunidad para el enriquecimiento de la sociedad a trav\u00e9s de la participaci\u00f3n activa de todas las personas en la vida familiar, en el \u00e1mbito educativo, en el laboral y, en general, en todos los \u00e1mbitos sociales, culturales y de la comunidad.<\/p>\n<p>En definitiva, la inclusi\u00f3n permite la participaci\u00f3n activa y la igualdad de oportunidades de todas las personas, eliminando las barreras actitudinales, comunicativas, arquitect\u00f3nicas o cognitivas.<\/p>\n<p>Desde su constituci\u00f3n, la <strong>Federaci\u00f3n Down Galicia y sus entidades miembro<\/strong>, definieron un modelo de trabajo propio, marcado, sobre todo, por el compromiso social a favor de la inclusi\u00f3n y por la participaci\u00f3n social y la promoci\u00f3n de la autonom\u00eda personal de las personas con s\u00edndrome de Down y discapacidad intelectual.<\/p>\n<p>En la definici\u00f3n de este modelo, se tuvieron como <strong>referencia 3 pilares fundamentales<\/strong>, que gu\u00edan el trabajo del Movimiento Down en Galicia:<\/p>\n<ul>\n<li>La <strong>Convenci\u00f3n de derechos de las personas con discapacidad<\/strong>, que define la discapacidad como el resultado de la interacci\u00f3n entre esta y las barreras sociales que dificultan la participaci\u00f3n plena, y reafirma que todas las personas deben poder disfrutar de todos los Derechos Humanos y libertades fundamentales.<\/li>\n<li>El <strong>modelo social de la discapacidad<\/strong>, que, frente al modelo cl\u00ednico que centra la discapacidad en las limitaciones individuales, destaca la interacci\u00f3n entre la persona y su ambiente, considerando capacidades y fortalezas e introduciendo la idea de apoyo para superar o eliminar las posibles dificultades.<\/li>\n<li>El <strong>modelo de calidad de vida<\/strong>, que tiene en cuenta el conjunto de condiciones que contribuyen al bienestar personal y social: bienestar f\u00edsico, bienestar emocional, relaciones interpersonales, inclusi\u00f3n social, desarrollo personal, bienestar material, autodeterminaci\u00f3n y derechos.<\/li>\n<\/ul>\n<p>El sentido principal de la definici\u00f3n de este modelo viene dado por la necesidad de establecer una serie de criterios de actuaci\u00f3n b\u00e1sicos para garantizar la coherencia, eficacia y \u00e9xito de las actuaciones que se desarrollan desde el \u201cServicio de Promoci\u00f3n de la Autonom\u00eda Personal\u201d de las entidades Down en Galicia.<\/p>\n<p>De este modo, a la hora de definir nuestras actuaciones y nuestros servicios, tratamos de asegurar que est\u00e9n alineadas con las siguientes premisas e ideas clave:<\/p>\n<ol>\n<li>Garantizar la igualdad de oportunidades de las personas, trabajando con su entorno para que sea accesible.<\/li>\n<li>Favorecer la participaci\u00f3n en los recursos y actividades existentes para toda la poblaci\u00f3n.<\/li>\n<li>Promover la accesibilidad y el dise\u00f1o universal para todas las personas.<\/li>\n<li>Reivindicar y trabajar para que todas las personas, con independencia de sus caracter\u00edsticas personales, puedan disfrutar de todos los derechos humanos y libertades fundamentales.<\/li>\n<li>Promocionar la vida aut\u00f3noma, la independencia y el poder de decisi\u00f3n de la persona.<\/li>\n<li>Trabajar desde la planificaci\u00f3n centrada en la persona, dise\u00f1ando itinerarios personalizados en el que cada persona identifique sus metas, y favoreciendo la calidad de vida familiar.<\/li>\n<li>Maximizar las capacidades y oportunidades de las personas.<\/li>\n<li>Poner el foco de la discapacidad en el contexto, y no en la propia persona.<\/li>\n<li>Centrar la relaci\u00f3n de la persona con el ambiente que la rodea, en el que pueda participar y relacionarse.<\/li>\n<li>Fomentar cambios que la sociedad debe llevar a cabo para eliminar o minimizar las barreras en t\u00e9rminos de actitudes y comportamientos, apoyo social, informaci\u00f3n, estructuras f\u00edsicas, etc.<\/li>\n<li>Sensibilizar a la sociedad en la necesidad de apoyos naturales para superar o eliminar las diferentes barreras.<\/li>\n<li>Proveer apoyos personalizados a lo largo de toda la vida.<\/li>\n<\/ol>\n<p>&nbsp;<\/p>\n<p>Consulta la <a href=\"https:\/\/downgalicia.org\/wp-content\/uploads\/2025\/09\/Infografia-Modelo-de-Inclusion-e-PAP-CAS.pdf\" target=\"_blank\" rel=\"noopener\">infograf\u00eda<\/a> sobre el modelo de inclusi\u00f3n y promoci\u00f3n de la autonom\u00eda personal de las entidades Down.<\/p>\n<p>\u00a1Contigo podemos m\u00e1s!<\/p>\n","protected":false},"excerpt":{"rendered":"<p>&nbsp; La inclusi\u00f3n social es un proceso que busca garantizar que todas las personas, independientemente de su origen o condici\u00f3n social, tengan acceso a los recursos y oportunidades necesarias para participar en la sociedad y realizarse como personas. Es decir,&#8230;<\/p>\n","protected":false},"author":1,"featured_media":4155,"comment_status":"closed","ping_status":"closed","sticky":false,"template":"","format":"standard","meta":{"_acf_changed":false,"give_campaign_id":0,"footnotes":""},"categories":[129,71],"tags":[],"class_list":["post-4154","post","type-post","status-publish","format-standard","has-post-thumbnail","hentry","category-down-galicia-hemeroteca-es","category-noticias-sindrome-de-down-es"],"acf":[],"yoast_head":"<!-- This site is optimized with the Yoast SEO plugin v25.3.1 - https:\/\/yoast.com\/wordpress\/plugins\/seo\/ -->\n<title>Conoce el modelo de inclusi\u00f3n y promoci\u00f3n de la autonom\u00eda personal de las entidades Down de Galicia &#8226; Federaci\u00f3n Down Galicia<\/title>\n<meta name=\"robots\" content=\"index, follow, max-snippet:-1, max-image-preview:large, max-video-preview:-1\" \/>\n<link rel=\"canonical\" href=\"https:\/\/downgalicia.org\/es\/conoce-el-modelo-de-inclusion-y-promocion-de-la-autonomia-personal-de-las-entidades-down-de-galicia\/\" \/>\n<meta property=\"og:locale\" content=\"es_ES\" \/>\n<meta property=\"og:type\" content=\"article\" \/>\n<meta property=\"og:title\" content=\"Conoce el modelo de inclusi\u00f3n y promoci\u00f3n de la autonom\u00eda personal de las entidades Down de Galicia &#8226; Federaci\u00f3n Down Galicia\" \/>\n<meta property=\"og:description\" content=\"&nbsp; La inclusi\u00f3n social es un proceso que busca garantizar que todas las personas, independientemente de su origen o condici\u00f3n social, tengan acceso a los recursos y oportunidades necesarias para participar en la sociedad y realizarse como personas. Es decir,...\" \/>\n<meta property=\"og:url\" content=\"https:\/\/downgalicia.org\/es\/conoce-el-modelo-de-inclusion-y-promocion-de-la-autonomia-personal-de-las-entidades-down-de-galicia\/\" \/>\n<meta property=\"og:site_name\" content=\"Federaci\u00f3n Down Galicia\" \/>\n<meta property=\"article:published_time\" content=\"2025-02-27T10:32:15+00:00\" \/>\n<meta property=\"article:modified_time\" content=\"2025-09-30T11:03:53+00:00\" \/>\n<meta property=\"og:image\" content=\"https:\/\/downgalicia.org\/wp-content\/uploads\/2025\/06\/Down-Galicia_Modelo-inclusion-PAP-5.jpg\" \/>\n\t<meta property=\"og:image:width\" content=\"980\" \/>\n\t<meta property=\"og:image:height\" content=\"680\" \/>\n\t<meta property=\"og:image:type\" content=\"image\/jpeg\" \/>\n<meta name=\"author\" content=\"produccion@visualpublinet.com\" \/>\n<meta name=\"twitter:card\" content=\"summary_large_image\" \/>\n<meta name=\"twitter:label1\" content=\"Escrito por\" \/>\n\t<meta name=\"twitter:data1\" content=\"produccion@visualpublinet.com\" \/>\n\t<meta name=\"twitter:label2\" content=\"Tiempo de lectura\" \/>\n\t<meta name=\"twitter:data2\" content=\"4 minutos\" \/>\n<script type=\"application\/ld+json\" class=\"yoast-schema-graph\">{\"@context\":\"https:\/\/schema.org\",\"@graph\":[{\"@type\":\"Article\",\"@id\":\"https:\/\/downgalicia.org\/es\/conoce-el-modelo-de-inclusion-y-promocion-de-la-autonomia-personal-de-las-entidades-down-de-galicia\/#article\",\"isPartOf\":{\"@id\":\"https:\/\/downgalicia.org\/es\/conoce-el-modelo-de-inclusion-y-promocion-de-la-autonomia-personal-de-las-entidades-down-de-galicia\/\"},\"author\":{\"name\":\"produccion@visualpublinet.com\",\"@id\":\"https:\/\/downgalicia.org\/es\/#\/schema\/person\/317730a00185114c76a219b94bddef15\"},\"headline\":\"Conoce el modelo de inclusi\u00f3n y promoci\u00f3n de la autonom\u00eda personal de las entidades Down de Galicia\",\"datePublished\":\"2025-02-27T10:32:15+00:00\",\"dateModified\":\"2025-09-30T11:03:53+00:00\",\"mainEntityOfPage\":{\"@id\":\"https:\/\/downgalicia.org\/es\/conoce-el-modelo-de-inclusion-y-promocion-de-la-autonomia-personal-de-las-entidades-down-de-galicia\/\"},\"wordCount\":718,\"publisher\":{\"@id\":\"https:\/\/downgalicia.org\/es\/#organization\"},\"image\":{\"@id\":\"https:\/\/downgalicia.org\/es\/conoce-el-modelo-de-inclusion-y-promocion-de-la-autonomia-personal-de-las-entidades-down-de-galicia\/#primaryimage\"},\"thumbnailUrl\":\"https:\/\/downgalicia.org\/wp-content\/uploads\/2025\/06\/Down-Galicia_Modelo-inclusion-PAP-5.jpg\",\"articleSection\":[\"Down Galicia\",\"Noticias del Movimiento Down\"],\"inLanguage\":\"es\"},{\"@type\":\"WebPage\",\"@id\":\"https:\/\/downgalicia.org\/es\/conoce-el-modelo-de-inclusion-y-promocion-de-la-autonomia-personal-de-las-entidades-down-de-galicia\/\",\"url\":\"https:\/\/downgalicia.org\/es\/conoce-el-modelo-de-inclusion-y-promocion-de-la-autonomia-personal-de-las-entidades-down-de-galicia\/\",\"name\":\"Conoce el modelo de inclusi\u00f3n y promoci\u00f3n de la autonom\u00eda personal de las entidades Down de Galicia &#8226; Federaci\u00f3n Down Galicia\",\"isPartOf\":{\"@id\":\"https:\/\/downgalicia.org\/es\/#website\"},\"primaryImageOfPage\":{\"@id\":\"https:\/\/downgalicia.org\/es\/conoce-el-modelo-de-inclusion-y-promocion-de-la-autonomia-personal-de-las-entidades-down-de-galicia\/#primaryimage\"},\"image\":{\"@id\":\"https:\/\/downgalicia.org\/es\/conoce-el-modelo-de-inclusion-y-promocion-de-la-autonomia-personal-de-las-entidades-down-de-galicia\/#primaryimage\"},\"thumbnailUrl\":\"https:\/\/downgalicia.org\/wp-content\/uploads\/2025\/06\/Down-Galicia_Modelo-inclusion-PAP-5.jpg\",\"datePublished\":\"2025-02-27T10:32:15+00:00\",\"dateModified\":\"2025-09-30T11:03:53+00:00\",\"breadcrumb\":{\"@id\":\"https:\/\/downgalicia.org\/es\/conoce-el-modelo-de-inclusion-y-promocion-de-la-autonomia-personal-de-las-entidades-down-de-galicia\/#breadcrumb\"},\"inLanguage\":\"es\",\"potentialAction\":[{\"@type\":\"ReadAction\",\"target\":[\"https:\/\/downgalicia.org\/es\/conoce-el-modelo-de-inclusion-y-promocion-de-la-autonomia-personal-de-las-entidades-down-de-galicia\/\"]}]},{\"@type\":\"ImageObject\",\"inLanguage\":\"es\",\"@id\":\"https:\/\/downgalicia.org\/es\/conoce-el-modelo-de-inclusion-y-promocion-de-la-autonomia-personal-de-las-entidades-down-de-galicia\/#primaryimage\",\"url\":\"https:\/\/downgalicia.org\/wp-content\/uploads\/2025\/06\/Down-Galicia_Modelo-inclusion-PAP-5.jpg\",\"contentUrl\":\"https:\/\/downgalicia.org\/wp-content\/uploads\/2025\/06\/Down-Galicia_Modelo-inclusion-PAP-5.jpg\",\"width\":980,\"height\":680},{\"@type\":\"BreadcrumbList\",\"@id\":\"https:\/\/downgalicia.org\/es\/conoce-el-modelo-de-inclusion-y-promocion-de-la-autonomia-personal-de-las-entidades-down-de-galicia\/#breadcrumb\",\"itemListElement\":[{\"@type\":\"ListItem\",\"position\":1,\"name\":\"Portada\",\"item\":\"https:\/\/downgalicia.org\/es\/\"},{\"@type\":\"ListItem\",\"position\":2,\"name\":\"Conoce el modelo de inclusi\u00f3n y promoci\u00f3n de la autonom\u00eda personal de las entidades Down de Galicia\"}]},{\"@type\":\"WebSite\",\"@id\":\"https:\/\/downgalicia.org\/es\/#website\",\"url\":\"https:\/\/downgalicia.org\/es\/\",\"name\":\"Federaci\u00f3n Down Galicia\",\"description\":\"Apoio a persoas con S\u00edndrome de Down\",\"publisher\":{\"@id\":\"https:\/\/downgalicia.org\/es\/#organization\"},\"potentialAction\":[{\"@type\":\"SearchAction\",\"target\":{\"@type\":\"EntryPoint\",\"urlTemplate\":\"https:\/\/downgalicia.org\/es\/?s={search_term_string}\"},\"query-input\":{\"@type\":\"PropertyValueSpecification\",\"valueRequired\":true,\"valueName\":\"search_term_string\"}}],\"inLanguage\":\"es\"},{\"@type\":\"Organization\",\"@id\":\"https:\/\/downgalicia.org\/es\/#organization\",\"name\":\"Federaci\u00f3n Down Galicia\",\"url\":\"https:\/\/downgalicia.org\/es\/\",\"logo\":{\"@type\":\"ImageObject\",\"inLanguage\":\"es\",\"@id\":\"https:\/\/downgalicia.org\/es\/#\/schema\/logo\/image\/\",\"url\":\"https:\/\/downgalicia.org\/wp-content\/uploads\/2024\/07\/logo-sindrome-down-color.svg\",\"contentUrl\":\"https:\/\/downgalicia.org\/wp-content\/uploads\/2024\/07\/logo-sindrome-down-color.svg\",\"width\":271,\"height\":88,\"caption\":\"Federaci\u00f3n Down Galicia\"},\"image\":{\"@id\":\"https:\/\/downgalicia.org\/es\/#\/schema\/logo\/image\/\"}},{\"@type\":\"Person\",\"@id\":\"https:\/\/downgalicia.org\/es\/#\/schema\/person\/317730a00185114c76a219b94bddef15\",\"name\":\"produccion@visualpublinet.com\",\"image\":{\"@type\":\"ImageObject\",\"inLanguage\":\"es\",\"@id\":\"https:\/\/downgalicia.org\/es\/#\/schema\/person\/image\/\",\"url\":\"https:\/\/secure.gravatar.com\/avatar\/282ee20c78c1b1137175d4ab9f75785d8c239d499b1376df3ba16efa213b7b10?s=96&d=mm&r=g\",\"contentUrl\":\"https:\/\/secure.gravatar.com\/avatar\/282ee20c78c1b1137175d4ab9f75785d8c239d499b1376df3ba16efa213b7b10?s=96&d=mm&r=g\",\"caption\":\"produccion@visualpublinet.com\"},\"sameAs\":[\"https:\/\/downgalicia.org\"],\"url\":\"https:\/\/downgalicia.org\/es\/author\/produccionvisualpublinet-com\/\"}]}<\/script>\n<!-- \/ Yoast SEO plugin. -->","yoast_head_json":{"title":"Conoce el modelo de inclusi\u00f3n y promoci\u00f3n de la autonom\u00eda personal de las entidades Down de Galicia &#8226; Federaci\u00f3n Down Galicia","robots":{"index":"index","follow":"follow","max-snippet":"max-snippet:-1","max-image-preview":"max-image-preview:large","max-video-preview":"max-video-preview:-1"},"canonical":"https:\/\/downgalicia.org\/es\/conoce-el-modelo-de-inclusion-y-promocion-de-la-autonomia-personal-de-las-entidades-down-de-galicia\/","og_locale":"es_ES","og_type":"article","og_title":"Conoce el modelo de inclusi\u00f3n y promoci\u00f3n de la autonom\u00eda personal de las entidades Down de Galicia &#8226; Federaci\u00f3n Down Galicia","og_description":"&nbsp; La inclusi\u00f3n social es un proceso que busca garantizar que todas las personas, independientemente de su origen o condici\u00f3n social, tengan acceso a los recursos y oportunidades necesarias para participar en la sociedad y realizarse como personas. Es decir,...","og_url":"https:\/\/downgalicia.org\/es\/conoce-el-modelo-de-inclusion-y-promocion-de-la-autonomia-personal-de-las-entidades-down-de-galicia\/","og_site_name":"Federaci\u00f3n Down Galicia","article_published_time":"2025-02-27T10:32:15+00:00","article_modified_time":"2025-09-30T11:03:53+00:00","og_image":[{"width":980,"height":680,"url":"https:\/\/downgalicia.org\/wp-content\/uploads\/2025\/06\/Down-Galicia_Modelo-inclusion-PAP-5.jpg","type":"image\/jpeg"}],"author":"produccion@visualpublinet.com","twitter_card":"summary_large_image","twitter_misc":{"Escrito por":"produccion@visualpublinet.com","Tiempo de lectura":"4 minutos"},"schema":{"@context":"https:\/\/schema.org","@graph":[{"@type":"Article","@id":"https:\/\/downgalicia.org\/es\/conoce-el-modelo-de-inclusion-y-promocion-de-la-autonomia-personal-de-las-entidades-down-de-galicia\/#article","isPartOf":{"@id":"https:\/\/downgalicia.org\/es\/conoce-el-modelo-de-inclusion-y-promocion-de-la-autonomia-personal-de-las-entidades-down-de-galicia\/"},"author":{"name":"produccion@visualpublinet.com","@id":"https:\/\/downgalicia.org\/es\/#\/schema\/person\/317730a00185114c76a219b94bddef15"},"headline":"Conoce el modelo de inclusi\u00f3n y promoci\u00f3n de la autonom\u00eda personal de las entidades Down de Galicia","datePublished":"2025-02-27T10:32:15+00:00","dateModified":"2025-09-30T11:03:53+00:00","mainEntityOfPage":{"@id":"https:\/\/downgalicia.org\/es\/conoce-el-modelo-de-inclusion-y-promocion-de-la-autonomia-personal-de-las-entidades-down-de-galicia\/"},"wordCount":718,"publisher":{"@id":"https:\/\/downgalicia.org\/es\/#organization"},"image":{"@id":"https:\/\/downgalicia.org\/es\/conoce-el-modelo-de-inclusion-y-promocion-de-la-autonomia-personal-de-las-entidades-down-de-galicia\/#primaryimage"},"thumbnailUrl":"https:\/\/downgalicia.org\/wp-content\/uploads\/2025\/06\/Down-Galicia_Modelo-inclusion-PAP-5.jpg","articleSection":["Down Galicia","Noticias del Movimiento Down"],"inLanguage":"es"},{"@type":"WebPage","@id":"https:\/\/downgalicia.org\/es\/conoce-el-modelo-de-inclusion-y-promocion-de-la-autonomia-personal-de-las-entidades-down-de-galicia\/","url":"https:\/\/downgalicia.org\/es\/conoce-el-modelo-de-inclusion-y-promocion-de-la-autonomia-personal-de-las-entidades-down-de-galicia\/","name":"Conoce el modelo de inclusi\u00f3n y promoci\u00f3n de la autonom\u00eda personal de las entidades Down de Galicia &#8226; Federaci\u00f3n Down Galicia","isPartOf":{"@id":"https:\/\/downgalicia.org\/es\/#website"},"primaryImageOfPage":{"@id":"https:\/\/downgalicia.org\/es\/conoce-el-modelo-de-inclusion-y-promocion-de-la-autonomia-personal-de-las-entidades-down-de-galicia\/#primaryimage"},"image":{"@id":"https:\/\/downgalicia.org\/es\/conoce-el-modelo-de-inclusion-y-promocion-de-la-autonomia-personal-de-las-entidades-down-de-galicia\/#primaryimage"},"thumbnailUrl":"https:\/\/downgalicia.org\/wp-content\/uploads\/2025\/06\/Down-Galicia_Modelo-inclusion-PAP-5.jpg","datePublished":"2025-02-27T10:32:15+00:00","dateModified":"2025-09-30T11:03:53+00:00","breadcrumb":{"@id":"https:\/\/downgalicia.org\/es\/conoce-el-modelo-de-inclusion-y-promocion-de-la-autonomia-personal-de-las-entidades-down-de-galicia\/#breadcrumb"},"inLanguage":"es","potentialAction":[{"@type":"ReadAction","target":["https:\/\/downgalicia.org\/es\/conoce-el-modelo-de-inclusion-y-promocion-de-la-autonomia-personal-de-las-entidades-down-de-galicia\/"]}]},{"@type":"ImageObject","inLanguage":"es","@id":"https:\/\/downgalicia.org\/es\/conoce-el-modelo-de-inclusion-y-promocion-de-la-autonomia-personal-de-las-entidades-down-de-galicia\/#primaryimage","url":"https:\/\/downgalicia.org\/wp-content\/uploads\/2025\/06\/Down-Galicia_Modelo-inclusion-PAP-5.jpg","contentUrl":"https:\/\/downgalicia.org\/wp-content\/uploads\/2025\/06\/Down-Galicia_Modelo-inclusion-PAP-5.jpg","width":980,"height":680},{"@type":"BreadcrumbList","@id":"https:\/\/downgalicia.org\/es\/conoce-el-modelo-de-inclusion-y-promocion-de-la-autonomia-personal-de-las-entidades-down-de-galicia\/#breadcrumb","itemListElement":[{"@type":"ListItem","position":1,"name":"Portada","item":"https:\/\/downgalicia.org\/es\/"},{"@type":"ListItem","position":2,"name":"Conoce el modelo de inclusi\u00f3n y promoci\u00f3n de la autonom\u00eda personal de las entidades Down de Galicia"}]},{"@type":"WebSite","@id":"https:\/\/downgalicia.org\/es\/#website","url":"https:\/\/downgalicia.org\/es\/","name":"Federaci\u00f3n Down Galicia","description":"Apoio a persoas con S\u00edndrome de Down","publisher":{"@id":"https:\/\/downgalicia.org\/es\/#organization"},"potentialAction":[{"@type":"SearchAction","target":{"@type":"EntryPoint","urlTemplate":"https:\/\/downgalicia.org\/es\/?s={search_term_string}"},"query-input":{"@type":"PropertyValueSpecification","valueRequired":true,"valueName":"search_term_string"}}],"inLanguage":"es"},{"@type":"Organization","@id":"https:\/\/downgalicia.org\/es\/#organization","name":"Federaci\u00f3n Down Galicia","url":"https:\/\/downgalicia.org\/es\/","logo":{"@type":"ImageObject","inLanguage":"es","@id":"https:\/\/downgalicia.org\/es\/#\/schema\/logo\/image\/","url":"https:\/\/downgalicia.org\/wp-content\/uploads\/2024\/07\/logo-sindrome-down-color.svg","contentUrl":"https:\/\/downgalicia.org\/wp-content\/uploads\/2024\/07\/logo-sindrome-down-color.svg","width":271,"height":88,"caption":"Federaci\u00f3n Down Galicia"},"image":{"@id":"https:\/\/downgalicia.org\/es\/#\/schema\/logo\/image\/"}},{"@type":"Person","@id":"https:\/\/downgalicia.org\/es\/#\/schema\/person\/317730a00185114c76a219b94bddef15","name":"produccion@visualpublinet.com","image":{"@type":"ImageObject","inLanguage":"es","@id":"https:\/\/downgalicia.org\/es\/#\/schema\/person\/image\/","url":"https:\/\/secure.gravatar.com\/avatar\/282ee20c78c1b1137175d4ab9f75785d8c239d499b1376df3ba16efa213b7b10?s=96&d=mm&r=g","contentUrl":"https:\/\/secure.gravatar.com\/avatar\/282ee20c78c1b1137175d4ab9f75785d8c239d499b1376df3ba16efa213b7b10?s=96&d=mm&r=g","caption":"produccion@visualpublinet.com"},"sameAs":["https:\/\/downgalicia.org"],"url":"https:\/\/downgalicia.org\/es\/author\/produccionvisualpublinet-com\/"}]}},"_links":{"self":[{"href":"https:\/\/downgalicia.org\/es\/wp-json\/wp\/v2\/posts\/4154","targetHints":{"allow":["GET"]}}],"collection":[{"href":"https:\/\/downgalicia.org\/es\/wp-json\/wp\/v2\/posts"}],"about":[{"href":"https:\/\/downgalicia.org\/es\/wp-json\/wp\/v2\/types\/post"}],"author":[{"embeddable":true,"href":"https:\/\/downgalicia.org\/es\/wp-json\/wp\/v2\/users\/1"}],"replies":[{"embeddable":true,"href":"https:\/\/downgalicia.org\/es\/wp-json\/wp\/v2\/comments?post=4154"}],"version-history":[{"count":1,"href":"https:\/\/downgalicia.org\/es\/wp-json\/wp\/v2\/posts\/4154\/revisions"}],"predecessor-version":[{"id":10364,"href":"https:\/\/downgalicia.org\/es\/wp-json\/wp\/v2\/posts\/4154\/revisions\/10364"}],"wp:featuredmedia":[{"embeddable":true,"href":"https:\/\/downgalicia.org\/es\/wp-json\/wp\/v2\/media\/4155"}],"wp:attachment":[{"href":"https:\/\/downgalicia.org\/es\/wp-json\/wp\/v2\/media?parent=4154"}],"wp:term":[{"taxonomy":"category","embeddable":true,"href":"https:\/\/downgalicia.org\/es\/wp-json\/wp\/v2\/categories?post=4154"},{"taxonomy":"post_tag","embeddable":true,"href":"https:\/\/downgalicia.org\/es\/wp-json\/wp\/v2\/tags?post=4154"}],"curies":[{"name":"wp","href":"https:\/\/api.w.org\/{rel}","templated":true}]}}