{"id":4162,"date":"2025-02-21T08:22:58","date_gmt":"2025-02-21T07:22:58","guid":{"rendered":"http:\/\/downgalicia.org.136-144-253-96.136-144-253-96.visualpublinet.com\/down-coruna-organiza-un-concierto-solidario-para-celebrar-su-25-aniversario\/"},"modified":"2025-02-21T08:22:58","modified_gmt":"2025-02-21T07:22:58","slug":"down-coruna-organiza-un-concierto-solidario-para-celebrar-su-25-aniversario","status":"publish","type":"post","link":"https:\/\/downgalicia.org\/es\/down-coruna-organiza-un-concierto-solidario-para-celebrar-su-25-aniversario\/","title":{"rendered":"Down Coru\u00f1a organiza un concierto solidario para celebrar su 25 aniversario"},"content":{"rendered":"<p>&nbsp;<\/p>\n<p>La asociaci\u00f3n Down Coru\u00f1a celebra este a\u00f1o su 25 aniversario. Un cuarto de siglo trabajando por la inclusi\u00f3n, la autonom\u00eda y el bienestar de las personas con s\u00edndrome de Down y otras discapacidades intelectuales. Para celebrarlo, la entidad ha decidido organizar un concierto solidario que promete ser una noche inolvidable llena de m\u00fasica, alegr\u00eda y compromiso social.<\/p>\n<p>La velada contar\u00e1 con la participaci\u00f3n de varios artistas, que se subir\u00e1n al escenario para interpretar algunas canciones de su repertorio y apoyar as\u00ed la labor de Down Coru\u00f1a:<\/p>\n<ul>\n<li><strong>Mar\u00eda S\u00e1nchez Teruel<\/strong>, joven compositora con un talento emergente<\/li>\n<li><strong>Carlos Ares<\/strong>, que traer\u00e1 su energ\u00eda con su estilo de rock rural alternativo en ac\u00fastico<\/li>\n<li><strong>Andrey Casas<\/strong>, quien nos har\u00e1 viajar con los ritmos de la samba y la bossanova<\/li>\n<li><strong>Lemot<\/strong>, con su caracter\u00edstico pop indie que ha conquistado corazones<\/li>\n<li><strong>Sofrito Son<\/strong>, que nos har\u00e1 movernos al ritmo del mejor son cubano<\/li>\n<li><strong>Los Mec\u00e1nicos<\/strong>, reviviendo los grandes \u00e9xitos de la m\u00fasica de los 80<\/li>\n<\/ul>\n<p>&nbsp;<\/p>\n<p><strong>Aportaci\u00f3n solidaria<\/strong><\/p>\n<p>La entrada tiene un coste simb\u00f3lico de\u00a0<strong>20\u20ac<\/strong>, una aportaci\u00f3n \u00edntegra que se destinar\u00e1 a apoyar los proyectos y programas de Down Coru\u00f1a.<\/p>\n<p>Si no puedes asistir, pero quieres sumarte a esta causa, tambi\u00e9n puedes contribuir a trav\u00e9s de la <strong>Fila 0<\/strong>.<\/p>\n<p><strong>\u00a0<\/strong><\/p>\n<p><strong>Cu\u00e1ndo y d\u00f3nde<\/strong><\/p>\n<p>El evento se celebrar\u00e1 el <strong>mi\u00e9rcoles 26 de febrero de 2025 a las 20:30h en la Sala Inn Club<\/strong> (Avenida Porto da Coru\u00f1a, 3, 15003 &#8211; A Coru\u00f1a).<\/p>\n<p><strong>\u00a0<\/strong><\/p>\n<p><strong>\u00a1An\u00edmate a celebrar con Down Coru\u00f1a 25 a\u00f1os de inclusi\u00f3n y m\u00fasica!<\/strong><\/p>\n<p><a href=\"https:\/\/entradas.ataquilla.com\/es\/ventaentradas\/conciertos\/585-sala-inn-club\/x3ahamsh-concierto-solidario-down-coruna\" target=\"_blank\" rel=\"noopener\">Adquiere aqu\u00ed tus entradas o colabora a trav\u00e9s de la Fila 0<\/a><\/p>\n","protected":false},"excerpt":{"rendered":"<p>&nbsp; La asociaci\u00f3n Down Coru\u00f1a celebra este a\u00f1o su 25 aniversario. Un cuarto de siglo trabajando por la inclusi\u00f3n, la autonom\u00eda y el bienestar de las personas con s\u00edndrome de Down y otras discapacidades intelectuales. Para celebrarlo, la entidad ha&#8230;<\/p>\n","protected":false},"author":1,"featured_media":4163,"comment_status":"closed","ping_status":"closed","sticky":false,"template":"","format":"standard","meta":{"_acf_changed":false,"give_campaign_id":0,"footnotes":""},"categories":[119,71],"tags":[],"class_list":["post-4162","post","type-post","status-publish","format-standard","has-post-thumbnail","hentry","category-down-coruna-hemeroteca-es","category-noticias-sindrome-de-down-es"],"acf":[],"yoast_head":"<!-- This site is optimized with the Yoast SEO plugin v25.3.1 - https:\/\/yoast.com\/wordpress\/plugins\/seo\/ -->\n<title>Down Coru\u00f1a organiza un concierto solidario para celebrar su 25 aniversario &#8226; Federaci\u00f3n Down Galicia<\/title>\n<meta name=\"robots\" content=\"index, follow, max-snippet:-1, max-image-preview:large, max-video-preview:-1\" \/>\n<link rel=\"canonical\" href=\"https:\/\/downgalicia.org\/es\/down-coruna-organiza-un-concierto-solidario-para-celebrar-su-25-aniversario\/\" \/>\n<meta property=\"og:locale\" content=\"es_ES\" \/>\n<meta property=\"og:type\" content=\"article\" \/>\n<meta property=\"og:title\" content=\"Down Coru\u00f1a organiza un concierto solidario para celebrar su 25 aniversario &#8226; Federaci\u00f3n Down Galicia\" \/>\n<meta property=\"og:description\" content=\"&nbsp; La asociaci\u00f3n Down Coru\u00f1a celebra este a\u00f1o su 25 aniversario. Un cuarto de siglo trabajando por la inclusi\u00f3n, la autonom\u00eda y el bienestar de las personas con s\u00edndrome de Down y otras discapacidades intelectuales. Para celebrarlo, la entidad ha...\" \/>\n<meta property=\"og:url\" content=\"https:\/\/downgalicia.org\/es\/down-coruna-organiza-un-concierto-solidario-para-celebrar-su-25-aniversario\/\" \/>\n<meta property=\"og:site_name\" content=\"Federaci\u00f3n Down Galicia\" \/>\n<meta property=\"article:published_time\" content=\"2025-02-21T07:22:58+00:00\" \/>\n<meta property=\"og:image\" content=\"https:\/\/downgalicia.org\/wp-content\/uploads\/2025\/06\/Down-Coruna_Concerto-Solidario-5.jpg\" \/>\n\t<meta property=\"og:image:width\" content=\"980\" \/>\n\t<meta property=\"og:image:height\" content=\"680\" \/>\n\t<meta property=\"og:image:type\" content=\"image\/jpeg\" \/>\n<meta name=\"author\" content=\"produccion@visualpublinet.com\" \/>\n<meta name=\"twitter:card\" content=\"summary_large_image\" \/>\n<meta name=\"twitter:label1\" content=\"Escrito por\" \/>\n\t<meta name=\"twitter:data1\" content=\"produccion@visualpublinet.com\" \/>\n\t<meta name=\"twitter:label2\" content=\"Tiempo de lectura\" \/>\n\t<meta name=\"twitter:data2\" content=\"1 minuto\" \/>\n<script type=\"application\/ld+json\" class=\"yoast-schema-graph\">{\"@context\":\"https:\/\/schema.org\",\"@graph\":[{\"@type\":\"Article\",\"@id\":\"https:\/\/downgalicia.org\/es\/down-coruna-organiza-un-concierto-solidario-para-celebrar-su-25-aniversario\/#article\",\"isPartOf\":{\"@id\":\"https:\/\/downgalicia.org\/es\/down-coruna-organiza-un-concierto-solidario-para-celebrar-su-25-aniversario\/\"},\"author\":{\"name\":\"produccion@visualpublinet.com\",\"@id\":\"https:\/\/downgalicia.org\/es\/#\/schema\/person\/317730a00185114c76a219b94bddef15\"},\"headline\":\"Down Coru\u00f1a organiza un concierto solidario para celebrar su 25 aniversario\",\"datePublished\":\"2025-02-21T07:22:58+00:00\",\"mainEntityOfPage\":{\"@id\":\"https:\/\/downgalicia.org\/es\/down-coruna-organiza-un-concierto-solidario-para-celebrar-su-25-aniversario\/\"},\"wordCount\":295,\"publisher\":{\"@id\":\"https:\/\/downgalicia.org\/es\/#organization\"},\"image\":{\"@id\":\"https:\/\/downgalicia.org\/es\/down-coruna-organiza-un-concierto-solidario-para-celebrar-su-25-aniversario\/#primaryimage\"},\"thumbnailUrl\":\"https:\/\/downgalicia.org\/wp-content\/uploads\/2025\/06\/Down-Coruna_Concerto-Solidario-5.jpg\",\"articleSection\":[\"Down Coru\u00f1a\",\"Noticias del Movimiento Down\"],\"inLanguage\":\"es\"},{\"@type\":\"WebPage\",\"@id\":\"https:\/\/downgalicia.org\/es\/down-coruna-organiza-un-concierto-solidario-para-celebrar-su-25-aniversario\/\",\"url\":\"https:\/\/downgalicia.org\/es\/down-coruna-organiza-un-concierto-solidario-para-celebrar-su-25-aniversario\/\",\"name\":\"Down Coru\u00f1a organiza un concierto solidario para celebrar su 25 aniversario &#8226; Federaci\u00f3n Down Galicia\",\"isPartOf\":{\"@id\":\"https:\/\/downgalicia.org\/es\/#website\"},\"primaryImageOfPage\":{\"@id\":\"https:\/\/downgalicia.org\/es\/down-coruna-organiza-un-concierto-solidario-para-celebrar-su-25-aniversario\/#primaryimage\"},\"image\":{\"@id\":\"https:\/\/downgalicia.org\/es\/down-coruna-organiza-un-concierto-solidario-para-celebrar-su-25-aniversario\/#primaryimage\"},\"thumbnailUrl\":\"https:\/\/downgalicia.org\/wp-content\/uploads\/2025\/06\/Down-Coruna_Concerto-Solidario-5.jpg\",\"datePublished\":\"2025-02-21T07:22:58+00:00\",\"breadcrumb\":{\"@id\":\"https:\/\/downgalicia.org\/es\/down-coruna-organiza-un-concierto-solidario-para-celebrar-su-25-aniversario\/#breadcrumb\"},\"inLanguage\":\"es\",\"potentialAction\":[{\"@type\":\"ReadAction\",\"target\":[\"https:\/\/downgalicia.org\/es\/down-coruna-organiza-un-concierto-solidario-para-celebrar-su-25-aniversario\/\"]}]},{\"@type\":\"ImageObject\",\"inLanguage\":\"es\",\"@id\":\"https:\/\/downgalicia.org\/es\/down-coruna-organiza-un-concierto-solidario-para-celebrar-su-25-aniversario\/#primaryimage\",\"url\":\"https:\/\/downgalicia.org\/wp-content\/uploads\/2025\/06\/Down-Coruna_Concerto-Solidario-5.jpg\",\"contentUrl\":\"https:\/\/downgalicia.org\/wp-content\/uploads\/2025\/06\/Down-Coruna_Concerto-Solidario-5.jpg\",\"width\":980,\"height\":680},{\"@type\":\"BreadcrumbList\",\"@id\":\"https:\/\/downgalicia.org\/es\/down-coruna-organiza-un-concierto-solidario-para-celebrar-su-25-aniversario\/#breadcrumb\",\"itemListElement\":[{\"@type\":\"ListItem\",\"position\":1,\"name\":\"Portada\",\"item\":\"https:\/\/downgalicia.org\/es\/\"},{\"@type\":\"ListItem\",\"position\":2,\"name\":\"Down Coru\u00f1a organiza un concierto solidario para celebrar su 25 aniversario\"}]},{\"@type\":\"WebSite\",\"@id\":\"https:\/\/downgalicia.org\/es\/#website\",\"url\":\"https:\/\/downgalicia.org\/es\/\",\"name\":\"Federaci\u00f3n Down Galicia\",\"description\":\"Apoio a persoas con S\u00edndrome de Down\",\"publisher\":{\"@id\":\"https:\/\/downgalicia.org\/es\/#organization\"},\"potentialAction\":[{\"@type\":\"SearchAction\",\"target\":{\"@type\":\"EntryPoint\",\"urlTemplate\":\"https:\/\/downgalicia.org\/es\/?s={search_term_string}\"},\"query-input\":{\"@type\":\"PropertyValueSpecification\",\"valueRequired\":true,\"valueName\":\"search_term_string\"}}],\"inLanguage\":\"es\"},{\"@type\":\"Organization\",\"@id\":\"https:\/\/downgalicia.org\/es\/#organization\",\"name\":\"Federaci\u00f3n Down Galicia\",\"url\":\"https:\/\/downgalicia.org\/es\/\",\"logo\":{\"@type\":\"ImageObject\",\"inLanguage\":\"es\",\"@id\":\"https:\/\/downgalicia.org\/es\/#\/schema\/logo\/image\/\",\"url\":\"https:\/\/downgalicia.org\/wp-content\/uploads\/2024\/07\/logo-sindrome-down-color.svg\",\"contentUrl\":\"https:\/\/downgalicia.org\/wp-content\/uploads\/2024\/07\/logo-sindrome-down-color.svg\",\"width\":271,\"height\":88,\"caption\":\"Federaci\u00f3n Down Galicia\"},\"image\":{\"@id\":\"https:\/\/downgalicia.org\/es\/#\/schema\/logo\/image\/\"}},{\"@type\":\"Person\",\"@id\":\"https:\/\/downgalicia.org\/es\/#\/schema\/person\/317730a00185114c76a219b94bddef15\",\"name\":\"produccion@visualpublinet.com\",\"image\":{\"@type\":\"ImageObject\",\"inLanguage\":\"es\",\"@id\":\"https:\/\/downgalicia.org\/es\/#\/schema\/person\/image\/\",\"url\":\"https:\/\/secure.gravatar.com\/avatar\/282ee20c78c1b1137175d4ab9f75785d8c239d499b1376df3ba16efa213b7b10?s=96&d=mm&r=g\",\"contentUrl\":\"https:\/\/secure.gravatar.com\/avatar\/282ee20c78c1b1137175d4ab9f75785d8c239d499b1376df3ba16efa213b7b10?s=96&d=mm&r=g\",\"caption\":\"produccion@visualpublinet.com\"},\"sameAs\":[\"https:\/\/downgalicia.org\"],\"url\":\"https:\/\/downgalicia.org\/es\/author\/produccionvisualpublinet-com\/\"}]}<\/script>\n<!-- \/ Yoast SEO plugin. -->","yoast_head_json":{"title":"Down Coru\u00f1a organiza un concierto solidario para celebrar su 25 aniversario &#8226; Federaci\u00f3n Down Galicia","robots":{"index":"index","follow":"follow","max-snippet":"max-snippet:-1","max-image-preview":"max-image-preview:large","max-video-preview":"max-video-preview:-1"},"canonical":"https:\/\/downgalicia.org\/es\/down-coruna-organiza-un-concierto-solidario-para-celebrar-su-25-aniversario\/","og_locale":"es_ES","og_type":"article","og_title":"Down Coru\u00f1a organiza un concierto solidario para celebrar su 25 aniversario &#8226; Federaci\u00f3n Down Galicia","og_description":"&nbsp; La asociaci\u00f3n Down Coru\u00f1a celebra este a\u00f1o su 25 aniversario. Un cuarto de siglo trabajando por la inclusi\u00f3n, la autonom\u00eda y el bienestar de las personas con s\u00edndrome de Down y otras discapacidades intelectuales. Para celebrarlo, la entidad ha...","og_url":"https:\/\/downgalicia.org\/es\/down-coruna-organiza-un-concierto-solidario-para-celebrar-su-25-aniversario\/","og_site_name":"Federaci\u00f3n Down Galicia","article_published_time":"2025-02-21T07:22:58+00:00","og_image":[{"width":980,"height":680,"url":"https:\/\/downgalicia.org\/wp-content\/uploads\/2025\/06\/Down-Coruna_Concerto-Solidario-5.jpg","type":"image\/jpeg"}],"author":"produccion@visualpublinet.com","twitter_card":"summary_large_image","twitter_misc":{"Escrito por":"produccion@visualpublinet.com","Tiempo de lectura":"1 minuto"},"schema":{"@context":"https:\/\/schema.org","@graph":[{"@type":"Article","@id":"https:\/\/downgalicia.org\/es\/down-coruna-organiza-un-concierto-solidario-para-celebrar-su-25-aniversario\/#article","isPartOf":{"@id":"https:\/\/downgalicia.org\/es\/down-coruna-organiza-un-concierto-solidario-para-celebrar-su-25-aniversario\/"},"author":{"name":"produccion@visualpublinet.com","@id":"https:\/\/downgalicia.org\/es\/#\/schema\/person\/317730a00185114c76a219b94bddef15"},"headline":"Down Coru\u00f1a organiza un concierto solidario para celebrar su 25 aniversario","datePublished":"2025-02-21T07:22:58+00:00","mainEntityOfPage":{"@id":"https:\/\/downgalicia.org\/es\/down-coruna-organiza-un-concierto-solidario-para-celebrar-su-25-aniversario\/"},"wordCount":295,"publisher":{"@id":"https:\/\/downgalicia.org\/es\/#organization"},"image":{"@id":"https:\/\/downgalicia.org\/es\/down-coruna-organiza-un-concierto-solidario-para-celebrar-su-25-aniversario\/#primaryimage"},"thumbnailUrl":"https:\/\/downgalicia.org\/wp-content\/uploads\/2025\/06\/Down-Coruna_Concerto-Solidario-5.jpg","articleSection":["Down Coru\u00f1a","Noticias del Movimiento Down"],"inLanguage":"es"},{"@type":"WebPage","@id":"https:\/\/downgalicia.org\/es\/down-coruna-organiza-un-concierto-solidario-para-celebrar-su-25-aniversario\/","url":"https:\/\/downgalicia.org\/es\/down-coruna-organiza-un-concierto-solidario-para-celebrar-su-25-aniversario\/","name":"Down Coru\u00f1a organiza un concierto solidario para celebrar su 25 aniversario &#8226; Federaci\u00f3n Down Galicia","isPartOf":{"@id":"https:\/\/downgalicia.org\/es\/#website"},"primaryImageOfPage":{"@id":"https:\/\/downgalicia.org\/es\/down-coruna-organiza-un-concierto-solidario-para-celebrar-su-25-aniversario\/#primaryimage"},"image":{"@id":"https:\/\/downgalicia.org\/es\/down-coruna-organiza-un-concierto-solidario-para-celebrar-su-25-aniversario\/#primaryimage"},"thumbnailUrl":"https:\/\/downgalicia.org\/wp-content\/uploads\/2025\/06\/Down-Coruna_Concerto-Solidario-5.jpg","datePublished":"2025-02-21T07:22:58+00:00","breadcrumb":{"@id":"https:\/\/downgalicia.org\/es\/down-coruna-organiza-un-concierto-solidario-para-celebrar-su-25-aniversario\/#breadcrumb"},"inLanguage":"es","potentialAction":[{"@type":"ReadAction","target":["https:\/\/downgalicia.org\/es\/down-coruna-organiza-un-concierto-solidario-para-celebrar-su-25-aniversario\/"]}]},{"@type":"ImageObject","inLanguage":"es","@id":"https:\/\/downgalicia.org\/es\/down-coruna-organiza-un-concierto-solidario-para-celebrar-su-25-aniversario\/#primaryimage","url":"https:\/\/downgalicia.org\/wp-content\/uploads\/2025\/06\/Down-Coruna_Concerto-Solidario-5.jpg","contentUrl":"https:\/\/downgalicia.org\/wp-content\/uploads\/2025\/06\/Down-Coruna_Concerto-Solidario-5.jpg","width":980,"height":680},{"@type":"BreadcrumbList","@id":"https:\/\/downgalicia.org\/es\/down-coruna-organiza-un-concierto-solidario-para-celebrar-su-25-aniversario\/#breadcrumb","itemListElement":[{"@type":"ListItem","position":1,"name":"Portada","item":"https:\/\/downgalicia.org\/es\/"},{"@type":"ListItem","position":2,"name":"Down Coru\u00f1a organiza un concierto solidario para celebrar su 25 aniversario"}]},{"@type":"WebSite","@id":"https:\/\/downgalicia.org\/es\/#website","url":"https:\/\/downgalicia.org\/es\/","name":"Federaci\u00f3n Down Galicia","description":"Apoio a persoas con S\u00edndrome de Down","publisher":{"@id":"https:\/\/downgalicia.org\/es\/#organization"},"potentialAction":[{"@type":"SearchAction","target":{"@type":"EntryPoint","urlTemplate":"https:\/\/downgalicia.org\/es\/?s={search_term_string}"},"query-input":{"@type":"PropertyValueSpecification","valueRequired":true,"valueName":"search_term_string"}}],"inLanguage":"es"},{"@type":"Organization","@id":"https:\/\/downgalicia.org\/es\/#organization","name":"Federaci\u00f3n Down Galicia","url":"https:\/\/downgalicia.org\/es\/","logo":{"@type":"ImageObject","inLanguage":"es","@id":"https:\/\/downgalicia.org\/es\/#\/schema\/logo\/image\/","url":"https:\/\/downgalicia.org\/wp-content\/uploads\/2024\/07\/logo-sindrome-down-color.svg","contentUrl":"https:\/\/downgalicia.org\/wp-content\/uploads\/2024\/07\/logo-sindrome-down-color.svg","width":271,"height":88,"caption":"Federaci\u00f3n Down Galicia"},"image":{"@id":"https:\/\/downgalicia.org\/es\/#\/schema\/logo\/image\/"}},{"@type":"Person","@id":"https:\/\/downgalicia.org\/es\/#\/schema\/person\/317730a00185114c76a219b94bddef15","name":"produccion@visualpublinet.com","image":{"@type":"ImageObject","inLanguage":"es","@id":"https:\/\/downgalicia.org\/es\/#\/schema\/person\/image\/","url":"https:\/\/secure.gravatar.com\/avatar\/282ee20c78c1b1137175d4ab9f75785d8c239d499b1376df3ba16efa213b7b10?s=96&d=mm&r=g","contentUrl":"https:\/\/secure.gravatar.com\/avatar\/282ee20c78c1b1137175d4ab9f75785d8c239d499b1376df3ba16efa213b7b10?s=96&d=mm&r=g","caption":"produccion@visualpublinet.com"},"sameAs":["https:\/\/downgalicia.org"],"url":"https:\/\/downgalicia.org\/es\/author\/produccionvisualpublinet-com\/"}]}},"_links":{"self":[{"href":"https:\/\/downgalicia.org\/es\/wp-json\/wp\/v2\/posts\/4162","targetHints":{"allow":["GET"]}}],"collection":[{"href":"https:\/\/downgalicia.org\/es\/wp-json\/wp\/v2\/posts"}],"about":[{"href":"https:\/\/downgalicia.org\/es\/wp-json\/wp\/v2\/types\/post"}],"author":[{"embeddable":true,"href":"https:\/\/downgalicia.org\/es\/wp-json\/wp\/v2\/users\/1"}],"replies":[{"embeddable":true,"href":"https:\/\/downgalicia.org\/es\/wp-json\/wp\/v2\/comments?post=4162"}],"version-history":[{"count":0,"href":"https:\/\/downgalicia.org\/es\/wp-json\/wp\/v2\/posts\/4162\/revisions"}],"wp:featuredmedia":[{"embeddable":true,"href":"https:\/\/downgalicia.org\/es\/wp-json\/wp\/v2\/media\/4163"}],"wp:attachment":[{"href":"https:\/\/downgalicia.org\/es\/wp-json\/wp\/v2\/media?parent=4162"}],"wp:term":[{"taxonomy":"category","embeddable":true,"href":"https:\/\/downgalicia.org\/es\/wp-json\/wp\/v2\/categories?post=4162"},{"taxonomy":"post_tag","embeddable":true,"href":"https:\/\/downgalicia.org\/es\/wp-json\/wp\/v2\/tags?post=4162"}],"curies":[{"name":"wp","href":"https:\/\/api.w.org\/{rel}","templated":true}]}}