{"id":4391,"date":"2024-05-16T12:17:27","date_gmt":"2024-05-16T10:17:27","guid":{"rendered":"http:\/\/downgalicia.org.136-144-253-96.136-144-253-96.visualpublinet.com\/down-vigo-deslumbra-vigo-porte\/"},"modified":"2024-05-16T12:17:27","modified_gmt":"2024-05-16T10:17:27","slug":"down-vigo-deslumbra-vigo-porte","status":"publish","type":"post","link":"https:\/\/downgalicia.org\/es\/down-vigo-deslumbra-vigo-porte\/","title":{"rendered":"Down Vigo pone en pie al auditorio Mar de Vigo con su obra \u201cLa Sirena\u201d"},"content":{"rendered":"<p>&nbsp;<\/p>\n<p>Hace tan solo unas semanas, cuatro personas usuarias de la asociaci\u00f3n Down Vigo y varias profesionales de la entidad interpretaron la obra \u201cLa Sirena\u201d en la gran final de la 12\u00aa edici\u00f3n de Vigo Port\u00e9, el evento internacional de referencia de disciplinas de baile.<\/p>\n<p>Adri\u00e1n Dacu\u00f1a, Luana Otero, Mar\u00eda Centeno y Tamara Carballa ofrecieron una magn\u00edfica exhibici\u00f3n previa a la Gran Final con la que pusieron en pie a todo el auditorio. Bajo la direcci\u00f3n de Erick Alexander Corrente, t\u00e9cnico de musicoterapia de la entidad, desarrollaron una obra danc\u00edstica cuya tem\u00e1tica fue el amor no correspondido.<\/p>\n<p>&nbsp;<\/p>\n<p><strong>Vigo Port\u00e9 2024<\/strong><\/p>\n<p>Vigo Port\u00e9 es un evento Internacional de Disciplinas de Baile que este a\u00f1o celebr\u00f3 su duod\u00e9cima edici\u00f3n presencial en el Auditorio Mar de Vigo. De media, se estima que m\u00e1s de 8.000 personas asistieron como p\u00fablico durante todo el fin de semana.\u00a0En esta edici\u00f3n, la escuela de danza viguesa Media Punta se convirti\u00f3 en la ganadora del Premio Vigo Port\u00e9 2024, con su coreograf\u00eda Red Jazz.<\/p>\n<p>El car\u00e1cter del evento es internacional, con presencia de participantes de Espa\u00f1a, Portugal, Francia, Chile y Venezuela. Es considerado uno de los eventos de danza m\u00e1s importantes de Europa, tanto por parte de miembros del jurado, como por las propias personas participantes, que suelen asistir a eventos en otros pa\u00edses, y califican como superior la calidad y organizaci\u00f3n de Vigo Port\u00e9.<\/p>\n<p><strong>Agradecemos de manera especial a Vigo Port\u00e9<\/strong>\u00a0su compromiso con visibilizar la inclusi\u00f3n real y\u00a0<strong>la oportunidad de demostrar que las disciplinas art\u00edsticas pueden ser una salida profesional<\/strong>\u00a0para las personas con s\u00edndrome de Down y otras discapacidades intelectuales.<\/p>\n","protected":false},"excerpt":{"rendered":"<p>&nbsp; Hace tan solo unas semanas, cuatro personas usuarias de la asociaci\u00f3n Down Vigo y varias profesionales de la entidad interpretaron la obra \u201cLa Sirena\u201d en la gran final de la 12\u00aa edici\u00f3n de Vigo Port\u00e9, el evento internacional de&#8230;<\/p>\n","protected":false},"author":1,"featured_media":4392,"comment_status":"closed","ping_status":"closed","sticky":false,"template":"","format":"standard","meta":{"_acf_changed":false,"give_campaign_id":0,"footnotes":""},"categories":[128,71,117],"tags":[],"class_list":["post-4391","post","type-post","status-publish","format-standard","has-post-thumbnail","hentry","category-down-vigo-hemeroteca-es","category-noticias-sindrome-de-down-es","category-ocio-e-tempo-de-lecer-hemeroteca-es"],"acf":[],"yoast_head":"<!-- This site is optimized with the Yoast SEO plugin v25.3.1 - https:\/\/yoast.com\/wordpress\/plugins\/seo\/ -->\n<title>Down Vigo pone en pie al auditorio Mar de Vigo con su obra \u201cLa Sirena\u201d &#8226; Federaci\u00f3n Down Galicia<\/title>\n<meta name=\"robots\" content=\"index, follow, max-snippet:-1, max-image-preview:large, max-video-preview:-1\" \/>\n<link rel=\"canonical\" href=\"https:\/\/downgalicia.org\/es\/down-vigo-deslumbra-vigo-porte\/\" \/>\n<meta property=\"og:locale\" content=\"es_ES\" \/>\n<meta property=\"og:type\" content=\"article\" \/>\n<meta property=\"og:title\" content=\"Down Vigo pone en pie al auditorio Mar de Vigo con su obra \u201cLa Sirena\u201d &#8226; Federaci\u00f3n Down Galicia\" \/>\n<meta property=\"og:description\" content=\"&nbsp; Hace tan solo unas semanas, cuatro personas usuarias de la asociaci\u00f3n Down Vigo y varias profesionales de la entidad interpretaron la obra \u201cLa Sirena\u201d en la gran final de la 12\u00aa edici\u00f3n de Vigo Port\u00e9, el evento internacional de...\" \/>\n<meta property=\"og:url\" content=\"https:\/\/downgalicia.org\/es\/down-vigo-deslumbra-vigo-porte\/\" \/>\n<meta property=\"og:site_name\" content=\"Federaci\u00f3n Down Galicia\" \/>\n<meta property=\"article:published_time\" content=\"2024-05-16T10:17:27+00:00\" \/>\n<meta property=\"og:image\" content=\"https:\/\/downgalicia.org\/wp-content\/uploads\/2025\/06\/Down-Vigo_Obra-teatro-8.jpg\" \/>\n\t<meta property=\"og:image:width\" content=\"980\" \/>\n\t<meta property=\"og:image:height\" content=\"680\" \/>\n\t<meta property=\"og:image:type\" content=\"image\/jpeg\" \/>\n<meta name=\"author\" content=\"produccion@visualpublinet.com\" \/>\n<meta name=\"twitter:card\" content=\"summary_large_image\" \/>\n<meta name=\"twitter:label1\" content=\"Escrito por\" \/>\n\t<meta name=\"twitter:data1\" content=\"produccion@visualpublinet.com\" \/>\n\t<meta name=\"twitter:label2\" content=\"Tiempo de lectura\" \/>\n\t<meta name=\"twitter:data2\" content=\"1 minuto\" \/>\n<script type=\"application\/ld+json\" class=\"yoast-schema-graph\">{\"@context\":\"https:\/\/schema.org\",\"@graph\":[{\"@type\":\"Article\",\"@id\":\"https:\/\/downgalicia.org\/es\/down-vigo-deslumbra-vigo-porte\/#article\",\"isPartOf\":{\"@id\":\"https:\/\/downgalicia.org\/es\/down-vigo-deslumbra-vigo-porte\/\"},\"author\":{\"name\":\"produccion@visualpublinet.com\",\"@id\":\"https:\/\/downgalicia.org\/es\/#\/schema\/person\/317730a00185114c76a219b94bddef15\"},\"headline\":\"Down Vigo pone en pie al auditorio Mar de Vigo con su obra \u201cLa Sirena\u201d\",\"datePublished\":\"2024-05-16T10:17:27+00:00\",\"mainEntityOfPage\":{\"@id\":\"https:\/\/downgalicia.org\/es\/down-vigo-deslumbra-vigo-porte\/\"},\"wordCount\":305,\"publisher\":{\"@id\":\"https:\/\/downgalicia.org\/es\/#organization\"},\"image\":{\"@id\":\"https:\/\/downgalicia.org\/es\/down-vigo-deslumbra-vigo-porte\/#primaryimage\"},\"thumbnailUrl\":\"https:\/\/downgalicia.org\/wp-content\/uploads\/2025\/06\/Down-Vigo_Obra-teatro-8.jpg\",\"articleSection\":[\"Down Vigo\",\"Noticias del Movimiento Down\",\"Ocio e tempo de lecer\"],\"inLanguage\":\"es\"},{\"@type\":\"WebPage\",\"@id\":\"https:\/\/downgalicia.org\/es\/down-vigo-deslumbra-vigo-porte\/\",\"url\":\"https:\/\/downgalicia.org\/es\/down-vigo-deslumbra-vigo-porte\/\",\"name\":\"Down Vigo pone en pie al auditorio Mar de Vigo con su obra \u201cLa Sirena\u201d &#8226; Federaci\u00f3n Down Galicia\",\"isPartOf\":{\"@id\":\"https:\/\/downgalicia.org\/es\/#website\"},\"primaryImageOfPage\":{\"@id\":\"https:\/\/downgalicia.org\/es\/down-vigo-deslumbra-vigo-porte\/#primaryimage\"},\"image\":{\"@id\":\"https:\/\/downgalicia.org\/es\/down-vigo-deslumbra-vigo-porte\/#primaryimage\"},\"thumbnailUrl\":\"https:\/\/downgalicia.org\/wp-content\/uploads\/2025\/06\/Down-Vigo_Obra-teatro-8.jpg\",\"datePublished\":\"2024-05-16T10:17:27+00:00\",\"breadcrumb\":{\"@id\":\"https:\/\/downgalicia.org\/es\/down-vigo-deslumbra-vigo-porte\/#breadcrumb\"},\"inLanguage\":\"es\",\"potentialAction\":[{\"@type\":\"ReadAction\",\"target\":[\"https:\/\/downgalicia.org\/es\/down-vigo-deslumbra-vigo-porte\/\"]}]},{\"@type\":\"ImageObject\",\"inLanguage\":\"es\",\"@id\":\"https:\/\/downgalicia.org\/es\/down-vigo-deslumbra-vigo-porte\/#primaryimage\",\"url\":\"https:\/\/downgalicia.org\/wp-content\/uploads\/2025\/06\/Down-Vigo_Obra-teatro-8.jpg\",\"contentUrl\":\"https:\/\/downgalicia.org\/wp-content\/uploads\/2025\/06\/Down-Vigo_Obra-teatro-8.jpg\",\"width\":980,\"height\":680},{\"@type\":\"BreadcrumbList\",\"@id\":\"https:\/\/downgalicia.org\/es\/down-vigo-deslumbra-vigo-porte\/#breadcrumb\",\"itemListElement\":[{\"@type\":\"ListItem\",\"position\":1,\"name\":\"Portada\",\"item\":\"https:\/\/downgalicia.org\/es\/\"},{\"@type\":\"ListItem\",\"position\":2,\"name\":\"Down Vigo pone en pie al auditorio Mar de Vigo con su obra \u201cLa Sirena\u201d\"}]},{\"@type\":\"WebSite\",\"@id\":\"https:\/\/downgalicia.org\/es\/#website\",\"url\":\"https:\/\/downgalicia.org\/es\/\",\"name\":\"Federaci\u00f3n Down Galicia\",\"description\":\"Apoio a persoas con S\u00edndrome de Down\",\"publisher\":{\"@id\":\"https:\/\/downgalicia.org\/es\/#organization\"},\"potentialAction\":[{\"@type\":\"SearchAction\",\"target\":{\"@type\":\"EntryPoint\",\"urlTemplate\":\"https:\/\/downgalicia.org\/es\/?s={search_term_string}\"},\"query-input\":{\"@type\":\"PropertyValueSpecification\",\"valueRequired\":true,\"valueName\":\"search_term_string\"}}],\"inLanguage\":\"es\"},{\"@type\":\"Organization\",\"@id\":\"https:\/\/downgalicia.org\/es\/#organization\",\"name\":\"Federaci\u00f3n Down Galicia\",\"url\":\"https:\/\/downgalicia.org\/es\/\",\"logo\":{\"@type\":\"ImageObject\",\"inLanguage\":\"es\",\"@id\":\"https:\/\/downgalicia.org\/es\/#\/schema\/logo\/image\/\",\"url\":\"https:\/\/downgalicia.org\/wp-content\/uploads\/2024\/07\/logo-sindrome-down-color.svg\",\"contentUrl\":\"https:\/\/downgalicia.org\/wp-content\/uploads\/2024\/07\/logo-sindrome-down-color.svg\",\"width\":271,\"height\":88,\"caption\":\"Federaci\u00f3n Down Galicia\"},\"image\":{\"@id\":\"https:\/\/downgalicia.org\/es\/#\/schema\/logo\/image\/\"}},{\"@type\":\"Person\",\"@id\":\"https:\/\/downgalicia.org\/es\/#\/schema\/person\/317730a00185114c76a219b94bddef15\",\"name\":\"produccion@visualpublinet.com\",\"image\":{\"@type\":\"ImageObject\",\"inLanguage\":\"es\",\"@id\":\"https:\/\/downgalicia.org\/es\/#\/schema\/person\/image\/\",\"url\":\"https:\/\/secure.gravatar.com\/avatar\/282ee20c78c1b1137175d4ab9f75785d8c239d499b1376df3ba16efa213b7b10?s=96&d=mm&r=g\",\"contentUrl\":\"https:\/\/secure.gravatar.com\/avatar\/282ee20c78c1b1137175d4ab9f75785d8c239d499b1376df3ba16efa213b7b10?s=96&d=mm&r=g\",\"caption\":\"produccion@visualpublinet.com\"},\"sameAs\":[\"https:\/\/downgalicia.org\"],\"url\":\"https:\/\/downgalicia.org\/es\/author\/produccionvisualpublinet-com\/\"}]}<\/script>\n<!-- \/ Yoast SEO plugin. -->","yoast_head_json":{"title":"Down Vigo pone en pie al auditorio Mar de Vigo con su obra \u201cLa Sirena\u201d &#8226; Federaci\u00f3n Down Galicia","robots":{"index":"index","follow":"follow","max-snippet":"max-snippet:-1","max-image-preview":"max-image-preview:large","max-video-preview":"max-video-preview:-1"},"canonical":"https:\/\/downgalicia.org\/es\/down-vigo-deslumbra-vigo-porte\/","og_locale":"es_ES","og_type":"article","og_title":"Down Vigo pone en pie al auditorio Mar de Vigo con su obra \u201cLa Sirena\u201d &#8226; Federaci\u00f3n Down Galicia","og_description":"&nbsp; Hace tan solo unas semanas, cuatro personas usuarias de la asociaci\u00f3n Down Vigo y varias profesionales de la entidad interpretaron la obra \u201cLa Sirena\u201d en la gran final de la 12\u00aa edici\u00f3n de Vigo Port\u00e9, el evento internacional de...","og_url":"https:\/\/downgalicia.org\/es\/down-vigo-deslumbra-vigo-porte\/","og_site_name":"Federaci\u00f3n Down Galicia","article_published_time":"2024-05-16T10:17:27+00:00","og_image":[{"width":980,"height":680,"url":"https:\/\/downgalicia.org\/wp-content\/uploads\/2025\/06\/Down-Vigo_Obra-teatro-8.jpg","type":"image\/jpeg"}],"author":"produccion@visualpublinet.com","twitter_card":"summary_large_image","twitter_misc":{"Escrito por":"produccion@visualpublinet.com","Tiempo de lectura":"1 minuto"},"schema":{"@context":"https:\/\/schema.org","@graph":[{"@type":"Article","@id":"https:\/\/downgalicia.org\/es\/down-vigo-deslumbra-vigo-porte\/#article","isPartOf":{"@id":"https:\/\/downgalicia.org\/es\/down-vigo-deslumbra-vigo-porte\/"},"author":{"name":"produccion@visualpublinet.com","@id":"https:\/\/downgalicia.org\/es\/#\/schema\/person\/317730a00185114c76a219b94bddef15"},"headline":"Down Vigo pone en pie al auditorio Mar de Vigo con su obra \u201cLa Sirena\u201d","datePublished":"2024-05-16T10:17:27+00:00","mainEntityOfPage":{"@id":"https:\/\/downgalicia.org\/es\/down-vigo-deslumbra-vigo-porte\/"},"wordCount":305,"publisher":{"@id":"https:\/\/downgalicia.org\/es\/#organization"},"image":{"@id":"https:\/\/downgalicia.org\/es\/down-vigo-deslumbra-vigo-porte\/#primaryimage"},"thumbnailUrl":"https:\/\/downgalicia.org\/wp-content\/uploads\/2025\/06\/Down-Vigo_Obra-teatro-8.jpg","articleSection":["Down Vigo","Noticias del Movimiento Down","Ocio e tempo de lecer"],"inLanguage":"es"},{"@type":"WebPage","@id":"https:\/\/downgalicia.org\/es\/down-vigo-deslumbra-vigo-porte\/","url":"https:\/\/downgalicia.org\/es\/down-vigo-deslumbra-vigo-porte\/","name":"Down Vigo pone en pie al auditorio Mar de Vigo con su obra \u201cLa Sirena\u201d &#8226; Federaci\u00f3n Down Galicia","isPartOf":{"@id":"https:\/\/downgalicia.org\/es\/#website"},"primaryImageOfPage":{"@id":"https:\/\/downgalicia.org\/es\/down-vigo-deslumbra-vigo-porte\/#primaryimage"},"image":{"@id":"https:\/\/downgalicia.org\/es\/down-vigo-deslumbra-vigo-porte\/#primaryimage"},"thumbnailUrl":"https:\/\/downgalicia.org\/wp-content\/uploads\/2025\/06\/Down-Vigo_Obra-teatro-8.jpg","datePublished":"2024-05-16T10:17:27+00:00","breadcrumb":{"@id":"https:\/\/downgalicia.org\/es\/down-vigo-deslumbra-vigo-porte\/#breadcrumb"},"inLanguage":"es","potentialAction":[{"@type":"ReadAction","target":["https:\/\/downgalicia.org\/es\/down-vigo-deslumbra-vigo-porte\/"]}]},{"@type":"ImageObject","inLanguage":"es","@id":"https:\/\/downgalicia.org\/es\/down-vigo-deslumbra-vigo-porte\/#primaryimage","url":"https:\/\/downgalicia.org\/wp-content\/uploads\/2025\/06\/Down-Vigo_Obra-teatro-8.jpg","contentUrl":"https:\/\/downgalicia.org\/wp-content\/uploads\/2025\/06\/Down-Vigo_Obra-teatro-8.jpg","width":980,"height":680},{"@type":"BreadcrumbList","@id":"https:\/\/downgalicia.org\/es\/down-vigo-deslumbra-vigo-porte\/#breadcrumb","itemListElement":[{"@type":"ListItem","position":1,"name":"Portada","item":"https:\/\/downgalicia.org\/es\/"},{"@type":"ListItem","position":2,"name":"Down Vigo pone en pie al auditorio Mar de Vigo con su obra \u201cLa Sirena\u201d"}]},{"@type":"WebSite","@id":"https:\/\/downgalicia.org\/es\/#website","url":"https:\/\/downgalicia.org\/es\/","name":"Federaci\u00f3n Down Galicia","description":"Apoio a persoas con S\u00edndrome de Down","publisher":{"@id":"https:\/\/downgalicia.org\/es\/#organization"},"potentialAction":[{"@type":"SearchAction","target":{"@type":"EntryPoint","urlTemplate":"https:\/\/downgalicia.org\/es\/?s={search_term_string}"},"query-input":{"@type":"PropertyValueSpecification","valueRequired":true,"valueName":"search_term_string"}}],"inLanguage":"es"},{"@type":"Organization","@id":"https:\/\/downgalicia.org\/es\/#organization","name":"Federaci\u00f3n Down Galicia","url":"https:\/\/downgalicia.org\/es\/","logo":{"@type":"ImageObject","inLanguage":"es","@id":"https:\/\/downgalicia.org\/es\/#\/schema\/logo\/image\/","url":"https:\/\/downgalicia.org\/wp-content\/uploads\/2024\/07\/logo-sindrome-down-color.svg","contentUrl":"https:\/\/downgalicia.org\/wp-content\/uploads\/2024\/07\/logo-sindrome-down-color.svg","width":271,"height":88,"caption":"Federaci\u00f3n Down Galicia"},"image":{"@id":"https:\/\/downgalicia.org\/es\/#\/schema\/logo\/image\/"}},{"@type":"Person","@id":"https:\/\/downgalicia.org\/es\/#\/schema\/person\/317730a00185114c76a219b94bddef15","name":"produccion@visualpublinet.com","image":{"@type":"ImageObject","inLanguage":"es","@id":"https:\/\/downgalicia.org\/es\/#\/schema\/person\/image\/","url":"https:\/\/secure.gravatar.com\/avatar\/282ee20c78c1b1137175d4ab9f75785d8c239d499b1376df3ba16efa213b7b10?s=96&d=mm&r=g","contentUrl":"https:\/\/secure.gravatar.com\/avatar\/282ee20c78c1b1137175d4ab9f75785d8c239d499b1376df3ba16efa213b7b10?s=96&d=mm&r=g","caption":"produccion@visualpublinet.com"},"sameAs":["https:\/\/downgalicia.org"],"url":"https:\/\/downgalicia.org\/es\/author\/produccionvisualpublinet-com\/"}]}},"_links":{"self":[{"href":"https:\/\/downgalicia.org\/es\/wp-json\/wp\/v2\/posts\/4391","targetHints":{"allow":["GET"]}}],"collection":[{"href":"https:\/\/downgalicia.org\/es\/wp-json\/wp\/v2\/posts"}],"about":[{"href":"https:\/\/downgalicia.org\/es\/wp-json\/wp\/v2\/types\/post"}],"author":[{"embeddable":true,"href":"https:\/\/downgalicia.org\/es\/wp-json\/wp\/v2\/users\/1"}],"replies":[{"embeddable":true,"href":"https:\/\/downgalicia.org\/es\/wp-json\/wp\/v2\/comments?post=4391"}],"version-history":[{"count":0,"href":"https:\/\/downgalicia.org\/es\/wp-json\/wp\/v2\/posts\/4391\/revisions"}],"wp:featuredmedia":[{"embeddable":true,"href":"https:\/\/downgalicia.org\/es\/wp-json\/wp\/v2\/media\/4392"}],"wp:attachment":[{"href":"https:\/\/downgalicia.org\/es\/wp-json\/wp\/v2\/media?parent=4391"}],"wp:term":[{"taxonomy":"category","embeddable":true,"href":"https:\/\/downgalicia.org\/es\/wp-json\/wp\/v2\/categories?post=4391"},{"taxonomy":"post_tag","embeddable":true,"href":"https:\/\/downgalicia.org\/es\/wp-json\/wp\/v2\/tags?post=4391"}],"curies":[{"name":"wp","href":"https:\/\/api.w.org\/{rel}","templated":true}]}}