{"id":4563,"date":"2024-02-26T13:15:00","date_gmt":"2024-02-26T12:15:00","guid":{"rendered":"http:\/\/downgalicia.org.136-144-253-96.136-144-253-96.visualpublinet.com\/libros-sindrome-down\/"},"modified":"2025-06-19T10:30:27","modified_gmt":"2025-06-19T08:30:27","slug":"libros-sindrome-down","status":"publish","type":"post","link":"https:\/\/downgalicia.org\/es\/libros-sindrome-down\/","title":{"rendered":"Libros sobre s\u00edndrome de Down que merece la pena leer"},"content":{"rendered":"<p><span style=\"font-weight: 400;\">La literatura pone a nuestro alcance historias que no solo entretienen, sino que tambi\u00e9n nos permiten sumergirnos en experiencias\u00a0 enriquecedoras e incluso did\u00e1cticas. Si hablamos de <\/span><b>libros sobre s\u00edndrome de Down<\/b><span style=\"font-weight: 400;\">, existen numerosas obras que pueden ser de ayuda a la hora de convivir con esta condici\u00f3n y derribar <\/span><a href=\"https:\/\/docs.google.com\/document\/d\/10vQBwehdhAHIo8UfOsFx3BwqqKtJpJtL2fEmk639Z-0\/edit#heading=h.9777n3cxblnd\"><span style=\"font-weight: 400;\">mitos y prejuicios<\/span><\/a><span style=\"font-weight: 400;\">. Desde cuentos infantiles para ni\u00f1os y ni\u00f1as hasta gu\u00edas e historias inspiradoras para familias, en este art\u00edculo encontrar\u00e1s una selecci\u00f3n de libros actuales que ayudan a explicar el s\u00edndrome de Down desde nuevas perspectivas y <\/span><b>trabajar la empat\u00eda y la compresi\u00f3n.\u00a0<\/b><\/p>\n<h2><span style=\"font-weight: 400;\">Libros infantiles sobre s\u00edndrome de Down<\/span><\/h2>\n<h3><i><span style=\"font-weight: 400;\">Anastasia la valiente<\/span><\/i><span style=\"font-weight: 400;\"> (Manuel Ferrero y Jos\u00e9 Luis Navarro)<\/span><\/h3>\n<p><span style=\"font-weight: 400;\"><img loading=\"lazy\" loading=\"lazy\" decoding=\"async\" class=\"aligncenter wp-image-24772 size-full\" src=\"https:\/\/downgalicia.org\/wp-content\/uploads\/2025\/06\/1-7.jpg\" alt=\"Anastasia la valiente\" width=\"1025\" height=\"684\" srcset=\"https:\/\/downgalicia.org\/wp-content\/uploads\/2025\/06\/1-7.jpg 1025w, https:\/\/downgalicia.org\/wp-content\/uploads\/2025\/06\/1-300x200-2.jpg 300w, https:\/\/downgalicia.org\/wp-content\/uploads\/2025\/06\/1-768x512-2.jpg 768w\" sizes=\"auto, (max-width: 1025px) 100vw, 1025px\" \/><\/span><\/p>\n<p><span style=\"font-weight: 400;\">Manuel Ferrero y Jos\u00e9 Luis Navarro nos cuentan la inspiradora historia de Anastasia, una ni\u00f1a valiente con s\u00edndrome de Down. A trav\u00e9s de las p\u00e1ginas de este libro, los lectores y lectoras descubrir\u00e1n c\u00f3mo Anastasia enfrenta desaf\u00edos y celebra sus \u00e9xitos, promoviendo valores de<\/span><b> autoaceptaci\u00f3n, inclusi\u00f3n y resiliencia.<\/b><\/p>\n<h3><i><span style=\"font-weight: 400;\">3 cromosomas <\/span><\/i><span style=\"font-weight: 400;\">(Yani Le\u00f3n)<\/span><\/h3>\n<p><i><span style=\"font-weight: 400;\"><img loading=\"lazy\" loading=\"lazy\" decoding=\"async\" class=\"aligncenter wp-image-24775 size-full\" src=\"https:\/\/downgalicia.org\/wp-content\/uploads\/2025\/06\/2-4.jpg\" alt=\"3 cromosomas\" width=\"1025\" height=\"684\" srcset=\"https:\/\/downgalicia.org\/wp-content\/uploads\/2025\/06\/2-4.jpg 1025w, https:\/\/downgalicia.org\/wp-content\/uploads\/2025\/06\/2-300x200-2.jpg 300w, https:\/\/downgalicia.org\/wp-content\/uploads\/2025\/06\/2-768x512-2.jpg 768w\" sizes=\"auto, (max-width: 1025px) 100vw, 1025px\" \/><\/span><\/i><\/p>\n<p><i><span style=\"font-weight: 400;\">3 cromosomas<\/span><\/i><span style=\"font-weight: 400;\"> de Yani Le\u00f3n utiliza un <\/span><b>enfoque sencillo y accesible<\/b><span style=\"font-weight: 400;\"> para explicar el s\u00edndrome de Down a los ni\u00f1os y ni\u00f1as. La historia sigue a un protagonista con s\u00edndrome de Down, explorando de manera amorosa y educativa <\/span><b>la singularidad y las fortalezas <\/b><span style=\"font-weight: 400;\">que aporta cada persona a la sociedad.<\/span><\/p>\n<h3><i><span style=\"font-weight: 400;\">Pepita es especial<\/span><\/i><span style=\"font-weight: 400;\"> (Fabiola Arroyo e Irene G. Lenguas)<\/span><\/h3>\n<p><span style=\"font-weight: 400;\"><img loading=\"lazy\" loading=\"lazy\" decoding=\"async\" class=\"aligncenter wp-image-24781 size-full\" src=\"https:\/\/downgalicia.org\/wp-content\/uploads\/2025\/06\/4-4.jpg\" alt=\"Pepita es especial\" width=\"1025\" height=\"684\" srcset=\"https:\/\/downgalicia.org\/wp-content\/uploads\/2025\/06\/4-4.jpg 1025w, https:\/\/downgalicia.org\/wp-content\/uploads\/2025\/06\/4-300x200-2.jpg 300w, https:\/\/downgalicia.org\/wp-content\/uploads\/2025\/06\/4-768x512-2.jpg 768w\" sizes=\"auto, (max-width: 1025px) 100vw, 1025px\" \/><\/span><\/p>\n<p><span style=\"font-weight: 400;\">En <\/span><i><span style=\"font-weight: 400;\">Pepita es especial<\/span><\/i><span style=\"font-weight: 400;\">, Fabiola Arroyo e Irene G. Lenguas presentan la historia de Pepita, una ni\u00f1a con s\u00edndrome de Down. El libro explora la vida cotidiana de Pepita y destaca sus <\/span><b>talentos y singularidades<\/b><span style=\"font-weight: 400;\">, fomentando la aceptaci\u00f3n y la comprensi\u00f3n en los lectores y lectoras m\u00e1s j\u00f3venes.<\/span><\/p>\n<h3><i><span style=\"font-weight: 400;\">Carlota, Marieta y el cofre de las ideas <\/span><\/i><span style=\"font-weight: 400;\">(Sara M\u00aa P\u00e9rez Picarzo)<\/span><\/h3>\n<p><span style=\"font-weight: 400;\"><img loading=\"lazy\" loading=\"lazy\" decoding=\"async\" class=\"aligncenter wp-image-24778 size-full\" src=\"https:\/\/downgalicia.org\/wp-content\/uploads\/2025\/06\/3-4.jpg\" alt=\"Carlota, Marieta y el cofre de las ideas\" width=\"1025\" height=\"684\" srcset=\"https:\/\/downgalicia.org\/wp-content\/uploads\/2025\/06\/3-4.jpg 1025w, https:\/\/downgalicia.org\/wp-content\/uploads\/2025\/06\/3-300x200-2.jpg 300w, https:\/\/downgalicia.org\/wp-content\/uploads\/2025\/06\/3-768x512-2.jpg 768w\" sizes=\"auto, (max-width: 1025px) 100vw, 1025px\" \/><\/span><\/p>\n<p><span style=\"font-weight: 400;\">Un entra\u00f1able cuento <\/span><b>sobre la amistad y la imaginaci\u00f3n en la infancia<\/b><span style=\"font-weight: 400;\">, a trav\u00e9s de la historia de Carlota y Marieta, dos amigas que van juntas a un colegio inclusivo en el que ni\u00f1os y ni\u00f1as con y sin discapacidad aprenden juntos. Una de ellas es zurda y al\u00e9rgica al gluten, mientras que la otra tiene s\u00edndrome de Down. Puedes ampliar informaci\u00f3n sobre el libro y leer una entrevista con su autora <\/span><a href=\"https:\/\/www.sindromedown.net\/carlota-marieta-y-el-cofre-de-las-ideas-un-cuento-sobre-amistad-e-inclusion\/\"><span style=\"font-weight: 400;\">en este enlace.<\/span><\/a><\/p>\n<h3><i><span style=\"font-weight: 400;\">El mejor hermano contra el bullying <\/span><\/i><span style=\"font-weight: 400;\">(Down Espa\u00f1a)<\/span><\/h3>\n<p><span style=\"font-weight: 400;\"><img loading=\"lazy\" loading=\"lazy\" decoding=\"async\" class=\"aligncenter wp-image-24784 size-full\" src=\"https:\/\/downgalicia.org\/wp-content\/uploads\/2025\/06\/5-4.jpg\" alt=\"El mejor hermano contra el bullying\" width=\"1025\" height=\"684\" srcset=\"https:\/\/downgalicia.org\/wp-content\/uploads\/2025\/06\/5-4.jpg 1025w, https:\/\/downgalicia.org\/wp-content\/uploads\/2025\/06\/5-300x200-2.jpg 300w, https:\/\/downgalicia.org\/wp-content\/uploads\/2025\/06\/5-768x512-2.jpg 768w\" sizes=\"auto, (max-width: 1025px) 100vw, 1025px\" \/><\/span><\/p>\n<p><span style=\"font-weight: 400;\">Este libro en formato c\u00f3mic elaborado por Down Espa\u00f1a en colaboraci\u00f3n con el Ministerio de Derechos Sociales y Agenda 2030 nos sumerge en la historia de un ni\u00f1o y su hermano con s\u00edndrome de Down. Una lectura amena que, adem\u00e1s de explicar lo que es el s\u00edndrome de Down, nos ayuda a<\/span><b> identificar el bullying y c\u00f3mo actuar ante \u00e9l<\/b><span style=\"font-weight: 400;\">. Tambi\u00e9n incluye actividades para que los ni\u00f1os y ni\u00f1as entiendan mejor ambas situaciones.<\/span><\/p>\n<h3><i><span style=\"font-weight: 400;\">Las preguntas de Delfina<\/span><\/i><\/h3>\n<p><span style=\"font-weight: 400;\"><img loading=\"lazy\" loading=\"lazy\" decoding=\"async\" class=\"aligncenter wp-image-24787 size-full\" src=\"https:\/\/downgalicia.org\/wp-content\/uploads\/2025\/06\/6-4.jpg\" alt=\"Las preguntas de Delfina\" width=\"1025\" height=\"684\" srcset=\"https:\/\/downgalicia.org\/wp-content\/uploads\/2025\/06\/6-4.jpg 1025w, https:\/\/downgalicia.org\/wp-content\/uploads\/2025\/06\/6-300x200-2.jpg 300w, https:\/\/downgalicia.org\/wp-content\/uploads\/2025\/06\/6-768x512-2.jpg 768w\" sizes=\"auto, (max-width: 1025px) 100vw, 1025px\" \/><\/span><\/p>\n<p><span style=\"font-weight: 400;\">Marisa Aguirre, psic\u00f3loga y madre de una ni\u00f1a con s\u00edndrome de Down, ha plasmado en este libro las dudas que le planteaba su hija cada noche antes de irse a dormir. Consciente de que, seguramente, las dudas de Delfina las tendr\u00edan tambi\u00e9n otros ni\u00f1os y ni\u00f1as, quiso responder a ellas en <\/span><a href=\"https:\/\/downgalicia.org\/2021\/04\/23\/duas-historias-sobre-sindrome-de-down-e-inclusion-para-conmemorar-o-dia-del-libro\/\"><i><span style=\"font-weight: 400;\">Las preguntas de Delfina<\/span><\/i><\/a><i><span style=\"font-weight: 400;\">,<\/span><\/i><span style=\"font-weight: 400;\"> a medio camino entre libro infantil y gu\u00eda para familias. Una lectura que hace hincapi\u00e9 en los valores de respeto y empat\u00eda que tan importantes son a la hora de educar a futuras personas adultas m\u00e1s concienciadas con su entorno.\u00a0<\/span><\/p>\n<h3><i><span style=\"font-weight: 400;\">Tranquila <\/span><\/i><span style=\"font-weight: 400;\">(Jessica Requena)<\/span><\/h3>\n<p><span style=\"font-weight: 400;\"><img loading=\"lazy\" loading=\"lazy\" decoding=\"async\" class=\"aligncenter wp-image-24790 size-full\" src=\"https:\/\/downgalicia.org\/wp-content\/uploads\/2025\/06\/7-4.jpg\" alt=\"Tranquila\" width=\"1025\" height=\"684\" srcset=\"https:\/\/downgalicia.org\/wp-content\/uploads\/2025\/06\/7-4.jpg 1025w, https:\/\/downgalicia.org\/wp-content\/uploads\/2025\/06\/7-300x200-2.jpg 300w, https:\/\/downgalicia.org\/wp-content\/uploads\/2025\/06\/7-768x512-2.jpg 768w\" sizes=\"auto, (max-width: 1025px) 100vw, 1025px\" \/><\/span><\/p>\n<p><span style=\"font-weight: 400;\">Otro c\u00f3mic, en este caso sobre<\/span><b> la figura de los hermanos y las hermanas<\/b><span style=\"font-weight: 400;\"> de personas con s\u00edndrome de Down. Jessica Requena, su autora, lo escribi\u00f3 tras la muerte de su hermano, para no olvidar nada de sus 25 a\u00f1os de vida. El resultado es una historia que emociona y reivindica la importancia de \u201cde disfrutar cada segundo a pesar de los inconvenientes y dificultades que puedan surgir en la vida y en el d\u00eda a d\u00eda\u201d, en palabras de la propia Jessica.\u00a0<\/span><\/p>\n<h3><i><span style=\"font-weight: 400;\">Xela celebra o seu aniversario<\/span><\/i><span style=\"font-weight: 400;\"> (Pepe Carreiro)<\/span><\/h3>\n<p><span style=\"font-weight: 400;\"><img loading=\"lazy\" loading=\"lazy\" decoding=\"async\" class=\"aligncenter wp-image-24793 size-full\" src=\"https:\/\/downgalicia.org\/wp-content\/uploads\/2025\/06\/8-4.jpg\" alt=\"Xela celebra o seu aniversario\" width=\"1025\" height=\"684\" srcset=\"https:\/\/downgalicia.org\/wp-content\/uploads\/2025\/06\/8-4.jpg 1025w, https:\/\/downgalicia.org\/wp-content\/uploads\/2025\/06\/8-300x200-2.jpg 300w, https:\/\/downgalicia.org\/wp-content\/uploads\/2025\/06\/8-768x512-2.jpg 768w\" sizes=\"auto, (max-width: 1025px) 100vw, 1025px\" \/><\/span><\/p>\n<p><span style=\"font-weight: 400;\">Editado por la Federaci\u00f3n Down Galicia y protagonizado por los personajes de Os Bolechas, esta lectura en gallego (que puede <\/span><a href=\"https:\/\/downgalicia.org\/wp-content\/uploads\/2021\/03\/Libro_Down_Bolechas.pdf\"><span style=\"font-weight: 400;\">leerse online<\/span><\/a><span style=\"font-weight: 400;\">) pretende concienciar a las generaciones m\u00e1s j\u00f3venes sobre<\/span><b> el valor de la inclusi\u00f3n y la importancia de vivir en una sociedad no excluyente.<\/b><span style=\"font-weight: 400;\"> Pepe Carreiro utiliza la fiesta de cumplea\u00f1os de Xela, una chica con s\u00edndrome de Down, como hilo conductor de una historia que sirve tanto para explicar el s\u00edndrome como para <\/span><a href=\"https:\/\/downgalicia.org\/2024\/02\/09\/mitos-sindrome-down\/\"><span style=\"font-weight: 400;\">combatir los mitos y prejuicios <\/span><\/a><span style=\"font-weight: 400;\">m\u00e1s habituales sobre \u00e9l.\u00a0<\/span><\/p>\n<h3><i><span style=\"font-weight: 400;\">Tengo s\u00edndrome de Down <\/span><\/i><span style=\"font-weight: 400;\">(Helena Kraljic)<\/span><\/h3>\n<p><span style=\"font-weight: 400;\"><img loading=\"lazy\" loading=\"lazy\" decoding=\"async\" class=\"aligncenter wp-image-24796 size-full\" src=\"https:\/\/downgalicia.org\/wp-content\/uploads\/2025\/06\/9-4.jpg\" alt=\"Tengo s\u00edndrome de Down\" width=\"1025\" height=\"684\" srcset=\"https:\/\/downgalicia.org\/wp-content\/uploads\/2025\/06\/9-4.jpg 1025w, https:\/\/downgalicia.org\/wp-content\/uploads\/2025\/06\/9-300x200-2.jpg 300w, https:\/\/downgalicia.org\/wp-content\/uploads\/2025\/06\/9-768x512-2.jpg 768w\" sizes=\"auto, (max-width: 1025px) 100vw, 1025px\" \/><\/span><\/p>\n<p><span style=\"font-weight: 400;\">Escrito por Helena Kraljic e ilustrado por Maja Lubi, el \u00e9xito de este cuento en su pa\u00eds de origen, Eslovenia, hizo que se tradujera m\u00e1s tarde a otros idiomas, entre ellos el espa\u00f1ol. Su objetivo es que los ni\u00f1os y ni\u00f1as comprendan, desde sus primeros a\u00f1os de vida, que el s\u00edndrome de Down <\/span><b>es solo una caracter\u00edstica m\u00e1s de las personas.<\/b><span style=\"font-weight: 400;\"> A trav\u00e9s de la historia del protagonista, David, el libro promueve la diversidad y la inclusi\u00f3n, rompiendo mitos y desechando visiones estereotipadas sobre esta discapacidad. Est\u00e1 prologado por el presidente de Down Espa\u00f1a y la editorial, Ediciones Jaguar, destina parte de los beneficios de cada venta a la Federaci\u00f3n para seguir trabajando en pro de la inclusi\u00f3n.\u00a0<\/span><\/p>\n<p><span style=\"font-weight: 400;\">Hasta aqu\u00ed nuestra selecci\u00f3n de libros que deber\u00edan leer no solo los ni\u00f1os y ni\u00f1as, sino tambi\u00e9n sus familias y cualquiera que quiera fortalecer su compromiso con <\/span><b>un mundo que celebre la diversidad y el entendimiento.<\/b><span style=\"font-weight: 400;\"> Para m\u00e1s informaci\u00f3n en l\u00ednea sobre el s\u00edndrome de Down, recuerda que en la <\/span><a href=\"https:\/\/downgalicia.org\/revista-down-galicia\/\"><span style=\"font-weight: 400;\">revista trimestral de Down Galicia<\/span><\/a><span style=\"font-weight: 400;\"> y en nuestra <\/span><a href=\"https:\/\/downgalicia.org\/novas-2\/\"><span style=\"font-weight: 400;\">secci\u00f3n de noticias<\/span><\/a><span style=\"font-weight: 400;\"> encontrar\u00e1s tambi\u00e9n <\/span><b>art\u00edculos de inter\u00e9s, novedades e historias inspiradoras<\/b><span style=\"font-weight: 400;\"> que te ayudar\u00e1n a empatizar y comprender esta realidad que afrontan cada d\u00eda millones de familias en el mundo.\u00a0<\/span><\/p>\n<p>&nbsp;<\/p>\n","protected":false},"excerpt":{"rendered":"<p>La literatura pone a nuestro alcance historias que no solo entretienen, sino que tambi\u00e9n nos permiten sumergirnos en experiencias\u00a0 enriquecedoras e incluso did\u00e1cticas. Si hablamos de libros sobre s\u00edndrome de Down, existen numerosas obras que pueden ser de ayuda a&#8230;<\/p>\n","protected":false},"author":1,"featured_media":4561,"comment_status":"closed","ping_status":"closed","sticky":false,"template":"","format":"standard","meta":{"_acf_changed":false,"give_campaign_id":0,"footnotes":""},"categories":[113,135,71],"tags":[],"class_list":["post-4563","post","type-post","status-publish","format-standard","has-post-thumbnail","hentry","category-educacion-hemeroteca-hemeroteca-es","category-familias-hemeroteca-es","category-noticias-sindrome-de-down-es"],"acf":[],"yoast_head":"<!-- This site is optimized with the Yoast SEO plugin v25.3.1 - https:\/\/yoast.com\/wordpress\/plugins\/seo\/ -->\n<title>Libros sobre s\u00edndrome de Down que merece la pena leer &#8226; Federaci\u00f3n Down Galicia<\/title>\n<meta name=\"robots\" content=\"index, follow, max-snippet:-1, max-image-preview:large, max-video-preview:-1\" \/>\n<link rel=\"canonical\" href=\"https:\/\/downgalicia.org\/es\/libros-sindrome-down\/\" \/>\n<meta property=\"og:locale\" content=\"es_ES\" \/>\n<meta property=\"og:type\" content=\"article\" \/>\n<meta property=\"og:title\" content=\"Libros sobre s\u00edndrome de Down que merece la pena leer &#8226; Federaci\u00f3n Down Galicia\" \/>\n<meta property=\"og:description\" content=\"La literatura pone a nuestro alcance historias que no solo entretienen, sino que tambi\u00e9n nos permiten sumergirnos en experiencias\u00a0 enriquecedoras e incluso did\u00e1cticas. Si hablamos de libros sobre s\u00edndrome de Down, existen numerosas obras que pueden ser de ayuda a...\" \/>\n<meta property=\"og:url\" content=\"https:\/\/downgalicia.org\/es\/libros-sindrome-down\/\" \/>\n<meta property=\"og:site_name\" content=\"Federaci\u00f3n Down Galicia\" \/>\n<meta property=\"article:published_time\" content=\"2024-02-26T12:15:00+00:00\" \/>\n<meta property=\"article:modified_time\" content=\"2025-06-19T08:30:27+00:00\" \/>\n<meta property=\"og:image\" content=\"https:\/\/downgalicia.org\/wp-content\/uploads\/2025\/06\/Portada-2-6.jpg\" \/>\n\t<meta property=\"og:image:width\" content=\"1025\" \/>\n\t<meta property=\"og:image:height\" content=\"684\" \/>\n\t<meta property=\"og:image:type\" content=\"image\/jpeg\" \/>\n<meta name=\"author\" content=\"produccion@visualpublinet.com\" \/>\n<meta name=\"twitter:card\" content=\"summary_large_image\" \/>\n<meta name=\"twitter:label1\" content=\"Escrito por\" \/>\n\t<meta name=\"twitter:data1\" content=\"produccion@visualpublinet.com\" \/>\n\t<meta name=\"twitter:label2\" content=\"Tiempo de lectura\" \/>\n\t<meta name=\"twitter:data2\" content=\"5 minutos\" \/>\n<script type=\"application\/ld+json\" class=\"yoast-schema-graph\">{\"@context\":\"https:\/\/schema.org\",\"@graph\":[{\"@type\":\"Article\",\"@id\":\"https:\/\/downgalicia.org\/es\/libros-sindrome-down\/#article\",\"isPartOf\":{\"@id\":\"https:\/\/downgalicia.org\/es\/libros-sindrome-down\/\"},\"author\":{\"name\":\"produccion@visualpublinet.com\",\"@id\":\"https:\/\/downgalicia.org\/es\/#\/schema\/person\/317730a00185114c76a219b94bddef15\"},\"headline\":\"Libros sobre s\u00edndrome de Down que merece la pena leer\",\"datePublished\":\"2024-02-26T12:15:00+00:00\",\"dateModified\":\"2025-06-19T08:30:27+00:00\",\"mainEntityOfPage\":{\"@id\":\"https:\/\/downgalicia.org\/es\/libros-sindrome-down\/\"},\"wordCount\":1042,\"publisher\":{\"@id\":\"https:\/\/downgalicia.org\/es\/#organization\"},\"image\":{\"@id\":\"https:\/\/downgalicia.org\/es\/libros-sindrome-down\/#primaryimage\"},\"thumbnailUrl\":\"https:\/\/downgalicia.org\/wp-content\/uploads\/2025\/06\/Portada-2-6.jpg\",\"articleSection\":[\"Educaci\u00f3n\",\"Familias\",\"Noticias del Movimiento Down\"],\"inLanguage\":\"es\"},{\"@type\":\"WebPage\",\"@id\":\"https:\/\/downgalicia.org\/es\/libros-sindrome-down\/\",\"url\":\"https:\/\/downgalicia.org\/es\/libros-sindrome-down\/\",\"name\":\"Libros sobre s\u00edndrome de Down que merece la pena leer &#8226; Federaci\u00f3n Down Galicia\",\"isPartOf\":{\"@id\":\"https:\/\/downgalicia.org\/es\/#website\"},\"primaryImageOfPage\":{\"@id\":\"https:\/\/downgalicia.org\/es\/libros-sindrome-down\/#primaryimage\"},\"image\":{\"@id\":\"https:\/\/downgalicia.org\/es\/libros-sindrome-down\/#primaryimage\"},\"thumbnailUrl\":\"https:\/\/downgalicia.org\/wp-content\/uploads\/2025\/06\/Portada-2-6.jpg\",\"datePublished\":\"2024-02-26T12:15:00+00:00\",\"dateModified\":\"2025-06-19T08:30:27+00:00\",\"breadcrumb\":{\"@id\":\"https:\/\/downgalicia.org\/es\/libros-sindrome-down\/#breadcrumb\"},\"inLanguage\":\"es\",\"potentialAction\":[{\"@type\":\"ReadAction\",\"target\":[\"https:\/\/downgalicia.org\/es\/libros-sindrome-down\/\"]}]},{\"@type\":\"ImageObject\",\"inLanguage\":\"es\",\"@id\":\"https:\/\/downgalicia.org\/es\/libros-sindrome-down\/#primaryimage\",\"url\":\"https:\/\/downgalicia.org\/wp-content\/uploads\/2025\/06\/Portada-2-6.jpg\",\"contentUrl\":\"https:\/\/downgalicia.org\/wp-content\/uploads\/2025\/06\/Portada-2-6.jpg\",\"width\":1025,\"height\":684},{\"@type\":\"BreadcrumbList\",\"@id\":\"https:\/\/downgalicia.org\/es\/libros-sindrome-down\/#breadcrumb\",\"itemListElement\":[{\"@type\":\"ListItem\",\"position\":1,\"name\":\"Portada\",\"item\":\"https:\/\/downgalicia.org\/es\/\"},{\"@type\":\"ListItem\",\"position\":2,\"name\":\"Libros sobre s\u00edndrome de Down que merece la pena leer\"}]},{\"@type\":\"WebSite\",\"@id\":\"https:\/\/downgalicia.org\/es\/#website\",\"url\":\"https:\/\/downgalicia.org\/es\/\",\"name\":\"Federaci\u00f3n Down Galicia\",\"description\":\"Apoio a persoas con S\u00edndrome de Down\",\"publisher\":{\"@id\":\"https:\/\/downgalicia.org\/es\/#organization\"},\"potentialAction\":[{\"@type\":\"SearchAction\",\"target\":{\"@type\":\"EntryPoint\",\"urlTemplate\":\"https:\/\/downgalicia.org\/es\/?s={search_term_string}\"},\"query-input\":{\"@type\":\"PropertyValueSpecification\",\"valueRequired\":true,\"valueName\":\"search_term_string\"}}],\"inLanguage\":\"es\"},{\"@type\":\"Organization\",\"@id\":\"https:\/\/downgalicia.org\/es\/#organization\",\"name\":\"Federaci\u00f3n Down Galicia\",\"url\":\"https:\/\/downgalicia.org\/es\/\",\"logo\":{\"@type\":\"ImageObject\",\"inLanguage\":\"es\",\"@id\":\"https:\/\/downgalicia.org\/es\/#\/schema\/logo\/image\/\",\"url\":\"https:\/\/downgalicia.org\/wp-content\/uploads\/2024\/07\/logo-sindrome-down-color.svg\",\"contentUrl\":\"https:\/\/downgalicia.org\/wp-content\/uploads\/2024\/07\/logo-sindrome-down-color.svg\",\"width\":271,\"height\":88,\"caption\":\"Federaci\u00f3n Down Galicia\"},\"image\":{\"@id\":\"https:\/\/downgalicia.org\/es\/#\/schema\/logo\/image\/\"}},{\"@type\":\"Person\",\"@id\":\"https:\/\/downgalicia.org\/es\/#\/schema\/person\/317730a00185114c76a219b94bddef15\",\"name\":\"produccion@visualpublinet.com\",\"image\":{\"@type\":\"ImageObject\",\"inLanguage\":\"es\",\"@id\":\"https:\/\/downgalicia.org\/es\/#\/schema\/person\/image\/\",\"url\":\"https:\/\/secure.gravatar.com\/avatar\/282ee20c78c1b1137175d4ab9f75785d8c239d499b1376df3ba16efa213b7b10?s=96&d=mm&r=g\",\"contentUrl\":\"https:\/\/secure.gravatar.com\/avatar\/282ee20c78c1b1137175d4ab9f75785d8c239d499b1376df3ba16efa213b7b10?s=96&d=mm&r=g\",\"caption\":\"produccion@visualpublinet.com\"},\"sameAs\":[\"https:\/\/downgalicia.org\"],\"url\":\"https:\/\/downgalicia.org\/es\/author\/produccionvisualpublinet-com\/\"}]}<\/script>\n<!-- \/ Yoast SEO plugin. -->","yoast_head_json":{"title":"Libros sobre s\u00edndrome de Down que merece la pena leer &#8226; Federaci\u00f3n Down Galicia","robots":{"index":"index","follow":"follow","max-snippet":"max-snippet:-1","max-image-preview":"max-image-preview:large","max-video-preview":"max-video-preview:-1"},"canonical":"https:\/\/downgalicia.org\/es\/libros-sindrome-down\/","og_locale":"es_ES","og_type":"article","og_title":"Libros sobre s\u00edndrome de Down que merece la pena leer &#8226; Federaci\u00f3n Down Galicia","og_description":"La literatura pone a nuestro alcance historias que no solo entretienen, sino que tambi\u00e9n nos permiten sumergirnos en experiencias\u00a0 enriquecedoras e incluso did\u00e1cticas. Si hablamos de libros sobre s\u00edndrome de Down, existen numerosas obras que pueden ser de ayuda a...","og_url":"https:\/\/downgalicia.org\/es\/libros-sindrome-down\/","og_site_name":"Federaci\u00f3n Down Galicia","article_published_time":"2024-02-26T12:15:00+00:00","article_modified_time":"2025-06-19T08:30:27+00:00","og_image":[{"width":1025,"height":684,"url":"https:\/\/downgalicia.org\/wp-content\/uploads\/2025\/06\/Portada-2-6.jpg","type":"image\/jpeg"}],"author":"produccion@visualpublinet.com","twitter_card":"summary_large_image","twitter_misc":{"Escrito por":"produccion@visualpublinet.com","Tiempo de lectura":"5 minutos"},"schema":{"@context":"https:\/\/schema.org","@graph":[{"@type":"Article","@id":"https:\/\/downgalicia.org\/es\/libros-sindrome-down\/#article","isPartOf":{"@id":"https:\/\/downgalicia.org\/es\/libros-sindrome-down\/"},"author":{"name":"produccion@visualpublinet.com","@id":"https:\/\/downgalicia.org\/es\/#\/schema\/person\/317730a00185114c76a219b94bddef15"},"headline":"Libros sobre s\u00edndrome de Down que merece la pena leer","datePublished":"2024-02-26T12:15:00+00:00","dateModified":"2025-06-19T08:30:27+00:00","mainEntityOfPage":{"@id":"https:\/\/downgalicia.org\/es\/libros-sindrome-down\/"},"wordCount":1042,"publisher":{"@id":"https:\/\/downgalicia.org\/es\/#organization"},"image":{"@id":"https:\/\/downgalicia.org\/es\/libros-sindrome-down\/#primaryimage"},"thumbnailUrl":"https:\/\/downgalicia.org\/wp-content\/uploads\/2025\/06\/Portada-2-6.jpg","articleSection":["Educaci\u00f3n","Familias","Noticias del Movimiento Down"],"inLanguage":"es"},{"@type":"WebPage","@id":"https:\/\/downgalicia.org\/es\/libros-sindrome-down\/","url":"https:\/\/downgalicia.org\/es\/libros-sindrome-down\/","name":"Libros sobre s\u00edndrome de Down que merece la pena leer &#8226; Federaci\u00f3n Down Galicia","isPartOf":{"@id":"https:\/\/downgalicia.org\/es\/#website"},"primaryImageOfPage":{"@id":"https:\/\/downgalicia.org\/es\/libros-sindrome-down\/#primaryimage"},"image":{"@id":"https:\/\/downgalicia.org\/es\/libros-sindrome-down\/#primaryimage"},"thumbnailUrl":"https:\/\/downgalicia.org\/wp-content\/uploads\/2025\/06\/Portada-2-6.jpg","datePublished":"2024-02-26T12:15:00+00:00","dateModified":"2025-06-19T08:30:27+00:00","breadcrumb":{"@id":"https:\/\/downgalicia.org\/es\/libros-sindrome-down\/#breadcrumb"},"inLanguage":"es","potentialAction":[{"@type":"ReadAction","target":["https:\/\/downgalicia.org\/es\/libros-sindrome-down\/"]}]},{"@type":"ImageObject","inLanguage":"es","@id":"https:\/\/downgalicia.org\/es\/libros-sindrome-down\/#primaryimage","url":"https:\/\/downgalicia.org\/wp-content\/uploads\/2025\/06\/Portada-2-6.jpg","contentUrl":"https:\/\/downgalicia.org\/wp-content\/uploads\/2025\/06\/Portada-2-6.jpg","width":1025,"height":684},{"@type":"BreadcrumbList","@id":"https:\/\/downgalicia.org\/es\/libros-sindrome-down\/#breadcrumb","itemListElement":[{"@type":"ListItem","position":1,"name":"Portada","item":"https:\/\/downgalicia.org\/es\/"},{"@type":"ListItem","position":2,"name":"Libros sobre s\u00edndrome de Down que merece la pena leer"}]},{"@type":"WebSite","@id":"https:\/\/downgalicia.org\/es\/#website","url":"https:\/\/downgalicia.org\/es\/","name":"Federaci\u00f3n Down Galicia","description":"Apoio a persoas con S\u00edndrome de Down","publisher":{"@id":"https:\/\/downgalicia.org\/es\/#organization"},"potentialAction":[{"@type":"SearchAction","target":{"@type":"EntryPoint","urlTemplate":"https:\/\/downgalicia.org\/es\/?s={search_term_string}"},"query-input":{"@type":"PropertyValueSpecification","valueRequired":true,"valueName":"search_term_string"}}],"inLanguage":"es"},{"@type":"Organization","@id":"https:\/\/downgalicia.org\/es\/#organization","name":"Federaci\u00f3n Down Galicia","url":"https:\/\/downgalicia.org\/es\/","logo":{"@type":"ImageObject","inLanguage":"es","@id":"https:\/\/downgalicia.org\/es\/#\/schema\/logo\/image\/","url":"https:\/\/downgalicia.org\/wp-content\/uploads\/2024\/07\/logo-sindrome-down-color.svg","contentUrl":"https:\/\/downgalicia.org\/wp-content\/uploads\/2024\/07\/logo-sindrome-down-color.svg","width":271,"height":88,"caption":"Federaci\u00f3n Down Galicia"},"image":{"@id":"https:\/\/downgalicia.org\/es\/#\/schema\/logo\/image\/"}},{"@type":"Person","@id":"https:\/\/downgalicia.org\/es\/#\/schema\/person\/317730a00185114c76a219b94bddef15","name":"produccion@visualpublinet.com","image":{"@type":"ImageObject","inLanguage":"es","@id":"https:\/\/downgalicia.org\/es\/#\/schema\/person\/image\/","url":"https:\/\/secure.gravatar.com\/avatar\/282ee20c78c1b1137175d4ab9f75785d8c239d499b1376df3ba16efa213b7b10?s=96&d=mm&r=g","contentUrl":"https:\/\/secure.gravatar.com\/avatar\/282ee20c78c1b1137175d4ab9f75785d8c239d499b1376df3ba16efa213b7b10?s=96&d=mm&r=g","caption":"produccion@visualpublinet.com"},"sameAs":["https:\/\/downgalicia.org"],"url":"https:\/\/downgalicia.org\/es\/author\/produccionvisualpublinet-com\/"}]}},"_links":{"self":[{"href":"https:\/\/downgalicia.org\/es\/wp-json\/wp\/v2\/posts\/4563","targetHints":{"allow":["GET"]}}],"collection":[{"href":"https:\/\/downgalicia.org\/es\/wp-json\/wp\/v2\/posts"}],"about":[{"href":"https:\/\/downgalicia.org\/es\/wp-json\/wp\/v2\/types\/post"}],"author":[{"embeddable":true,"href":"https:\/\/downgalicia.org\/es\/wp-json\/wp\/v2\/users\/1"}],"replies":[{"embeddable":true,"href":"https:\/\/downgalicia.org\/es\/wp-json\/wp\/v2\/comments?post=4563"}],"version-history":[{"count":1,"href":"https:\/\/downgalicia.org\/es\/wp-json\/wp\/v2\/posts\/4563\/revisions"}],"predecessor-version":[{"id":4564,"href":"https:\/\/downgalicia.org\/es\/wp-json\/wp\/v2\/posts\/4563\/revisions\/4564"}],"wp:featuredmedia":[{"embeddable":true,"href":"https:\/\/downgalicia.org\/es\/wp-json\/wp\/v2\/media\/4561"}],"wp:attachment":[{"href":"https:\/\/downgalicia.org\/es\/wp-json\/wp\/v2\/media?parent=4563"}],"wp:term":[{"taxonomy":"category","embeddable":true,"href":"https:\/\/downgalicia.org\/es\/wp-json\/wp\/v2\/categories?post=4563"},{"taxonomy":"post_tag","embeddable":true,"href":"https:\/\/downgalicia.org\/es\/wp-json\/wp\/v2\/tags?post=4563"}],"curies":[{"name":"wp","href":"https:\/\/api.w.org\/{rel}","templated":true}]}}