{"id":4573,"date":"2024-02-09T10:58:19","date_gmt":"2024-02-09T09:58:19","guid":{"rendered":"http:\/\/downgalicia.org.136-144-253-96.136-144-253-96.visualpublinet.com\/mitos-sindrome-down\/"},"modified":"2024-02-09T10:58:19","modified_gmt":"2024-02-09T09:58:19","slug":"mitos-sindrome-down","status":"publish","type":"post","link":"https:\/\/downgalicia.org\/es\/mitos-sindrome-down\/","title":{"rendered":"Mitos y realidades del s\u00edndrome de Down: desafiando falsas creencias"},"content":{"rendered":"<p><span style=\"font-weight: 400;\">El s\u00edndrome de Down, una condici\u00f3n gen\u00e9tica que ha sido durante mucho tiempo objeto de <\/span><b>mitos y malentendidos.<\/b><span style=\"font-weight: 400;\"> En este art\u00edculo profundizaremos en estas falsas creencias con el objetivo de informar y concienciar sobre la realidad que viven a diario las personas con s\u00edndrome de Down, brindando una <\/span><b>perspectiva inclusiva y cient\u00edfica<\/b><span style=\"font-weight: 400;\">, basada en las d\u00e9cadas de experiencia de nuestra Federaci\u00f3n.<\/span><\/p>\n<h2><span style=\"font-weight: 400;\">Mitos y realidades sobre la personalidad de las personas con s\u00edndrome de Down en su d\u00eda a d\u00eda\u00a0<\/span><\/h2>\n<h3><span style=\"font-weight: 400;\">Mito 1: las personas con s\u00edndrome de Down son siempre felices<\/span><\/h3>\n<p><span style=\"font-weight: 400;\">Contrariamente a lo que suele creerse, las personas con s\u00edndrome de Down son capaces de<\/span><b> experimentar la gama completa de emociones<\/b><span style=\"font-weight: 400;\">, al igual que cualquier otra persona. Si bien es cierto que a menudo son conocidas por su naturaleza amigable y afectuosa, la suposici\u00f3n de que siempre est\u00e1n felices es simplista y no refleja la complejidad emocional que nos caracteriza a todos los seres humanos.\u00a0<\/span><\/p>\n<h3><span style=\"font-weight: 400;\">Mito 2: las personas con s\u00edndrome de Down son agresivas<\/span><\/h3>\n<p><span style=\"font-weight: 400;\">La creencia de que las personas con s\u00edndrome de Down son inherentemente agresivas es infundada. Al igual que cualquier individuo, sus emociones y comportamientos son el resultado de diversos factores. De hecho, muchas<\/span><b> destacan por su amabilidad y positividad<\/b><span style=\"font-weight: 400;\">, y etiquetarlas como agresivas bas\u00e1ndose \u00fanicamente en su condici\u00f3n es injusto.<\/span><\/p>\n<h3><span style=\"font-weight: 400;\">Mito 3: todas las personas con s\u00edndrome de Down son iguales\u00a0<\/span><\/h3>\n<p><span style=\"font-weight: 400;\">Cada persona, independientemente de si tiene s\u00edndrome de Down o no, es \u00fanica. El s\u00edndrome de Down puede manifestarse de manera diferente en cada individuo, con <\/span><b>variaciones en habilidades, fortalezas y desaf\u00edos<\/b><span style=\"font-weight: 400;\">. Es crucial reconocer y respetar la diversidad dentro de esta comunidad.<\/span><\/p>\n<h3><span style=\"font-weight: 400;\">Mito 4: las personas con s\u00edndrome de Down son una carga para la sociedad<\/span><\/h3>\n<p><span style=\"font-weight: 400;\">Esta creencia es profundamente injusta y desconsiderada. Las personas con s\u00edndrome de Down<\/span><b> contribuyen significativamente a la sociedad<\/b><span style=\"font-weight: 400;\"> cuando se les brinda la oportunidad y el apoyo adecuado. Muchas de ellas, lejos de ser una carga, participan activamente en<\/span><a href=\"https:\/\/downgalicia.org\/areas\/formacion-e-emprego\/\"><span style=\"font-weight: 400;\"> el empleo y el mundo laboral<\/span><\/a><span style=\"font-weight: 400;\">, voluntariado y actividades comunitarias, aportando a la sociedad como cualquier otra persona.\u00a0<\/span><\/p>\n<h2><span style=\"font-weight: 400;\">Falsas creencias sobre el desarrollo de las personas con s\u00edndrome de Down<\/span><\/h2>\n<h3><span style=\"font-weight: 400;\">Mito 5: las personas con s\u00edndrome de Down no pueden aprender ni desarrollarse<\/span><\/h3>\n<p><span style=\"font-weight: 400;\">Este mito est\u00e1 obsoleto y refleja una comprensi\u00f3n desactualizada de las capacidades de las personas con s\u00edndrome de Down. Con la <\/span><a href=\"https:\/\/downgalicia.org\/areas\/atencion-tempera\/\"><span style=\"font-weight: 400;\">intervenci\u00f3n en atenci\u00f3n temprana<\/span><\/a><span style=\"font-weight: 400;\"> y un enfoque educativo adaptado, muchas personas con s\u00edndrome de Down pueden aprender y desarrollarse de manera significativa. <\/span><b>La educaci\u00f3n inclusiva y la aceptaci\u00f3n<\/b><span style=\"font-weight: 400;\"> son fundamentales para su progreso.<\/span><\/p>\n<h3><span style=\"font-weight: 400;\">Mito 6: las personas con s\u00edndrome de Down no pueden alcanzar logros significativos<\/span><\/h3>\n<p><span style=\"font-weight: 400;\">Este mito sobre el s\u00edndrome de Down es uno de los m\u00e1s perjudiciales y limitantes. Estas personas tienen <\/span><b>habilidades y talentos diversos<\/b><span style=\"font-weight: 400;\">, y muchas han llegado a ser exitosas en una gran variedad de campos, <\/span><b>desde el arte hasta la ciencia<\/b><span style=\"font-weight: 400;\">. La clave de su \u00e9xito radica en la igualdad de oportunidades y el apoyo adecuado, no en las limitaciones impuestas por falsas creencias.<\/span><\/p>\n<h3><span style=\"font-weight: 400;\">Mito 7: las personas con s\u00edndrome de Down necesitan ayuda constante<\/span><\/h3>\n<p><b>La autonom\u00eda y la independencia<\/b><span style=\"font-weight: 400;\"> son metas alcanzables para muchas personas con s\u00edndrome de Down. La idea de que siempre necesitan asistencia constante es una generalizaci\u00f3n que desestima las habilidades individuales y la capacidad de aprender habilidades cotidianas.<\/span><\/p>\n<h3><span style=\"font-weight: 400;\">Mito 8: las personas con s\u00edndrome de Down tienen una discapacidad intelectual grave o muy grave<\/span><\/h3>\n<p><span style=\"font-weight: 400;\">La mayor\u00eda de las personas con s\u00edndrome de Down presentan una discapacidad intelectual que les permite adquirir habilidades para el autocuidado, lectura, escritura, manejo de finanzas, participaci\u00f3n en deportes, desempe\u00f1o laboral y participaci\u00f3n activa en la vida ciudadana. Adem\u00e1s, es importante destacar que<\/span><b> su capacidad de aprendizaje perdura<\/b><span style=\"font-weight: 400;\"> a lo largo de toda su vida.<\/span><\/p>\n<h2><span style=\"font-weight: 400;\">Otros mitos extendidos sobre el s\u00edndrome de Down\u00a0<\/span><\/h2>\n<h3><span style=\"font-weight: 400;\">Mito 9: la vida de las personas con s\u00edndrome de Down no es significativa\u00a0<\/span><\/h3>\n<p><span style=\"font-weight: 400;\">Cada vida tiene un valor intr\u00ednseco, y las personas con s\u00edndrome de Down no son una excepci\u00f3n. Su contribuci\u00f3n a la sociedad, sus relaciones significativas y <\/span><b>sus experiencias personales son igualmente valiosas.<\/b><span style=\"font-weight: 400;\"> Reducir la val\u00eda de alguien bas\u00e1ndose en una condici\u00f3n gen\u00e9tica es injusto y deshumanizante.<\/span><\/p>\n<h3><span style=\"font-weight: 400;\">Mito 10: el s\u00edndrome de Down es hereditario y puede prevenirse<\/span><\/h3>\n<p><span style=\"font-weight: 400;\">El s\u00edndrome de Down no es hereditario en la mayor\u00eda de los casos. Esta condici\u00f3n generalmente resulta de una <\/span><b>divisi\u00f3n anormal de los cromosomas<\/b><span style=\"font-weight: 400;\"> durante la formaci\u00f3n del \u00f3vulo o el espermatozoide. Aunque la edad materna avanzada aumenta el riesgo,<\/span><b> no hay manera de prevenir<\/b><span style=\"font-weight: 400;\"> intencionalmente la aparici\u00f3n del s\u00edndrome de Down.<\/span><\/p>\n<h3><span style=\"font-weight: 400;\">Mito 11: el s\u00edndrome de Down es una enfermedad<\/span><\/h3>\n<p><span style=\"font-weight: 400;\">A menudo se alude al s\u00edndrome de Down como una enfermedad, cuando, en realidad, es una condici\u00f3n gen\u00e9tica. No es una dolencia que se pueda &#8220;curar&#8221;, sino una <\/span><b>variaci\u00f3n natural en la configuraci\u00f3n gen\u00e9tica.<\/b><span style=\"font-weight: 400;\"> Las personas con s\u00edndrome de Down no est\u00e1n enfermas; tienen una copia adicional del cromosoma 21. Este malentendido contribuye a estigmatizar y marginar a quienes viven con esta condici\u00f3n. Es esencial comprender y difundir la idea de que el s\u00edndrome de Down es simplemente una variante gen\u00e9tica que no define la salud general de una persona.<\/span><\/p>\n<h3><span style=\"font-weight: 400;\">Mito 12: la inclusi\u00f3n es perjudicial para las personas con s\u00edndrome de Down<\/span><\/h3>\n<p><span style=\"font-weight: 400;\">La <\/span><a href=\"https:\/\/downgalicia.org\/areas\/educacion\/\"><span style=\"font-weight: 400;\">inclusi\u00f3n educativa<\/span><\/a><span style=\"font-weight: 400;\"> y social beneficia a todas las personas, incluidas aquellas con s\u00edndrome de Down. Numerosos estudios han demostrado que la inclusi\u00f3n no solo mejora las habilidades sociales y acad\u00e9micas, sino que tambi\u00e9n fomenta un<\/span><b> sentido de pertenencia y autoestima<\/b><span style=\"font-weight: 400;\">. Es algo que, adem\u00e1s, comprobamos cada d\u00eda en persona desde Down Galicia. Excluir a alguien por su condici\u00f3n solo perpet\u00faa estigmas injustos.<\/span><\/p>\n<p><span style=\"font-weight: 400;\">Desmitificar estas falsas creencias es un paso crucial hacia la construcci\u00f3n de una sociedad m\u00e1s inclusiva y emp\u00e1tica. Al <\/span><b>desafiar los mitos sobre el s\u00edndrome de Down<\/b><span style=\"font-weight: 400;\">, estamos fomentando un entendimiento m\u00e1s profundo y respetuoso hacia las personas con esta condici\u00f3n.<\/span><\/p>\n<p><span style=\"font-weight: 400;\">La clave radica en<\/span><b> reconocer la diversidad y las capacidades individuales<\/b><span style=\"font-weight: 400;\">, brindando igualdad de oportunidades y apoyo. Al hacerlo, no solo promovemos la inclusi\u00f3n, sino que tambi\u00e9n enriquecemos nuestras comunidades al aprovechar las contribuciones \u00fanicas de todas las personas, independientemente de su bagaje gen\u00e9tico.<\/span><\/p>\n<p><span style=\"font-weight: 400;\">Es responsabilidad individual abogar por un cambio cultural que celebre la diversidad y desaf\u00ede las percepciones err\u00f3neas. A trav\u00e9s de la educaci\u00f3n, la empat\u00eda y la aceptaci\u00f3n podemos construir un mundo<\/span><b> lejos de mitos y prejuicios<\/b><span style=\"font-weight: 400;\"> en el que todas las personas, independientemente de su condici\u00f3n, sean valoradas por su calidad humana y por la huella de felicidad que dejan en el mundo.\u00a0<\/span><\/p>\n","protected":false},"excerpt":{"rendered":"<p>El s\u00edndrome de Down, una condici\u00f3n gen\u00e9tica que ha sido durante mucho tiempo objeto de mitos y malentendidos. En este art\u00edculo profundizaremos en estas falsas creencias con el objetivo de informar y concienciar sobre la realidad que viven a diario&#8230;<\/p>\n","protected":false},"author":1,"featured_media":4574,"comment_status":"closed","ping_status":"closed","sticky":false,"template":"","format":"standard","meta":{"_acf_changed":false,"give_campaign_id":0,"footnotes":""},"categories":[71,131],"tags":[],"class_list":["post-4573","post","type-post","status-publish","format-standard","has-post-thumbnail","hentry","category-noticias-sindrome-de-down-es","category-outra-informacion-de-interese-publicacions-hemeroteca-es"],"acf":[],"yoast_head":"<!-- This site is optimized with the Yoast SEO plugin v25.3.1 - https:\/\/yoast.com\/wordpress\/plugins\/seo\/ -->\n<title>Mitos y realidades del s\u00edndrome de Down: desafiando falsas creencias &#8226; Federaci\u00f3n Down Galicia<\/title>\n<meta name=\"robots\" content=\"index, follow, max-snippet:-1, max-image-preview:large, max-video-preview:-1\" \/>\n<link rel=\"canonical\" href=\"https:\/\/downgalicia.org\/es\/mitos-sindrome-down\/\" \/>\n<meta property=\"og:locale\" content=\"es_ES\" \/>\n<meta property=\"og:type\" content=\"article\" \/>\n<meta property=\"og:title\" content=\"Mitos y realidades del s\u00edndrome de Down: desafiando falsas creencias &#8226; Federaci\u00f3n Down Galicia\" \/>\n<meta property=\"og:description\" content=\"El s\u00edndrome de Down, una condici\u00f3n gen\u00e9tica que ha sido durante mucho tiempo objeto de mitos y malentendidos. En este art\u00edculo profundizaremos en estas falsas creencias con el objetivo de informar y concienciar sobre la realidad que viven a diario...\" \/>\n<meta property=\"og:url\" content=\"https:\/\/downgalicia.org\/es\/mitos-sindrome-down\/\" \/>\n<meta property=\"og:site_name\" content=\"Federaci\u00f3n Down Galicia\" \/>\n<meta property=\"article:published_time\" content=\"2024-02-09T09:58:19+00:00\" \/>\n<meta property=\"og:image\" content=\"https:\/\/downgalicia.org\/wp-content\/uploads\/2025\/06\/Portada-1-1-4.jpg\" \/>\n\t<meta property=\"og:image:width\" content=\"768\" \/>\n\t<meta property=\"og:image:height\" content=\"500\" \/>\n\t<meta property=\"og:image:type\" content=\"image\/jpeg\" \/>\n<meta name=\"author\" content=\"produccion@visualpublinet.com\" \/>\n<meta name=\"twitter:card\" content=\"summary_large_image\" \/>\n<meta name=\"twitter:label1\" content=\"Escrito por\" \/>\n\t<meta name=\"twitter:data1\" content=\"produccion@visualpublinet.com\" \/>\n\t<meta name=\"twitter:label2\" content=\"Tiempo de lectura\" \/>\n\t<meta name=\"twitter:data2\" content=\"6 minutos\" \/>\n<script type=\"application\/ld+json\" class=\"yoast-schema-graph\">{\"@context\":\"https:\/\/schema.org\",\"@graph\":[{\"@type\":\"Article\",\"@id\":\"https:\/\/downgalicia.org\/es\/mitos-sindrome-down\/#article\",\"isPartOf\":{\"@id\":\"https:\/\/downgalicia.org\/es\/mitos-sindrome-down\/\"},\"author\":{\"name\":\"produccion@visualpublinet.com\",\"@id\":\"https:\/\/downgalicia.org\/es\/#\/schema\/person\/317730a00185114c76a219b94bddef15\"},\"headline\":\"Mitos y realidades del s\u00edndrome de Down: desafiando falsas creencias\",\"datePublished\":\"2024-02-09T09:58:19+00:00\",\"mainEntityOfPage\":{\"@id\":\"https:\/\/downgalicia.org\/es\/mitos-sindrome-down\/\"},\"wordCount\":1173,\"publisher\":{\"@id\":\"https:\/\/downgalicia.org\/es\/#organization\"},\"image\":{\"@id\":\"https:\/\/downgalicia.org\/es\/mitos-sindrome-down\/#primaryimage\"},\"thumbnailUrl\":\"https:\/\/downgalicia.org\/wp-content\/uploads\/2025\/06\/Portada-1-1-4.jpg\",\"articleSection\":[\"Noticias del Movimiento Down\",\"OUTRA INFORMACI\u00d3N DE INTERESE Publicaci\u00f3ns\"],\"inLanguage\":\"es\"},{\"@type\":\"WebPage\",\"@id\":\"https:\/\/downgalicia.org\/es\/mitos-sindrome-down\/\",\"url\":\"https:\/\/downgalicia.org\/es\/mitos-sindrome-down\/\",\"name\":\"Mitos y realidades del s\u00edndrome de Down: desafiando falsas creencias &#8226; Federaci\u00f3n Down Galicia\",\"isPartOf\":{\"@id\":\"https:\/\/downgalicia.org\/es\/#website\"},\"primaryImageOfPage\":{\"@id\":\"https:\/\/downgalicia.org\/es\/mitos-sindrome-down\/#primaryimage\"},\"image\":{\"@id\":\"https:\/\/downgalicia.org\/es\/mitos-sindrome-down\/#primaryimage\"},\"thumbnailUrl\":\"https:\/\/downgalicia.org\/wp-content\/uploads\/2025\/06\/Portada-1-1-4.jpg\",\"datePublished\":\"2024-02-09T09:58:19+00:00\",\"breadcrumb\":{\"@id\":\"https:\/\/downgalicia.org\/es\/mitos-sindrome-down\/#breadcrumb\"},\"inLanguage\":\"es\",\"potentialAction\":[{\"@type\":\"ReadAction\",\"target\":[\"https:\/\/downgalicia.org\/es\/mitos-sindrome-down\/\"]}]},{\"@type\":\"ImageObject\",\"inLanguage\":\"es\",\"@id\":\"https:\/\/downgalicia.org\/es\/mitos-sindrome-down\/#primaryimage\",\"url\":\"https:\/\/downgalicia.org\/wp-content\/uploads\/2025\/06\/Portada-1-1-4.jpg\",\"contentUrl\":\"https:\/\/downgalicia.org\/wp-content\/uploads\/2025\/06\/Portada-1-1-4.jpg\",\"width\":768,\"height\":500},{\"@type\":\"BreadcrumbList\",\"@id\":\"https:\/\/downgalicia.org\/es\/mitos-sindrome-down\/#breadcrumb\",\"itemListElement\":[{\"@type\":\"ListItem\",\"position\":1,\"name\":\"Portada\",\"item\":\"https:\/\/downgalicia.org\/es\/\"},{\"@type\":\"ListItem\",\"position\":2,\"name\":\"Mitos y realidades del s\u00edndrome de Down: desafiando falsas creencias\"}]},{\"@type\":\"WebSite\",\"@id\":\"https:\/\/downgalicia.org\/es\/#website\",\"url\":\"https:\/\/downgalicia.org\/es\/\",\"name\":\"Federaci\u00f3n Down Galicia\",\"description\":\"Apoio a persoas con S\u00edndrome de Down\",\"publisher\":{\"@id\":\"https:\/\/downgalicia.org\/es\/#organization\"},\"potentialAction\":[{\"@type\":\"SearchAction\",\"target\":{\"@type\":\"EntryPoint\",\"urlTemplate\":\"https:\/\/downgalicia.org\/es\/?s={search_term_string}\"},\"query-input\":{\"@type\":\"PropertyValueSpecification\",\"valueRequired\":true,\"valueName\":\"search_term_string\"}}],\"inLanguage\":\"es\"},{\"@type\":\"Organization\",\"@id\":\"https:\/\/downgalicia.org\/es\/#organization\",\"name\":\"Federaci\u00f3n Down Galicia\",\"url\":\"https:\/\/downgalicia.org\/es\/\",\"logo\":{\"@type\":\"ImageObject\",\"inLanguage\":\"es\",\"@id\":\"https:\/\/downgalicia.org\/es\/#\/schema\/logo\/image\/\",\"url\":\"https:\/\/downgalicia.org\/wp-content\/uploads\/2024\/07\/logo-sindrome-down-color.svg\",\"contentUrl\":\"https:\/\/downgalicia.org\/wp-content\/uploads\/2024\/07\/logo-sindrome-down-color.svg\",\"width\":271,\"height\":88,\"caption\":\"Federaci\u00f3n Down Galicia\"},\"image\":{\"@id\":\"https:\/\/downgalicia.org\/es\/#\/schema\/logo\/image\/\"}},{\"@type\":\"Person\",\"@id\":\"https:\/\/downgalicia.org\/es\/#\/schema\/person\/317730a00185114c76a219b94bddef15\",\"name\":\"produccion@visualpublinet.com\",\"image\":{\"@type\":\"ImageObject\",\"inLanguage\":\"es\",\"@id\":\"https:\/\/downgalicia.org\/es\/#\/schema\/person\/image\/\",\"url\":\"https:\/\/secure.gravatar.com\/avatar\/282ee20c78c1b1137175d4ab9f75785d8c239d499b1376df3ba16efa213b7b10?s=96&d=mm&r=g\",\"contentUrl\":\"https:\/\/secure.gravatar.com\/avatar\/282ee20c78c1b1137175d4ab9f75785d8c239d499b1376df3ba16efa213b7b10?s=96&d=mm&r=g\",\"caption\":\"produccion@visualpublinet.com\"},\"sameAs\":[\"https:\/\/downgalicia.org\"],\"url\":\"https:\/\/downgalicia.org\/es\/author\/produccionvisualpublinet-com\/\"}]}<\/script>\n<!-- \/ Yoast SEO plugin. -->","yoast_head_json":{"title":"Mitos y realidades del s\u00edndrome de Down: desafiando falsas creencias &#8226; Federaci\u00f3n Down Galicia","robots":{"index":"index","follow":"follow","max-snippet":"max-snippet:-1","max-image-preview":"max-image-preview:large","max-video-preview":"max-video-preview:-1"},"canonical":"https:\/\/downgalicia.org\/es\/mitos-sindrome-down\/","og_locale":"es_ES","og_type":"article","og_title":"Mitos y realidades del s\u00edndrome de Down: desafiando falsas creencias &#8226; Federaci\u00f3n Down Galicia","og_description":"El s\u00edndrome de Down, una condici\u00f3n gen\u00e9tica que ha sido durante mucho tiempo objeto de mitos y malentendidos. En este art\u00edculo profundizaremos en estas falsas creencias con el objetivo de informar y concienciar sobre la realidad que viven a diario...","og_url":"https:\/\/downgalicia.org\/es\/mitos-sindrome-down\/","og_site_name":"Federaci\u00f3n Down Galicia","article_published_time":"2024-02-09T09:58:19+00:00","og_image":[{"width":768,"height":500,"url":"https:\/\/downgalicia.org\/wp-content\/uploads\/2025\/06\/Portada-1-1-4.jpg","type":"image\/jpeg"}],"author":"produccion@visualpublinet.com","twitter_card":"summary_large_image","twitter_misc":{"Escrito por":"produccion@visualpublinet.com","Tiempo de lectura":"6 minutos"},"schema":{"@context":"https:\/\/schema.org","@graph":[{"@type":"Article","@id":"https:\/\/downgalicia.org\/es\/mitos-sindrome-down\/#article","isPartOf":{"@id":"https:\/\/downgalicia.org\/es\/mitos-sindrome-down\/"},"author":{"name":"produccion@visualpublinet.com","@id":"https:\/\/downgalicia.org\/es\/#\/schema\/person\/317730a00185114c76a219b94bddef15"},"headline":"Mitos y realidades del s\u00edndrome de Down: desafiando falsas creencias","datePublished":"2024-02-09T09:58:19+00:00","mainEntityOfPage":{"@id":"https:\/\/downgalicia.org\/es\/mitos-sindrome-down\/"},"wordCount":1173,"publisher":{"@id":"https:\/\/downgalicia.org\/es\/#organization"},"image":{"@id":"https:\/\/downgalicia.org\/es\/mitos-sindrome-down\/#primaryimage"},"thumbnailUrl":"https:\/\/downgalicia.org\/wp-content\/uploads\/2025\/06\/Portada-1-1-4.jpg","articleSection":["Noticias del Movimiento Down","OUTRA INFORMACI\u00d3N DE INTERESE Publicaci\u00f3ns"],"inLanguage":"es"},{"@type":"WebPage","@id":"https:\/\/downgalicia.org\/es\/mitos-sindrome-down\/","url":"https:\/\/downgalicia.org\/es\/mitos-sindrome-down\/","name":"Mitos y realidades del s\u00edndrome de Down: desafiando falsas creencias &#8226; Federaci\u00f3n Down Galicia","isPartOf":{"@id":"https:\/\/downgalicia.org\/es\/#website"},"primaryImageOfPage":{"@id":"https:\/\/downgalicia.org\/es\/mitos-sindrome-down\/#primaryimage"},"image":{"@id":"https:\/\/downgalicia.org\/es\/mitos-sindrome-down\/#primaryimage"},"thumbnailUrl":"https:\/\/downgalicia.org\/wp-content\/uploads\/2025\/06\/Portada-1-1-4.jpg","datePublished":"2024-02-09T09:58:19+00:00","breadcrumb":{"@id":"https:\/\/downgalicia.org\/es\/mitos-sindrome-down\/#breadcrumb"},"inLanguage":"es","potentialAction":[{"@type":"ReadAction","target":["https:\/\/downgalicia.org\/es\/mitos-sindrome-down\/"]}]},{"@type":"ImageObject","inLanguage":"es","@id":"https:\/\/downgalicia.org\/es\/mitos-sindrome-down\/#primaryimage","url":"https:\/\/downgalicia.org\/wp-content\/uploads\/2025\/06\/Portada-1-1-4.jpg","contentUrl":"https:\/\/downgalicia.org\/wp-content\/uploads\/2025\/06\/Portada-1-1-4.jpg","width":768,"height":500},{"@type":"BreadcrumbList","@id":"https:\/\/downgalicia.org\/es\/mitos-sindrome-down\/#breadcrumb","itemListElement":[{"@type":"ListItem","position":1,"name":"Portada","item":"https:\/\/downgalicia.org\/es\/"},{"@type":"ListItem","position":2,"name":"Mitos y realidades del s\u00edndrome de Down: desafiando falsas creencias"}]},{"@type":"WebSite","@id":"https:\/\/downgalicia.org\/es\/#website","url":"https:\/\/downgalicia.org\/es\/","name":"Federaci\u00f3n Down Galicia","description":"Apoio a persoas con S\u00edndrome de Down","publisher":{"@id":"https:\/\/downgalicia.org\/es\/#organization"},"potentialAction":[{"@type":"SearchAction","target":{"@type":"EntryPoint","urlTemplate":"https:\/\/downgalicia.org\/es\/?s={search_term_string}"},"query-input":{"@type":"PropertyValueSpecification","valueRequired":true,"valueName":"search_term_string"}}],"inLanguage":"es"},{"@type":"Organization","@id":"https:\/\/downgalicia.org\/es\/#organization","name":"Federaci\u00f3n Down Galicia","url":"https:\/\/downgalicia.org\/es\/","logo":{"@type":"ImageObject","inLanguage":"es","@id":"https:\/\/downgalicia.org\/es\/#\/schema\/logo\/image\/","url":"https:\/\/downgalicia.org\/wp-content\/uploads\/2024\/07\/logo-sindrome-down-color.svg","contentUrl":"https:\/\/downgalicia.org\/wp-content\/uploads\/2024\/07\/logo-sindrome-down-color.svg","width":271,"height":88,"caption":"Federaci\u00f3n Down Galicia"},"image":{"@id":"https:\/\/downgalicia.org\/es\/#\/schema\/logo\/image\/"}},{"@type":"Person","@id":"https:\/\/downgalicia.org\/es\/#\/schema\/person\/317730a00185114c76a219b94bddef15","name":"produccion@visualpublinet.com","image":{"@type":"ImageObject","inLanguage":"es","@id":"https:\/\/downgalicia.org\/es\/#\/schema\/person\/image\/","url":"https:\/\/secure.gravatar.com\/avatar\/282ee20c78c1b1137175d4ab9f75785d8c239d499b1376df3ba16efa213b7b10?s=96&d=mm&r=g","contentUrl":"https:\/\/secure.gravatar.com\/avatar\/282ee20c78c1b1137175d4ab9f75785d8c239d499b1376df3ba16efa213b7b10?s=96&d=mm&r=g","caption":"produccion@visualpublinet.com"},"sameAs":["https:\/\/downgalicia.org"],"url":"https:\/\/downgalicia.org\/es\/author\/produccionvisualpublinet-com\/"}]}},"_links":{"self":[{"href":"https:\/\/downgalicia.org\/es\/wp-json\/wp\/v2\/posts\/4573","targetHints":{"allow":["GET"]}}],"collection":[{"href":"https:\/\/downgalicia.org\/es\/wp-json\/wp\/v2\/posts"}],"about":[{"href":"https:\/\/downgalicia.org\/es\/wp-json\/wp\/v2\/types\/post"}],"author":[{"embeddable":true,"href":"https:\/\/downgalicia.org\/es\/wp-json\/wp\/v2\/users\/1"}],"replies":[{"embeddable":true,"href":"https:\/\/downgalicia.org\/es\/wp-json\/wp\/v2\/comments?post=4573"}],"version-history":[{"count":0,"href":"https:\/\/downgalicia.org\/es\/wp-json\/wp\/v2\/posts\/4573\/revisions"}],"wp:featuredmedia":[{"embeddable":true,"href":"https:\/\/downgalicia.org\/es\/wp-json\/wp\/v2\/media\/4574"}],"wp:attachment":[{"href":"https:\/\/downgalicia.org\/es\/wp-json\/wp\/v2\/media?parent=4573"}],"wp:term":[{"taxonomy":"category","embeddable":true,"href":"https:\/\/downgalicia.org\/es\/wp-json\/wp\/v2\/categories?post=4573"},{"taxonomy":"post_tag","embeddable":true,"href":"https:\/\/downgalicia.org\/es\/wp-json\/wp\/v2\/tags?post=4573"}],"curies":[{"name":"wp","href":"https:\/\/api.w.org\/{rel}","templated":true}]}}