{"id":4722,"date":"2023-07-28T10:36:42","date_gmt":"2023-07-28T08:36:42","guid":{"rendered":"http:\/\/downgalicia.org.136-144-253-96.136-144-253-96.visualpublinet.com\/down-lugo-y-cpr-inmaculada-maristas-de-lugo-apuestan-por-la-inclusion-educativa\/"},"modified":"2023-07-28T10:36:42","modified_gmt":"2023-07-28T08:36:42","slug":"down-lugo-y-cpr-inmaculada-maristas-de-lugo-apuestan-por-la-inclusion-educativa","status":"publish","type":"post","link":"https:\/\/downgalicia.org\/es\/down-lugo-y-cpr-inmaculada-maristas-de-lugo-apuestan-por-la-inclusion-educativa\/","title":{"rendered":"Down Lugo y CPR Inmaculada Maristas de Lugo apuestan por la inclusi\u00f3n educativa"},"content":{"rendered":"<p>&nbsp;<\/p>\n<p>A pesar de que todav\u00eda falta mucho para poder hablar de una verdadera inclusi\u00f3n educativa, en Galicia existen centros y profesorado que apuestan decididamente por ella. Uno de ellos es el\u00a0<a href=\"https:\/\/maristaslugo.com\/\" target=\"_blank\" rel=\"noopener\">CPR Inmaculada Maristas<\/a>\u00a0de Lugo, que el reci\u00e9n acabado curso 2022-2023 llev\u00f3 a cabo un\u00a0<strong>proyecto centrado en la inclusi\u00f3n<\/strong>\u00a0a trav\u00e9s de un mayor conocimiento del s\u00edndrome de Down. El proyecto, titulado \u201cO diario de Berta\u201d, cuenta el d\u00eda a d\u00eda en la escuela de Berta, una chica misteriosa con s\u00edndrome de Down.<\/p>\n<p>Entre las distintas actividades que compon\u00edan el proyecto, Chus y Carlos, personas usuarias de la asociaci\u00f3n Down Lugo, participaron en algunas de ellas durante el mes de junio.<\/p>\n<p>Chus, que adem\u00e1s es trabajadora del centro educativo, acudi\u00f3 a las aulas de 3\u00ba de primaria para contar sus experiencias profesionales, y que de esta forma la pudieran conocer un poco m\u00e1s.<\/p>\n<p>Carlos, por su parte, acudi\u00f3 con las ni\u00f1as y ni\u00f1os de su aula de tercero de primaria a visitar la entidad Down. Una vez all\u00ed, les ense\u00f1\u00f3 todo el local y les habl\u00f3 sobre las actividades que realiza cuando acude a la asociaci\u00f3n. Finalmente, todas las personas participantes realizaron un concurso por equipos demostrando todo lo aprendido sobre s\u00edndrome de Down y discapacidad.<\/p>\n<p>Por otra parte, los d\u00edas 3, 4 y 5 de julio, el centro educativo invit\u00f3 al equipo profesional del \u00c1rea de Educaci\u00f3n de Down Lugo a impartir una\u00a0<strong>formaci\u00f3n al profesorado sobre Dise\u00f1o Universal de Aprendizaje (DUA) y buenas pr\u00e1cticas en Inclusi\u00f3n Educativa<\/strong>.<\/p>\n<p>En un ambiente muy agradable, derribaron barreras que impiden la educaci\u00f3n inclusiva, reflexionaron, multinivelaron actividades y dise\u00f1aron trabajos fant\u00e1sticos sobre diferentes tem\u00e1ticas, dando respuesta a la diversidad que nos encontramos en las aulas.<\/p>\n<p>Desde Down Galicia queremos dar las gracias al CPR Inmaculada Maristas por ofrecer a Down Lugo la posibilidad de colaborar durante todo el curso y por demostrar que<strong>\u00a0la educaci\u00f3n inclusiva \u00a1s\u00ed es posible!<\/strong><\/p>\n","protected":false},"excerpt":{"rendered":"<p>&nbsp; A pesar de que todav\u00eda falta mucho para poder hablar de una verdadera inclusi\u00f3n educativa, en Galicia existen centros y profesorado que apuestan decididamente por ella. Uno de ellos es el\u00a0CPR Inmaculada Maristas\u00a0de Lugo, que el reci\u00e9n acabado curso&#8230;<\/p>\n","protected":false},"author":1,"featured_media":4723,"comment_status":"closed","ping_status":"closed","sticky":false,"template":"","format":"standard","meta":{"_acf_changed":false,"give_campaign_id":0,"footnotes":""},"categories":[125,113,71],"tags":[],"class_list":["post-4722","post","type-post","status-publish","format-standard","has-post-thumbnail","hentry","category-down-lugo-hemeroteca-es","category-educacion-hemeroteca-hemeroteca-es","category-noticias-sindrome-de-down-es"],"acf":[],"yoast_head":"<!-- This site is optimized with the Yoast SEO plugin v25.3.1 - https:\/\/yoast.com\/wordpress\/plugins\/seo\/ -->\n<title>Down Lugo y CPR Inmaculada Maristas de Lugo apuestan por la inclusi\u00f3n educativa &#8226; Federaci\u00f3n Down Galicia<\/title>\n<meta name=\"robots\" content=\"index, follow, max-snippet:-1, max-image-preview:large, max-video-preview:-1\" \/>\n<link rel=\"canonical\" href=\"https:\/\/downgalicia.org\/es\/down-lugo-y-cpr-inmaculada-maristas-de-lugo-apuestan-por-la-inclusion-educativa\/\" \/>\n<meta property=\"og:locale\" content=\"es_ES\" \/>\n<meta property=\"og:type\" content=\"article\" \/>\n<meta property=\"og:title\" content=\"Down Lugo y CPR Inmaculada Maristas de Lugo apuestan por la inclusi\u00f3n educativa &#8226; Federaci\u00f3n Down Galicia\" \/>\n<meta property=\"og:description\" content=\"&nbsp; A pesar de que todav\u00eda falta mucho para poder hablar de una verdadera inclusi\u00f3n educativa, en Galicia existen centros y profesorado que apuestan decididamente por ella. Uno de ellos es el\u00a0CPR Inmaculada Maristas\u00a0de Lugo, que el reci\u00e9n acabado curso...\" \/>\n<meta property=\"og:url\" content=\"https:\/\/downgalicia.org\/es\/down-lugo-y-cpr-inmaculada-maristas-de-lugo-apuestan-por-la-inclusion-educativa\/\" \/>\n<meta property=\"og:site_name\" content=\"Federaci\u00f3n Down Galicia\" \/>\n<meta property=\"article:published_time\" content=\"2023-07-28T08:36:42+00:00\" \/>\n<meta property=\"og:image\" content=\"https:\/\/downgalicia.org\/wp-content\/uploads\/2025\/06\/Down-Lugo_Maristas-4.jpg\" \/>\n\t<meta property=\"og:image:width\" content=\"980\" \/>\n\t<meta property=\"og:image:height\" content=\"680\" \/>\n\t<meta property=\"og:image:type\" content=\"image\/jpeg\" \/>\n<meta name=\"author\" content=\"produccion@visualpublinet.com\" \/>\n<meta name=\"twitter:card\" content=\"summary_large_image\" \/>\n<meta name=\"twitter:label1\" content=\"Escrito por\" \/>\n\t<meta name=\"twitter:data1\" content=\"produccion@visualpublinet.com\" \/>\n\t<meta name=\"twitter:label2\" content=\"Tiempo de lectura\" \/>\n\t<meta name=\"twitter:data2\" content=\"2 minutos\" \/>\n<script type=\"application\/ld+json\" class=\"yoast-schema-graph\">{\"@context\":\"https:\/\/schema.org\",\"@graph\":[{\"@type\":\"Article\",\"@id\":\"https:\/\/downgalicia.org\/es\/down-lugo-y-cpr-inmaculada-maristas-de-lugo-apuestan-por-la-inclusion-educativa\/#article\",\"isPartOf\":{\"@id\":\"https:\/\/downgalicia.org\/es\/down-lugo-y-cpr-inmaculada-maristas-de-lugo-apuestan-por-la-inclusion-educativa\/\"},\"author\":{\"name\":\"produccion@visualpublinet.com\",\"@id\":\"https:\/\/downgalicia.org\/es\/#\/schema\/person\/317730a00185114c76a219b94bddef15\"},\"headline\":\"Down Lugo y CPR Inmaculada Maristas de Lugo apuestan por la inclusi\u00f3n educativa\",\"datePublished\":\"2023-07-28T08:36:42+00:00\",\"mainEntityOfPage\":{\"@id\":\"https:\/\/downgalicia.org\/es\/down-lugo-y-cpr-inmaculada-maristas-de-lugo-apuestan-por-la-inclusion-educativa\/\"},\"wordCount\":357,\"publisher\":{\"@id\":\"https:\/\/downgalicia.org\/es\/#organization\"},\"image\":{\"@id\":\"https:\/\/downgalicia.org\/es\/down-lugo-y-cpr-inmaculada-maristas-de-lugo-apuestan-por-la-inclusion-educativa\/#primaryimage\"},\"thumbnailUrl\":\"https:\/\/downgalicia.org\/wp-content\/uploads\/2025\/06\/Down-Lugo_Maristas-4.jpg\",\"articleSection\":[\"Down Lugo\",\"Educaci\u00f3n\",\"Noticias del Movimiento Down\"],\"inLanguage\":\"es\"},{\"@type\":\"WebPage\",\"@id\":\"https:\/\/downgalicia.org\/es\/down-lugo-y-cpr-inmaculada-maristas-de-lugo-apuestan-por-la-inclusion-educativa\/\",\"url\":\"https:\/\/downgalicia.org\/es\/down-lugo-y-cpr-inmaculada-maristas-de-lugo-apuestan-por-la-inclusion-educativa\/\",\"name\":\"Down Lugo y CPR Inmaculada Maristas de Lugo apuestan por la inclusi\u00f3n educativa &#8226; Federaci\u00f3n Down Galicia\",\"isPartOf\":{\"@id\":\"https:\/\/downgalicia.org\/es\/#website\"},\"primaryImageOfPage\":{\"@id\":\"https:\/\/downgalicia.org\/es\/down-lugo-y-cpr-inmaculada-maristas-de-lugo-apuestan-por-la-inclusion-educativa\/#primaryimage\"},\"image\":{\"@id\":\"https:\/\/downgalicia.org\/es\/down-lugo-y-cpr-inmaculada-maristas-de-lugo-apuestan-por-la-inclusion-educativa\/#primaryimage\"},\"thumbnailUrl\":\"https:\/\/downgalicia.org\/wp-content\/uploads\/2025\/06\/Down-Lugo_Maristas-4.jpg\",\"datePublished\":\"2023-07-28T08:36:42+00:00\",\"breadcrumb\":{\"@id\":\"https:\/\/downgalicia.org\/es\/down-lugo-y-cpr-inmaculada-maristas-de-lugo-apuestan-por-la-inclusion-educativa\/#breadcrumb\"},\"inLanguage\":\"es\",\"potentialAction\":[{\"@type\":\"ReadAction\",\"target\":[\"https:\/\/downgalicia.org\/es\/down-lugo-y-cpr-inmaculada-maristas-de-lugo-apuestan-por-la-inclusion-educativa\/\"]}]},{\"@type\":\"ImageObject\",\"inLanguage\":\"es\",\"@id\":\"https:\/\/downgalicia.org\/es\/down-lugo-y-cpr-inmaculada-maristas-de-lugo-apuestan-por-la-inclusion-educativa\/#primaryimage\",\"url\":\"https:\/\/downgalicia.org\/wp-content\/uploads\/2025\/06\/Down-Lugo_Maristas-4.jpg\",\"contentUrl\":\"https:\/\/downgalicia.org\/wp-content\/uploads\/2025\/06\/Down-Lugo_Maristas-4.jpg\",\"width\":980,\"height\":680},{\"@type\":\"BreadcrumbList\",\"@id\":\"https:\/\/downgalicia.org\/es\/down-lugo-y-cpr-inmaculada-maristas-de-lugo-apuestan-por-la-inclusion-educativa\/#breadcrumb\",\"itemListElement\":[{\"@type\":\"ListItem\",\"position\":1,\"name\":\"Portada\",\"item\":\"https:\/\/downgalicia.org\/es\/\"},{\"@type\":\"ListItem\",\"position\":2,\"name\":\"Down Lugo y CPR Inmaculada Maristas de Lugo apuestan por la inclusi\u00f3n educativa\"}]},{\"@type\":\"WebSite\",\"@id\":\"https:\/\/downgalicia.org\/es\/#website\",\"url\":\"https:\/\/downgalicia.org\/es\/\",\"name\":\"Federaci\u00f3n Down Galicia\",\"description\":\"Apoio a persoas con S\u00edndrome de Down\",\"publisher\":{\"@id\":\"https:\/\/downgalicia.org\/es\/#organization\"},\"potentialAction\":[{\"@type\":\"SearchAction\",\"target\":{\"@type\":\"EntryPoint\",\"urlTemplate\":\"https:\/\/downgalicia.org\/es\/?s={search_term_string}\"},\"query-input\":{\"@type\":\"PropertyValueSpecification\",\"valueRequired\":true,\"valueName\":\"search_term_string\"}}],\"inLanguage\":\"es\"},{\"@type\":\"Organization\",\"@id\":\"https:\/\/downgalicia.org\/es\/#organization\",\"name\":\"Federaci\u00f3n Down Galicia\",\"url\":\"https:\/\/downgalicia.org\/es\/\",\"logo\":{\"@type\":\"ImageObject\",\"inLanguage\":\"es\",\"@id\":\"https:\/\/downgalicia.org\/es\/#\/schema\/logo\/image\/\",\"url\":\"https:\/\/downgalicia.org\/wp-content\/uploads\/2024\/07\/logo-sindrome-down-color.svg\",\"contentUrl\":\"https:\/\/downgalicia.org\/wp-content\/uploads\/2024\/07\/logo-sindrome-down-color.svg\",\"width\":271,\"height\":88,\"caption\":\"Federaci\u00f3n Down Galicia\"},\"image\":{\"@id\":\"https:\/\/downgalicia.org\/es\/#\/schema\/logo\/image\/\"}},{\"@type\":\"Person\",\"@id\":\"https:\/\/downgalicia.org\/es\/#\/schema\/person\/317730a00185114c76a219b94bddef15\",\"name\":\"produccion@visualpublinet.com\",\"image\":{\"@type\":\"ImageObject\",\"inLanguage\":\"es\",\"@id\":\"https:\/\/downgalicia.org\/es\/#\/schema\/person\/image\/\",\"url\":\"https:\/\/secure.gravatar.com\/avatar\/282ee20c78c1b1137175d4ab9f75785d8c239d499b1376df3ba16efa213b7b10?s=96&d=mm&r=g\",\"contentUrl\":\"https:\/\/secure.gravatar.com\/avatar\/282ee20c78c1b1137175d4ab9f75785d8c239d499b1376df3ba16efa213b7b10?s=96&d=mm&r=g\",\"caption\":\"produccion@visualpublinet.com\"},\"sameAs\":[\"https:\/\/downgalicia.org\"],\"url\":\"https:\/\/downgalicia.org\/es\/author\/produccionvisualpublinet-com\/\"}]}<\/script>\n<!-- \/ Yoast SEO plugin. -->","yoast_head_json":{"title":"Down Lugo y CPR Inmaculada Maristas de Lugo apuestan por la inclusi\u00f3n educativa &#8226; Federaci\u00f3n Down Galicia","robots":{"index":"index","follow":"follow","max-snippet":"max-snippet:-1","max-image-preview":"max-image-preview:large","max-video-preview":"max-video-preview:-1"},"canonical":"https:\/\/downgalicia.org\/es\/down-lugo-y-cpr-inmaculada-maristas-de-lugo-apuestan-por-la-inclusion-educativa\/","og_locale":"es_ES","og_type":"article","og_title":"Down Lugo y CPR Inmaculada Maristas de Lugo apuestan por la inclusi\u00f3n educativa &#8226; Federaci\u00f3n Down Galicia","og_description":"&nbsp; A pesar de que todav\u00eda falta mucho para poder hablar de una verdadera inclusi\u00f3n educativa, en Galicia existen centros y profesorado que apuestan decididamente por ella. Uno de ellos es el\u00a0CPR Inmaculada Maristas\u00a0de Lugo, que el reci\u00e9n acabado curso...","og_url":"https:\/\/downgalicia.org\/es\/down-lugo-y-cpr-inmaculada-maristas-de-lugo-apuestan-por-la-inclusion-educativa\/","og_site_name":"Federaci\u00f3n Down Galicia","article_published_time":"2023-07-28T08:36:42+00:00","og_image":[{"width":980,"height":680,"url":"https:\/\/downgalicia.org\/wp-content\/uploads\/2025\/06\/Down-Lugo_Maristas-4.jpg","type":"image\/jpeg"}],"author":"produccion@visualpublinet.com","twitter_card":"summary_large_image","twitter_misc":{"Escrito por":"produccion@visualpublinet.com","Tiempo de lectura":"2 minutos"},"schema":{"@context":"https:\/\/schema.org","@graph":[{"@type":"Article","@id":"https:\/\/downgalicia.org\/es\/down-lugo-y-cpr-inmaculada-maristas-de-lugo-apuestan-por-la-inclusion-educativa\/#article","isPartOf":{"@id":"https:\/\/downgalicia.org\/es\/down-lugo-y-cpr-inmaculada-maristas-de-lugo-apuestan-por-la-inclusion-educativa\/"},"author":{"name":"produccion@visualpublinet.com","@id":"https:\/\/downgalicia.org\/es\/#\/schema\/person\/317730a00185114c76a219b94bddef15"},"headline":"Down Lugo y CPR Inmaculada Maristas de Lugo apuestan por la inclusi\u00f3n educativa","datePublished":"2023-07-28T08:36:42+00:00","mainEntityOfPage":{"@id":"https:\/\/downgalicia.org\/es\/down-lugo-y-cpr-inmaculada-maristas-de-lugo-apuestan-por-la-inclusion-educativa\/"},"wordCount":357,"publisher":{"@id":"https:\/\/downgalicia.org\/es\/#organization"},"image":{"@id":"https:\/\/downgalicia.org\/es\/down-lugo-y-cpr-inmaculada-maristas-de-lugo-apuestan-por-la-inclusion-educativa\/#primaryimage"},"thumbnailUrl":"https:\/\/downgalicia.org\/wp-content\/uploads\/2025\/06\/Down-Lugo_Maristas-4.jpg","articleSection":["Down Lugo","Educaci\u00f3n","Noticias del Movimiento Down"],"inLanguage":"es"},{"@type":"WebPage","@id":"https:\/\/downgalicia.org\/es\/down-lugo-y-cpr-inmaculada-maristas-de-lugo-apuestan-por-la-inclusion-educativa\/","url":"https:\/\/downgalicia.org\/es\/down-lugo-y-cpr-inmaculada-maristas-de-lugo-apuestan-por-la-inclusion-educativa\/","name":"Down Lugo y CPR Inmaculada Maristas de Lugo apuestan por la inclusi\u00f3n educativa &#8226; Federaci\u00f3n Down Galicia","isPartOf":{"@id":"https:\/\/downgalicia.org\/es\/#website"},"primaryImageOfPage":{"@id":"https:\/\/downgalicia.org\/es\/down-lugo-y-cpr-inmaculada-maristas-de-lugo-apuestan-por-la-inclusion-educativa\/#primaryimage"},"image":{"@id":"https:\/\/downgalicia.org\/es\/down-lugo-y-cpr-inmaculada-maristas-de-lugo-apuestan-por-la-inclusion-educativa\/#primaryimage"},"thumbnailUrl":"https:\/\/downgalicia.org\/wp-content\/uploads\/2025\/06\/Down-Lugo_Maristas-4.jpg","datePublished":"2023-07-28T08:36:42+00:00","breadcrumb":{"@id":"https:\/\/downgalicia.org\/es\/down-lugo-y-cpr-inmaculada-maristas-de-lugo-apuestan-por-la-inclusion-educativa\/#breadcrumb"},"inLanguage":"es","potentialAction":[{"@type":"ReadAction","target":["https:\/\/downgalicia.org\/es\/down-lugo-y-cpr-inmaculada-maristas-de-lugo-apuestan-por-la-inclusion-educativa\/"]}]},{"@type":"ImageObject","inLanguage":"es","@id":"https:\/\/downgalicia.org\/es\/down-lugo-y-cpr-inmaculada-maristas-de-lugo-apuestan-por-la-inclusion-educativa\/#primaryimage","url":"https:\/\/downgalicia.org\/wp-content\/uploads\/2025\/06\/Down-Lugo_Maristas-4.jpg","contentUrl":"https:\/\/downgalicia.org\/wp-content\/uploads\/2025\/06\/Down-Lugo_Maristas-4.jpg","width":980,"height":680},{"@type":"BreadcrumbList","@id":"https:\/\/downgalicia.org\/es\/down-lugo-y-cpr-inmaculada-maristas-de-lugo-apuestan-por-la-inclusion-educativa\/#breadcrumb","itemListElement":[{"@type":"ListItem","position":1,"name":"Portada","item":"https:\/\/downgalicia.org\/es\/"},{"@type":"ListItem","position":2,"name":"Down Lugo y CPR Inmaculada Maristas de Lugo apuestan por la inclusi\u00f3n educativa"}]},{"@type":"WebSite","@id":"https:\/\/downgalicia.org\/es\/#website","url":"https:\/\/downgalicia.org\/es\/","name":"Federaci\u00f3n Down Galicia","description":"Apoio a persoas con S\u00edndrome de Down","publisher":{"@id":"https:\/\/downgalicia.org\/es\/#organization"},"potentialAction":[{"@type":"SearchAction","target":{"@type":"EntryPoint","urlTemplate":"https:\/\/downgalicia.org\/es\/?s={search_term_string}"},"query-input":{"@type":"PropertyValueSpecification","valueRequired":true,"valueName":"search_term_string"}}],"inLanguage":"es"},{"@type":"Organization","@id":"https:\/\/downgalicia.org\/es\/#organization","name":"Federaci\u00f3n Down Galicia","url":"https:\/\/downgalicia.org\/es\/","logo":{"@type":"ImageObject","inLanguage":"es","@id":"https:\/\/downgalicia.org\/es\/#\/schema\/logo\/image\/","url":"https:\/\/downgalicia.org\/wp-content\/uploads\/2024\/07\/logo-sindrome-down-color.svg","contentUrl":"https:\/\/downgalicia.org\/wp-content\/uploads\/2024\/07\/logo-sindrome-down-color.svg","width":271,"height":88,"caption":"Federaci\u00f3n Down Galicia"},"image":{"@id":"https:\/\/downgalicia.org\/es\/#\/schema\/logo\/image\/"}},{"@type":"Person","@id":"https:\/\/downgalicia.org\/es\/#\/schema\/person\/317730a00185114c76a219b94bddef15","name":"produccion@visualpublinet.com","image":{"@type":"ImageObject","inLanguage":"es","@id":"https:\/\/downgalicia.org\/es\/#\/schema\/person\/image\/","url":"https:\/\/secure.gravatar.com\/avatar\/282ee20c78c1b1137175d4ab9f75785d8c239d499b1376df3ba16efa213b7b10?s=96&d=mm&r=g","contentUrl":"https:\/\/secure.gravatar.com\/avatar\/282ee20c78c1b1137175d4ab9f75785d8c239d499b1376df3ba16efa213b7b10?s=96&d=mm&r=g","caption":"produccion@visualpublinet.com"},"sameAs":["https:\/\/downgalicia.org"],"url":"https:\/\/downgalicia.org\/es\/author\/produccionvisualpublinet-com\/"}]}},"_links":{"self":[{"href":"https:\/\/downgalicia.org\/es\/wp-json\/wp\/v2\/posts\/4722","targetHints":{"allow":["GET"]}}],"collection":[{"href":"https:\/\/downgalicia.org\/es\/wp-json\/wp\/v2\/posts"}],"about":[{"href":"https:\/\/downgalicia.org\/es\/wp-json\/wp\/v2\/types\/post"}],"author":[{"embeddable":true,"href":"https:\/\/downgalicia.org\/es\/wp-json\/wp\/v2\/users\/1"}],"replies":[{"embeddable":true,"href":"https:\/\/downgalicia.org\/es\/wp-json\/wp\/v2\/comments?post=4722"}],"version-history":[{"count":0,"href":"https:\/\/downgalicia.org\/es\/wp-json\/wp\/v2\/posts\/4722\/revisions"}],"wp:featuredmedia":[{"embeddable":true,"href":"https:\/\/downgalicia.org\/es\/wp-json\/wp\/v2\/media\/4723"}],"wp:attachment":[{"href":"https:\/\/downgalicia.org\/es\/wp-json\/wp\/v2\/media?parent=4722"}],"wp:term":[{"taxonomy":"category","embeddable":true,"href":"https:\/\/downgalicia.org\/es\/wp-json\/wp\/v2\/categories?post=4722"},{"taxonomy":"post_tag","embeddable":true,"href":"https:\/\/downgalicia.org\/es\/wp-json\/wp\/v2\/tags?post=4722"}],"curies":[{"name":"wp","href":"https:\/\/api.w.org\/{rel}","templated":true}]}}