{"id":4780,"date":"2023-06-08T11:43:05","date_gmt":"2023-06-08T09:43:05","guid":{"rendered":"http:\/\/downgalicia.org.136-144-253-96.136-144-253-96.visualpublinet.com\/jovenes-de-down-ourense-participan-en-la-liga-espanola-de-debate-universitario\/"},"modified":"2023-06-08T11:43:05","modified_gmt":"2023-06-08T09:43:05","slug":"jovenes-de-down-ourense-participan-en-la-liga-espanola-de-debate-universitario","status":"publish","type":"post","link":"https:\/\/downgalicia.org\/es\/jovenes-de-down-ourense-participan-en-la-liga-espanola-de-debate-universitario\/","title":{"rendered":"J\u00f3venes de Down Ourense participan en la Liga Espa\u00f1ola de Debate Universitario"},"content":{"rendered":"<p>&nbsp;<\/p>\n<p>El pr\u00f3ximo fin de semana se celebra en Madrid la Liga Espa\u00f1ola de Debate Universitario (LEDU) entre j\u00f3venes con discapacidad intelectual, en la que ocho miembros de la asociaci\u00f3n Down Ourense participar\u00e1n para intentar alzarse con el t\u00edtulo de campeones.<\/p>\n<p>Tras la exitosa experiencia de 2022, en la que varias personas con discapacidad intelectual miembros de Down Madrid participaron en este espacio de debate, este a\u00f1o se organiza la primera edici\u00f3n de &#8220;Yo tengo opini\u00f3n\u201d, en la que competir\u00e1n, adem\u00e1s de Down Ourense, otros cinco equipos de toda Espa\u00f1a formados por personas con esta discapacidad: Down Madrid 1, Down Madrid 2, Down Zaragoza, Down Granada y Down Valladolid.<\/p>\n<p>El tema que se debatir\u00e1 en esta ocasi\u00f3n se centrar\u00e1 en si es preferible comprar en comercios locales en lugar de en grandes plataformas <em>online<\/em>, una cuesti\u00f3n de total actualidad y en la que encontramos mucha diversidad de opiniones.<\/p>\n<p>La competici\u00f3n se desarrollar\u00e1 en dos fases: una de liguilla y la gran final. En la primera de ellas, los seis equipos se dividir\u00e1n en dos grupos. Tres de ellos estar\u00e1n a favor del tema propuesto y los otros tres defender\u00e1n la postura contraria. De cada grupo se clasificar\u00e1 el mejor equipo, que pasar\u00e1 a la gran final.<\/p>\n<p>\u201cYo tengo opini\u00f3n\u201d va dirigido a j\u00f3venes con discapacidad intelectual y su objetivo es visibilizar su talento para que puedan incluirlo en sus curr\u00edculos para mejorar su inclusi\u00f3n en el mercado laboral ordinario.<\/p>\n<p>&nbsp;<\/p>\n<p><strong>\u00bfQu\u00e9 es la LEDU?<\/strong><\/p>\n<p>La Liga Espa\u00f1ola de Debate Universitario es una competici\u00f3n creada en el a\u00f1o 2000, que cada a\u00f1o aglutina a los mejores oradores y oradoras de nuestro pa\u00eds.<\/p>\n<p>2022 fue el primer a\u00f1o en que personas con discapacidad intelectual participaron en este evento, abriendo as\u00ed una puerta m\u00e1s a la participaci\u00f3n y la inclusi\u00f3n del colectivo.<\/p>\n<p>La edici\u00f3n de 2023 se celebrar\u00e1 los d\u00edas 17 y 18 de junio en Madrid.<\/p>\n","protected":false},"excerpt":{"rendered":"<p>&nbsp; El pr\u00f3ximo fin de semana se celebra en Madrid la Liga Espa\u00f1ola de Debate Universitario (LEDU) entre j\u00f3venes con discapacidad intelectual, en la que ocho miembros de la asociaci\u00f3n Down Ourense participar\u00e1n para intentar alzarse con el t\u00edtulo de&#8230;<\/p>\n","protected":false},"author":1,"featured_media":4781,"comment_status":"closed","ping_status":"closed","sticky":false,"template":"","format":"standard","meta":{"_acf_changed":false,"give_campaign_id":0,"footnotes":""},"categories":[121,71],"tags":[],"class_list":["post-4780","post","type-post","status-publish","format-standard","has-post-thumbnail","hentry","category-down-ourense-hemeroteca-es","category-noticias-sindrome-de-down-es"],"acf":[],"yoast_head":"<!-- This site is optimized with the Yoast SEO plugin v25.3.1 - https:\/\/yoast.com\/wordpress\/plugins\/seo\/ -->\n<title>J\u00f3venes de Down Ourense participan en la Liga Espa\u00f1ola de Debate Universitario &#8226; Federaci\u00f3n Down Galicia<\/title>\n<meta name=\"robots\" content=\"index, follow, max-snippet:-1, max-image-preview:large, max-video-preview:-1\" \/>\n<link rel=\"canonical\" href=\"https:\/\/downgalicia.org\/es\/jovenes-de-down-ourense-participan-en-la-liga-espanola-de-debate-universitario\/\" \/>\n<meta property=\"og:locale\" content=\"es_ES\" \/>\n<meta property=\"og:type\" content=\"article\" \/>\n<meta property=\"og:title\" content=\"J\u00f3venes de Down Ourense participan en la Liga Espa\u00f1ola de Debate Universitario &#8226; Federaci\u00f3n Down Galicia\" \/>\n<meta property=\"og:description\" content=\"&nbsp; El pr\u00f3ximo fin de semana se celebra en Madrid la Liga Espa\u00f1ola de Debate Universitario (LEDU) entre j\u00f3venes con discapacidad intelectual, en la que ocho miembros de la asociaci\u00f3n Down Ourense participar\u00e1n para intentar alzarse con el t\u00edtulo de...\" \/>\n<meta property=\"og:url\" content=\"https:\/\/downgalicia.org\/es\/jovenes-de-down-ourense-participan-en-la-liga-espanola-de-debate-universitario\/\" \/>\n<meta property=\"og:site_name\" content=\"Federaci\u00f3n Down Galicia\" \/>\n<meta property=\"article:published_time\" content=\"2023-06-08T09:43:05+00:00\" \/>\n<meta property=\"og:image\" content=\"https:\/\/downgalicia.org\/wp-content\/uploads\/2025\/06\/NP_Down-Ourense-Liga-Espanola-Debate-Universitario-9.jpg\" \/>\n\t<meta property=\"og:image:width\" content=\"980\" \/>\n\t<meta property=\"og:image:height\" content=\"680\" \/>\n\t<meta property=\"og:image:type\" content=\"image\/jpeg\" \/>\n<meta name=\"author\" content=\"produccion@visualpublinet.com\" \/>\n<meta name=\"twitter:card\" content=\"summary_large_image\" \/>\n<meta name=\"twitter:label1\" content=\"Escrito por\" \/>\n\t<meta name=\"twitter:data1\" content=\"produccion@visualpublinet.com\" \/>\n\t<meta name=\"twitter:label2\" content=\"Tiempo de lectura\" \/>\n\t<meta name=\"twitter:data2\" content=\"2 minutos\" \/>\n<script type=\"application\/ld+json\" class=\"yoast-schema-graph\">{\"@context\":\"https:\/\/schema.org\",\"@graph\":[{\"@type\":\"Article\",\"@id\":\"https:\/\/downgalicia.org\/es\/jovenes-de-down-ourense-participan-en-la-liga-espanola-de-debate-universitario\/#article\",\"isPartOf\":{\"@id\":\"https:\/\/downgalicia.org\/es\/jovenes-de-down-ourense-participan-en-la-liga-espanola-de-debate-universitario\/\"},\"author\":{\"name\":\"produccion@visualpublinet.com\",\"@id\":\"https:\/\/downgalicia.org\/es\/#\/schema\/person\/317730a00185114c76a219b94bddef15\"},\"headline\":\"J\u00f3venes de Down Ourense participan en la Liga Espa\u00f1ola de Debate Universitario\",\"datePublished\":\"2023-06-08T09:43:05+00:00\",\"mainEntityOfPage\":{\"@id\":\"https:\/\/downgalicia.org\/es\/jovenes-de-down-ourense-participan-en-la-liga-espanola-de-debate-universitario\/\"},\"wordCount\":353,\"publisher\":{\"@id\":\"https:\/\/downgalicia.org\/es\/#organization\"},\"image\":{\"@id\":\"https:\/\/downgalicia.org\/es\/jovenes-de-down-ourense-participan-en-la-liga-espanola-de-debate-universitario\/#primaryimage\"},\"thumbnailUrl\":\"https:\/\/downgalicia.org\/wp-content\/uploads\/2025\/06\/NP_Down-Ourense-Liga-Espanola-Debate-Universitario-9.jpg\",\"articleSection\":[\"Down Ourense\",\"Noticias del Movimiento Down\"],\"inLanguage\":\"es\"},{\"@type\":\"WebPage\",\"@id\":\"https:\/\/downgalicia.org\/es\/jovenes-de-down-ourense-participan-en-la-liga-espanola-de-debate-universitario\/\",\"url\":\"https:\/\/downgalicia.org\/es\/jovenes-de-down-ourense-participan-en-la-liga-espanola-de-debate-universitario\/\",\"name\":\"J\u00f3venes de Down Ourense participan en la Liga Espa\u00f1ola de Debate Universitario &#8226; Federaci\u00f3n Down Galicia\",\"isPartOf\":{\"@id\":\"https:\/\/downgalicia.org\/es\/#website\"},\"primaryImageOfPage\":{\"@id\":\"https:\/\/downgalicia.org\/es\/jovenes-de-down-ourense-participan-en-la-liga-espanola-de-debate-universitario\/#primaryimage\"},\"image\":{\"@id\":\"https:\/\/downgalicia.org\/es\/jovenes-de-down-ourense-participan-en-la-liga-espanola-de-debate-universitario\/#primaryimage\"},\"thumbnailUrl\":\"https:\/\/downgalicia.org\/wp-content\/uploads\/2025\/06\/NP_Down-Ourense-Liga-Espanola-Debate-Universitario-9.jpg\",\"datePublished\":\"2023-06-08T09:43:05+00:00\",\"breadcrumb\":{\"@id\":\"https:\/\/downgalicia.org\/es\/jovenes-de-down-ourense-participan-en-la-liga-espanola-de-debate-universitario\/#breadcrumb\"},\"inLanguage\":\"es\",\"potentialAction\":[{\"@type\":\"ReadAction\",\"target\":[\"https:\/\/downgalicia.org\/es\/jovenes-de-down-ourense-participan-en-la-liga-espanola-de-debate-universitario\/\"]}]},{\"@type\":\"ImageObject\",\"inLanguage\":\"es\",\"@id\":\"https:\/\/downgalicia.org\/es\/jovenes-de-down-ourense-participan-en-la-liga-espanola-de-debate-universitario\/#primaryimage\",\"url\":\"https:\/\/downgalicia.org\/wp-content\/uploads\/2025\/06\/NP_Down-Ourense-Liga-Espanola-Debate-Universitario-9.jpg\",\"contentUrl\":\"https:\/\/downgalicia.org\/wp-content\/uploads\/2025\/06\/NP_Down-Ourense-Liga-Espanola-Debate-Universitario-9.jpg\",\"width\":980,\"height\":680},{\"@type\":\"BreadcrumbList\",\"@id\":\"https:\/\/downgalicia.org\/es\/jovenes-de-down-ourense-participan-en-la-liga-espanola-de-debate-universitario\/#breadcrumb\",\"itemListElement\":[{\"@type\":\"ListItem\",\"position\":1,\"name\":\"Portada\",\"item\":\"https:\/\/downgalicia.org\/es\/\"},{\"@type\":\"ListItem\",\"position\":2,\"name\":\"J\u00f3venes de Down Ourense participan en la Liga Espa\u00f1ola de Debate Universitario\"}]},{\"@type\":\"WebSite\",\"@id\":\"https:\/\/downgalicia.org\/es\/#website\",\"url\":\"https:\/\/downgalicia.org\/es\/\",\"name\":\"Federaci\u00f3n Down Galicia\",\"description\":\"Apoio a persoas con S\u00edndrome de Down\",\"publisher\":{\"@id\":\"https:\/\/downgalicia.org\/es\/#organization\"},\"potentialAction\":[{\"@type\":\"SearchAction\",\"target\":{\"@type\":\"EntryPoint\",\"urlTemplate\":\"https:\/\/downgalicia.org\/es\/?s={search_term_string}\"},\"query-input\":{\"@type\":\"PropertyValueSpecification\",\"valueRequired\":true,\"valueName\":\"search_term_string\"}}],\"inLanguage\":\"es\"},{\"@type\":\"Organization\",\"@id\":\"https:\/\/downgalicia.org\/es\/#organization\",\"name\":\"Federaci\u00f3n Down Galicia\",\"url\":\"https:\/\/downgalicia.org\/es\/\",\"logo\":{\"@type\":\"ImageObject\",\"inLanguage\":\"es\",\"@id\":\"https:\/\/downgalicia.org\/es\/#\/schema\/logo\/image\/\",\"url\":\"https:\/\/downgalicia.org\/wp-content\/uploads\/2024\/07\/logo-sindrome-down-color.svg\",\"contentUrl\":\"https:\/\/downgalicia.org\/wp-content\/uploads\/2024\/07\/logo-sindrome-down-color.svg\",\"width\":271,\"height\":88,\"caption\":\"Federaci\u00f3n Down Galicia\"},\"image\":{\"@id\":\"https:\/\/downgalicia.org\/es\/#\/schema\/logo\/image\/\"}},{\"@type\":\"Person\",\"@id\":\"https:\/\/downgalicia.org\/es\/#\/schema\/person\/317730a00185114c76a219b94bddef15\",\"name\":\"produccion@visualpublinet.com\",\"image\":{\"@type\":\"ImageObject\",\"inLanguage\":\"es\",\"@id\":\"https:\/\/downgalicia.org\/es\/#\/schema\/person\/image\/\",\"url\":\"https:\/\/secure.gravatar.com\/avatar\/282ee20c78c1b1137175d4ab9f75785d8c239d499b1376df3ba16efa213b7b10?s=96&d=mm&r=g\",\"contentUrl\":\"https:\/\/secure.gravatar.com\/avatar\/282ee20c78c1b1137175d4ab9f75785d8c239d499b1376df3ba16efa213b7b10?s=96&d=mm&r=g\",\"caption\":\"produccion@visualpublinet.com\"},\"sameAs\":[\"https:\/\/downgalicia.org\"],\"url\":\"https:\/\/downgalicia.org\/es\/author\/produccionvisualpublinet-com\/\"}]}<\/script>\n<!-- \/ Yoast SEO plugin. -->","yoast_head_json":{"title":"J\u00f3venes de Down Ourense participan en la Liga Espa\u00f1ola de Debate Universitario &#8226; Federaci\u00f3n Down Galicia","robots":{"index":"index","follow":"follow","max-snippet":"max-snippet:-1","max-image-preview":"max-image-preview:large","max-video-preview":"max-video-preview:-1"},"canonical":"https:\/\/downgalicia.org\/es\/jovenes-de-down-ourense-participan-en-la-liga-espanola-de-debate-universitario\/","og_locale":"es_ES","og_type":"article","og_title":"J\u00f3venes de Down Ourense participan en la Liga Espa\u00f1ola de Debate Universitario &#8226; Federaci\u00f3n Down Galicia","og_description":"&nbsp; El pr\u00f3ximo fin de semana se celebra en Madrid la Liga Espa\u00f1ola de Debate Universitario (LEDU) entre j\u00f3venes con discapacidad intelectual, en la que ocho miembros de la asociaci\u00f3n Down Ourense participar\u00e1n para intentar alzarse con el t\u00edtulo de...","og_url":"https:\/\/downgalicia.org\/es\/jovenes-de-down-ourense-participan-en-la-liga-espanola-de-debate-universitario\/","og_site_name":"Federaci\u00f3n Down Galicia","article_published_time":"2023-06-08T09:43:05+00:00","og_image":[{"width":980,"height":680,"url":"https:\/\/downgalicia.org\/wp-content\/uploads\/2025\/06\/NP_Down-Ourense-Liga-Espanola-Debate-Universitario-9.jpg","type":"image\/jpeg"}],"author":"produccion@visualpublinet.com","twitter_card":"summary_large_image","twitter_misc":{"Escrito por":"produccion@visualpublinet.com","Tiempo de lectura":"2 minutos"},"schema":{"@context":"https:\/\/schema.org","@graph":[{"@type":"Article","@id":"https:\/\/downgalicia.org\/es\/jovenes-de-down-ourense-participan-en-la-liga-espanola-de-debate-universitario\/#article","isPartOf":{"@id":"https:\/\/downgalicia.org\/es\/jovenes-de-down-ourense-participan-en-la-liga-espanola-de-debate-universitario\/"},"author":{"name":"produccion@visualpublinet.com","@id":"https:\/\/downgalicia.org\/es\/#\/schema\/person\/317730a00185114c76a219b94bddef15"},"headline":"J\u00f3venes de Down Ourense participan en la Liga Espa\u00f1ola de Debate Universitario","datePublished":"2023-06-08T09:43:05+00:00","mainEntityOfPage":{"@id":"https:\/\/downgalicia.org\/es\/jovenes-de-down-ourense-participan-en-la-liga-espanola-de-debate-universitario\/"},"wordCount":353,"publisher":{"@id":"https:\/\/downgalicia.org\/es\/#organization"},"image":{"@id":"https:\/\/downgalicia.org\/es\/jovenes-de-down-ourense-participan-en-la-liga-espanola-de-debate-universitario\/#primaryimage"},"thumbnailUrl":"https:\/\/downgalicia.org\/wp-content\/uploads\/2025\/06\/NP_Down-Ourense-Liga-Espanola-Debate-Universitario-9.jpg","articleSection":["Down Ourense","Noticias del Movimiento Down"],"inLanguage":"es"},{"@type":"WebPage","@id":"https:\/\/downgalicia.org\/es\/jovenes-de-down-ourense-participan-en-la-liga-espanola-de-debate-universitario\/","url":"https:\/\/downgalicia.org\/es\/jovenes-de-down-ourense-participan-en-la-liga-espanola-de-debate-universitario\/","name":"J\u00f3venes de Down Ourense participan en la Liga Espa\u00f1ola de Debate Universitario &#8226; Federaci\u00f3n Down Galicia","isPartOf":{"@id":"https:\/\/downgalicia.org\/es\/#website"},"primaryImageOfPage":{"@id":"https:\/\/downgalicia.org\/es\/jovenes-de-down-ourense-participan-en-la-liga-espanola-de-debate-universitario\/#primaryimage"},"image":{"@id":"https:\/\/downgalicia.org\/es\/jovenes-de-down-ourense-participan-en-la-liga-espanola-de-debate-universitario\/#primaryimage"},"thumbnailUrl":"https:\/\/downgalicia.org\/wp-content\/uploads\/2025\/06\/NP_Down-Ourense-Liga-Espanola-Debate-Universitario-9.jpg","datePublished":"2023-06-08T09:43:05+00:00","breadcrumb":{"@id":"https:\/\/downgalicia.org\/es\/jovenes-de-down-ourense-participan-en-la-liga-espanola-de-debate-universitario\/#breadcrumb"},"inLanguage":"es","potentialAction":[{"@type":"ReadAction","target":["https:\/\/downgalicia.org\/es\/jovenes-de-down-ourense-participan-en-la-liga-espanola-de-debate-universitario\/"]}]},{"@type":"ImageObject","inLanguage":"es","@id":"https:\/\/downgalicia.org\/es\/jovenes-de-down-ourense-participan-en-la-liga-espanola-de-debate-universitario\/#primaryimage","url":"https:\/\/downgalicia.org\/wp-content\/uploads\/2025\/06\/NP_Down-Ourense-Liga-Espanola-Debate-Universitario-9.jpg","contentUrl":"https:\/\/downgalicia.org\/wp-content\/uploads\/2025\/06\/NP_Down-Ourense-Liga-Espanola-Debate-Universitario-9.jpg","width":980,"height":680},{"@type":"BreadcrumbList","@id":"https:\/\/downgalicia.org\/es\/jovenes-de-down-ourense-participan-en-la-liga-espanola-de-debate-universitario\/#breadcrumb","itemListElement":[{"@type":"ListItem","position":1,"name":"Portada","item":"https:\/\/downgalicia.org\/es\/"},{"@type":"ListItem","position":2,"name":"J\u00f3venes de Down Ourense participan en la Liga Espa\u00f1ola de Debate Universitario"}]},{"@type":"WebSite","@id":"https:\/\/downgalicia.org\/es\/#website","url":"https:\/\/downgalicia.org\/es\/","name":"Federaci\u00f3n Down Galicia","description":"Apoio a persoas con S\u00edndrome de Down","publisher":{"@id":"https:\/\/downgalicia.org\/es\/#organization"},"potentialAction":[{"@type":"SearchAction","target":{"@type":"EntryPoint","urlTemplate":"https:\/\/downgalicia.org\/es\/?s={search_term_string}"},"query-input":{"@type":"PropertyValueSpecification","valueRequired":true,"valueName":"search_term_string"}}],"inLanguage":"es"},{"@type":"Organization","@id":"https:\/\/downgalicia.org\/es\/#organization","name":"Federaci\u00f3n Down Galicia","url":"https:\/\/downgalicia.org\/es\/","logo":{"@type":"ImageObject","inLanguage":"es","@id":"https:\/\/downgalicia.org\/es\/#\/schema\/logo\/image\/","url":"https:\/\/downgalicia.org\/wp-content\/uploads\/2024\/07\/logo-sindrome-down-color.svg","contentUrl":"https:\/\/downgalicia.org\/wp-content\/uploads\/2024\/07\/logo-sindrome-down-color.svg","width":271,"height":88,"caption":"Federaci\u00f3n Down Galicia"},"image":{"@id":"https:\/\/downgalicia.org\/es\/#\/schema\/logo\/image\/"}},{"@type":"Person","@id":"https:\/\/downgalicia.org\/es\/#\/schema\/person\/317730a00185114c76a219b94bddef15","name":"produccion@visualpublinet.com","image":{"@type":"ImageObject","inLanguage":"es","@id":"https:\/\/downgalicia.org\/es\/#\/schema\/person\/image\/","url":"https:\/\/secure.gravatar.com\/avatar\/282ee20c78c1b1137175d4ab9f75785d8c239d499b1376df3ba16efa213b7b10?s=96&d=mm&r=g","contentUrl":"https:\/\/secure.gravatar.com\/avatar\/282ee20c78c1b1137175d4ab9f75785d8c239d499b1376df3ba16efa213b7b10?s=96&d=mm&r=g","caption":"produccion@visualpublinet.com"},"sameAs":["https:\/\/downgalicia.org"],"url":"https:\/\/downgalicia.org\/es\/author\/produccionvisualpublinet-com\/"}]}},"_links":{"self":[{"href":"https:\/\/downgalicia.org\/es\/wp-json\/wp\/v2\/posts\/4780","targetHints":{"allow":["GET"]}}],"collection":[{"href":"https:\/\/downgalicia.org\/es\/wp-json\/wp\/v2\/posts"}],"about":[{"href":"https:\/\/downgalicia.org\/es\/wp-json\/wp\/v2\/types\/post"}],"author":[{"embeddable":true,"href":"https:\/\/downgalicia.org\/es\/wp-json\/wp\/v2\/users\/1"}],"replies":[{"embeddable":true,"href":"https:\/\/downgalicia.org\/es\/wp-json\/wp\/v2\/comments?post=4780"}],"version-history":[{"count":0,"href":"https:\/\/downgalicia.org\/es\/wp-json\/wp\/v2\/posts\/4780\/revisions"}],"wp:featuredmedia":[{"embeddable":true,"href":"https:\/\/downgalicia.org\/es\/wp-json\/wp\/v2\/media\/4781"}],"wp:attachment":[{"href":"https:\/\/downgalicia.org\/es\/wp-json\/wp\/v2\/media?parent=4780"}],"wp:term":[{"taxonomy":"category","embeddable":true,"href":"https:\/\/downgalicia.org\/es\/wp-json\/wp\/v2\/categories?post=4780"},{"taxonomy":"post_tag","embeddable":true,"href":"https:\/\/downgalicia.org\/es\/wp-json\/wp\/v2\/tags?post=4780"}],"curies":[{"name":"wp","href":"https:\/\/api.w.org\/{rel}","templated":true}]}}