{"id":4784,"date":"2023-05-31T08:19:20","date_gmt":"2023-05-31T06:19:20","guid":{"rendered":"http:\/\/downgalicia.org.136-144-253-96.136-144-253-96.visualpublinet.com\/cafes-candelas-contrata-de-forma-indefinida-a-un-joven-de-lugo-con-discapacidad-intelectual\/"},"modified":"2023-05-31T08:19:20","modified_gmt":"2023-05-31T06:19:20","slug":"cafes-candelas-contrata-de-forma-indefinida-a-un-joven-de-lugo-con-discapacidad-intelectual","status":"publish","type":"post","link":"https:\/\/downgalicia.org\/es\/cafes-candelas-contrata-de-forma-indefinida-a-un-joven-de-lugo-con-discapacidad-intelectual\/","title":{"rendered":"Caf\u00e9s Candelas contrata de forma indefinida a un joven de Lugo con discapacidad intelectual"},"content":{"rendered":"<p>&nbsp;<\/p>\n<p>Este mes de mayo finaliza con muy buenas noticias en el Movimiento Down de Galicia, ya que la empresa Caf\u00e9s Candelas acaba de contratar de manera indefinida a una persona usuaria de la asociaci\u00f3n Down Lugo.<\/p>\n<p>As\u00ed, desde el pasado d\u00eda 15, el departamento de log\u00edstica de la empresa lucense cuenta con un nuevo mozo de almac\u00e9n, que se est\u00e1 encargando de distintas tareas como la preparaci\u00f3n de pedidos, la carga y descarga de las mercanc\u00edas o el mantenimiento del orden en las instalaciones.<\/p>\n<p>Este contrato no fue fruto de la casualidad, ya que se firm\u00f3 tras dos meses de pr\u00e1cticas bajo la metodolog\u00eda de Empleo con Apoyo, en los que un preparador laboral de Down Lugo acompa\u00f1\u00f3 a la persona usuaria para perfeccionar el desempe\u00f1o de sus tareas y funciones y donde el nuevo trabajador demostr\u00f3 ser brillante en la ejecuci\u00f3n de las mismas. Adem\u00e1s, se cont\u00f3 con la colaboraci\u00f3n y la acogida de los compa\u00f1eros y compa\u00f1eras de almac\u00e9n, que pusieron todo de su parte para que la incorporaci\u00f3n llegase a buen puerto.<\/p>\n<p>Pero el trabajo y el esfuerzo vienen de m\u00e1s atr\u00e1s todav\u00eda, ya que la formaci\u00f3n y la experiencia fueron claves para que este joven consiguiera el tan ansiado contrato indefinido. Nueve a\u00f1os con contratos temporales en una cadena de supermercados y formaci\u00f3n en el manejo de carretillas elevadoras y traspaletas, as\u00ed como un desempe\u00f1o perfecto de sus tareas, fueron claves para la consecuci\u00f3n de la meta.<\/p>\n<p>Tras el per\u00edodo de pr\u00e1cticas, la directora de recursos humanos y el jefe de log\u00edstica de la empresa le preguntaron al joven por su experiencia y este les dijo que se hab\u00eda sentido muy realizado, que era su tipo de trabajo y que el equipo profesional era estupendo. Desde Caf\u00e9s Candelas mostraron su inter\u00e9s en contratarlo y tras una semana valorando la posibilidad, la oportunidad lleg\u00f3.<\/p>\n<p>Desde la Federaci\u00f3n Down Galicia queremos agradecer a Caf\u00e9s Candelas su confianza en nuestro programa de Empleo con Apoyo y su apuesta decidida por la inclusi\u00f3n laboral, y tambi\u00e9n destacar la colaboraci\u00f3n y el trato excepcional de las personas de recursos humanos y del departamento de log\u00edstica de la empresa.<\/p>\n","protected":false},"excerpt":{"rendered":"<p>&nbsp; Este mes de mayo finaliza con muy buenas noticias en el Movimiento Down de Galicia, ya que la empresa Caf\u00e9s Candelas acaba de contratar de manera indefinida a una persona usuaria de la asociaci\u00f3n Down Lugo. As\u00ed, desde el&#8230;<\/p>\n","protected":false},"author":1,"featured_media":4785,"comment_status":"closed","ping_status":"closed","sticky":false,"template":"","format":"standard","meta":{"_acf_changed":false,"give_campaign_id":0,"footnotes":""},"categories":[125,127,71],"tags":[],"class_list":["post-4784","post","type-post","status-publish","format-standard","has-post-thumbnail","hentry","category-down-lugo-hemeroteca-es","category-formacion-e-emprego-hemeroteca-hemeroteca-es","category-noticias-sindrome-de-down-es"],"acf":[],"yoast_head":"<!-- This site is optimized with the Yoast SEO plugin v25.3.1 - https:\/\/yoast.com\/wordpress\/plugins\/seo\/ -->\n<title>Caf\u00e9s Candelas contrata de forma indefinida a un joven de Lugo con discapacidad intelectual &#8226; Federaci\u00f3n Down Galicia<\/title>\n<meta name=\"robots\" content=\"index, follow, max-snippet:-1, max-image-preview:large, max-video-preview:-1\" \/>\n<link rel=\"canonical\" href=\"https:\/\/downgalicia.org\/es\/cafes-candelas-contrata-de-forma-indefinida-a-un-joven-de-lugo-con-discapacidad-intelectual\/\" \/>\n<meta property=\"og:locale\" content=\"es_ES\" \/>\n<meta property=\"og:type\" content=\"article\" \/>\n<meta property=\"og:title\" content=\"Caf\u00e9s Candelas contrata de forma indefinida a un joven de Lugo con discapacidad intelectual &#8226; Federaci\u00f3n Down Galicia\" \/>\n<meta property=\"og:description\" content=\"&nbsp; Este mes de mayo finaliza con muy buenas noticias en el Movimiento Down de Galicia, ya que la empresa Caf\u00e9s Candelas acaba de contratar de manera indefinida a una persona usuaria de la asociaci\u00f3n Down Lugo. As\u00ed, desde el...\" \/>\n<meta property=\"og:url\" content=\"https:\/\/downgalicia.org\/es\/cafes-candelas-contrata-de-forma-indefinida-a-un-joven-de-lugo-con-discapacidad-intelectual\/\" \/>\n<meta property=\"og:site_name\" content=\"Federaci\u00f3n Down Galicia\" \/>\n<meta property=\"article:published_time\" content=\"2023-05-31T06:19:20+00:00\" \/>\n<meta property=\"og:image\" content=\"https:\/\/downgalicia.org\/wp-content\/uploads\/2025\/06\/Down-Lugo_Contratacion-Candelas-4.jpg\" \/>\n\t<meta property=\"og:image:width\" content=\"980\" \/>\n\t<meta property=\"og:image:height\" content=\"680\" \/>\n\t<meta property=\"og:image:type\" content=\"image\/jpeg\" \/>\n<meta name=\"author\" content=\"produccion@visualpublinet.com\" \/>\n<meta name=\"twitter:card\" content=\"summary_large_image\" \/>\n<meta name=\"twitter:label1\" content=\"Escrito por\" \/>\n\t<meta name=\"twitter:data1\" content=\"produccion@visualpublinet.com\" \/>\n\t<meta name=\"twitter:label2\" content=\"Tiempo de lectura\" \/>\n\t<meta name=\"twitter:data2\" content=\"2 minutos\" \/>\n<script type=\"application\/ld+json\" class=\"yoast-schema-graph\">{\"@context\":\"https:\/\/schema.org\",\"@graph\":[{\"@type\":\"Article\",\"@id\":\"https:\/\/downgalicia.org\/es\/cafes-candelas-contrata-de-forma-indefinida-a-un-joven-de-lugo-con-discapacidad-intelectual\/#article\",\"isPartOf\":{\"@id\":\"https:\/\/downgalicia.org\/es\/cafes-candelas-contrata-de-forma-indefinida-a-un-joven-de-lugo-con-discapacidad-intelectual\/\"},\"author\":{\"name\":\"produccion@visualpublinet.com\",\"@id\":\"https:\/\/downgalicia.org\/es\/#\/schema\/person\/317730a00185114c76a219b94bddef15\"},\"headline\":\"Caf\u00e9s Candelas contrata de forma indefinida a un joven de Lugo con discapacidad intelectual\",\"datePublished\":\"2023-05-31T06:19:20+00:00\",\"mainEntityOfPage\":{\"@id\":\"https:\/\/downgalicia.org\/es\/cafes-candelas-contrata-de-forma-indefinida-a-un-joven-de-lugo-con-discapacidad-intelectual\/\"},\"wordCount\":409,\"publisher\":{\"@id\":\"https:\/\/downgalicia.org\/es\/#organization\"},\"image\":{\"@id\":\"https:\/\/downgalicia.org\/es\/cafes-candelas-contrata-de-forma-indefinida-a-un-joven-de-lugo-con-discapacidad-intelectual\/#primaryimage\"},\"thumbnailUrl\":\"https:\/\/downgalicia.org\/wp-content\/uploads\/2025\/06\/Down-Lugo_Contratacion-Candelas-4.jpg\",\"articleSection\":[\"Down Lugo\",\"Formaci\u00f3n e Emprego\",\"Noticias del Movimiento Down\"],\"inLanguage\":\"es\"},{\"@type\":\"WebPage\",\"@id\":\"https:\/\/downgalicia.org\/es\/cafes-candelas-contrata-de-forma-indefinida-a-un-joven-de-lugo-con-discapacidad-intelectual\/\",\"url\":\"https:\/\/downgalicia.org\/es\/cafes-candelas-contrata-de-forma-indefinida-a-un-joven-de-lugo-con-discapacidad-intelectual\/\",\"name\":\"Caf\u00e9s Candelas contrata de forma indefinida a un joven de Lugo con discapacidad intelectual &#8226; Federaci\u00f3n Down Galicia\",\"isPartOf\":{\"@id\":\"https:\/\/downgalicia.org\/es\/#website\"},\"primaryImageOfPage\":{\"@id\":\"https:\/\/downgalicia.org\/es\/cafes-candelas-contrata-de-forma-indefinida-a-un-joven-de-lugo-con-discapacidad-intelectual\/#primaryimage\"},\"image\":{\"@id\":\"https:\/\/downgalicia.org\/es\/cafes-candelas-contrata-de-forma-indefinida-a-un-joven-de-lugo-con-discapacidad-intelectual\/#primaryimage\"},\"thumbnailUrl\":\"https:\/\/downgalicia.org\/wp-content\/uploads\/2025\/06\/Down-Lugo_Contratacion-Candelas-4.jpg\",\"datePublished\":\"2023-05-31T06:19:20+00:00\",\"breadcrumb\":{\"@id\":\"https:\/\/downgalicia.org\/es\/cafes-candelas-contrata-de-forma-indefinida-a-un-joven-de-lugo-con-discapacidad-intelectual\/#breadcrumb\"},\"inLanguage\":\"es\",\"potentialAction\":[{\"@type\":\"ReadAction\",\"target\":[\"https:\/\/downgalicia.org\/es\/cafes-candelas-contrata-de-forma-indefinida-a-un-joven-de-lugo-con-discapacidad-intelectual\/\"]}]},{\"@type\":\"ImageObject\",\"inLanguage\":\"es\",\"@id\":\"https:\/\/downgalicia.org\/es\/cafes-candelas-contrata-de-forma-indefinida-a-un-joven-de-lugo-con-discapacidad-intelectual\/#primaryimage\",\"url\":\"https:\/\/downgalicia.org\/wp-content\/uploads\/2025\/06\/Down-Lugo_Contratacion-Candelas-4.jpg\",\"contentUrl\":\"https:\/\/downgalicia.org\/wp-content\/uploads\/2025\/06\/Down-Lugo_Contratacion-Candelas-4.jpg\",\"width\":980,\"height\":680},{\"@type\":\"BreadcrumbList\",\"@id\":\"https:\/\/downgalicia.org\/es\/cafes-candelas-contrata-de-forma-indefinida-a-un-joven-de-lugo-con-discapacidad-intelectual\/#breadcrumb\",\"itemListElement\":[{\"@type\":\"ListItem\",\"position\":1,\"name\":\"Portada\",\"item\":\"https:\/\/downgalicia.org\/es\/\"},{\"@type\":\"ListItem\",\"position\":2,\"name\":\"Caf\u00e9s Candelas contrata de forma indefinida a un joven de Lugo con discapacidad intelectual\"}]},{\"@type\":\"WebSite\",\"@id\":\"https:\/\/downgalicia.org\/es\/#website\",\"url\":\"https:\/\/downgalicia.org\/es\/\",\"name\":\"Federaci\u00f3n Down Galicia\",\"description\":\"Apoio a persoas con S\u00edndrome de Down\",\"publisher\":{\"@id\":\"https:\/\/downgalicia.org\/es\/#organization\"},\"potentialAction\":[{\"@type\":\"SearchAction\",\"target\":{\"@type\":\"EntryPoint\",\"urlTemplate\":\"https:\/\/downgalicia.org\/es\/?s={search_term_string}\"},\"query-input\":{\"@type\":\"PropertyValueSpecification\",\"valueRequired\":true,\"valueName\":\"search_term_string\"}}],\"inLanguage\":\"es\"},{\"@type\":\"Organization\",\"@id\":\"https:\/\/downgalicia.org\/es\/#organization\",\"name\":\"Federaci\u00f3n Down Galicia\",\"url\":\"https:\/\/downgalicia.org\/es\/\",\"logo\":{\"@type\":\"ImageObject\",\"inLanguage\":\"es\",\"@id\":\"https:\/\/downgalicia.org\/es\/#\/schema\/logo\/image\/\",\"url\":\"https:\/\/downgalicia.org\/wp-content\/uploads\/2024\/07\/logo-sindrome-down-color.svg\",\"contentUrl\":\"https:\/\/downgalicia.org\/wp-content\/uploads\/2024\/07\/logo-sindrome-down-color.svg\",\"width\":271,\"height\":88,\"caption\":\"Federaci\u00f3n Down Galicia\"},\"image\":{\"@id\":\"https:\/\/downgalicia.org\/es\/#\/schema\/logo\/image\/\"}},{\"@type\":\"Person\",\"@id\":\"https:\/\/downgalicia.org\/es\/#\/schema\/person\/317730a00185114c76a219b94bddef15\",\"name\":\"produccion@visualpublinet.com\",\"image\":{\"@type\":\"ImageObject\",\"inLanguage\":\"es\",\"@id\":\"https:\/\/downgalicia.org\/es\/#\/schema\/person\/image\/\",\"url\":\"https:\/\/secure.gravatar.com\/avatar\/282ee20c78c1b1137175d4ab9f75785d8c239d499b1376df3ba16efa213b7b10?s=96&d=mm&r=g\",\"contentUrl\":\"https:\/\/secure.gravatar.com\/avatar\/282ee20c78c1b1137175d4ab9f75785d8c239d499b1376df3ba16efa213b7b10?s=96&d=mm&r=g\",\"caption\":\"produccion@visualpublinet.com\"},\"sameAs\":[\"https:\/\/downgalicia.org\"],\"url\":\"https:\/\/downgalicia.org\/es\/author\/produccionvisualpublinet-com\/\"}]}<\/script>\n<!-- \/ Yoast SEO plugin. -->","yoast_head_json":{"title":"Caf\u00e9s Candelas contrata de forma indefinida a un joven de Lugo con discapacidad intelectual &#8226; Federaci\u00f3n Down Galicia","robots":{"index":"index","follow":"follow","max-snippet":"max-snippet:-1","max-image-preview":"max-image-preview:large","max-video-preview":"max-video-preview:-1"},"canonical":"https:\/\/downgalicia.org\/es\/cafes-candelas-contrata-de-forma-indefinida-a-un-joven-de-lugo-con-discapacidad-intelectual\/","og_locale":"es_ES","og_type":"article","og_title":"Caf\u00e9s Candelas contrata de forma indefinida a un joven de Lugo con discapacidad intelectual &#8226; Federaci\u00f3n Down Galicia","og_description":"&nbsp; Este mes de mayo finaliza con muy buenas noticias en el Movimiento Down de Galicia, ya que la empresa Caf\u00e9s Candelas acaba de contratar de manera indefinida a una persona usuaria de la asociaci\u00f3n Down Lugo. As\u00ed, desde el...","og_url":"https:\/\/downgalicia.org\/es\/cafes-candelas-contrata-de-forma-indefinida-a-un-joven-de-lugo-con-discapacidad-intelectual\/","og_site_name":"Federaci\u00f3n Down Galicia","article_published_time":"2023-05-31T06:19:20+00:00","og_image":[{"width":980,"height":680,"url":"https:\/\/downgalicia.org\/wp-content\/uploads\/2025\/06\/Down-Lugo_Contratacion-Candelas-4.jpg","type":"image\/jpeg"}],"author":"produccion@visualpublinet.com","twitter_card":"summary_large_image","twitter_misc":{"Escrito por":"produccion@visualpublinet.com","Tiempo de lectura":"2 minutos"},"schema":{"@context":"https:\/\/schema.org","@graph":[{"@type":"Article","@id":"https:\/\/downgalicia.org\/es\/cafes-candelas-contrata-de-forma-indefinida-a-un-joven-de-lugo-con-discapacidad-intelectual\/#article","isPartOf":{"@id":"https:\/\/downgalicia.org\/es\/cafes-candelas-contrata-de-forma-indefinida-a-un-joven-de-lugo-con-discapacidad-intelectual\/"},"author":{"name":"produccion@visualpublinet.com","@id":"https:\/\/downgalicia.org\/es\/#\/schema\/person\/317730a00185114c76a219b94bddef15"},"headline":"Caf\u00e9s Candelas contrata de forma indefinida a un joven de Lugo con discapacidad intelectual","datePublished":"2023-05-31T06:19:20+00:00","mainEntityOfPage":{"@id":"https:\/\/downgalicia.org\/es\/cafes-candelas-contrata-de-forma-indefinida-a-un-joven-de-lugo-con-discapacidad-intelectual\/"},"wordCount":409,"publisher":{"@id":"https:\/\/downgalicia.org\/es\/#organization"},"image":{"@id":"https:\/\/downgalicia.org\/es\/cafes-candelas-contrata-de-forma-indefinida-a-un-joven-de-lugo-con-discapacidad-intelectual\/#primaryimage"},"thumbnailUrl":"https:\/\/downgalicia.org\/wp-content\/uploads\/2025\/06\/Down-Lugo_Contratacion-Candelas-4.jpg","articleSection":["Down Lugo","Formaci\u00f3n e Emprego","Noticias del Movimiento Down"],"inLanguage":"es"},{"@type":"WebPage","@id":"https:\/\/downgalicia.org\/es\/cafes-candelas-contrata-de-forma-indefinida-a-un-joven-de-lugo-con-discapacidad-intelectual\/","url":"https:\/\/downgalicia.org\/es\/cafes-candelas-contrata-de-forma-indefinida-a-un-joven-de-lugo-con-discapacidad-intelectual\/","name":"Caf\u00e9s Candelas contrata de forma indefinida a un joven de Lugo con discapacidad intelectual &#8226; Federaci\u00f3n Down Galicia","isPartOf":{"@id":"https:\/\/downgalicia.org\/es\/#website"},"primaryImageOfPage":{"@id":"https:\/\/downgalicia.org\/es\/cafes-candelas-contrata-de-forma-indefinida-a-un-joven-de-lugo-con-discapacidad-intelectual\/#primaryimage"},"image":{"@id":"https:\/\/downgalicia.org\/es\/cafes-candelas-contrata-de-forma-indefinida-a-un-joven-de-lugo-con-discapacidad-intelectual\/#primaryimage"},"thumbnailUrl":"https:\/\/downgalicia.org\/wp-content\/uploads\/2025\/06\/Down-Lugo_Contratacion-Candelas-4.jpg","datePublished":"2023-05-31T06:19:20+00:00","breadcrumb":{"@id":"https:\/\/downgalicia.org\/es\/cafes-candelas-contrata-de-forma-indefinida-a-un-joven-de-lugo-con-discapacidad-intelectual\/#breadcrumb"},"inLanguage":"es","potentialAction":[{"@type":"ReadAction","target":["https:\/\/downgalicia.org\/es\/cafes-candelas-contrata-de-forma-indefinida-a-un-joven-de-lugo-con-discapacidad-intelectual\/"]}]},{"@type":"ImageObject","inLanguage":"es","@id":"https:\/\/downgalicia.org\/es\/cafes-candelas-contrata-de-forma-indefinida-a-un-joven-de-lugo-con-discapacidad-intelectual\/#primaryimage","url":"https:\/\/downgalicia.org\/wp-content\/uploads\/2025\/06\/Down-Lugo_Contratacion-Candelas-4.jpg","contentUrl":"https:\/\/downgalicia.org\/wp-content\/uploads\/2025\/06\/Down-Lugo_Contratacion-Candelas-4.jpg","width":980,"height":680},{"@type":"BreadcrumbList","@id":"https:\/\/downgalicia.org\/es\/cafes-candelas-contrata-de-forma-indefinida-a-un-joven-de-lugo-con-discapacidad-intelectual\/#breadcrumb","itemListElement":[{"@type":"ListItem","position":1,"name":"Portada","item":"https:\/\/downgalicia.org\/es\/"},{"@type":"ListItem","position":2,"name":"Caf\u00e9s Candelas contrata de forma indefinida a un joven de Lugo con discapacidad intelectual"}]},{"@type":"WebSite","@id":"https:\/\/downgalicia.org\/es\/#website","url":"https:\/\/downgalicia.org\/es\/","name":"Federaci\u00f3n Down Galicia","description":"Apoio a persoas con S\u00edndrome de Down","publisher":{"@id":"https:\/\/downgalicia.org\/es\/#organization"},"potentialAction":[{"@type":"SearchAction","target":{"@type":"EntryPoint","urlTemplate":"https:\/\/downgalicia.org\/es\/?s={search_term_string}"},"query-input":{"@type":"PropertyValueSpecification","valueRequired":true,"valueName":"search_term_string"}}],"inLanguage":"es"},{"@type":"Organization","@id":"https:\/\/downgalicia.org\/es\/#organization","name":"Federaci\u00f3n Down Galicia","url":"https:\/\/downgalicia.org\/es\/","logo":{"@type":"ImageObject","inLanguage":"es","@id":"https:\/\/downgalicia.org\/es\/#\/schema\/logo\/image\/","url":"https:\/\/downgalicia.org\/wp-content\/uploads\/2024\/07\/logo-sindrome-down-color.svg","contentUrl":"https:\/\/downgalicia.org\/wp-content\/uploads\/2024\/07\/logo-sindrome-down-color.svg","width":271,"height":88,"caption":"Federaci\u00f3n Down Galicia"},"image":{"@id":"https:\/\/downgalicia.org\/es\/#\/schema\/logo\/image\/"}},{"@type":"Person","@id":"https:\/\/downgalicia.org\/es\/#\/schema\/person\/317730a00185114c76a219b94bddef15","name":"produccion@visualpublinet.com","image":{"@type":"ImageObject","inLanguage":"es","@id":"https:\/\/downgalicia.org\/es\/#\/schema\/person\/image\/","url":"https:\/\/secure.gravatar.com\/avatar\/282ee20c78c1b1137175d4ab9f75785d8c239d499b1376df3ba16efa213b7b10?s=96&d=mm&r=g","contentUrl":"https:\/\/secure.gravatar.com\/avatar\/282ee20c78c1b1137175d4ab9f75785d8c239d499b1376df3ba16efa213b7b10?s=96&d=mm&r=g","caption":"produccion@visualpublinet.com"},"sameAs":["https:\/\/downgalicia.org"],"url":"https:\/\/downgalicia.org\/es\/author\/produccionvisualpublinet-com\/"}]}},"_links":{"self":[{"href":"https:\/\/downgalicia.org\/es\/wp-json\/wp\/v2\/posts\/4784","targetHints":{"allow":["GET"]}}],"collection":[{"href":"https:\/\/downgalicia.org\/es\/wp-json\/wp\/v2\/posts"}],"about":[{"href":"https:\/\/downgalicia.org\/es\/wp-json\/wp\/v2\/types\/post"}],"author":[{"embeddable":true,"href":"https:\/\/downgalicia.org\/es\/wp-json\/wp\/v2\/users\/1"}],"replies":[{"embeddable":true,"href":"https:\/\/downgalicia.org\/es\/wp-json\/wp\/v2\/comments?post=4784"}],"version-history":[{"count":0,"href":"https:\/\/downgalicia.org\/es\/wp-json\/wp\/v2\/posts\/4784\/revisions"}],"wp:featuredmedia":[{"embeddable":true,"href":"https:\/\/downgalicia.org\/es\/wp-json\/wp\/v2\/media\/4785"}],"wp:attachment":[{"href":"https:\/\/downgalicia.org\/es\/wp-json\/wp\/v2\/media?parent=4784"}],"wp:term":[{"taxonomy":"category","embeddable":true,"href":"https:\/\/downgalicia.org\/es\/wp-json\/wp\/v2\/categories?post=4784"},{"taxonomy":"post_tag","embeddable":true,"href":"https:\/\/downgalicia.org\/es\/wp-json\/wp\/v2\/tags?post=4784"}],"curies":[{"name":"wp","href":"https:\/\/api.w.org\/{rel}","templated":true}]}}