{"id":5353,"date":"2022-03-08T09:00:57","date_gmt":"2022-03-08T08:00:57","guid":{"rendered":"http:\/\/downgalicia.org.136-144-253-96.136-144-253-96.visualpublinet.com\/8-de-marzo-de-2022-veinticinco-anos-de-conquistas-y-reivindicacion\/"},"modified":"2022-03-08T09:00:57","modified_gmt":"2022-03-08T08:00:57","slug":"8-de-marzo-de-2022-veinticinco-anos-de-conquistas-y-reivindicacion","status":"publish","type":"post","link":"https:\/\/downgalicia.org\/es\/8-de-marzo-de-2022-veinticinco-anos-de-conquistas-y-reivindicacion\/","title":{"rendered":"8 de marzo de 2022: Veinticinco a\u00f1os de conquistas y reivindicaci\u00f3n"},"content":{"rendered":"<p>&nbsp;<\/p>\n<p><strong>Manifiesto de la Fundaci\u00f3n CERMI Mujeres por el D\u00eda Internacional de la Mujer<\/strong><\/p>\n<p>&nbsp;<\/p>\n<p>Hoy, 8 de marzo, D\u00eda Internacional de la Mujer, las mujeres y ni\u00f1as con discapacidad no podemos dejar pasar la oportunidad para denunciar un a\u00f1o m\u00e1s la situaci\u00f3n de exclusi\u00f3n a las que nos vemos sometidas de manera sistem\u00e1tica como ciudadanas. Aun cuando en los \u00faltimos a\u00f1os se han producido importantes avances en la conquista formal de derechos y existe en la sociedad en general una mayor toma de conciencia sobre nuestra realidad, sin embargo, queda mucho camino por recorrer todav\u00eda.<\/p>\n<p>No podemos olvidar que en este 2022 el movimiento CERMI celebra su veinticinco aniversario, un cuarto de siglo en el que las mujeres con discapacidad organizadas hemos alzado nuestra voz para denunciar c\u00f3mo segu\u00edamos siendo olvidadas en Beijing 95, a pesar de que se hablara de trasversalidad de g\u00e9nero y se reconociera, al menos en el papel, la diversidad de las mujeres. Un cuarto de siglo en el que vio la luz el primer Manifiesto de Mujeres y Ni\u00f1as con Discapacidad de Europa, impulsado en 1997 por el Comit\u00e9 de Mujeres del Foro Europeo de la Discapacidad, as\u00ed como su secuela, el segundo Manifiesto en 2011, m\u00e1s maduro y reflexivo. Veinticinco a\u00f1os en el que el movimiento social de la discapacidad a nivel mundial alcanz\u00f3 la conquista hist\u00f3rica de ver reconocidos sus derechos a trav\u00e9s de un tratado internacional en el sistema de Naciones Unidas, una conquista que se consigui\u00f3 gracias a las reivindicaciones de una base social cr\u00edtica y activa, formada por mujeres y hombres con discapacidad de todo el mundo.<\/p>\n<p>Todo esto sucedi\u00f3, adem\u00e1s, en un periodo en el que se produjo una importante eclosi\u00f3n de organizaciones de mujeres con discapacidad que luchaban por sus derechos como mujeres, poniendo el acento en ese art\u00edculo 6 de la Convenci\u00f3n sobre los Derechos de las Personas con Discapacidad que tanto cost\u00f3 introducir en el texto definitivo, y al mismo tiempo, tomando como referencia ineludible la Convenci\u00f3n sobre la Eliminaci\u00f3n de Todas las Formas de Discriminaci\u00f3n contra la Mujer. Veinticinco a\u00f1os en los que por vez primera una mujer con discapacidad consigui\u00f3 llegar a formar parte del Comit\u00e9 CEDAW, enarbolando su firme compromiso de no dejar atr\u00e1s a ninguna mujer ni ni\u00f1a de este planeta.<\/p>\n<p>Tambi\u00e9n han sido a\u00f1os en los que ve\u00edamos c\u00f3mo se aprobaban en nuestro pa\u00eds leyes clave para el reconocimiento de los derechos de las mujeres con discapacidad como la Ley 39\/2006, de 14 de diciembre, de Promoci\u00f3n de la Autonom\u00eda Personal y Atenci\u00f3n a las personas en situaci\u00f3n de dependencia, la Ley Org\u00e1nica 1\/2004, de 28 de diciembre, de Medidas de Protecci\u00f3n Integral contra la Violencia de G\u00e9nero o la Ley Org\u00e1nica 3\/2007, de 22 de marzo, para la igualdad efectiva de mujeres y hombres, concretando as\u00ed en forma de derechos nuestras reivindicaciones, aunque con desigual\u00a0 \u00e9xito en su aplicaci\u00f3n.<\/p>\n<p>Hemos continuado el camino hasta que en fechas bien recientes se concretaron otros avances con un evidente impacto en las mujeres de nuestro sector, tales como la adopci\u00f3n de la Ley Org\u00e1nica 2\/2018, de 5 de diciembre, que modific\u00f3 el R\u00e9gimen Electoral General para garantizar el derecho de sufragio de todas las personas con discapacidad, la Ley Org\u00e1nica 2\/2020, de 16 de diciembre, de modificaci\u00f3n del C\u00f3digo Penal para la erradicaci\u00f3n de la esterilizaci\u00f3n forzada o no consentida de personas con discapacidad incapacitadas judicialmente, as\u00ed como la Ley 8\/2021, de 2 de junio, por la que se reforma la legislaci\u00f3n civil y procesal para el apoyo a las personas con discapacidad en el ejercicio de su capacidad jur\u00eddica.<\/p>\n<p>Pero, reiteramos, queda a\u00fan mucho camino por recorrer. Y es que conviene tener presente que, seg\u00fan datos del XII Informe Anual del Observatorio Estatal de Violencia sobre la Mujer 2018 publicado recientemente por el Ministerio de Igualdad, el 20% de las mujeres que fueron asesinadas por sus parejas y\/o exparejas en nuestro pa\u00eds durante ese a\u00f1o ten\u00edan alg\u00fan tipo de discapacidad.<\/p>\n<p>Esta realidad tan preocupante choca frontalmente con la inexistencia de una pol\u00edtica p\u00fablica en materia de violencia contra las mujeres que tome seriamente en consideraci\u00f3n nuestra situaci\u00f3n espec\u00edfica. Ni los recursos ni los servicios de atenci\u00f3n en este \u00e1mbito son plenamente accesibles ni inclusivos. Tampoco las y los profesionales especializados cuentan con una formaci\u00f3n id\u00f3nea para dar respuesta a esta realidad ni se han establecido protocolos de actuaci\u00f3n adecuados que permitan un abordaje integral.\u00a0 A esto hay que a\u00f1adir los innumerables obst\u00e1culos que tenemos que salvar a la hora de denunciar la violencia de la que somos objeto, as\u00ed como la falta de credibilidad que como denunciantes y testigos tenemos, sin olvidar las barreras de todo tipo que nos impiden acceder a la justicia en igualdad de condiciones.<\/p>\n<p>No olvidamos tampoco que en la \u00faltima d\u00e9cada m\u00e1s de 1.000 personas, sobre todo mujeres con discapacidad han sido esterilizadas contra su voluntad en Espa\u00f1a al amparo de art. 156.2 del C\u00f3digo Penal, ya derogado. Y aunque esta pr\u00e1ctica nociva, inhumana y degradante ha sido desterrada de nuestro ordenamiento jur\u00eddico, sin embargo, nos inquieta enormemente que pueda seguir perpetr\u00e1ndose contra el cuerpo de nuestras mujeres por otras v\u00edas, a\u00fan m\u00e1s ocultas e invisibles y, por ende, m\u00e1s dif\u00edciles de controlar. Tambi\u00e9n nos preocupan las secuelas de toda \u00edndole que estas esterilizaciones forzadas hayan podido producir en la vida de las mujeres con discapacidad. Y es que nuestros derechos sexuales y reproductivos contin\u00faan siendo un terreno vedado donde se aplican f\u00e9rreos controles sobre el placer de nuestros cuerpos y sobre nuestra fertilidad, anul\u00e1ndonos como mujeres.<\/p>\n<p>A estas formas de violencia, hay que sumar la sistem\u00e1tica violencia econ\u00f3mica a la que nos vemos sometidas como trabajadoras en precario, con una tasa de actividad que ronda el 34%, es decir, 42 puntos porcentuales menos que la poblaci\u00f3n sin discapacidad y con un salario bruto anual 5.500 euros inferior que al de una persona sin discapacidad.\u00a0 Nuestra tasa de paro es del 22,4%, o lo que es lo mismo, siete puntos superior a la de la poblaci\u00f3n sin discapacidad. Esta situaci\u00f3n nos aboca directamente a la pobreza y a la exclusi\u00f3n social sin paliativos e invisibiliza, a su vez, la ingente tarea que nosotras tambi\u00e9n realizamos en el \u00e1mbito de lo reproductivo, en esa esfera no monetizada en la que no somos meras receptoras de cuidados, sino que tambi\u00e9n los proveemos.<\/p>\n<p>Esto es solo una muestra de que, si bien en estos veinticinco a\u00f1os de movilizaci\u00f3n social hemos avanzado mucho en la conquista de derechos y que estos cambios normativos han ido tambi\u00e9n de la mano de una profunda trasformaci\u00f3n de la sociedad espa\u00f1ola, sin embargo, el d\u00eda a d\u00eda muestra que nuestra ciudadan\u00eda sigue siendo subalterna, por lo que en un d\u00eda como hoy, una vez m\u00e1s,<\/p>\n<p>&nbsp;<\/p>\n<p style=\"text-align: center;\"><strong>EXIGIMOS<\/strong><\/p>\n<p>&nbsp;<\/p>\n<ul>\n<li>Que se pongan en marcha todas las medidas contenidas en el Pacto de Estado contra la Violencia de G\u00e9nero, garantizando su adecuada dotaci\u00f3n presupuestaria a fin de asegurar una pol\u00edtica p\u00fablica de detecci\u00f3n, asistencia, ayuda y protecci\u00f3n plenamente accesible e inclusiva que tenga en cuenta a las mujeres con discapacidad v\u00edctimas de la violencia de g\u00e9nero y a sus hijos e hijas. En este punto reivindicamos de manera especial la figura de la asistencia personal y la puesta a disposici\u00f3n de servicios de logopedia, ya que, en caso contrario las mujeres con discapacidad y grandes necesidades de apoyo no tendr\u00e1n oportunidades reales para la acceder a la justicia ni para romper el c\u00edrculo vicioso de la exclusi\u00f3n.<\/li>\n<li>Que se garantice la equidad en el acceso a los servicios de salud, incluidos los servicios de salud sexual y reproductiva, a las mujeres y ni\u00f1as con discapacidad, sin olvidar a las supervivientes de violencia de todo tipo, incluidas a las mujeres con discapacidad que han sido esterilizadas contra su voluntad.<\/li>\n<li>Que se arbitren medidas de reparaci\u00f3n integral dirigidas a las mujeres con discapacidad esterilizadas forzadamente en el pasado y en el presente para resarcir el da\u00f1o ocasionado por estas pr\u00e1cticas contrarias a los derechos humanos.<\/li>\n<li>Que se dise\u00f1en y apliquen pol\u00edticas p\u00fablicas de empleo que tengan presente la igualdad de las mujeres por raz\u00f3n de g\u00e9nero y discapacidad en un enfoque de doble v\u00eda. Todas las pol\u00edticas y programas de fomento del empleo y la formaci\u00f3n profesional deben tomar en consideraci\u00f3n la situaci\u00f3n espec\u00edfica de las mujeres con discapacidad, y especialmente de aquellas que presentas grandes necesidades de apoyo, as\u00ed como su discriminaci\u00f3n m\u00faltiple como consecuencia de la interseccionalidad de otros factores, como la edad, la orientaci\u00f3n sexual, la ruralidad, la inmigraci\u00f3n, las minor\u00edas \u00e9tnicas, el ser v\u00edctima de violencia de g\u00e9nero, estar en riesgo de pobreza&#8230;<\/li>\n<li>Que en las nuevas pol\u00edticas sobre cuidados se destaque la dimensi\u00f3n de empoderamiento que estas pol\u00edticas implican, dando visibilidad y contabilizando todas las contribuciones no monetizadas que nosotras, las mujeres con discapacidad llevamos a cabo en el \u00e1mbito de la reproducci\u00f3n de la vida y que son esenciales para que el sistema econ\u00f3mico, tal cual est\u00e1 concebido en la actualidad, siga funcionando.<\/li>\n<li>Que, al hilo de lo anterior, se ampl\u00eden los permisos retribuidos por cuidado de hijas e hijos, sobre todo tras el nacimiento, y se concedan por cuidado de personas en situaci\u00f3n de dependencia. Asimismo, reclamamos ayudas econ\u00f3micas directas por cuidados (prestaci\u00f3n universal por menor a cargo) y que se articulen f\u00f3rmulas que permitan la conciliaci\u00f3n, contando tambi\u00e9n con las tareas de autocuidado de la salud, por raz\u00f3n de discapacidad. Solo as\u00ed, se realiza una verdadera apuesta por eliminar el empobrecimiento y la exclusi\u00f3n de las mujeres con discapacidad, especialmente si son o desean ser madres.<\/li>\n<li>Que se pongan en marcha pol\u00edticas eficaces de promoci\u00f3n de la autonom\u00eda personal y de atenci\u00f3n a las personas en situaci\u00f3n de dependencia que hagan especial incidencia en la desinstitucionalizaci\u00f3n de mujeres y hombres con discapacidad, en el marco del Plan de Recuperaci\u00f3n, Transformaci\u00f3n y Resiliencia impulsando as\u00ed una pol\u00edtica de cuidados concebida desde un enfoque de derechos humanos, anticapacitista y verdaderamente feminista<\/li>\n<\/ul>\n<p>&nbsp;<\/p>\n<p style=\"text-align: center;\"><strong style=\"text-align: center;\">\u00a1POR NOSOTRAS, POR NUESTROS DERECHOS,<\/strong><\/p>\n<p style=\"text-align: center;\"><strong>POR TODAS LAS MUJERES!<\/strong><\/p>\n<p>&nbsp;<\/p>\n<p style=\"text-align: right;\"><a href=\"http:\/\/boletingenerosidad.cermi.es\/noticia\/Veinticinco-anos-conquistas-reivindicacion-Dia-Internacional-Mujer-Manifiesto-CERMI-Mujeres.aspx\" target=\"_blank\" rel=\"noopener noreferrer\">Fundaci\u00f3n CERMI Mujeres<\/a><\/p>\n","protected":false},"excerpt":{"rendered":"<p>&nbsp; Manifiesto de la Fundaci\u00f3n CERMI Mujeres por el D\u00eda Internacional de la Mujer &nbsp; Hoy, 8 de marzo, D\u00eda Internacional de la Mujer, las mujeres y ni\u00f1as con discapacidad no podemos dejar pasar la oportunidad para denunciar un a\u00f1o&#8230;<\/p>\n","protected":false},"author":1,"featured_media":5354,"comment_status":"closed","ping_status":"closed","sticky":false,"template":"","format":"standard","meta":{"_acf_changed":false,"give_campaign_id":0,"footnotes":""},"categories":[71,120],"tags":[],"class_list":["post-5353","post","type-post","status-publish","format-standard","has-post-thumbnail","hentry","category-noticias-sindrome-de-down-es","category-novas-hemeroteca-es"],"acf":[],"yoast_head":"<!-- This site is optimized with the Yoast SEO plugin v25.3.1 - https:\/\/yoast.com\/wordpress\/plugins\/seo\/ -->\n<title>8 de marzo de 2022: Veinticinco a\u00f1os de conquistas y reivindicaci\u00f3n &#8226; Federaci\u00f3n Down Galicia<\/title>\n<meta name=\"robots\" content=\"index, follow, max-snippet:-1, max-image-preview:large, max-video-preview:-1\" \/>\n<link rel=\"canonical\" href=\"https:\/\/downgalicia.org\/es\/8-de-marzo-de-2022-veinticinco-anos-de-conquistas-y-reivindicacion\/\" \/>\n<meta property=\"og:locale\" content=\"es_ES\" \/>\n<meta property=\"og:type\" content=\"article\" \/>\n<meta property=\"og:title\" content=\"8 de marzo de 2022: Veinticinco a\u00f1os de conquistas y reivindicaci\u00f3n &#8226; Federaci\u00f3n Down Galicia\" \/>\n<meta property=\"og:description\" content=\"&nbsp; Manifiesto de la Fundaci\u00f3n CERMI Mujeres por el D\u00eda Internacional de la Mujer &nbsp; Hoy, 8 de marzo, D\u00eda Internacional de la Mujer, las mujeres y ni\u00f1as con discapacidad no podemos dejar pasar la oportunidad para denunciar un a\u00f1o...\" \/>\n<meta property=\"og:url\" content=\"https:\/\/downgalicia.org\/es\/8-de-marzo-de-2022-veinticinco-anos-de-conquistas-y-reivindicacion\/\" \/>\n<meta property=\"og:site_name\" content=\"Federaci\u00f3n Down Galicia\" \/>\n<meta property=\"article:published_time\" content=\"2022-03-08T08:00:57+00:00\" \/>\n<meta property=\"og:image\" content=\"https:\/\/downgalicia.org\/wp-content\/uploads\/2025\/06\/Manifesto-Cermi-Mulleres-8M-4.jpg\" \/>\n\t<meta property=\"og:image:width\" content=\"960\" \/>\n\t<meta property=\"og:image:height\" content=\"768\" \/>\n\t<meta property=\"og:image:type\" content=\"image\/jpeg\" \/>\n<meta name=\"author\" content=\"produccion@visualpublinet.com\" \/>\n<meta name=\"twitter:card\" content=\"summary_large_image\" \/>\n<meta name=\"twitter:label1\" content=\"Escrito por\" \/>\n\t<meta name=\"twitter:data1\" content=\"produccion@visualpublinet.com\" \/>\n\t<meta name=\"twitter:label2\" content=\"Tiempo de lectura\" \/>\n\t<meta name=\"twitter:data2\" content=\"9 minutos\" \/>\n<script type=\"application\/ld+json\" class=\"yoast-schema-graph\">{\"@context\":\"https:\/\/schema.org\",\"@graph\":[{\"@type\":\"Article\",\"@id\":\"https:\/\/downgalicia.org\/es\/8-de-marzo-de-2022-veinticinco-anos-de-conquistas-y-reivindicacion\/#article\",\"isPartOf\":{\"@id\":\"https:\/\/downgalicia.org\/es\/8-de-marzo-de-2022-veinticinco-anos-de-conquistas-y-reivindicacion\/\"},\"author\":{\"name\":\"produccion@visualpublinet.com\",\"@id\":\"https:\/\/downgalicia.org\/es\/#\/schema\/person\/317730a00185114c76a219b94bddef15\"},\"headline\":\"8 de marzo de 2022: Veinticinco a\u00f1os de conquistas y reivindicaci\u00f3n\",\"datePublished\":\"2022-03-08T08:00:57+00:00\",\"mainEntityOfPage\":{\"@id\":\"https:\/\/downgalicia.org\/es\/8-de-marzo-de-2022-veinticinco-anos-de-conquistas-y-reivindicacion\/\"},\"wordCount\":1812,\"publisher\":{\"@id\":\"https:\/\/downgalicia.org\/es\/#organization\"},\"image\":{\"@id\":\"https:\/\/downgalicia.org\/es\/8-de-marzo-de-2022-veinticinco-anos-de-conquistas-y-reivindicacion\/#primaryimage\"},\"thumbnailUrl\":\"https:\/\/downgalicia.org\/wp-content\/uploads\/2025\/06\/Manifesto-Cermi-Mulleres-8M-4.jpg\",\"articleSection\":[\"Noticias del Movimiento Down\",\"Novas\"],\"inLanguage\":\"es\"},{\"@type\":\"WebPage\",\"@id\":\"https:\/\/downgalicia.org\/es\/8-de-marzo-de-2022-veinticinco-anos-de-conquistas-y-reivindicacion\/\",\"url\":\"https:\/\/downgalicia.org\/es\/8-de-marzo-de-2022-veinticinco-anos-de-conquistas-y-reivindicacion\/\",\"name\":\"8 de marzo de 2022: Veinticinco a\u00f1os de conquistas y reivindicaci\u00f3n &#8226; Federaci\u00f3n Down Galicia\",\"isPartOf\":{\"@id\":\"https:\/\/downgalicia.org\/es\/#website\"},\"primaryImageOfPage\":{\"@id\":\"https:\/\/downgalicia.org\/es\/8-de-marzo-de-2022-veinticinco-anos-de-conquistas-y-reivindicacion\/#primaryimage\"},\"image\":{\"@id\":\"https:\/\/downgalicia.org\/es\/8-de-marzo-de-2022-veinticinco-anos-de-conquistas-y-reivindicacion\/#primaryimage\"},\"thumbnailUrl\":\"https:\/\/downgalicia.org\/wp-content\/uploads\/2025\/06\/Manifesto-Cermi-Mulleres-8M-4.jpg\",\"datePublished\":\"2022-03-08T08:00:57+00:00\",\"breadcrumb\":{\"@id\":\"https:\/\/downgalicia.org\/es\/8-de-marzo-de-2022-veinticinco-anos-de-conquistas-y-reivindicacion\/#breadcrumb\"},\"inLanguage\":\"es\",\"potentialAction\":[{\"@type\":\"ReadAction\",\"target\":[\"https:\/\/downgalicia.org\/es\/8-de-marzo-de-2022-veinticinco-anos-de-conquistas-y-reivindicacion\/\"]}]},{\"@type\":\"ImageObject\",\"inLanguage\":\"es\",\"@id\":\"https:\/\/downgalicia.org\/es\/8-de-marzo-de-2022-veinticinco-anos-de-conquistas-y-reivindicacion\/#primaryimage\",\"url\":\"https:\/\/downgalicia.org\/wp-content\/uploads\/2025\/06\/Manifesto-Cermi-Mulleres-8M-4.jpg\",\"contentUrl\":\"https:\/\/downgalicia.org\/wp-content\/uploads\/2025\/06\/Manifesto-Cermi-Mulleres-8M-4.jpg\",\"width\":960,\"height\":768},{\"@type\":\"BreadcrumbList\",\"@id\":\"https:\/\/downgalicia.org\/es\/8-de-marzo-de-2022-veinticinco-anos-de-conquistas-y-reivindicacion\/#breadcrumb\",\"itemListElement\":[{\"@type\":\"ListItem\",\"position\":1,\"name\":\"Portada\",\"item\":\"https:\/\/downgalicia.org\/es\/\"},{\"@type\":\"ListItem\",\"position\":2,\"name\":\"8 de marzo de 2022: Veinticinco a\u00f1os de conquistas y reivindicaci\u00f3n\"}]},{\"@type\":\"WebSite\",\"@id\":\"https:\/\/downgalicia.org\/es\/#website\",\"url\":\"https:\/\/downgalicia.org\/es\/\",\"name\":\"Federaci\u00f3n Down Galicia\",\"description\":\"Apoio a persoas con S\u00edndrome de Down\",\"publisher\":{\"@id\":\"https:\/\/downgalicia.org\/es\/#organization\"},\"potentialAction\":[{\"@type\":\"SearchAction\",\"target\":{\"@type\":\"EntryPoint\",\"urlTemplate\":\"https:\/\/downgalicia.org\/es\/?s={search_term_string}\"},\"query-input\":{\"@type\":\"PropertyValueSpecification\",\"valueRequired\":true,\"valueName\":\"search_term_string\"}}],\"inLanguage\":\"es\"},{\"@type\":\"Organization\",\"@id\":\"https:\/\/downgalicia.org\/es\/#organization\",\"name\":\"Federaci\u00f3n Down Galicia\",\"url\":\"https:\/\/downgalicia.org\/es\/\",\"logo\":{\"@type\":\"ImageObject\",\"inLanguage\":\"es\",\"@id\":\"https:\/\/downgalicia.org\/es\/#\/schema\/logo\/image\/\",\"url\":\"https:\/\/downgalicia.org\/wp-content\/uploads\/2024\/07\/logo-sindrome-down-color.svg\",\"contentUrl\":\"https:\/\/downgalicia.org\/wp-content\/uploads\/2024\/07\/logo-sindrome-down-color.svg\",\"width\":271,\"height\":88,\"caption\":\"Federaci\u00f3n Down Galicia\"},\"image\":{\"@id\":\"https:\/\/downgalicia.org\/es\/#\/schema\/logo\/image\/\"}},{\"@type\":\"Person\",\"@id\":\"https:\/\/downgalicia.org\/es\/#\/schema\/person\/317730a00185114c76a219b94bddef15\",\"name\":\"produccion@visualpublinet.com\",\"image\":{\"@type\":\"ImageObject\",\"inLanguage\":\"es\",\"@id\":\"https:\/\/downgalicia.org\/es\/#\/schema\/person\/image\/\",\"url\":\"https:\/\/secure.gravatar.com\/avatar\/282ee20c78c1b1137175d4ab9f75785d8c239d499b1376df3ba16efa213b7b10?s=96&d=mm&r=g\",\"contentUrl\":\"https:\/\/secure.gravatar.com\/avatar\/282ee20c78c1b1137175d4ab9f75785d8c239d499b1376df3ba16efa213b7b10?s=96&d=mm&r=g\",\"caption\":\"produccion@visualpublinet.com\"},\"sameAs\":[\"https:\/\/downgalicia.org\"],\"url\":\"https:\/\/downgalicia.org\/es\/author\/produccionvisualpublinet-com\/\"}]}<\/script>\n<!-- \/ Yoast SEO plugin. -->","yoast_head_json":{"title":"8 de marzo de 2022: Veinticinco a\u00f1os de conquistas y reivindicaci\u00f3n &#8226; Federaci\u00f3n Down Galicia","robots":{"index":"index","follow":"follow","max-snippet":"max-snippet:-1","max-image-preview":"max-image-preview:large","max-video-preview":"max-video-preview:-1"},"canonical":"https:\/\/downgalicia.org\/es\/8-de-marzo-de-2022-veinticinco-anos-de-conquistas-y-reivindicacion\/","og_locale":"es_ES","og_type":"article","og_title":"8 de marzo de 2022: Veinticinco a\u00f1os de conquistas y reivindicaci\u00f3n &#8226; Federaci\u00f3n Down Galicia","og_description":"&nbsp; Manifiesto de la Fundaci\u00f3n CERMI Mujeres por el D\u00eda Internacional de la Mujer &nbsp; Hoy, 8 de marzo, D\u00eda Internacional de la Mujer, las mujeres y ni\u00f1as con discapacidad no podemos dejar pasar la oportunidad para denunciar un a\u00f1o...","og_url":"https:\/\/downgalicia.org\/es\/8-de-marzo-de-2022-veinticinco-anos-de-conquistas-y-reivindicacion\/","og_site_name":"Federaci\u00f3n Down Galicia","article_published_time":"2022-03-08T08:00:57+00:00","og_image":[{"width":960,"height":768,"url":"https:\/\/downgalicia.org\/wp-content\/uploads\/2025\/06\/Manifesto-Cermi-Mulleres-8M-4.jpg","type":"image\/jpeg"}],"author":"produccion@visualpublinet.com","twitter_card":"summary_large_image","twitter_misc":{"Escrito por":"produccion@visualpublinet.com","Tiempo de lectura":"9 minutos"},"schema":{"@context":"https:\/\/schema.org","@graph":[{"@type":"Article","@id":"https:\/\/downgalicia.org\/es\/8-de-marzo-de-2022-veinticinco-anos-de-conquistas-y-reivindicacion\/#article","isPartOf":{"@id":"https:\/\/downgalicia.org\/es\/8-de-marzo-de-2022-veinticinco-anos-de-conquistas-y-reivindicacion\/"},"author":{"name":"produccion@visualpublinet.com","@id":"https:\/\/downgalicia.org\/es\/#\/schema\/person\/317730a00185114c76a219b94bddef15"},"headline":"8 de marzo de 2022: Veinticinco a\u00f1os de conquistas y reivindicaci\u00f3n","datePublished":"2022-03-08T08:00:57+00:00","mainEntityOfPage":{"@id":"https:\/\/downgalicia.org\/es\/8-de-marzo-de-2022-veinticinco-anos-de-conquistas-y-reivindicacion\/"},"wordCount":1812,"publisher":{"@id":"https:\/\/downgalicia.org\/es\/#organization"},"image":{"@id":"https:\/\/downgalicia.org\/es\/8-de-marzo-de-2022-veinticinco-anos-de-conquistas-y-reivindicacion\/#primaryimage"},"thumbnailUrl":"https:\/\/downgalicia.org\/wp-content\/uploads\/2025\/06\/Manifesto-Cermi-Mulleres-8M-4.jpg","articleSection":["Noticias del Movimiento Down","Novas"],"inLanguage":"es"},{"@type":"WebPage","@id":"https:\/\/downgalicia.org\/es\/8-de-marzo-de-2022-veinticinco-anos-de-conquistas-y-reivindicacion\/","url":"https:\/\/downgalicia.org\/es\/8-de-marzo-de-2022-veinticinco-anos-de-conquistas-y-reivindicacion\/","name":"8 de marzo de 2022: Veinticinco a\u00f1os de conquistas y reivindicaci\u00f3n &#8226; Federaci\u00f3n Down Galicia","isPartOf":{"@id":"https:\/\/downgalicia.org\/es\/#website"},"primaryImageOfPage":{"@id":"https:\/\/downgalicia.org\/es\/8-de-marzo-de-2022-veinticinco-anos-de-conquistas-y-reivindicacion\/#primaryimage"},"image":{"@id":"https:\/\/downgalicia.org\/es\/8-de-marzo-de-2022-veinticinco-anos-de-conquistas-y-reivindicacion\/#primaryimage"},"thumbnailUrl":"https:\/\/downgalicia.org\/wp-content\/uploads\/2025\/06\/Manifesto-Cermi-Mulleres-8M-4.jpg","datePublished":"2022-03-08T08:00:57+00:00","breadcrumb":{"@id":"https:\/\/downgalicia.org\/es\/8-de-marzo-de-2022-veinticinco-anos-de-conquistas-y-reivindicacion\/#breadcrumb"},"inLanguage":"es","potentialAction":[{"@type":"ReadAction","target":["https:\/\/downgalicia.org\/es\/8-de-marzo-de-2022-veinticinco-anos-de-conquistas-y-reivindicacion\/"]}]},{"@type":"ImageObject","inLanguage":"es","@id":"https:\/\/downgalicia.org\/es\/8-de-marzo-de-2022-veinticinco-anos-de-conquistas-y-reivindicacion\/#primaryimage","url":"https:\/\/downgalicia.org\/wp-content\/uploads\/2025\/06\/Manifesto-Cermi-Mulleres-8M-4.jpg","contentUrl":"https:\/\/downgalicia.org\/wp-content\/uploads\/2025\/06\/Manifesto-Cermi-Mulleres-8M-4.jpg","width":960,"height":768},{"@type":"BreadcrumbList","@id":"https:\/\/downgalicia.org\/es\/8-de-marzo-de-2022-veinticinco-anos-de-conquistas-y-reivindicacion\/#breadcrumb","itemListElement":[{"@type":"ListItem","position":1,"name":"Portada","item":"https:\/\/downgalicia.org\/es\/"},{"@type":"ListItem","position":2,"name":"8 de marzo de 2022: Veinticinco a\u00f1os de conquistas y reivindicaci\u00f3n"}]},{"@type":"WebSite","@id":"https:\/\/downgalicia.org\/es\/#website","url":"https:\/\/downgalicia.org\/es\/","name":"Federaci\u00f3n Down Galicia","description":"Apoio a persoas con S\u00edndrome de Down","publisher":{"@id":"https:\/\/downgalicia.org\/es\/#organization"},"potentialAction":[{"@type":"SearchAction","target":{"@type":"EntryPoint","urlTemplate":"https:\/\/downgalicia.org\/es\/?s={search_term_string}"},"query-input":{"@type":"PropertyValueSpecification","valueRequired":true,"valueName":"search_term_string"}}],"inLanguage":"es"},{"@type":"Organization","@id":"https:\/\/downgalicia.org\/es\/#organization","name":"Federaci\u00f3n Down Galicia","url":"https:\/\/downgalicia.org\/es\/","logo":{"@type":"ImageObject","inLanguage":"es","@id":"https:\/\/downgalicia.org\/es\/#\/schema\/logo\/image\/","url":"https:\/\/downgalicia.org\/wp-content\/uploads\/2024\/07\/logo-sindrome-down-color.svg","contentUrl":"https:\/\/downgalicia.org\/wp-content\/uploads\/2024\/07\/logo-sindrome-down-color.svg","width":271,"height":88,"caption":"Federaci\u00f3n Down Galicia"},"image":{"@id":"https:\/\/downgalicia.org\/es\/#\/schema\/logo\/image\/"}},{"@type":"Person","@id":"https:\/\/downgalicia.org\/es\/#\/schema\/person\/317730a00185114c76a219b94bddef15","name":"produccion@visualpublinet.com","image":{"@type":"ImageObject","inLanguage":"es","@id":"https:\/\/downgalicia.org\/es\/#\/schema\/person\/image\/","url":"https:\/\/secure.gravatar.com\/avatar\/282ee20c78c1b1137175d4ab9f75785d8c239d499b1376df3ba16efa213b7b10?s=96&d=mm&r=g","contentUrl":"https:\/\/secure.gravatar.com\/avatar\/282ee20c78c1b1137175d4ab9f75785d8c239d499b1376df3ba16efa213b7b10?s=96&d=mm&r=g","caption":"produccion@visualpublinet.com"},"sameAs":["https:\/\/downgalicia.org"],"url":"https:\/\/downgalicia.org\/es\/author\/produccionvisualpublinet-com\/"}]}},"_links":{"self":[{"href":"https:\/\/downgalicia.org\/es\/wp-json\/wp\/v2\/posts\/5353","targetHints":{"allow":["GET"]}}],"collection":[{"href":"https:\/\/downgalicia.org\/es\/wp-json\/wp\/v2\/posts"}],"about":[{"href":"https:\/\/downgalicia.org\/es\/wp-json\/wp\/v2\/types\/post"}],"author":[{"embeddable":true,"href":"https:\/\/downgalicia.org\/es\/wp-json\/wp\/v2\/users\/1"}],"replies":[{"embeddable":true,"href":"https:\/\/downgalicia.org\/es\/wp-json\/wp\/v2\/comments?post=5353"}],"version-history":[{"count":0,"href":"https:\/\/downgalicia.org\/es\/wp-json\/wp\/v2\/posts\/5353\/revisions"}],"wp:featuredmedia":[{"embeddable":true,"href":"https:\/\/downgalicia.org\/es\/wp-json\/wp\/v2\/media\/5354"}],"wp:attachment":[{"href":"https:\/\/downgalicia.org\/es\/wp-json\/wp\/v2\/media?parent=5353"}],"wp:term":[{"taxonomy":"category","embeddable":true,"href":"https:\/\/downgalicia.org\/es\/wp-json\/wp\/v2\/categories?post=5353"},{"taxonomy":"post_tag","embeddable":true,"href":"https:\/\/downgalicia.org\/es\/wp-json\/wp\/v2\/tags?post=5353"}],"curies":[{"name":"wp","href":"https:\/\/api.w.org\/{rel}","templated":true}]}}