{"id":5645,"date":"2021-07-19T14:15:22","date_gmt":"2021-07-19T12:15:22","guid":{"rendered":""},"modified":"2021-07-19T14:15:22","modified_gmt":"2021-07-19T12:15:22","slug":"el-ilustre-colegio-notarial-de-galicia-y-la-fundacion-aequitas-firman-un-convenio-de-colaboracion-con-down-galicia-para-la-divulgacion-del-nuevo-marco-normativo-en-materia-de-discapacidad","status":"publish","type":"post","link":"https:\/\/downgalicia.org\/es\/el-ilustre-colegio-notarial-de-galicia-y-la-fundacion-aequitas-firman-un-convenio-de-colaboracion-con-down-galicia-para-la-divulgacion-del-nuevo-marco-normativo-en-materia-de-discapacidad\/","title":{"rendered":"El Ilustre Colegio Notarial de Galicia y la Fundaci\u00f3n Aequitas firman un convenio de colaboraci\u00f3n con Down Galicia para la divulgaci\u00f3n del nuevo marco normativo en materia de discapacidad"},"content":{"rendered":"<p>La Federaci\u00f3n Down Galicia acaba de firmar un convenio de colaboraci\u00f3n con el Ilustre Colegio Notarial de Galicia y la Fundaci\u00f3n Aequitas, que tiene por objetivo la realizaci\u00f3n de distintas actividades de asesoramiento y divulgaci\u00f3n sobre temas jur\u00eddicos de inter\u00e9s para el colectivo de personas con discapacidad intelectual. Este convenio, presentado hoy en un acto en la Facultad de Derecho de Santiago de Compostela, cobra especial importancia para las entidades que conforman el Movimiento Down de Galicia tras la reciente publicaci\u00f3n de la reforma legislativa que pone fin a la incapacitaci\u00f3n judicial de las personas con discapacidad.<\/p>\n<p>Dentro de las acciones propuestas, destacan las charlas informativas sobre la nueva legislaci\u00f3n civil y procesal para el apoyo a las personas con discapacidad en el ejercicio de su capacidad jur\u00eddica; la resoluci\u00f3n de dudas del \u00e1mbito jur\u00eddico que puedan surgir tras la aplicaci\u00f3n del nuevo marco legislativo; la aportaci\u00f3n de una relaci\u00f3n de profesionales de referencia alineados con la Convenci\u00f3n de las Naciones Unidas sobre derechos de las personas con discapacidad en el \u00e1mbito de las Notar\u00edas en Galicia; la colaboraci\u00f3n en las actividades o jornadas de formaci\u00f3n, sensibilizaci\u00f3n e informaci\u00f3n que se lleven a cabo; o la elaboraci\u00f3n, publicaci\u00f3n y difusi\u00f3n de distintos materiales divulgativos.<\/p>\n<p>En el acto de esta ma\u00f1ana,\u00a0 Delmiro Prieto, presidente de Down Galicia, destac\u00f3 \u201cla necesidad de contar con el apoyo del notariado gallego en estos momentos, pues es crucial para que la legislaci\u00f3n que est\u00e1 a punto de entrar en vigor salga adelante\u201d. Prieto aprovech\u00f3 su intervenci\u00f3n para invitar \u201ca todos los profesionales del campo jur\u00eddico a no centrarse \u00fanicamente en la discapacidad de las personas con s\u00edndrome de Down y descubrir lo mucho que tienen que ofrecer\u201d.<\/p>\n<p>Por parte del Ilustre Colegio Notarial de Galicia, Jos\u00e9 Mar\u00eda Gra\u00ed\u00f1o, decano de la entidad, resalt\u00f3 que \u201cla nueva ley supone un cambio de paradigma y, como juristas pr\u00e1cticos, los notarios debemos ser proactivos para que se aplique en todo su contenido\u201d, destac\u00f3. El decano asegur\u00f3 que los notarios y notarias \u201casumen con mucha ilusi\u00f3n y responsabilidad\u201d una ley \u201cque adec\u00faa nuestras normas jur\u00eddicas a principios \u00e9ticos que se plasman en los derechos humanos, como la dignidad de las personas, la autonom\u00eda de la voluntad y la plena igualdad jur\u00eddica en el ejercicio de los derechos y en el cumplimiento de las obligaciones de todos los ciudadanos\u201d.<\/p>\n<p>Por su parte, Almudena Castro-Girona Mart\u00ednez, directora de la Fundaci\u00f3n Aequitas, indic\u00f3 que la nueva legislaci\u00f3n \u201cconsagra el ejercicio de derechos en condiciones de igualdad, sin a\u00f1adir barreras a las personas con discapacidad\u201d. Por otra parte, quiso hacer hincapi\u00e9 en que \u201cla firma de este convenio supone el empoderamiento de las personas con discapacidad, el cumplimiento de la toma de conciencia en relaci\u00f3n a la igualdad de las personas y tambi\u00e9n da cumplimiento a la disposici\u00f3n adicional segunda relativa a la formaci\u00f3n, no solo al sector jur\u00eddico, sino tambi\u00e9n al sector de la discapacidad\u201d.<\/p>\n","protected":false},"excerpt":{"rendered":"<p>La Federaci\u00f3n Down Galicia acaba de firmar un convenio de colaboraci\u00f3n con el Ilustre Colegio Notarial de Galicia y la Fundaci\u00f3n Aequitas, que tiene por objetivo la realizaci\u00f3n de distintas actividades de asesoramiento y divulgaci\u00f3n sobre temas jur\u00eddicos de inter\u00e9s&#8230;<\/p>\n","protected":false},"author":1,"featured_media":5646,"comment_status":"closed","ping_status":"closed","sticky":false,"template":"","format":"standard","meta":{"_acf_changed":false,"give_campaign_id":0,"footnotes":""},"categories":[129,71],"tags":[],"class_list":["post-5645","post","type-post","status-publish","format-standard","has-post-thumbnail","hentry","category-down-galicia-hemeroteca-es","category-noticias-sindrome-de-down-es"],"acf":[],"yoast_head":"<!-- This site is optimized with the Yoast SEO plugin v25.3.1 - https:\/\/yoast.com\/wordpress\/plugins\/seo\/ -->\n<title>El Ilustre Colegio Notarial de Galicia y la Fundaci\u00f3n Aequitas firman un convenio de colaboraci\u00f3n con Down Galicia para la divulgaci\u00f3n del nuevo marco normativo en materia de discapacidad &#8226; Federaci\u00f3n Down Galicia<\/title>\n<meta name=\"robots\" content=\"index, follow, max-snippet:-1, max-image-preview:large, max-video-preview:-1\" \/>\n<link rel=\"canonical\" href=\"https:\/\/downgalicia.org\/es\/el-ilustre-colegio-notarial-de-galicia-y-la-fundacion-aequitas-firman-un-convenio-de-colaboracion-con-down-galicia-para-la-divulgacion-del-nuevo-marco-normativo-en-materia-de-discapacidad\/\" \/>\n<meta property=\"og:locale\" content=\"es_ES\" \/>\n<meta property=\"og:type\" content=\"article\" \/>\n<meta property=\"og:title\" content=\"El Ilustre Colegio Notarial de Galicia y la Fundaci\u00f3n Aequitas firman un convenio de colaboraci\u00f3n con Down Galicia para la divulgaci\u00f3n del nuevo marco normativo en materia de discapacidad &#8226; Federaci\u00f3n Down Galicia\" \/>\n<meta property=\"og:description\" content=\"La Federaci\u00f3n Down Galicia acaba de firmar un convenio de colaboraci\u00f3n con el Ilustre Colegio Notarial de Galicia y la Fundaci\u00f3n Aequitas, que tiene por objetivo la realizaci\u00f3n de distintas actividades de asesoramiento y divulgaci\u00f3n sobre temas jur\u00eddicos de inter\u00e9s...\" \/>\n<meta property=\"og:url\" content=\"https:\/\/downgalicia.org\/es\/el-ilustre-colegio-notarial-de-galicia-y-la-fundacion-aequitas-firman-un-convenio-de-colaboracion-con-down-galicia-para-la-divulgacion-del-nuevo-marco-normativo-en-materia-de-discapacidad\/\" \/>\n<meta property=\"og:site_name\" content=\"Federaci\u00f3n Down Galicia\" \/>\n<meta property=\"article:published_time\" content=\"2021-07-19T12:15:22+00:00\" \/>\n<meta property=\"og:image\" content=\"https:\/\/downgalicia.org\/wp-content\/uploads\/2025\/06\/NP_Convenio-colaboracion-Down-Galicia-Aequitas-Colexio-Notarial_2-4.jpg\" \/>\n\t<meta property=\"og:image:width\" content=\"1620\" \/>\n\t<meta property=\"og:image:height\" content=\"1080\" \/>\n\t<meta property=\"og:image:type\" content=\"image\/jpeg\" \/>\n<meta name=\"author\" content=\"produccion@visualpublinet.com\" \/>\n<meta name=\"twitter:card\" content=\"summary_large_image\" \/>\n<meta name=\"twitter:label1\" content=\"Escrito por\" \/>\n\t<meta name=\"twitter:data1\" content=\"produccion@visualpublinet.com\" \/>\n\t<meta name=\"twitter:label2\" content=\"Tiempo de lectura\" \/>\n\t<meta name=\"twitter:data2\" content=\"3 minutos\" \/>\n<script type=\"application\/ld+json\" class=\"yoast-schema-graph\">{\"@context\":\"https:\/\/schema.org\",\"@graph\":[{\"@type\":\"Article\",\"@id\":\"https:\/\/downgalicia.org\/es\/el-ilustre-colegio-notarial-de-galicia-y-la-fundacion-aequitas-firman-un-convenio-de-colaboracion-con-down-galicia-para-la-divulgacion-del-nuevo-marco-normativo-en-materia-de-discapacidad\/#article\",\"isPartOf\":{\"@id\":\"https:\/\/downgalicia.org\/es\/el-ilustre-colegio-notarial-de-galicia-y-la-fundacion-aequitas-firman-un-convenio-de-colaboracion-con-down-galicia-para-la-divulgacion-del-nuevo-marco-normativo-en-materia-de-discapacidad\/\"},\"author\":{\"name\":\"produccion@visualpublinet.com\",\"@id\":\"https:\/\/downgalicia.org\/es\/#\/schema\/person\/317730a00185114c76a219b94bddef15\"},\"headline\":\"El Ilustre Colegio Notarial de Galicia y la Fundaci\u00f3n Aequitas firman un convenio de colaboraci\u00f3n con Down Galicia para la divulgaci\u00f3n del nuevo marco normativo en materia de discapacidad\",\"datePublished\":\"2021-07-19T12:15:22+00:00\",\"mainEntityOfPage\":{\"@id\":\"https:\/\/downgalicia.org\/es\/el-ilustre-colegio-notarial-de-galicia-y-la-fundacion-aequitas-firman-un-convenio-de-colaboracion-con-down-galicia-para-la-divulgacion-del-nuevo-marco-normativo-en-materia-de-discapacidad\/\"},\"wordCount\":563,\"publisher\":{\"@id\":\"https:\/\/downgalicia.org\/es\/#organization\"},\"image\":{\"@id\":\"https:\/\/downgalicia.org\/es\/el-ilustre-colegio-notarial-de-galicia-y-la-fundacion-aequitas-firman-un-convenio-de-colaboracion-con-down-galicia-para-la-divulgacion-del-nuevo-marco-normativo-en-materia-de-discapacidad\/#primaryimage\"},\"thumbnailUrl\":\"https:\/\/downgalicia.org\/wp-content\/uploads\/2025\/06\/NP_Convenio-colaboracion-Down-Galicia-Aequitas-Colexio-Notarial_2-4.jpg\",\"articleSection\":[\"Down Galicia\",\"Noticias del Movimiento Down\"],\"inLanguage\":\"es\"},{\"@type\":\"WebPage\",\"@id\":\"https:\/\/downgalicia.org\/es\/el-ilustre-colegio-notarial-de-galicia-y-la-fundacion-aequitas-firman-un-convenio-de-colaboracion-con-down-galicia-para-la-divulgacion-del-nuevo-marco-normativo-en-materia-de-discapacidad\/\",\"url\":\"https:\/\/downgalicia.org\/es\/el-ilustre-colegio-notarial-de-galicia-y-la-fundacion-aequitas-firman-un-convenio-de-colaboracion-con-down-galicia-para-la-divulgacion-del-nuevo-marco-normativo-en-materia-de-discapacidad\/\",\"name\":\"El Ilustre Colegio Notarial de Galicia y la Fundaci\u00f3n Aequitas firman un convenio de colaboraci\u00f3n con Down Galicia para la divulgaci\u00f3n del nuevo marco normativo en materia de discapacidad &#8226; Federaci\u00f3n Down Galicia\",\"isPartOf\":{\"@id\":\"https:\/\/downgalicia.org\/es\/#website\"},\"primaryImageOfPage\":{\"@id\":\"https:\/\/downgalicia.org\/es\/el-ilustre-colegio-notarial-de-galicia-y-la-fundacion-aequitas-firman-un-convenio-de-colaboracion-con-down-galicia-para-la-divulgacion-del-nuevo-marco-normativo-en-materia-de-discapacidad\/#primaryimage\"},\"image\":{\"@id\":\"https:\/\/downgalicia.org\/es\/el-ilustre-colegio-notarial-de-galicia-y-la-fundacion-aequitas-firman-un-convenio-de-colaboracion-con-down-galicia-para-la-divulgacion-del-nuevo-marco-normativo-en-materia-de-discapacidad\/#primaryimage\"},\"thumbnailUrl\":\"https:\/\/downgalicia.org\/wp-content\/uploads\/2025\/06\/NP_Convenio-colaboracion-Down-Galicia-Aequitas-Colexio-Notarial_2-4.jpg\",\"datePublished\":\"2021-07-19T12:15:22+00:00\",\"breadcrumb\":{\"@id\":\"https:\/\/downgalicia.org\/es\/el-ilustre-colegio-notarial-de-galicia-y-la-fundacion-aequitas-firman-un-convenio-de-colaboracion-con-down-galicia-para-la-divulgacion-del-nuevo-marco-normativo-en-materia-de-discapacidad\/#breadcrumb\"},\"inLanguage\":\"es\",\"potentialAction\":[{\"@type\":\"ReadAction\",\"target\":[\"https:\/\/downgalicia.org\/es\/el-ilustre-colegio-notarial-de-galicia-y-la-fundacion-aequitas-firman-un-convenio-de-colaboracion-con-down-galicia-para-la-divulgacion-del-nuevo-marco-normativo-en-materia-de-discapacidad\/\"]}]},{\"@type\":\"ImageObject\",\"inLanguage\":\"es\",\"@id\":\"https:\/\/downgalicia.org\/es\/el-ilustre-colegio-notarial-de-galicia-y-la-fundacion-aequitas-firman-un-convenio-de-colaboracion-con-down-galicia-para-la-divulgacion-del-nuevo-marco-normativo-en-materia-de-discapacidad\/#primaryimage\",\"url\":\"https:\/\/downgalicia.org\/wp-content\/uploads\/2025\/06\/NP_Convenio-colaboracion-Down-Galicia-Aequitas-Colexio-Notarial_2-4.jpg\",\"contentUrl\":\"https:\/\/downgalicia.org\/wp-content\/uploads\/2025\/06\/NP_Convenio-colaboracion-Down-Galicia-Aequitas-Colexio-Notarial_2-4.jpg\",\"width\":1620,\"height\":1080},{\"@type\":\"BreadcrumbList\",\"@id\":\"https:\/\/downgalicia.org\/es\/el-ilustre-colegio-notarial-de-galicia-y-la-fundacion-aequitas-firman-un-convenio-de-colaboracion-con-down-galicia-para-la-divulgacion-del-nuevo-marco-normativo-en-materia-de-discapacidad\/#breadcrumb\",\"itemListElement\":[{\"@type\":\"ListItem\",\"position\":1,\"name\":\"Portada\",\"item\":\"https:\/\/downgalicia.org\/es\/\"},{\"@type\":\"ListItem\",\"position\":2,\"name\":\"El Ilustre Colegio Notarial de Galicia y la Fundaci\u00f3n Aequitas firman un convenio de colaboraci\u00f3n con Down Galicia para la divulgaci\u00f3n del nuevo marco normativo en materia de discapacidad\"}]},{\"@type\":\"WebSite\",\"@id\":\"https:\/\/downgalicia.org\/es\/#website\",\"url\":\"https:\/\/downgalicia.org\/es\/\",\"name\":\"Federaci\u00f3n Down Galicia\",\"description\":\"Apoio a persoas con S\u00edndrome de Down\",\"publisher\":{\"@id\":\"https:\/\/downgalicia.org\/es\/#organization\"},\"potentialAction\":[{\"@type\":\"SearchAction\",\"target\":{\"@type\":\"EntryPoint\",\"urlTemplate\":\"https:\/\/downgalicia.org\/es\/?s={search_term_string}\"},\"query-input\":{\"@type\":\"PropertyValueSpecification\",\"valueRequired\":true,\"valueName\":\"search_term_string\"}}],\"inLanguage\":\"es\"},{\"@type\":\"Organization\",\"@id\":\"https:\/\/downgalicia.org\/es\/#organization\",\"name\":\"Federaci\u00f3n Down Galicia\",\"url\":\"https:\/\/downgalicia.org\/es\/\",\"logo\":{\"@type\":\"ImageObject\",\"inLanguage\":\"es\",\"@id\":\"https:\/\/downgalicia.org\/es\/#\/schema\/logo\/image\/\",\"url\":\"https:\/\/downgalicia.org\/wp-content\/uploads\/2024\/07\/logo-sindrome-down-color.svg\",\"contentUrl\":\"https:\/\/downgalicia.org\/wp-content\/uploads\/2024\/07\/logo-sindrome-down-color.svg\",\"width\":271,\"height\":88,\"caption\":\"Federaci\u00f3n Down Galicia\"},\"image\":{\"@id\":\"https:\/\/downgalicia.org\/es\/#\/schema\/logo\/image\/\"}},{\"@type\":\"Person\",\"@id\":\"https:\/\/downgalicia.org\/es\/#\/schema\/person\/317730a00185114c76a219b94bddef15\",\"name\":\"produccion@visualpublinet.com\",\"image\":{\"@type\":\"ImageObject\",\"inLanguage\":\"es\",\"@id\":\"https:\/\/downgalicia.org\/es\/#\/schema\/person\/image\/\",\"url\":\"https:\/\/secure.gravatar.com\/avatar\/282ee20c78c1b1137175d4ab9f75785d8c239d499b1376df3ba16efa213b7b10?s=96&d=mm&r=g\",\"contentUrl\":\"https:\/\/secure.gravatar.com\/avatar\/282ee20c78c1b1137175d4ab9f75785d8c239d499b1376df3ba16efa213b7b10?s=96&d=mm&r=g\",\"caption\":\"produccion@visualpublinet.com\"},\"sameAs\":[\"https:\/\/downgalicia.org\"],\"url\":\"https:\/\/downgalicia.org\/es\/author\/produccionvisualpublinet-com\/\"}]}<\/script>\n<!-- \/ Yoast SEO plugin. -->","yoast_head_json":{"title":"El Ilustre Colegio Notarial de Galicia y la Fundaci\u00f3n Aequitas firman un convenio de colaboraci\u00f3n con Down Galicia para la divulgaci\u00f3n del nuevo marco normativo en materia de discapacidad &#8226; Federaci\u00f3n Down Galicia","robots":{"index":"index","follow":"follow","max-snippet":"max-snippet:-1","max-image-preview":"max-image-preview:large","max-video-preview":"max-video-preview:-1"},"canonical":"https:\/\/downgalicia.org\/es\/el-ilustre-colegio-notarial-de-galicia-y-la-fundacion-aequitas-firman-un-convenio-de-colaboracion-con-down-galicia-para-la-divulgacion-del-nuevo-marco-normativo-en-materia-de-discapacidad\/","og_locale":"es_ES","og_type":"article","og_title":"El Ilustre Colegio Notarial de Galicia y la Fundaci\u00f3n Aequitas firman un convenio de colaboraci\u00f3n con Down Galicia para la divulgaci\u00f3n del nuevo marco normativo en materia de discapacidad &#8226; Federaci\u00f3n Down Galicia","og_description":"La Federaci\u00f3n Down Galicia acaba de firmar un convenio de colaboraci\u00f3n con el Ilustre Colegio Notarial de Galicia y la Fundaci\u00f3n Aequitas, que tiene por objetivo la realizaci\u00f3n de distintas actividades de asesoramiento y divulgaci\u00f3n sobre temas jur\u00eddicos de inter\u00e9s...","og_url":"https:\/\/downgalicia.org\/es\/el-ilustre-colegio-notarial-de-galicia-y-la-fundacion-aequitas-firman-un-convenio-de-colaboracion-con-down-galicia-para-la-divulgacion-del-nuevo-marco-normativo-en-materia-de-discapacidad\/","og_site_name":"Federaci\u00f3n Down Galicia","article_published_time":"2021-07-19T12:15:22+00:00","og_image":[{"width":1620,"height":1080,"url":"https:\/\/downgalicia.org\/wp-content\/uploads\/2025\/06\/NP_Convenio-colaboracion-Down-Galicia-Aequitas-Colexio-Notarial_2-4.jpg","type":"image\/jpeg"}],"author":"produccion@visualpublinet.com","twitter_card":"summary_large_image","twitter_misc":{"Escrito por":"produccion@visualpublinet.com","Tiempo de lectura":"3 minutos"},"schema":{"@context":"https:\/\/schema.org","@graph":[{"@type":"Article","@id":"https:\/\/downgalicia.org\/es\/el-ilustre-colegio-notarial-de-galicia-y-la-fundacion-aequitas-firman-un-convenio-de-colaboracion-con-down-galicia-para-la-divulgacion-del-nuevo-marco-normativo-en-materia-de-discapacidad\/#article","isPartOf":{"@id":"https:\/\/downgalicia.org\/es\/el-ilustre-colegio-notarial-de-galicia-y-la-fundacion-aequitas-firman-un-convenio-de-colaboracion-con-down-galicia-para-la-divulgacion-del-nuevo-marco-normativo-en-materia-de-discapacidad\/"},"author":{"name":"produccion@visualpublinet.com","@id":"https:\/\/downgalicia.org\/es\/#\/schema\/person\/317730a00185114c76a219b94bddef15"},"headline":"El Ilustre Colegio Notarial de Galicia y la Fundaci\u00f3n Aequitas firman un convenio de colaboraci\u00f3n con Down Galicia para la divulgaci\u00f3n del nuevo marco normativo en materia de discapacidad","datePublished":"2021-07-19T12:15:22+00:00","mainEntityOfPage":{"@id":"https:\/\/downgalicia.org\/es\/el-ilustre-colegio-notarial-de-galicia-y-la-fundacion-aequitas-firman-un-convenio-de-colaboracion-con-down-galicia-para-la-divulgacion-del-nuevo-marco-normativo-en-materia-de-discapacidad\/"},"wordCount":563,"publisher":{"@id":"https:\/\/downgalicia.org\/es\/#organization"},"image":{"@id":"https:\/\/downgalicia.org\/es\/el-ilustre-colegio-notarial-de-galicia-y-la-fundacion-aequitas-firman-un-convenio-de-colaboracion-con-down-galicia-para-la-divulgacion-del-nuevo-marco-normativo-en-materia-de-discapacidad\/#primaryimage"},"thumbnailUrl":"https:\/\/downgalicia.org\/wp-content\/uploads\/2025\/06\/NP_Convenio-colaboracion-Down-Galicia-Aequitas-Colexio-Notarial_2-4.jpg","articleSection":["Down Galicia","Noticias del Movimiento Down"],"inLanguage":"es"},{"@type":"WebPage","@id":"https:\/\/downgalicia.org\/es\/el-ilustre-colegio-notarial-de-galicia-y-la-fundacion-aequitas-firman-un-convenio-de-colaboracion-con-down-galicia-para-la-divulgacion-del-nuevo-marco-normativo-en-materia-de-discapacidad\/","url":"https:\/\/downgalicia.org\/es\/el-ilustre-colegio-notarial-de-galicia-y-la-fundacion-aequitas-firman-un-convenio-de-colaboracion-con-down-galicia-para-la-divulgacion-del-nuevo-marco-normativo-en-materia-de-discapacidad\/","name":"El Ilustre Colegio Notarial de Galicia y la Fundaci\u00f3n Aequitas firman un convenio de colaboraci\u00f3n con Down Galicia para la divulgaci\u00f3n del nuevo marco normativo en materia de discapacidad &#8226; Federaci\u00f3n Down Galicia","isPartOf":{"@id":"https:\/\/downgalicia.org\/es\/#website"},"primaryImageOfPage":{"@id":"https:\/\/downgalicia.org\/es\/el-ilustre-colegio-notarial-de-galicia-y-la-fundacion-aequitas-firman-un-convenio-de-colaboracion-con-down-galicia-para-la-divulgacion-del-nuevo-marco-normativo-en-materia-de-discapacidad\/#primaryimage"},"image":{"@id":"https:\/\/downgalicia.org\/es\/el-ilustre-colegio-notarial-de-galicia-y-la-fundacion-aequitas-firman-un-convenio-de-colaboracion-con-down-galicia-para-la-divulgacion-del-nuevo-marco-normativo-en-materia-de-discapacidad\/#primaryimage"},"thumbnailUrl":"https:\/\/downgalicia.org\/wp-content\/uploads\/2025\/06\/NP_Convenio-colaboracion-Down-Galicia-Aequitas-Colexio-Notarial_2-4.jpg","datePublished":"2021-07-19T12:15:22+00:00","breadcrumb":{"@id":"https:\/\/downgalicia.org\/es\/el-ilustre-colegio-notarial-de-galicia-y-la-fundacion-aequitas-firman-un-convenio-de-colaboracion-con-down-galicia-para-la-divulgacion-del-nuevo-marco-normativo-en-materia-de-discapacidad\/#breadcrumb"},"inLanguage":"es","potentialAction":[{"@type":"ReadAction","target":["https:\/\/downgalicia.org\/es\/el-ilustre-colegio-notarial-de-galicia-y-la-fundacion-aequitas-firman-un-convenio-de-colaboracion-con-down-galicia-para-la-divulgacion-del-nuevo-marco-normativo-en-materia-de-discapacidad\/"]}]},{"@type":"ImageObject","inLanguage":"es","@id":"https:\/\/downgalicia.org\/es\/el-ilustre-colegio-notarial-de-galicia-y-la-fundacion-aequitas-firman-un-convenio-de-colaboracion-con-down-galicia-para-la-divulgacion-del-nuevo-marco-normativo-en-materia-de-discapacidad\/#primaryimage","url":"https:\/\/downgalicia.org\/wp-content\/uploads\/2025\/06\/NP_Convenio-colaboracion-Down-Galicia-Aequitas-Colexio-Notarial_2-4.jpg","contentUrl":"https:\/\/downgalicia.org\/wp-content\/uploads\/2025\/06\/NP_Convenio-colaboracion-Down-Galicia-Aequitas-Colexio-Notarial_2-4.jpg","width":1620,"height":1080},{"@type":"BreadcrumbList","@id":"https:\/\/downgalicia.org\/es\/el-ilustre-colegio-notarial-de-galicia-y-la-fundacion-aequitas-firman-un-convenio-de-colaboracion-con-down-galicia-para-la-divulgacion-del-nuevo-marco-normativo-en-materia-de-discapacidad\/#breadcrumb","itemListElement":[{"@type":"ListItem","position":1,"name":"Portada","item":"https:\/\/downgalicia.org\/es\/"},{"@type":"ListItem","position":2,"name":"El Ilustre Colegio Notarial de Galicia y la Fundaci\u00f3n Aequitas firman un convenio de colaboraci\u00f3n con Down Galicia para la divulgaci\u00f3n del nuevo marco normativo en materia de discapacidad"}]},{"@type":"WebSite","@id":"https:\/\/downgalicia.org\/es\/#website","url":"https:\/\/downgalicia.org\/es\/","name":"Federaci\u00f3n Down Galicia","description":"Apoio a persoas con S\u00edndrome de Down","publisher":{"@id":"https:\/\/downgalicia.org\/es\/#organization"},"potentialAction":[{"@type":"SearchAction","target":{"@type":"EntryPoint","urlTemplate":"https:\/\/downgalicia.org\/es\/?s={search_term_string}"},"query-input":{"@type":"PropertyValueSpecification","valueRequired":true,"valueName":"search_term_string"}}],"inLanguage":"es"},{"@type":"Organization","@id":"https:\/\/downgalicia.org\/es\/#organization","name":"Federaci\u00f3n Down Galicia","url":"https:\/\/downgalicia.org\/es\/","logo":{"@type":"ImageObject","inLanguage":"es","@id":"https:\/\/downgalicia.org\/es\/#\/schema\/logo\/image\/","url":"https:\/\/downgalicia.org\/wp-content\/uploads\/2024\/07\/logo-sindrome-down-color.svg","contentUrl":"https:\/\/downgalicia.org\/wp-content\/uploads\/2024\/07\/logo-sindrome-down-color.svg","width":271,"height":88,"caption":"Federaci\u00f3n Down Galicia"},"image":{"@id":"https:\/\/downgalicia.org\/es\/#\/schema\/logo\/image\/"}},{"@type":"Person","@id":"https:\/\/downgalicia.org\/es\/#\/schema\/person\/317730a00185114c76a219b94bddef15","name":"produccion@visualpublinet.com","image":{"@type":"ImageObject","inLanguage":"es","@id":"https:\/\/downgalicia.org\/es\/#\/schema\/person\/image\/","url":"https:\/\/secure.gravatar.com\/avatar\/282ee20c78c1b1137175d4ab9f75785d8c239d499b1376df3ba16efa213b7b10?s=96&d=mm&r=g","contentUrl":"https:\/\/secure.gravatar.com\/avatar\/282ee20c78c1b1137175d4ab9f75785d8c239d499b1376df3ba16efa213b7b10?s=96&d=mm&r=g","caption":"produccion@visualpublinet.com"},"sameAs":["https:\/\/downgalicia.org"],"url":"https:\/\/downgalicia.org\/es\/author\/produccionvisualpublinet-com\/"}]}},"_links":{"self":[{"href":"https:\/\/downgalicia.org\/es\/wp-json\/wp\/v2\/posts\/5645","targetHints":{"allow":["GET"]}}],"collection":[{"href":"https:\/\/downgalicia.org\/es\/wp-json\/wp\/v2\/posts"}],"about":[{"href":"https:\/\/downgalicia.org\/es\/wp-json\/wp\/v2\/types\/post"}],"author":[{"embeddable":true,"href":"https:\/\/downgalicia.org\/es\/wp-json\/wp\/v2\/users\/1"}],"replies":[{"embeddable":true,"href":"https:\/\/downgalicia.org\/es\/wp-json\/wp\/v2\/comments?post=5645"}],"version-history":[{"count":0,"href":"https:\/\/downgalicia.org\/es\/wp-json\/wp\/v2\/posts\/5645\/revisions"}],"wp:featuredmedia":[{"embeddable":true,"href":"https:\/\/downgalicia.org\/es\/wp-json\/wp\/v2\/media\/5646"}],"wp:attachment":[{"href":"https:\/\/downgalicia.org\/es\/wp-json\/wp\/v2\/media?parent=5645"}],"wp:term":[{"taxonomy":"category","embeddable":true,"href":"https:\/\/downgalicia.org\/es\/wp-json\/wp\/v2\/categories?post=5645"},{"taxonomy":"post_tag","embeddable":true,"href":"https:\/\/downgalicia.org\/es\/wp-json\/wp\/v2\/tags?post=5645"}],"curies":[{"name":"wp","href":"https:\/\/api.w.org\/{rel}","templated":true}]}}