{"id":5649,"date":"2021-07-16T15:47:48","date_gmt":"2021-07-16T13:47:48","guid":{"rendered":"http:\/\/downgalicia.org.136-144-253-96.136-144-253-96.visualpublinet.com\/actividades-de-ocio-para-todos-los-gustos-en-el-inicio-del-verano-de-down-coruna\/"},"modified":"2025-06-19T10:38:38","modified_gmt":"2025-06-19T08:38:38","slug":"actividades-de-ocio-para-todos-los-gustos-en-el-inicio-del-verano-de-down-coruna","status":"publish","type":"post","link":"https:\/\/downgalicia.org\/es\/actividades-de-ocio-para-todos-los-gustos-en-el-inicio-del-verano-de-down-coruna\/","title":{"rendered":"Deporte y medio ambiente en el inicio del verano de Down Coru\u00f1a"},"content":{"rendered":"<p>Los j\u00f3venes de la asociaci\u00f3n Down Coru\u00f1a llevan varias semanas sin parar de realizar actividades en su tiempo libre.<\/p>\n<p>Esta semana, una veintena de chicos y chicas con s\u00edndrome de Down y otras discapacidades intelectuales se acercaron a la pr\u00e1ctica del rugby de la mano del club CRAT Coru\u00f1a y disfrutaron de un plan diferente, saludable y participativo.<\/p>\n<p>Durante dos jornadas, ex-jugadores y monitores del club, e incluso jugadoras profesionales en activo del equipo femenino, les ense\u00f1aron en el parque de Eir\u00eds en qu\u00e9 consiste este deporte. As\u00ed, pudieron conocer el bal\u00f3n, aprender a dar los primeros pases hacia atr\u00e1s, para finalizar, jugar un partido.<\/p>\n<p>Desde las entidades Down de Galicia defendemos la importancia de incorporar actividad f\u00edsica y h\u00e1bitos de vida saludables en el d\u00eda a d\u00eda de las personas usuarias.<\/p>\n<p>&nbsp;<\/p>\n<p><strong>Jornada de limpieza en la playa de Sab\u00f3n<\/strong><\/p>\n<p>La pasada semana, un grupo de socios y socias de la entidad participaron, de la mano de <a href=\"https:\/\/wesustainability.com\/\">We Sustainabitily<\/a>, en una jornada de limpieza en la playa arteixana de Sab\u00f3n.<\/p>\n<p>El d\u00eda comenz\u00f3 con varias explicaciones de los monitores de la entidad organizadora, con la que se pretend\u00eda concienciar a las personas asistentes de la importancia de cuidar el medio ambiente y, m\u00e1s concretamente, las playas.<\/p>\n<p>Juntos procedieron a recoger basura y pl\u00e1sticos en el arenal y debatieron sobre c\u00f3mo ese tipo de residuos llegan hasta all\u00ed.<\/p>\n<p>La sesi\u00f3n concluy\u00f3 con una clase de surf a cargo de la escuela de surf de Cai\u00f3n, con el objetivo de que las personas participantes disfruten del mar y de su entorno.<\/p>\n<p><img loading=\"lazy\" loading=\"lazy\" decoding=\"async\" class=\"aligncenter size-full wp-image-17771\" src=\"https:\/\/downgalicia.org\/wp-content\/uploads\/2025\/06\/Ocio-Down-Coruna_2-4.jpg\" alt=\"\" width=\"1944\" height=\"1296\" srcset=\"https:\/\/downgalicia.org\/wp-content\/uploads\/2025\/06\/Ocio-Down-Coruna_2-4.jpg 1944w, https:\/\/downgalicia.org\/wp-content\/uploads\/2025\/06\/Ocio-Down-Coruna_2-300x200-2.jpg 300w, https:\/\/downgalicia.org\/wp-content\/uploads\/2025\/06\/Ocio-Down-Coruna_2-1024x683-2.jpg 1024w, https:\/\/downgalicia.org\/wp-content\/uploads\/2025\/06\/Ocio-Down-Coruna_2-768x512-2.jpg 768w, https:\/\/downgalicia.org\/wp-content\/uploads\/2025\/06\/Ocio-Down-Coruna_2-1536x1024-2.jpg 1536w\" sizes=\"auto, (max-width: 1944px) 100vw, 1944px\" \/><\/p>\n","protected":false},"excerpt":{"rendered":"<p>Los j\u00f3venes de la asociaci\u00f3n Down Coru\u00f1a llevan varias semanas sin parar de realizar actividades en su tiempo libre. Esta semana, una veintena de chicos y chicas con s\u00edndrome de Down y otras discapacidades intelectuales se acercaron a la pr\u00e1ctica&#8230;<\/p>\n","protected":false},"author":1,"featured_media":5656,"comment_status":"closed","ping_status":"closed","sticky":false,"template":"","format":"standard","meta":{"_acf_changed":false,"give_campaign_id":0,"footnotes":""},"categories":[119,71,117],"tags":[],"class_list":["post-5649","post","type-post","status-publish","format-standard","has-post-thumbnail","hentry","category-down-coruna-hemeroteca-es","category-noticias-sindrome-de-down-es","category-ocio-e-tempo-de-lecer-hemeroteca-es"],"acf":[],"yoast_head":"<!-- This site is optimized with the Yoast SEO plugin v25.3.1 - https:\/\/yoast.com\/wordpress\/plugins\/seo\/ -->\n<title>Deporte y medio ambiente en el inicio del verano de Down Coru\u00f1a &#8226; Federaci\u00f3n Down Galicia<\/title>\n<meta name=\"robots\" content=\"index, follow, max-snippet:-1, max-image-preview:large, max-video-preview:-1\" \/>\n<link rel=\"canonical\" href=\"https:\/\/downgalicia.org\/es\/actividades-de-ocio-para-todos-los-gustos-en-el-inicio-del-verano-de-down-coruna\/\" \/>\n<meta property=\"og:locale\" content=\"es_ES\" \/>\n<meta property=\"og:type\" content=\"article\" \/>\n<meta property=\"og:title\" content=\"Deporte y medio ambiente en el inicio del verano de Down Coru\u00f1a &#8226; Federaci\u00f3n Down Galicia\" \/>\n<meta property=\"og:description\" content=\"Los j\u00f3venes de la asociaci\u00f3n Down Coru\u00f1a llevan varias semanas sin parar de realizar actividades en su tiempo libre. Esta semana, una veintena de chicos y chicas con s\u00edndrome de Down y otras discapacidades intelectuales se acercaron a la pr\u00e1ctica...\" \/>\n<meta property=\"og:url\" content=\"https:\/\/downgalicia.org\/es\/actividades-de-ocio-para-todos-los-gustos-en-el-inicio-del-verano-de-down-coruna\/\" \/>\n<meta property=\"og:site_name\" content=\"Federaci\u00f3n Down Galicia\" \/>\n<meta property=\"article:published_time\" content=\"2021-07-16T13:47:48+00:00\" \/>\n<meta property=\"article:modified_time\" content=\"2025-06-19T08:38:38+00:00\" \/>\n<meta property=\"og:image\" content=\"https:\/\/downgalicia.org\/wp-content\/uploads\/2025\/06\/Ocio-Down-Coruna-3.jpg\" \/>\n\t<meta property=\"og:image:width\" content=\"1536\" \/>\n\t<meta property=\"og:image:height\" content=\"1024\" \/>\n\t<meta property=\"og:image:type\" content=\"image\/jpeg\" \/>\n<meta name=\"author\" content=\"produccion@visualpublinet.com\" \/>\n<meta name=\"twitter:card\" content=\"summary_large_image\" \/>\n<meta name=\"twitter:label1\" content=\"Escrito por\" \/>\n\t<meta name=\"twitter:data1\" content=\"produccion@visualpublinet.com\" \/>\n\t<meta name=\"twitter:label2\" content=\"Tiempo de lectura\" \/>\n\t<meta name=\"twitter:data2\" content=\"1 minuto\" \/>\n<script type=\"application\/ld+json\" class=\"yoast-schema-graph\">{\"@context\":\"https:\/\/schema.org\",\"@graph\":[{\"@type\":\"Article\",\"@id\":\"https:\/\/downgalicia.org\/es\/actividades-de-ocio-para-todos-los-gustos-en-el-inicio-del-verano-de-down-coruna\/#article\",\"isPartOf\":{\"@id\":\"https:\/\/downgalicia.org\/es\/actividades-de-ocio-para-todos-los-gustos-en-el-inicio-del-verano-de-down-coruna\/\"},\"author\":{\"name\":\"produccion@visualpublinet.com\",\"@id\":\"https:\/\/downgalicia.org\/es\/#\/schema\/person\/317730a00185114c76a219b94bddef15\"},\"headline\":\"Deporte y medio ambiente en el inicio del verano de Down Coru\u00f1a\",\"datePublished\":\"2021-07-16T13:47:48+00:00\",\"dateModified\":\"2025-06-19T08:38:38+00:00\",\"mainEntityOfPage\":{\"@id\":\"https:\/\/downgalicia.org\/es\/actividades-de-ocio-para-todos-los-gustos-en-el-inicio-del-verano-de-down-coruna\/\"},\"wordCount\":296,\"publisher\":{\"@id\":\"https:\/\/downgalicia.org\/es\/#organization\"},\"image\":{\"@id\":\"https:\/\/downgalicia.org\/es\/actividades-de-ocio-para-todos-los-gustos-en-el-inicio-del-verano-de-down-coruna\/#primaryimage\"},\"thumbnailUrl\":\"https:\/\/downgalicia.org\/wp-content\/uploads\/2025\/06\/Ocio-Down-Coruna-3.jpg\",\"articleSection\":[\"Down Coru\u00f1a\",\"Noticias del Movimiento Down\",\"Ocio e tempo de lecer\"],\"inLanguage\":\"es\"},{\"@type\":\"WebPage\",\"@id\":\"https:\/\/downgalicia.org\/es\/actividades-de-ocio-para-todos-los-gustos-en-el-inicio-del-verano-de-down-coruna\/\",\"url\":\"https:\/\/downgalicia.org\/es\/actividades-de-ocio-para-todos-los-gustos-en-el-inicio-del-verano-de-down-coruna\/\",\"name\":\"Deporte y medio ambiente en el inicio del verano de Down Coru\u00f1a &#8226; Federaci\u00f3n Down Galicia\",\"isPartOf\":{\"@id\":\"https:\/\/downgalicia.org\/es\/#website\"},\"primaryImageOfPage\":{\"@id\":\"https:\/\/downgalicia.org\/es\/actividades-de-ocio-para-todos-los-gustos-en-el-inicio-del-verano-de-down-coruna\/#primaryimage\"},\"image\":{\"@id\":\"https:\/\/downgalicia.org\/es\/actividades-de-ocio-para-todos-los-gustos-en-el-inicio-del-verano-de-down-coruna\/#primaryimage\"},\"thumbnailUrl\":\"https:\/\/downgalicia.org\/wp-content\/uploads\/2025\/06\/Ocio-Down-Coruna-3.jpg\",\"datePublished\":\"2021-07-16T13:47:48+00:00\",\"dateModified\":\"2025-06-19T08:38:38+00:00\",\"breadcrumb\":{\"@id\":\"https:\/\/downgalicia.org\/es\/actividades-de-ocio-para-todos-los-gustos-en-el-inicio-del-verano-de-down-coruna\/#breadcrumb\"},\"inLanguage\":\"es\",\"potentialAction\":[{\"@type\":\"ReadAction\",\"target\":[\"https:\/\/downgalicia.org\/es\/actividades-de-ocio-para-todos-los-gustos-en-el-inicio-del-verano-de-down-coruna\/\"]}]},{\"@type\":\"ImageObject\",\"inLanguage\":\"es\",\"@id\":\"https:\/\/downgalicia.org\/es\/actividades-de-ocio-para-todos-los-gustos-en-el-inicio-del-verano-de-down-coruna\/#primaryimage\",\"url\":\"https:\/\/downgalicia.org\/wp-content\/uploads\/2025\/06\/Ocio-Down-Coruna-3.jpg\",\"contentUrl\":\"https:\/\/downgalicia.org\/wp-content\/uploads\/2025\/06\/Ocio-Down-Coruna-3.jpg\",\"width\":1536,\"height\":1024},{\"@type\":\"BreadcrumbList\",\"@id\":\"https:\/\/downgalicia.org\/es\/actividades-de-ocio-para-todos-los-gustos-en-el-inicio-del-verano-de-down-coruna\/#breadcrumb\",\"itemListElement\":[{\"@type\":\"ListItem\",\"position\":1,\"name\":\"Portada\",\"item\":\"https:\/\/downgalicia.org\/es\/\"},{\"@type\":\"ListItem\",\"position\":2,\"name\":\"Deporte y medio ambiente en el inicio del verano de Down Coru\u00f1a\"}]},{\"@type\":\"WebSite\",\"@id\":\"https:\/\/downgalicia.org\/es\/#website\",\"url\":\"https:\/\/downgalicia.org\/es\/\",\"name\":\"Federaci\u00f3n Down Galicia\",\"description\":\"Apoio a persoas con S\u00edndrome de Down\",\"publisher\":{\"@id\":\"https:\/\/downgalicia.org\/es\/#organization\"},\"potentialAction\":[{\"@type\":\"SearchAction\",\"target\":{\"@type\":\"EntryPoint\",\"urlTemplate\":\"https:\/\/downgalicia.org\/es\/?s={search_term_string}\"},\"query-input\":{\"@type\":\"PropertyValueSpecification\",\"valueRequired\":true,\"valueName\":\"search_term_string\"}}],\"inLanguage\":\"es\"},{\"@type\":\"Organization\",\"@id\":\"https:\/\/downgalicia.org\/es\/#organization\",\"name\":\"Federaci\u00f3n Down Galicia\",\"url\":\"https:\/\/downgalicia.org\/es\/\",\"logo\":{\"@type\":\"ImageObject\",\"inLanguage\":\"es\",\"@id\":\"https:\/\/downgalicia.org\/es\/#\/schema\/logo\/image\/\",\"url\":\"https:\/\/downgalicia.org\/wp-content\/uploads\/2024\/07\/logo-sindrome-down-color.svg\",\"contentUrl\":\"https:\/\/downgalicia.org\/wp-content\/uploads\/2024\/07\/logo-sindrome-down-color.svg\",\"width\":271,\"height\":88,\"caption\":\"Federaci\u00f3n Down Galicia\"},\"image\":{\"@id\":\"https:\/\/downgalicia.org\/es\/#\/schema\/logo\/image\/\"}},{\"@type\":\"Person\",\"@id\":\"https:\/\/downgalicia.org\/es\/#\/schema\/person\/317730a00185114c76a219b94bddef15\",\"name\":\"produccion@visualpublinet.com\",\"image\":{\"@type\":\"ImageObject\",\"inLanguage\":\"es\",\"@id\":\"https:\/\/downgalicia.org\/es\/#\/schema\/person\/image\/\",\"url\":\"https:\/\/secure.gravatar.com\/avatar\/282ee20c78c1b1137175d4ab9f75785d8c239d499b1376df3ba16efa213b7b10?s=96&d=mm&r=g\",\"contentUrl\":\"https:\/\/secure.gravatar.com\/avatar\/282ee20c78c1b1137175d4ab9f75785d8c239d499b1376df3ba16efa213b7b10?s=96&d=mm&r=g\",\"caption\":\"produccion@visualpublinet.com\"},\"sameAs\":[\"https:\/\/downgalicia.org\"],\"url\":\"https:\/\/downgalicia.org\/es\/author\/produccionvisualpublinet-com\/\"}]}<\/script>\n<!-- \/ Yoast SEO plugin. -->","yoast_head_json":{"title":"Deporte y medio ambiente en el inicio del verano de Down Coru\u00f1a &#8226; Federaci\u00f3n Down Galicia","robots":{"index":"index","follow":"follow","max-snippet":"max-snippet:-1","max-image-preview":"max-image-preview:large","max-video-preview":"max-video-preview:-1"},"canonical":"https:\/\/downgalicia.org\/es\/actividades-de-ocio-para-todos-los-gustos-en-el-inicio-del-verano-de-down-coruna\/","og_locale":"es_ES","og_type":"article","og_title":"Deporte y medio ambiente en el inicio del verano de Down Coru\u00f1a &#8226; Federaci\u00f3n Down Galicia","og_description":"Los j\u00f3venes de la asociaci\u00f3n Down Coru\u00f1a llevan varias semanas sin parar de realizar actividades en su tiempo libre. Esta semana, una veintena de chicos y chicas con s\u00edndrome de Down y otras discapacidades intelectuales se acercaron a la pr\u00e1ctica...","og_url":"https:\/\/downgalicia.org\/es\/actividades-de-ocio-para-todos-los-gustos-en-el-inicio-del-verano-de-down-coruna\/","og_site_name":"Federaci\u00f3n Down Galicia","article_published_time":"2021-07-16T13:47:48+00:00","article_modified_time":"2025-06-19T08:38:38+00:00","og_image":[{"width":1536,"height":1024,"url":"https:\/\/downgalicia.org\/wp-content\/uploads\/2025\/06\/Ocio-Down-Coruna-3.jpg","type":"image\/jpeg"}],"author":"produccion@visualpublinet.com","twitter_card":"summary_large_image","twitter_misc":{"Escrito por":"produccion@visualpublinet.com","Tiempo de lectura":"1 minuto"},"schema":{"@context":"https:\/\/schema.org","@graph":[{"@type":"Article","@id":"https:\/\/downgalicia.org\/es\/actividades-de-ocio-para-todos-los-gustos-en-el-inicio-del-verano-de-down-coruna\/#article","isPartOf":{"@id":"https:\/\/downgalicia.org\/es\/actividades-de-ocio-para-todos-los-gustos-en-el-inicio-del-verano-de-down-coruna\/"},"author":{"name":"produccion@visualpublinet.com","@id":"https:\/\/downgalicia.org\/es\/#\/schema\/person\/317730a00185114c76a219b94bddef15"},"headline":"Deporte y medio ambiente en el inicio del verano de Down Coru\u00f1a","datePublished":"2021-07-16T13:47:48+00:00","dateModified":"2025-06-19T08:38:38+00:00","mainEntityOfPage":{"@id":"https:\/\/downgalicia.org\/es\/actividades-de-ocio-para-todos-los-gustos-en-el-inicio-del-verano-de-down-coruna\/"},"wordCount":296,"publisher":{"@id":"https:\/\/downgalicia.org\/es\/#organization"},"image":{"@id":"https:\/\/downgalicia.org\/es\/actividades-de-ocio-para-todos-los-gustos-en-el-inicio-del-verano-de-down-coruna\/#primaryimage"},"thumbnailUrl":"https:\/\/downgalicia.org\/wp-content\/uploads\/2025\/06\/Ocio-Down-Coruna-3.jpg","articleSection":["Down Coru\u00f1a","Noticias del Movimiento Down","Ocio e tempo de lecer"],"inLanguage":"es"},{"@type":"WebPage","@id":"https:\/\/downgalicia.org\/es\/actividades-de-ocio-para-todos-los-gustos-en-el-inicio-del-verano-de-down-coruna\/","url":"https:\/\/downgalicia.org\/es\/actividades-de-ocio-para-todos-los-gustos-en-el-inicio-del-verano-de-down-coruna\/","name":"Deporte y medio ambiente en el inicio del verano de Down Coru\u00f1a &#8226; Federaci\u00f3n Down Galicia","isPartOf":{"@id":"https:\/\/downgalicia.org\/es\/#website"},"primaryImageOfPage":{"@id":"https:\/\/downgalicia.org\/es\/actividades-de-ocio-para-todos-los-gustos-en-el-inicio-del-verano-de-down-coruna\/#primaryimage"},"image":{"@id":"https:\/\/downgalicia.org\/es\/actividades-de-ocio-para-todos-los-gustos-en-el-inicio-del-verano-de-down-coruna\/#primaryimage"},"thumbnailUrl":"https:\/\/downgalicia.org\/wp-content\/uploads\/2025\/06\/Ocio-Down-Coruna-3.jpg","datePublished":"2021-07-16T13:47:48+00:00","dateModified":"2025-06-19T08:38:38+00:00","breadcrumb":{"@id":"https:\/\/downgalicia.org\/es\/actividades-de-ocio-para-todos-los-gustos-en-el-inicio-del-verano-de-down-coruna\/#breadcrumb"},"inLanguage":"es","potentialAction":[{"@type":"ReadAction","target":["https:\/\/downgalicia.org\/es\/actividades-de-ocio-para-todos-los-gustos-en-el-inicio-del-verano-de-down-coruna\/"]}]},{"@type":"ImageObject","inLanguage":"es","@id":"https:\/\/downgalicia.org\/es\/actividades-de-ocio-para-todos-los-gustos-en-el-inicio-del-verano-de-down-coruna\/#primaryimage","url":"https:\/\/downgalicia.org\/wp-content\/uploads\/2025\/06\/Ocio-Down-Coruna-3.jpg","contentUrl":"https:\/\/downgalicia.org\/wp-content\/uploads\/2025\/06\/Ocio-Down-Coruna-3.jpg","width":1536,"height":1024},{"@type":"BreadcrumbList","@id":"https:\/\/downgalicia.org\/es\/actividades-de-ocio-para-todos-los-gustos-en-el-inicio-del-verano-de-down-coruna\/#breadcrumb","itemListElement":[{"@type":"ListItem","position":1,"name":"Portada","item":"https:\/\/downgalicia.org\/es\/"},{"@type":"ListItem","position":2,"name":"Deporte y medio ambiente en el inicio del verano de Down Coru\u00f1a"}]},{"@type":"WebSite","@id":"https:\/\/downgalicia.org\/es\/#website","url":"https:\/\/downgalicia.org\/es\/","name":"Federaci\u00f3n Down Galicia","description":"Apoio a persoas con S\u00edndrome de Down","publisher":{"@id":"https:\/\/downgalicia.org\/es\/#organization"},"potentialAction":[{"@type":"SearchAction","target":{"@type":"EntryPoint","urlTemplate":"https:\/\/downgalicia.org\/es\/?s={search_term_string}"},"query-input":{"@type":"PropertyValueSpecification","valueRequired":true,"valueName":"search_term_string"}}],"inLanguage":"es"},{"@type":"Organization","@id":"https:\/\/downgalicia.org\/es\/#organization","name":"Federaci\u00f3n Down Galicia","url":"https:\/\/downgalicia.org\/es\/","logo":{"@type":"ImageObject","inLanguage":"es","@id":"https:\/\/downgalicia.org\/es\/#\/schema\/logo\/image\/","url":"https:\/\/downgalicia.org\/wp-content\/uploads\/2024\/07\/logo-sindrome-down-color.svg","contentUrl":"https:\/\/downgalicia.org\/wp-content\/uploads\/2024\/07\/logo-sindrome-down-color.svg","width":271,"height":88,"caption":"Federaci\u00f3n Down Galicia"},"image":{"@id":"https:\/\/downgalicia.org\/es\/#\/schema\/logo\/image\/"}},{"@type":"Person","@id":"https:\/\/downgalicia.org\/es\/#\/schema\/person\/317730a00185114c76a219b94bddef15","name":"produccion@visualpublinet.com","image":{"@type":"ImageObject","inLanguage":"es","@id":"https:\/\/downgalicia.org\/es\/#\/schema\/person\/image\/","url":"https:\/\/secure.gravatar.com\/avatar\/282ee20c78c1b1137175d4ab9f75785d8c239d499b1376df3ba16efa213b7b10?s=96&d=mm&r=g","contentUrl":"https:\/\/secure.gravatar.com\/avatar\/282ee20c78c1b1137175d4ab9f75785d8c239d499b1376df3ba16efa213b7b10?s=96&d=mm&r=g","caption":"produccion@visualpublinet.com"},"sameAs":["https:\/\/downgalicia.org"],"url":"https:\/\/downgalicia.org\/es\/author\/produccionvisualpublinet-com\/"}]}},"_links":{"self":[{"href":"https:\/\/downgalicia.org\/es\/wp-json\/wp\/v2\/posts\/5649","targetHints":{"allow":["GET"]}}],"collection":[{"href":"https:\/\/downgalicia.org\/es\/wp-json\/wp\/v2\/posts"}],"about":[{"href":"https:\/\/downgalicia.org\/es\/wp-json\/wp\/v2\/types\/post"}],"author":[{"embeddable":true,"href":"https:\/\/downgalicia.org\/es\/wp-json\/wp\/v2\/users\/1"}],"replies":[{"embeddable":true,"href":"https:\/\/downgalicia.org\/es\/wp-json\/wp\/v2\/comments?post=5649"}],"version-history":[{"count":1,"href":"https:\/\/downgalicia.org\/es\/wp-json\/wp\/v2\/posts\/5649\/revisions"}],"predecessor-version":[{"id":5655,"href":"https:\/\/downgalicia.org\/es\/wp-json\/wp\/v2\/posts\/5649\/revisions\/5655"}],"wp:featuredmedia":[{"embeddable":true,"href":"https:\/\/downgalicia.org\/es\/wp-json\/wp\/v2\/media\/5656"}],"wp:attachment":[{"href":"https:\/\/downgalicia.org\/es\/wp-json\/wp\/v2\/media?parent=5649"}],"wp:term":[{"taxonomy":"category","embeddable":true,"href":"https:\/\/downgalicia.org\/es\/wp-json\/wp\/v2\/categories?post=5649"},{"taxonomy":"post_tag","embeddable":true,"href":"https:\/\/downgalicia.org\/es\/wp-json\/wp\/v2\/tags?post=5649"}],"curies":[{"name":"wp","href":"https:\/\/api.w.org\/{rel}","templated":true}]}}