{"id":5936,"date":"2020-12-23T17:31:41","date_gmt":"2020-12-23T16:31:41","guid":{"rendered":"http:\/\/downgalicia.org.136-144-253-96.136-144-253-96.visualpublinet.com\/distribuciones-froiz-confia-de-nuevo-en-el-programa-de-empleo-de-xuntos-para-la-campana-de-navidad\/"},"modified":"2020-12-23T17:31:41","modified_gmt":"2020-12-23T16:31:41","slug":"distribuciones-froiz-confia-de-nuevo-en-el-programa-de-empleo-de-xuntos-para-la-campana-de-navidad","status":"publish","type":"post","link":"https:\/\/downgalicia.org\/es\/distribuciones-froiz-confia-de-nuevo-en-el-programa-de-empleo-de-xuntos-para-la-campana-de-navidad\/","title":{"rendered":"Distribuciones Froiz conf\u00eda de nuevo en el programa de Empleo de Xuntos para la campa\u00f1a de Navidad"},"content":{"rendered":"<p>Desde hace ya varios a\u00f1os, son muchas las empresas de la ciudad de Pontevedra y de su comarca que conf\u00edan en el programa de Empleo con Apoyo de Down Pontevedra \u201cXuntos\u201d. Un claro ejemplo es Distribuciones Froiz, que desde los inicios del programa en el a\u00f1o 2002 contrata a\u00f1o tras a\u00f1o a dos personas de la bolsa de empleo de la entidad para la campa\u00f1a de Navidad.<\/p>\n<p>Durante el \u00faltimo mes, Carlos Pais y Diego Touri\u00f1o, trabajaron como mozos de almac\u00e9n en la empresa pontevedresa elaborando cajas y cestas de Navidad. Ambos estuvieron contratados a jornada parcial y desarrollaron sus tareas de lunes a viernes en horario de ma\u00f1ana.<\/p>\n<p>&nbsp;<\/p>\n<p><strong>Balance anual del programa de empleo de Xuntos<\/strong><\/p>\n<p>Desde hace ya algunos a\u00f1os, la bolsa de empleo de Down Pontevedra \u201cXuntos\u201d est\u00e1 siendo sin\u00f3nimo de eficacia y es que el 80% de las personas que forman parte del Programa de Empleo con Apoyo de la entidad estuvieron activas en alg\u00fan momento del a\u00f1o.<\/p>\n<p>A pesar de la situaci\u00f3n actual derivada de la COVID-19, 17 de las 21 personas usuarias del programa de Empleo con Apoyo contaron con un contrato de trabajo a lo largo del a\u00f1o 2020. Adem\u00e1s, se firmaron 2 pr\u00f3rrogas de contrato y una conversi\u00f3n a indefinido.<\/p>\n<p>Pero las inquietudes de las personas integrantes de la bolsa de empleo de Xuntos no quedan satisfechas con la firma de un contrato. Es por eso que 19 de ellas est\u00e1n preparando oposiciones en la entidad, algunas de manera simult\u00e1nea al desempe\u00f1o de sus trabajos.<\/p>\n<p>Por otra parte, es especialmente importante en estos momentos poner en valor el n\u00famero de empresas colaboradoras en este 2020, llegando en esta ocasi\u00f3n a 18 colaboraciones.<\/p>\n","protected":false},"excerpt":{"rendered":"<p>Desde hace ya varios a\u00f1os, son muchas las empresas de la ciudad de Pontevedra y de su comarca que conf\u00edan en el programa de Empleo con Apoyo de Down Pontevedra \u201cXuntos\u201d. Un claro ejemplo es Distribuciones Froiz, que desde los&#8230;<\/p>\n","protected":false},"author":1,"featured_media":5937,"comment_status":"closed","ping_status":"closed","sticky":false,"template":"","format":"standard","meta":{"_acf_changed":false,"give_campaign_id":0,"footnotes":""},"categories":[118,127,71],"tags":[],"class_list":["post-5936","post","type-post","status-publish","format-standard","has-post-thumbnail","hentry","category-down-pontevedra-hemeroteca-es","category-formacion-e-emprego-hemeroteca-hemeroteca-es","category-noticias-sindrome-de-down-es"],"acf":[],"yoast_head":"<!-- This site is optimized with the Yoast SEO plugin v25.3.1 - https:\/\/yoast.com\/wordpress\/plugins\/seo\/ -->\n<title>Distribuciones Froiz conf\u00eda de nuevo en el programa de Empleo de Xuntos para la campa\u00f1a de Navidad &#8226; Federaci\u00f3n Down Galicia<\/title>\n<meta name=\"robots\" content=\"index, follow, max-snippet:-1, max-image-preview:large, max-video-preview:-1\" \/>\n<link rel=\"canonical\" href=\"https:\/\/downgalicia.org\/es\/distribuciones-froiz-confia-de-nuevo-en-el-programa-de-empleo-de-xuntos-para-la-campana-de-navidad\/\" \/>\n<meta property=\"og:locale\" content=\"es_ES\" \/>\n<meta property=\"og:type\" content=\"article\" \/>\n<meta property=\"og:title\" content=\"Distribuciones Froiz conf\u00eda de nuevo en el programa de Empleo de Xuntos para la campa\u00f1a de Navidad &#8226; Federaci\u00f3n Down Galicia\" \/>\n<meta property=\"og:description\" content=\"Desde hace ya varios a\u00f1os, son muchas las empresas de la ciudad de Pontevedra y de su comarca que conf\u00edan en el programa de Empleo con Apoyo de Down Pontevedra \u201cXuntos\u201d. Un claro ejemplo es Distribuciones Froiz, que desde los...\" \/>\n<meta property=\"og:url\" content=\"https:\/\/downgalicia.org\/es\/distribuciones-froiz-confia-de-nuevo-en-el-programa-de-empleo-de-xuntos-para-la-campana-de-navidad\/\" \/>\n<meta property=\"og:site_name\" content=\"Federaci\u00f3n Down Galicia\" \/>\n<meta property=\"article:published_time\" content=\"2020-12-23T16:31:41+00:00\" \/>\n<meta property=\"og:image\" content=\"https:\/\/downgalicia.org\/wp-content\/uploads\/2025\/06\/Xuntos_Insercions-Froiz-4.jpg\" \/>\n\t<meta property=\"og:image:width\" content=\"1225\" \/>\n\t<meta property=\"og:image:height\" content=\"918\" \/>\n\t<meta property=\"og:image:type\" content=\"image\/jpeg\" \/>\n<meta name=\"author\" content=\"produccion@visualpublinet.com\" \/>\n<meta name=\"twitter:card\" content=\"summary_large_image\" \/>\n<meta name=\"twitter:label1\" content=\"Escrito por\" \/>\n\t<meta name=\"twitter:data1\" content=\"produccion@visualpublinet.com\" \/>\n\t<meta name=\"twitter:label2\" content=\"Tiempo de lectura\" \/>\n\t<meta name=\"twitter:data2\" content=\"1 minuto\" \/>\n<script type=\"application\/ld+json\" class=\"yoast-schema-graph\">{\"@context\":\"https:\/\/schema.org\",\"@graph\":[{\"@type\":\"Article\",\"@id\":\"https:\/\/downgalicia.org\/es\/distribuciones-froiz-confia-de-nuevo-en-el-programa-de-empleo-de-xuntos-para-la-campana-de-navidad\/#article\",\"isPartOf\":{\"@id\":\"https:\/\/downgalicia.org\/es\/distribuciones-froiz-confia-de-nuevo-en-el-programa-de-empleo-de-xuntos-para-la-campana-de-navidad\/\"},\"author\":{\"name\":\"produccion@visualpublinet.com\",\"@id\":\"https:\/\/downgalicia.org\/es\/#\/schema\/person\/317730a00185114c76a219b94bddef15\"},\"headline\":\"Distribuciones Froiz conf\u00eda de nuevo en el programa de Empleo de Xuntos para la campa\u00f1a de Navidad\",\"datePublished\":\"2020-12-23T16:31:41+00:00\",\"mainEntityOfPage\":{\"@id\":\"https:\/\/downgalicia.org\/es\/distribuciones-froiz-confia-de-nuevo-en-el-programa-de-empleo-de-xuntos-para-la-campana-de-navidad\/\"},\"wordCount\":314,\"publisher\":{\"@id\":\"https:\/\/downgalicia.org\/es\/#organization\"},\"image\":{\"@id\":\"https:\/\/downgalicia.org\/es\/distribuciones-froiz-confia-de-nuevo-en-el-programa-de-empleo-de-xuntos-para-la-campana-de-navidad\/#primaryimage\"},\"thumbnailUrl\":\"https:\/\/downgalicia.org\/wp-content\/uploads\/2025\/06\/Xuntos_Insercions-Froiz-4.jpg\",\"articleSection\":[\"Down Pontevedra\",\"Formaci\u00f3n e Emprego\",\"Noticias del Movimiento Down\"],\"inLanguage\":\"es\"},{\"@type\":\"WebPage\",\"@id\":\"https:\/\/downgalicia.org\/es\/distribuciones-froiz-confia-de-nuevo-en-el-programa-de-empleo-de-xuntos-para-la-campana-de-navidad\/\",\"url\":\"https:\/\/downgalicia.org\/es\/distribuciones-froiz-confia-de-nuevo-en-el-programa-de-empleo-de-xuntos-para-la-campana-de-navidad\/\",\"name\":\"Distribuciones Froiz conf\u00eda de nuevo en el programa de Empleo de Xuntos para la campa\u00f1a de Navidad &#8226; Federaci\u00f3n Down Galicia\",\"isPartOf\":{\"@id\":\"https:\/\/downgalicia.org\/es\/#website\"},\"primaryImageOfPage\":{\"@id\":\"https:\/\/downgalicia.org\/es\/distribuciones-froiz-confia-de-nuevo-en-el-programa-de-empleo-de-xuntos-para-la-campana-de-navidad\/#primaryimage\"},\"image\":{\"@id\":\"https:\/\/downgalicia.org\/es\/distribuciones-froiz-confia-de-nuevo-en-el-programa-de-empleo-de-xuntos-para-la-campana-de-navidad\/#primaryimage\"},\"thumbnailUrl\":\"https:\/\/downgalicia.org\/wp-content\/uploads\/2025\/06\/Xuntos_Insercions-Froiz-4.jpg\",\"datePublished\":\"2020-12-23T16:31:41+00:00\",\"breadcrumb\":{\"@id\":\"https:\/\/downgalicia.org\/es\/distribuciones-froiz-confia-de-nuevo-en-el-programa-de-empleo-de-xuntos-para-la-campana-de-navidad\/#breadcrumb\"},\"inLanguage\":\"es\",\"potentialAction\":[{\"@type\":\"ReadAction\",\"target\":[\"https:\/\/downgalicia.org\/es\/distribuciones-froiz-confia-de-nuevo-en-el-programa-de-empleo-de-xuntos-para-la-campana-de-navidad\/\"]}]},{\"@type\":\"ImageObject\",\"inLanguage\":\"es\",\"@id\":\"https:\/\/downgalicia.org\/es\/distribuciones-froiz-confia-de-nuevo-en-el-programa-de-empleo-de-xuntos-para-la-campana-de-navidad\/#primaryimage\",\"url\":\"https:\/\/downgalicia.org\/wp-content\/uploads\/2025\/06\/Xuntos_Insercions-Froiz-4.jpg\",\"contentUrl\":\"https:\/\/downgalicia.org\/wp-content\/uploads\/2025\/06\/Xuntos_Insercions-Froiz-4.jpg\",\"width\":1225,\"height\":918},{\"@type\":\"BreadcrumbList\",\"@id\":\"https:\/\/downgalicia.org\/es\/distribuciones-froiz-confia-de-nuevo-en-el-programa-de-empleo-de-xuntos-para-la-campana-de-navidad\/#breadcrumb\",\"itemListElement\":[{\"@type\":\"ListItem\",\"position\":1,\"name\":\"Portada\",\"item\":\"https:\/\/downgalicia.org\/es\/\"},{\"@type\":\"ListItem\",\"position\":2,\"name\":\"Distribuciones Froiz conf\u00eda de nuevo en el programa de Empleo de Xuntos para la campa\u00f1a de Navidad\"}]},{\"@type\":\"WebSite\",\"@id\":\"https:\/\/downgalicia.org\/es\/#website\",\"url\":\"https:\/\/downgalicia.org\/es\/\",\"name\":\"Federaci\u00f3n Down Galicia\",\"description\":\"Apoio a persoas con S\u00edndrome de Down\",\"publisher\":{\"@id\":\"https:\/\/downgalicia.org\/es\/#organization\"},\"potentialAction\":[{\"@type\":\"SearchAction\",\"target\":{\"@type\":\"EntryPoint\",\"urlTemplate\":\"https:\/\/downgalicia.org\/es\/?s={search_term_string}\"},\"query-input\":{\"@type\":\"PropertyValueSpecification\",\"valueRequired\":true,\"valueName\":\"search_term_string\"}}],\"inLanguage\":\"es\"},{\"@type\":\"Organization\",\"@id\":\"https:\/\/downgalicia.org\/es\/#organization\",\"name\":\"Federaci\u00f3n Down Galicia\",\"url\":\"https:\/\/downgalicia.org\/es\/\",\"logo\":{\"@type\":\"ImageObject\",\"inLanguage\":\"es\",\"@id\":\"https:\/\/downgalicia.org\/es\/#\/schema\/logo\/image\/\",\"url\":\"https:\/\/downgalicia.org\/wp-content\/uploads\/2024\/07\/logo-sindrome-down-color.svg\",\"contentUrl\":\"https:\/\/downgalicia.org\/wp-content\/uploads\/2024\/07\/logo-sindrome-down-color.svg\",\"width\":271,\"height\":88,\"caption\":\"Federaci\u00f3n Down Galicia\"},\"image\":{\"@id\":\"https:\/\/downgalicia.org\/es\/#\/schema\/logo\/image\/\"}},{\"@type\":\"Person\",\"@id\":\"https:\/\/downgalicia.org\/es\/#\/schema\/person\/317730a00185114c76a219b94bddef15\",\"name\":\"produccion@visualpublinet.com\",\"image\":{\"@type\":\"ImageObject\",\"inLanguage\":\"es\",\"@id\":\"https:\/\/downgalicia.org\/es\/#\/schema\/person\/image\/\",\"url\":\"https:\/\/secure.gravatar.com\/avatar\/282ee20c78c1b1137175d4ab9f75785d8c239d499b1376df3ba16efa213b7b10?s=96&d=mm&r=g\",\"contentUrl\":\"https:\/\/secure.gravatar.com\/avatar\/282ee20c78c1b1137175d4ab9f75785d8c239d499b1376df3ba16efa213b7b10?s=96&d=mm&r=g\",\"caption\":\"produccion@visualpublinet.com\"},\"sameAs\":[\"https:\/\/downgalicia.org\"],\"url\":\"https:\/\/downgalicia.org\/es\/author\/produccionvisualpublinet-com\/\"}]}<\/script>\n<!-- \/ Yoast SEO plugin. -->","yoast_head_json":{"title":"Distribuciones Froiz conf\u00eda de nuevo en el programa de Empleo de Xuntos para la campa\u00f1a de Navidad &#8226; Federaci\u00f3n Down Galicia","robots":{"index":"index","follow":"follow","max-snippet":"max-snippet:-1","max-image-preview":"max-image-preview:large","max-video-preview":"max-video-preview:-1"},"canonical":"https:\/\/downgalicia.org\/es\/distribuciones-froiz-confia-de-nuevo-en-el-programa-de-empleo-de-xuntos-para-la-campana-de-navidad\/","og_locale":"es_ES","og_type":"article","og_title":"Distribuciones Froiz conf\u00eda de nuevo en el programa de Empleo de Xuntos para la campa\u00f1a de Navidad &#8226; Federaci\u00f3n Down Galicia","og_description":"Desde hace ya varios a\u00f1os, son muchas las empresas de la ciudad de Pontevedra y de su comarca que conf\u00edan en el programa de Empleo con Apoyo de Down Pontevedra \u201cXuntos\u201d. Un claro ejemplo es Distribuciones Froiz, que desde los...","og_url":"https:\/\/downgalicia.org\/es\/distribuciones-froiz-confia-de-nuevo-en-el-programa-de-empleo-de-xuntos-para-la-campana-de-navidad\/","og_site_name":"Federaci\u00f3n Down Galicia","article_published_time":"2020-12-23T16:31:41+00:00","og_image":[{"width":1225,"height":918,"url":"https:\/\/downgalicia.org\/wp-content\/uploads\/2025\/06\/Xuntos_Insercions-Froiz-4.jpg","type":"image\/jpeg"}],"author":"produccion@visualpublinet.com","twitter_card":"summary_large_image","twitter_misc":{"Escrito por":"produccion@visualpublinet.com","Tiempo de lectura":"1 minuto"},"schema":{"@context":"https:\/\/schema.org","@graph":[{"@type":"Article","@id":"https:\/\/downgalicia.org\/es\/distribuciones-froiz-confia-de-nuevo-en-el-programa-de-empleo-de-xuntos-para-la-campana-de-navidad\/#article","isPartOf":{"@id":"https:\/\/downgalicia.org\/es\/distribuciones-froiz-confia-de-nuevo-en-el-programa-de-empleo-de-xuntos-para-la-campana-de-navidad\/"},"author":{"name":"produccion@visualpublinet.com","@id":"https:\/\/downgalicia.org\/es\/#\/schema\/person\/317730a00185114c76a219b94bddef15"},"headline":"Distribuciones Froiz conf\u00eda de nuevo en el programa de Empleo de Xuntos para la campa\u00f1a de Navidad","datePublished":"2020-12-23T16:31:41+00:00","mainEntityOfPage":{"@id":"https:\/\/downgalicia.org\/es\/distribuciones-froiz-confia-de-nuevo-en-el-programa-de-empleo-de-xuntos-para-la-campana-de-navidad\/"},"wordCount":314,"publisher":{"@id":"https:\/\/downgalicia.org\/es\/#organization"},"image":{"@id":"https:\/\/downgalicia.org\/es\/distribuciones-froiz-confia-de-nuevo-en-el-programa-de-empleo-de-xuntos-para-la-campana-de-navidad\/#primaryimage"},"thumbnailUrl":"https:\/\/downgalicia.org\/wp-content\/uploads\/2025\/06\/Xuntos_Insercions-Froiz-4.jpg","articleSection":["Down Pontevedra","Formaci\u00f3n e Emprego","Noticias del Movimiento Down"],"inLanguage":"es"},{"@type":"WebPage","@id":"https:\/\/downgalicia.org\/es\/distribuciones-froiz-confia-de-nuevo-en-el-programa-de-empleo-de-xuntos-para-la-campana-de-navidad\/","url":"https:\/\/downgalicia.org\/es\/distribuciones-froiz-confia-de-nuevo-en-el-programa-de-empleo-de-xuntos-para-la-campana-de-navidad\/","name":"Distribuciones Froiz conf\u00eda de nuevo en el programa de Empleo de Xuntos para la campa\u00f1a de Navidad &#8226; Federaci\u00f3n Down Galicia","isPartOf":{"@id":"https:\/\/downgalicia.org\/es\/#website"},"primaryImageOfPage":{"@id":"https:\/\/downgalicia.org\/es\/distribuciones-froiz-confia-de-nuevo-en-el-programa-de-empleo-de-xuntos-para-la-campana-de-navidad\/#primaryimage"},"image":{"@id":"https:\/\/downgalicia.org\/es\/distribuciones-froiz-confia-de-nuevo-en-el-programa-de-empleo-de-xuntos-para-la-campana-de-navidad\/#primaryimage"},"thumbnailUrl":"https:\/\/downgalicia.org\/wp-content\/uploads\/2025\/06\/Xuntos_Insercions-Froiz-4.jpg","datePublished":"2020-12-23T16:31:41+00:00","breadcrumb":{"@id":"https:\/\/downgalicia.org\/es\/distribuciones-froiz-confia-de-nuevo-en-el-programa-de-empleo-de-xuntos-para-la-campana-de-navidad\/#breadcrumb"},"inLanguage":"es","potentialAction":[{"@type":"ReadAction","target":["https:\/\/downgalicia.org\/es\/distribuciones-froiz-confia-de-nuevo-en-el-programa-de-empleo-de-xuntos-para-la-campana-de-navidad\/"]}]},{"@type":"ImageObject","inLanguage":"es","@id":"https:\/\/downgalicia.org\/es\/distribuciones-froiz-confia-de-nuevo-en-el-programa-de-empleo-de-xuntos-para-la-campana-de-navidad\/#primaryimage","url":"https:\/\/downgalicia.org\/wp-content\/uploads\/2025\/06\/Xuntos_Insercions-Froiz-4.jpg","contentUrl":"https:\/\/downgalicia.org\/wp-content\/uploads\/2025\/06\/Xuntos_Insercions-Froiz-4.jpg","width":1225,"height":918},{"@type":"BreadcrumbList","@id":"https:\/\/downgalicia.org\/es\/distribuciones-froiz-confia-de-nuevo-en-el-programa-de-empleo-de-xuntos-para-la-campana-de-navidad\/#breadcrumb","itemListElement":[{"@type":"ListItem","position":1,"name":"Portada","item":"https:\/\/downgalicia.org\/es\/"},{"@type":"ListItem","position":2,"name":"Distribuciones Froiz conf\u00eda de nuevo en el programa de Empleo de Xuntos para la campa\u00f1a de Navidad"}]},{"@type":"WebSite","@id":"https:\/\/downgalicia.org\/es\/#website","url":"https:\/\/downgalicia.org\/es\/","name":"Federaci\u00f3n Down Galicia","description":"Apoio a persoas con S\u00edndrome de Down","publisher":{"@id":"https:\/\/downgalicia.org\/es\/#organization"},"potentialAction":[{"@type":"SearchAction","target":{"@type":"EntryPoint","urlTemplate":"https:\/\/downgalicia.org\/es\/?s={search_term_string}"},"query-input":{"@type":"PropertyValueSpecification","valueRequired":true,"valueName":"search_term_string"}}],"inLanguage":"es"},{"@type":"Organization","@id":"https:\/\/downgalicia.org\/es\/#organization","name":"Federaci\u00f3n Down Galicia","url":"https:\/\/downgalicia.org\/es\/","logo":{"@type":"ImageObject","inLanguage":"es","@id":"https:\/\/downgalicia.org\/es\/#\/schema\/logo\/image\/","url":"https:\/\/downgalicia.org\/wp-content\/uploads\/2024\/07\/logo-sindrome-down-color.svg","contentUrl":"https:\/\/downgalicia.org\/wp-content\/uploads\/2024\/07\/logo-sindrome-down-color.svg","width":271,"height":88,"caption":"Federaci\u00f3n Down Galicia"},"image":{"@id":"https:\/\/downgalicia.org\/es\/#\/schema\/logo\/image\/"}},{"@type":"Person","@id":"https:\/\/downgalicia.org\/es\/#\/schema\/person\/317730a00185114c76a219b94bddef15","name":"produccion@visualpublinet.com","image":{"@type":"ImageObject","inLanguage":"es","@id":"https:\/\/downgalicia.org\/es\/#\/schema\/person\/image\/","url":"https:\/\/secure.gravatar.com\/avatar\/282ee20c78c1b1137175d4ab9f75785d8c239d499b1376df3ba16efa213b7b10?s=96&d=mm&r=g","contentUrl":"https:\/\/secure.gravatar.com\/avatar\/282ee20c78c1b1137175d4ab9f75785d8c239d499b1376df3ba16efa213b7b10?s=96&d=mm&r=g","caption":"produccion@visualpublinet.com"},"sameAs":["https:\/\/downgalicia.org"],"url":"https:\/\/downgalicia.org\/es\/author\/produccionvisualpublinet-com\/"}]}},"_links":{"self":[{"href":"https:\/\/downgalicia.org\/es\/wp-json\/wp\/v2\/posts\/5936","targetHints":{"allow":["GET"]}}],"collection":[{"href":"https:\/\/downgalicia.org\/es\/wp-json\/wp\/v2\/posts"}],"about":[{"href":"https:\/\/downgalicia.org\/es\/wp-json\/wp\/v2\/types\/post"}],"author":[{"embeddable":true,"href":"https:\/\/downgalicia.org\/es\/wp-json\/wp\/v2\/users\/1"}],"replies":[{"embeddable":true,"href":"https:\/\/downgalicia.org\/es\/wp-json\/wp\/v2\/comments?post=5936"}],"version-history":[{"count":0,"href":"https:\/\/downgalicia.org\/es\/wp-json\/wp\/v2\/posts\/5936\/revisions"}],"wp:featuredmedia":[{"embeddable":true,"href":"https:\/\/downgalicia.org\/es\/wp-json\/wp\/v2\/media\/5937"}],"wp:attachment":[{"href":"https:\/\/downgalicia.org\/es\/wp-json\/wp\/v2\/media?parent=5936"}],"wp:term":[{"taxonomy":"category","embeddable":true,"href":"https:\/\/downgalicia.org\/es\/wp-json\/wp\/v2\/categories?post=5936"},{"taxonomy":"post_tag","embeddable":true,"href":"https:\/\/downgalicia.org\/es\/wp-json\/wp\/v2\/tags?post=5936"}],"curies":[{"name":"wp","href":"https:\/\/api.w.org\/{rel}","templated":true}]}}