{"id":5980,"date":"2020-12-01T09:34:03","date_gmt":"2020-12-01T08:34:03","guid":{"rendered":"http:\/\/downgalicia.org.136-144-253-96.136-144-253-96.visualpublinet.com\/cermi-galicia-elige-a-luciano-fernandez-como-nuevo-presidente\/"},"modified":"2020-12-01T09:34:03","modified_gmt":"2020-12-01T08:34:03","slug":"cermi-galicia-elige-a-luciano-fernandez-como-nuevo-presidente","status":"publish","type":"post","link":"https:\/\/downgalicia.org\/es\/cermi-galicia-elige-a-luciano-fernandez-como-nuevo-presidente\/","title":{"rendered":"CERMI Galicia elige a Luciano Fern\u00e1ndez como nuevo presidente"},"content":{"rendered":"<p>El <strong>Comit\u00e9 de Entidades Representantes de Personas con Discapacidad de Galicia<\/strong> (CERMI Galicia), red a la que pertenece la Federaci\u00f3n Down Galicia, ha elegido este lunes, en su asamblea extraordinaria, a <strong>Luciano Fern\u00e1ndez<\/strong> como nuevo presidente. Fern\u00e1ndez, a su vez, es presidente de FEGADACE (Federaci\u00f3n Gallega de Da\u00f1o Cerebral) y de FEDACE (Federaci\u00f3n de Da\u00f1o Cerebral Estatal).<\/p>\n<p>As\u00ed lo ha manifestado la plataforma tras la celebraci\u00f3n de su 10\u00aa Asamblea Extraordinaria de elecci\u00f3n, que ha informado que su hasta ahora presidente, <strong>Iker Sertucha,<\/strong> <strong>dejar\u00e1 de ejercer esta funci\u00f3n<\/strong> tras cuatro a\u00f1os de mandato, aunque continuar\u00e1 representando a la Federaci\u00f3n de Personas Sordas de Galicia (FAXPG) en el Comit\u00e9 ejecutivo.<\/p>\n<p>La apertura de la asamblea ha corrido a cargo del presidente de CERMI Estatal, <strong>Luis Cayo P\u00e9rez Bueno<\/strong>, quien ha dado la bienvenida al nuevo presidente y ha destacado la magn\u00edfica <strong>labor por el trabajo realizado<\/strong> durante estos \u00faltimos cuatro a\u00f1os a Iker Sertucha. \u201cSiempre contar\u00e9is con el apoyo del CERMI Estatal para luchar por los derechos de las personas con discapacidad en toda la geograf\u00eda espa\u00f1ola\u201d, ha manifestado.<\/p>\n<p>Durante esta reuni\u00f3n tambi\u00e9n se aprob\u00f3 la <strong>creaci\u00f3n de la cuarta vicepresidencia<\/strong>, que ser\u00e1 ocupada por el presidente saliente Iker Sertucha. Por su parte, la secretar\u00eda se mantiene invariable, ocupada actualmente por Carlos Fern\u00e1ndez, presidente del Consejo Territorial de la ONCE en Galicia. El resto de cargos, ha informado CERMI Galicia, no ha sufrido variaciones, a excepci\u00f3n de los cambios en los representantes de Autismo Galicia y Fagal efectuados y comunicados en el \u00faltimo mes.<\/p>\n<p>Respecto a las nuevas incorporaciones de Predif Galicia y Cegasal en el pasado mes de julio, CERMI Galicia ha quedado integrado por doce entidades, cuatro fundadoras, tres ordinarias y cinco adheridas, todas ellas con representaci\u00f3n en las asambleas.<\/p>\n","protected":false},"excerpt":{"rendered":"<p>El Comit\u00e9 de Entidades Representantes de Personas con Discapacidad de Galicia (CERMI Galicia), red a la que pertenece la Federaci\u00f3n Down Galicia, ha elegido este lunes, en su asamblea extraordinaria, a Luciano Fern\u00e1ndez como nuevo presidente. Fern\u00e1ndez, a su vez,&#8230;<\/p>\n","protected":false},"author":1,"featured_media":5981,"comment_status":"closed","ping_status":"closed","sticky":false,"template":"","format":"standard","meta":{"_acf_changed":false,"give_campaign_id":0,"footnotes":""},"categories":[71,120],"tags":[],"class_list":["post-5980","post","type-post","status-publish","format-standard","has-post-thumbnail","hentry","category-noticias-sindrome-de-down-es","category-novas-hemeroteca-es"],"acf":[],"yoast_head":"<!-- This site is optimized with the Yoast SEO plugin v25.3.1 - https:\/\/yoast.com\/wordpress\/plugins\/seo\/ -->\n<title>CERMI Galicia elige a Luciano Fern\u00e1ndez como nuevo presidente &#8226; Federaci\u00f3n Down Galicia<\/title>\n<meta name=\"robots\" content=\"index, follow, max-snippet:-1, max-image-preview:large, max-video-preview:-1\" \/>\n<link rel=\"canonical\" href=\"https:\/\/downgalicia.org\/es\/cermi-galicia-elige-a-luciano-fernandez-como-nuevo-presidente\/\" \/>\n<meta property=\"og:locale\" content=\"es_ES\" \/>\n<meta property=\"og:type\" content=\"article\" \/>\n<meta property=\"og:title\" content=\"CERMI Galicia elige a Luciano Fern\u00e1ndez como nuevo presidente &#8226; Federaci\u00f3n Down Galicia\" \/>\n<meta property=\"og:description\" content=\"El Comit\u00e9 de Entidades Representantes de Personas con Discapacidad de Galicia (CERMI Galicia), red a la que pertenece la Federaci\u00f3n Down Galicia, ha elegido este lunes, en su asamblea extraordinaria, a Luciano Fern\u00e1ndez como nuevo presidente. Fern\u00e1ndez, a su vez,...\" \/>\n<meta property=\"og:url\" content=\"https:\/\/downgalicia.org\/es\/cermi-galicia-elige-a-luciano-fernandez-como-nuevo-presidente\/\" \/>\n<meta property=\"og:site_name\" content=\"Federaci\u00f3n Down Galicia\" \/>\n<meta property=\"article:published_time\" content=\"2020-12-01T08:34:03+00:00\" \/>\n<meta property=\"og:image\" content=\"https:\/\/downgalicia.org\/wp-content\/uploads\/2025\/06\/Nova-presidencia-CERMI-Galicia-4.jpg\" \/>\n\t<meta property=\"og:image:width\" content=\"1013\" \/>\n\t<meta property=\"og:image:height\" content=\"691\" \/>\n\t<meta property=\"og:image:type\" content=\"image\/jpeg\" \/>\n<meta name=\"author\" content=\"produccion@visualpublinet.com\" \/>\n<meta name=\"twitter:card\" content=\"summary_large_image\" \/>\n<meta name=\"twitter:label1\" content=\"Escrito por\" \/>\n\t<meta name=\"twitter:data1\" content=\"produccion@visualpublinet.com\" \/>\n\t<meta name=\"twitter:label2\" content=\"Tiempo de lectura\" \/>\n\t<meta name=\"twitter:data2\" content=\"2 minutos\" \/>\n<script type=\"application\/ld+json\" class=\"yoast-schema-graph\">{\"@context\":\"https:\/\/schema.org\",\"@graph\":[{\"@type\":\"Article\",\"@id\":\"https:\/\/downgalicia.org\/es\/cermi-galicia-elige-a-luciano-fernandez-como-nuevo-presidente\/#article\",\"isPartOf\":{\"@id\":\"https:\/\/downgalicia.org\/es\/cermi-galicia-elige-a-luciano-fernandez-como-nuevo-presidente\/\"},\"author\":{\"name\":\"produccion@visualpublinet.com\",\"@id\":\"https:\/\/downgalicia.org\/es\/#\/schema\/person\/317730a00185114c76a219b94bddef15\"},\"headline\":\"CERMI Galicia elige a Luciano Fern\u00e1ndez como nuevo presidente\",\"datePublished\":\"2020-12-01T08:34:03+00:00\",\"mainEntityOfPage\":{\"@id\":\"https:\/\/downgalicia.org\/es\/cermi-galicia-elige-a-luciano-fernandez-como-nuevo-presidente\/\"},\"wordCount\":325,\"publisher\":{\"@id\":\"https:\/\/downgalicia.org\/es\/#organization\"},\"image\":{\"@id\":\"https:\/\/downgalicia.org\/es\/cermi-galicia-elige-a-luciano-fernandez-como-nuevo-presidente\/#primaryimage\"},\"thumbnailUrl\":\"https:\/\/downgalicia.org\/wp-content\/uploads\/2025\/06\/Nova-presidencia-CERMI-Galicia-4.jpg\",\"articleSection\":[\"Noticias del Movimiento Down\",\"Novas\"],\"inLanguage\":\"es\"},{\"@type\":\"WebPage\",\"@id\":\"https:\/\/downgalicia.org\/es\/cermi-galicia-elige-a-luciano-fernandez-como-nuevo-presidente\/\",\"url\":\"https:\/\/downgalicia.org\/es\/cermi-galicia-elige-a-luciano-fernandez-como-nuevo-presidente\/\",\"name\":\"CERMI Galicia elige a Luciano Fern\u00e1ndez como nuevo presidente &#8226; Federaci\u00f3n Down Galicia\",\"isPartOf\":{\"@id\":\"https:\/\/downgalicia.org\/es\/#website\"},\"primaryImageOfPage\":{\"@id\":\"https:\/\/downgalicia.org\/es\/cermi-galicia-elige-a-luciano-fernandez-como-nuevo-presidente\/#primaryimage\"},\"image\":{\"@id\":\"https:\/\/downgalicia.org\/es\/cermi-galicia-elige-a-luciano-fernandez-como-nuevo-presidente\/#primaryimage\"},\"thumbnailUrl\":\"https:\/\/downgalicia.org\/wp-content\/uploads\/2025\/06\/Nova-presidencia-CERMI-Galicia-4.jpg\",\"datePublished\":\"2020-12-01T08:34:03+00:00\",\"breadcrumb\":{\"@id\":\"https:\/\/downgalicia.org\/es\/cermi-galicia-elige-a-luciano-fernandez-como-nuevo-presidente\/#breadcrumb\"},\"inLanguage\":\"es\",\"potentialAction\":[{\"@type\":\"ReadAction\",\"target\":[\"https:\/\/downgalicia.org\/es\/cermi-galicia-elige-a-luciano-fernandez-como-nuevo-presidente\/\"]}]},{\"@type\":\"ImageObject\",\"inLanguage\":\"es\",\"@id\":\"https:\/\/downgalicia.org\/es\/cermi-galicia-elige-a-luciano-fernandez-como-nuevo-presidente\/#primaryimage\",\"url\":\"https:\/\/downgalicia.org\/wp-content\/uploads\/2025\/06\/Nova-presidencia-CERMI-Galicia-4.jpg\",\"contentUrl\":\"https:\/\/downgalicia.org\/wp-content\/uploads\/2025\/06\/Nova-presidencia-CERMI-Galicia-4.jpg\",\"width\":1013,\"height\":691},{\"@type\":\"BreadcrumbList\",\"@id\":\"https:\/\/downgalicia.org\/es\/cermi-galicia-elige-a-luciano-fernandez-como-nuevo-presidente\/#breadcrumb\",\"itemListElement\":[{\"@type\":\"ListItem\",\"position\":1,\"name\":\"Portada\",\"item\":\"https:\/\/downgalicia.org\/es\/\"},{\"@type\":\"ListItem\",\"position\":2,\"name\":\"CERMI Galicia elige a Luciano Fern\u00e1ndez como nuevo presidente\"}]},{\"@type\":\"WebSite\",\"@id\":\"https:\/\/downgalicia.org\/es\/#website\",\"url\":\"https:\/\/downgalicia.org\/es\/\",\"name\":\"Federaci\u00f3n Down Galicia\",\"description\":\"Apoio a persoas con S\u00edndrome de Down\",\"publisher\":{\"@id\":\"https:\/\/downgalicia.org\/es\/#organization\"},\"potentialAction\":[{\"@type\":\"SearchAction\",\"target\":{\"@type\":\"EntryPoint\",\"urlTemplate\":\"https:\/\/downgalicia.org\/es\/?s={search_term_string}\"},\"query-input\":{\"@type\":\"PropertyValueSpecification\",\"valueRequired\":true,\"valueName\":\"search_term_string\"}}],\"inLanguage\":\"es\"},{\"@type\":\"Organization\",\"@id\":\"https:\/\/downgalicia.org\/es\/#organization\",\"name\":\"Federaci\u00f3n Down Galicia\",\"url\":\"https:\/\/downgalicia.org\/es\/\",\"logo\":{\"@type\":\"ImageObject\",\"inLanguage\":\"es\",\"@id\":\"https:\/\/downgalicia.org\/es\/#\/schema\/logo\/image\/\",\"url\":\"https:\/\/downgalicia.org\/wp-content\/uploads\/2024\/07\/logo-sindrome-down-color.svg\",\"contentUrl\":\"https:\/\/downgalicia.org\/wp-content\/uploads\/2024\/07\/logo-sindrome-down-color.svg\",\"width\":271,\"height\":88,\"caption\":\"Federaci\u00f3n Down Galicia\"},\"image\":{\"@id\":\"https:\/\/downgalicia.org\/es\/#\/schema\/logo\/image\/\"}},{\"@type\":\"Person\",\"@id\":\"https:\/\/downgalicia.org\/es\/#\/schema\/person\/317730a00185114c76a219b94bddef15\",\"name\":\"produccion@visualpublinet.com\",\"image\":{\"@type\":\"ImageObject\",\"inLanguage\":\"es\",\"@id\":\"https:\/\/downgalicia.org\/es\/#\/schema\/person\/image\/\",\"url\":\"https:\/\/secure.gravatar.com\/avatar\/282ee20c78c1b1137175d4ab9f75785d8c239d499b1376df3ba16efa213b7b10?s=96&d=mm&r=g\",\"contentUrl\":\"https:\/\/secure.gravatar.com\/avatar\/282ee20c78c1b1137175d4ab9f75785d8c239d499b1376df3ba16efa213b7b10?s=96&d=mm&r=g\",\"caption\":\"produccion@visualpublinet.com\"},\"sameAs\":[\"https:\/\/downgalicia.org\"],\"url\":\"https:\/\/downgalicia.org\/es\/author\/produccionvisualpublinet-com\/\"}]}<\/script>\n<!-- \/ Yoast SEO plugin. -->","yoast_head_json":{"title":"CERMI Galicia elige a Luciano Fern\u00e1ndez como nuevo presidente &#8226; Federaci\u00f3n Down Galicia","robots":{"index":"index","follow":"follow","max-snippet":"max-snippet:-1","max-image-preview":"max-image-preview:large","max-video-preview":"max-video-preview:-1"},"canonical":"https:\/\/downgalicia.org\/es\/cermi-galicia-elige-a-luciano-fernandez-como-nuevo-presidente\/","og_locale":"es_ES","og_type":"article","og_title":"CERMI Galicia elige a Luciano Fern\u00e1ndez como nuevo presidente &#8226; Federaci\u00f3n Down Galicia","og_description":"El Comit\u00e9 de Entidades Representantes de Personas con Discapacidad de Galicia (CERMI Galicia), red a la que pertenece la Federaci\u00f3n Down Galicia, ha elegido este lunes, en su asamblea extraordinaria, a Luciano Fern\u00e1ndez como nuevo presidente. Fern\u00e1ndez, a su vez,...","og_url":"https:\/\/downgalicia.org\/es\/cermi-galicia-elige-a-luciano-fernandez-como-nuevo-presidente\/","og_site_name":"Federaci\u00f3n Down Galicia","article_published_time":"2020-12-01T08:34:03+00:00","og_image":[{"width":1013,"height":691,"url":"https:\/\/downgalicia.org\/wp-content\/uploads\/2025\/06\/Nova-presidencia-CERMI-Galicia-4.jpg","type":"image\/jpeg"}],"author":"produccion@visualpublinet.com","twitter_card":"summary_large_image","twitter_misc":{"Escrito por":"produccion@visualpublinet.com","Tiempo de lectura":"2 minutos"},"schema":{"@context":"https:\/\/schema.org","@graph":[{"@type":"Article","@id":"https:\/\/downgalicia.org\/es\/cermi-galicia-elige-a-luciano-fernandez-como-nuevo-presidente\/#article","isPartOf":{"@id":"https:\/\/downgalicia.org\/es\/cermi-galicia-elige-a-luciano-fernandez-como-nuevo-presidente\/"},"author":{"name":"produccion@visualpublinet.com","@id":"https:\/\/downgalicia.org\/es\/#\/schema\/person\/317730a00185114c76a219b94bddef15"},"headline":"CERMI Galicia elige a Luciano Fern\u00e1ndez como nuevo presidente","datePublished":"2020-12-01T08:34:03+00:00","mainEntityOfPage":{"@id":"https:\/\/downgalicia.org\/es\/cermi-galicia-elige-a-luciano-fernandez-como-nuevo-presidente\/"},"wordCount":325,"publisher":{"@id":"https:\/\/downgalicia.org\/es\/#organization"},"image":{"@id":"https:\/\/downgalicia.org\/es\/cermi-galicia-elige-a-luciano-fernandez-como-nuevo-presidente\/#primaryimage"},"thumbnailUrl":"https:\/\/downgalicia.org\/wp-content\/uploads\/2025\/06\/Nova-presidencia-CERMI-Galicia-4.jpg","articleSection":["Noticias del Movimiento Down","Novas"],"inLanguage":"es"},{"@type":"WebPage","@id":"https:\/\/downgalicia.org\/es\/cermi-galicia-elige-a-luciano-fernandez-como-nuevo-presidente\/","url":"https:\/\/downgalicia.org\/es\/cermi-galicia-elige-a-luciano-fernandez-como-nuevo-presidente\/","name":"CERMI Galicia elige a Luciano Fern\u00e1ndez como nuevo presidente &#8226; Federaci\u00f3n Down Galicia","isPartOf":{"@id":"https:\/\/downgalicia.org\/es\/#website"},"primaryImageOfPage":{"@id":"https:\/\/downgalicia.org\/es\/cermi-galicia-elige-a-luciano-fernandez-como-nuevo-presidente\/#primaryimage"},"image":{"@id":"https:\/\/downgalicia.org\/es\/cermi-galicia-elige-a-luciano-fernandez-como-nuevo-presidente\/#primaryimage"},"thumbnailUrl":"https:\/\/downgalicia.org\/wp-content\/uploads\/2025\/06\/Nova-presidencia-CERMI-Galicia-4.jpg","datePublished":"2020-12-01T08:34:03+00:00","breadcrumb":{"@id":"https:\/\/downgalicia.org\/es\/cermi-galicia-elige-a-luciano-fernandez-como-nuevo-presidente\/#breadcrumb"},"inLanguage":"es","potentialAction":[{"@type":"ReadAction","target":["https:\/\/downgalicia.org\/es\/cermi-galicia-elige-a-luciano-fernandez-como-nuevo-presidente\/"]}]},{"@type":"ImageObject","inLanguage":"es","@id":"https:\/\/downgalicia.org\/es\/cermi-galicia-elige-a-luciano-fernandez-como-nuevo-presidente\/#primaryimage","url":"https:\/\/downgalicia.org\/wp-content\/uploads\/2025\/06\/Nova-presidencia-CERMI-Galicia-4.jpg","contentUrl":"https:\/\/downgalicia.org\/wp-content\/uploads\/2025\/06\/Nova-presidencia-CERMI-Galicia-4.jpg","width":1013,"height":691},{"@type":"BreadcrumbList","@id":"https:\/\/downgalicia.org\/es\/cermi-galicia-elige-a-luciano-fernandez-como-nuevo-presidente\/#breadcrumb","itemListElement":[{"@type":"ListItem","position":1,"name":"Portada","item":"https:\/\/downgalicia.org\/es\/"},{"@type":"ListItem","position":2,"name":"CERMI Galicia elige a Luciano Fern\u00e1ndez como nuevo presidente"}]},{"@type":"WebSite","@id":"https:\/\/downgalicia.org\/es\/#website","url":"https:\/\/downgalicia.org\/es\/","name":"Federaci\u00f3n Down Galicia","description":"Apoio a persoas con S\u00edndrome de Down","publisher":{"@id":"https:\/\/downgalicia.org\/es\/#organization"},"potentialAction":[{"@type":"SearchAction","target":{"@type":"EntryPoint","urlTemplate":"https:\/\/downgalicia.org\/es\/?s={search_term_string}"},"query-input":{"@type":"PropertyValueSpecification","valueRequired":true,"valueName":"search_term_string"}}],"inLanguage":"es"},{"@type":"Organization","@id":"https:\/\/downgalicia.org\/es\/#organization","name":"Federaci\u00f3n Down Galicia","url":"https:\/\/downgalicia.org\/es\/","logo":{"@type":"ImageObject","inLanguage":"es","@id":"https:\/\/downgalicia.org\/es\/#\/schema\/logo\/image\/","url":"https:\/\/downgalicia.org\/wp-content\/uploads\/2024\/07\/logo-sindrome-down-color.svg","contentUrl":"https:\/\/downgalicia.org\/wp-content\/uploads\/2024\/07\/logo-sindrome-down-color.svg","width":271,"height":88,"caption":"Federaci\u00f3n Down Galicia"},"image":{"@id":"https:\/\/downgalicia.org\/es\/#\/schema\/logo\/image\/"}},{"@type":"Person","@id":"https:\/\/downgalicia.org\/es\/#\/schema\/person\/317730a00185114c76a219b94bddef15","name":"produccion@visualpublinet.com","image":{"@type":"ImageObject","inLanguage":"es","@id":"https:\/\/downgalicia.org\/es\/#\/schema\/person\/image\/","url":"https:\/\/secure.gravatar.com\/avatar\/282ee20c78c1b1137175d4ab9f75785d8c239d499b1376df3ba16efa213b7b10?s=96&d=mm&r=g","contentUrl":"https:\/\/secure.gravatar.com\/avatar\/282ee20c78c1b1137175d4ab9f75785d8c239d499b1376df3ba16efa213b7b10?s=96&d=mm&r=g","caption":"produccion@visualpublinet.com"},"sameAs":["https:\/\/downgalicia.org"],"url":"https:\/\/downgalicia.org\/es\/author\/produccionvisualpublinet-com\/"}]}},"_links":{"self":[{"href":"https:\/\/downgalicia.org\/es\/wp-json\/wp\/v2\/posts\/5980","targetHints":{"allow":["GET"]}}],"collection":[{"href":"https:\/\/downgalicia.org\/es\/wp-json\/wp\/v2\/posts"}],"about":[{"href":"https:\/\/downgalicia.org\/es\/wp-json\/wp\/v2\/types\/post"}],"author":[{"embeddable":true,"href":"https:\/\/downgalicia.org\/es\/wp-json\/wp\/v2\/users\/1"}],"replies":[{"embeddable":true,"href":"https:\/\/downgalicia.org\/es\/wp-json\/wp\/v2\/comments?post=5980"}],"version-history":[{"count":0,"href":"https:\/\/downgalicia.org\/es\/wp-json\/wp\/v2\/posts\/5980\/revisions"}],"wp:featuredmedia":[{"embeddable":true,"href":"https:\/\/downgalicia.org\/es\/wp-json\/wp\/v2\/media\/5981"}],"wp:attachment":[{"href":"https:\/\/downgalicia.org\/es\/wp-json\/wp\/v2\/media?parent=5980"}],"wp:term":[{"taxonomy":"category","embeddable":true,"href":"https:\/\/downgalicia.org\/es\/wp-json\/wp\/v2\/categories?post=5980"},{"taxonomy":"post_tag","embeddable":true,"href":"https:\/\/downgalicia.org\/es\/wp-json\/wp\/v2\/tags?post=5980"}],"curies":[{"name":"wp","href":"https:\/\/api.w.org\/{rel}","templated":true}]}}