{"id":5984,"date":"2020-11-30T16:32:36","date_gmt":"2020-11-30T15:32:36","guid":{"rendered":"http:\/\/downgalicia.org.136-144-253-96.136-144-253-96.visualpublinet.com\/down-galicia-se-une-al-givingtuesday-con-su-proyecto-para-eliminar-la-brecha-digital\/"},"modified":"2020-11-30T16:32:36","modified_gmt":"2020-11-30T15:32:36","slug":"down-galicia-se-une-al-givingtuesday-con-su-proyecto-para-eliminar-la-brecha-digital","status":"publish","type":"post","link":"https:\/\/downgalicia.org\/es\/down-galicia-se-une-al-givingtuesday-con-su-proyecto-para-eliminar-la-brecha-digital\/","title":{"rendered":"Down Galicia se une al #GivingTuesday con su proyecto para eliminar la brecha digital"},"content":{"rendered":"<p>Este martes <strong>1 de diciembre <\/strong>se celebra en todo el mundo el <strong>#GivingTuesday<\/strong>, un movimiento global que busca incentivar y multiplicar las buenas acciones de las personas. Esta iniciativa, que naci\u00f3 en Estados Unidos y desde hace a\u00f1os se celebra en todos los rincones del planeta, tiene como objetivo dedicar un d\u00eda en todo el mundo a celebrar la acci\u00f3n de dar, ya sean alimentos, dinero, tiempo (voluntariado), objetos de segunda mano, etc.<\/p>\n<p>La Federaci\u00f3n Down Galicia se une a este movimiento con su campa\u00f1a de <em>crowdfunding<\/em> <strong>\u00a1Ay\u00fadanos a acabar con la brecha digital!<\/strong>, que busca <strong>obtener 2.500 euros para<\/strong> <strong>adquirir equipamiento tecnol\u00f3gico con el que intentar reducir la situaci\u00f3n de brecha digital en la que se encuentran muchas de sus personas usuarias<\/strong>. De esta forma, la Federaci\u00f3n quiere crear un banco de recursos para el pr\u00e9stamo temporal de equipos, facilitando a las personas usuarias m\u00e1s vulnerables el acceso a aquellos servicios que, desde el inicio de la crisis sanitaria derivada de la COVID-19, se prestan a distancia.<\/p>\n<p>As\u00ed, el dinero recaudado con esta iniciativa se destinar\u00e1 a la compra de tablets, ordenadores, tel\u00e9fonos m\u00f3viles, altavoces-micr\u00f3fonos y conexiones a Internet que puedan mejorar esta situaci\u00f3n.<\/p>\n<p>En los \u00faltimos meses, la brecha digital existente se hizo m\u00e1s evidente y un gran n\u00famero de personas usuarias de los servicios de la Federaci\u00f3n y de sus entidades no pudieron continuar recibiendo sesiones de apoyo durante este tiempo, llegando en algunos casos a evidenciar un retroceso en su capacidad cognitiva.<\/p>\n<p>Down Galicia llama la todas las personas solidarias a hacer su aportaci\u00f3n, por peque\u00f1a que sea, para ayudar a llevar adelante este proyecto.<\/p>\n<p>Estas aportaciones pueden hacerse a trav\u00e9s de la p\u00e1gina oficial de <a href=\"http:\/\/givingtuesday.es\/projects\/?project_type=disability&amp;project_objective=fundraising&amp;province=A+Coru%C3%B1a\">#GivingTuesday<\/a> o, directamente, a trav\u00e9s de la plataforma de crowdfunding <a href=\"https:\/\/gf.me\/u\/yggkq2\">Gofundme<\/a>.<\/p>\n<p><em>Crowdfunding<\/em> es el t\u00e9rmino ingl\u00e9s para referirse a financiaci\u00f3n colectiva, mediante el que un proyecto determinado consigue la cantidad necesaria para ser llevado a cabo a trav\u00e9s de peque\u00f1as aportaciones de dinero por parte de muchas personas.<\/p>\n<p>Enlace directo a la campa\u00f1a de Down Galicia en GoFundMe: <a href=\"https:\/\/gf.me\/u\/yggkq2\">https:\/\/gf.me\/u\/yggkq2<\/a><\/p>\n","protected":false},"excerpt":{"rendered":"<p>Este martes 1 de diciembre se celebra en todo el mundo el #GivingTuesday, un movimiento global que busca incentivar y multiplicar las buenas acciones de las personas. Esta iniciativa, que naci\u00f3 en Estados Unidos y desde hace a\u00f1os se celebra&#8230;<\/p>\n","protected":false},"author":1,"featured_media":5985,"comment_status":"closed","ping_status":"closed","sticky":false,"template":"","format":"standard","meta":{"_acf_changed":false,"give_campaign_id":0,"footnotes":""},"categories":[129,71],"tags":[],"class_list":["post-5984","post","type-post","status-publish","format-standard","has-post-thumbnail","hentry","category-down-galicia-hemeroteca-es","category-noticias-sindrome-de-down-es"],"acf":[],"yoast_head":"<!-- This site is optimized with the Yoast SEO plugin v25.3.1 - https:\/\/yoast.com\/wordpress\/plugins\/seo\/ -->\n<title>Down Galicia se une al #GivingTuesday con su proyecto para eliminar la brecha digital &#8226; Federaci\u00f3n Down Galicia<\/title>\n<meta name=\"robots\" content=\"index, follow, max-snippet:-1, max-image-preview:large, max-video-preview:-1\" \/>\n<link rel=\"canonical\" href=\"https:\/\/downgalicia.org\/es\/down-galicia-se-une-al-givingtuesday-con-su-proyecto-para-eliminar-la-brecha-digital\/\" \/>\n<meta property=\"og:locale\" content=\"es_ES\" \/>\n<meta property=\"og:type\" content=\"article\" \/>\n<meta property=\"og:title\" content=\"Down Galicia se une al #GivingTuesday con su proyecto para eliminar la brecha digital &#8226; Federaci\u00f3n Down Galicia\" \/>\n<meta property=\"og:description\" content=\"Este martes 1 de diciembre se celebra en todo el mundo el #GivingTuesday, un movimiento global que busca incentivar y multiplicar las buenas acciones de las personas. Esta iniciativa, que naci\u00f3 en Estados Unidos y desde hace a\u00f1os se celebra...\" \/>\n<meta property=\"og:url\" content=\"https:\/\/downgalicia.org\/es\/down-galicia-se-une-al-givingtuesday-con-su-proyecto-para-eliminar-la-brecha-digital\/\" \/>\n<meta property=\"og:site_name\" content=\"Federaci\u00f3n Down Galicia\" \/>\n<meta property=\"article:published_time\" content=\"2020-11-30T15:32:36+00:00\" \/>\n<meta property=\"og:image\" content=\"https:\/\/downgalicia.org\/wp-content\/uploads\/2025\/06\/Giving-Tuesday-4.jpg\" \/>\n\t<meta property=\"og:image:width\" content=\"2560\" \/>\n\t<meta property=\"og:image:height\" content=\"1810\" \/>\n\t<meta property=\"og:image:type\" content=\"image\/jpeg\" \/>\n<meta name=\"author\" content=\"produccion@visualpublinet.com\" \/>\n<meta name=\"twitter:card\" content=\"summary_large_image\" \/>\n<meta name=\"twitter:label1\" content=\"Escrito por\" \/>\n\t<meta name=\"twitter:data1\" content=\"produccion@visualpublinet.com\" \/>\n\t<meta name=\"twitter:label2\" content=\"Tiempo de lectura\" \/>\n\t<meta name=\"twitter:data2\" content=\"2 minutos\" \/>\n<script type=\"application\/ld+json\" class=\"yoast-schema-graph\">{\"@context\":\"https:\/\/schema.org\",\"@graph\":[{\"@type\":\"Article\",\"@id\":\"https:\/\/downgalicia.org\/es\/down-galicia-se-une-al-givingtuesday-con-su-proyecto-para-eliminar-la-brecha-digital\/#article\",\"isPartOf\":{\"@id\":\"https:\/\/downgalicia.org\/es\/down-galicia-se-une-al-givingtuesday-con-su-proyecto-para-eliminar-la-brecha-digital\/\"},\"author\":{\"name\":\"produccion@visualpublinet.com\",\"@id\":\"https:\/\/downgalicia.org\/es\/#\/schema\/person\/317730a00185114c76a219b94bddef15\"},\"headline\":\"Down Galicia se une al #GivingTuesday con su proyecto para eliminar la brecha digital\",\"datePublished\":\"2020-11-30T15:32:36+00:00\",\"mainEntityOfPage\":{\"@id\":\"https:\/\/downgalicia.org\/es\/down-galicia-se-une-al-givingtuesday-con-su-proyecto-para-eliminar-la-brecha-digital\/\"},\"wordCount\":384,\"publisher\":{\"@id\":\"https:\/\/downgalicia.org\/es\/#organization\"},\"image\":{\"@id\":\"https:\/\/downgalicia.org\/es\/down-galicia-se-une-al-givingtuesday-con-su-proyecto-para-eliminar-la-brecha-digital\/#primaryimage\"},\"thumbnailUrl\":\"https:\/\/downgalicia.org\/wp-content\/uploads\/2025\/06\/Giving-Tuesday-4.jpg\",\"articleSection\":[\"Down Galicia\",\"Noticias del Movimiento Down\"],\"inLanguage\":\"es\"},{\"@type\":\"WebPage\",\"@id\":\"https:\/\/downgalicia.org\/es\/down-galicia-se-une-al-givingtuesday-con-su-proyecto-para-eliminar-la-brecha-digital\/\",\"url\":\"https:\/\/downgalicia.org\/es\/down-galicia-se-une-al-givingtuesday-con-su-proyecto-para-eliminar-la-brecha-digital\/\",\"name\":\"Down Galicia se une al #GivingTuesday con su proyecto para eliminar la brecha digital &#8226; Federaci\u00f3n Down Galicia\",\"isPartOf\":{\"@id\":\"https:\/\/downgalicia.org\/es\/#website\"},\"primaryImageOfPage\":{\"@id\":\"https:\/\/downgalicia.org\/es\/down-galicia-se-une-al-givingtuesday-con-su-proyecto-para-eliminar-la-brecha-digital\/#primaryimage\"},\"image\":{\"@id\":\"https:\/\/downgalicia.org\/es\/down-galicia-se-une-al-givingtuesday-con-su-proyecto-para-eliminar-la-brecha-digital\/#primaryimage\"},\"thumbnailUrl\":\"https:\/\/downgalicia.org\/wp-content\/uploads\/2025\/06\/Giving-Tuesday-4.jpg\",\"datePublished\":\"2020-11-30T15:32:36+00:00\",\"breadcrumb\":{\"@id\":\"https:\/\/downgalicia.org\/es\/down-galicia-se-une-al-givingtuesday-con-su-proyecto-para-eliminar-la-brecha-digital\/#breadcrumb\"},\"inLanguage\":\"es\",\"potentialAction\":[{\"@type\":\"ReadAction\",\"target\":[\"https:\/\/downgalicia.org\/es\/down-galicia-se-une-al-givingtuesday-con-su-proyecto-para-eliminar-la-brecha-digital\/\"]}]},{\"@type\":\"ImageObject\",\"inLanguage\":\"es\",\"@id\":\"https:\/\/downgalicia.org\/es\/down-galicia-se-une-al-givingtuesday-con-su-proyecto-para-eliminar-la-brecha-digital\/#primaryimage\",\"url\":\"https:\/\/downgalicia.org\/wp-content\/uploads\/2025\/06\/Giving-Tuesday-4.jpg\",\"contentUrl\":\"https:\/\/downgalicia.org\/wp-content\/uploads\/2025\/06\/Giving-Tuesday-4.jpg\",\"width\":2560,\"height\":1810},{\"@type\":\"BreadcrumbList\",\"@id\":\"https:\/\/downgalicia.org\/es\/down-galicia-se-une-al-givingtuesday-con-su-proyecto-para-eliminar-la-brecha-digital\/#breadcrumb\",\"itemListElement\":[{\"@type\":\"ListItem\",\"position\":1,\"name\":\"Portada\",\"item\":\"https:\/\/downgalicia.org\/es\/\"},{\"@type\":\"ListItem\",\"position\":2,\"name\":\"Down Galicia se une al #GivingTuesday con su proyecto para eliminar la brecha digital\"}]},{\"@type\":\"WebSite\",\"@id\":\"https:\/\/downgalicia.org\/es\/#website\",\"url\":\"https:\/\/downgalicia.org\/es\/\",\"name\":\"Federaci\u00f3n Down Galicia\",\"description\":\"Apoio a persoas con S\u00edndrome de Down\",\"publisher\":{\"@id\":\"https:\/\/downgalicia.org\/es\/#organization\"},\"potentialAction\":[{\"@type\":\"SearchAction\",\"target\":{\"@type\":\"EntryPoint\",\"urlTemplate\":\"https:\/\/downgalicia.org\/es\/?s={search_term_string}\"},\"query-input\":{\"@type\":\"PropertyValueSpecification\",\"valueRequired\":true,\"valueName\":\"search_term_string\"}}],\"inLanguage\":\"es\"},{\"@type\":\"Organization\",\"@id\":\"https:\/\/downgalicia.org\/es\/#organization\",\"name\":\"Federaci\u00f3n Down Galicia\",\"url\":\"https:\/\/downgalicia.org\/es\/\",\"logo\":{\"@type\":\"ImageObject\",\"inLanguage\":\"es\",\"@id\":\"https:\/\/downgalicia.org\/es\/#\/schema\/logo\/image\/\",\"url\":\"https:\/\/downgalicia.org\/wp-content\/uploads\/2024\/07\/logo-sindrome-down-color.svg\",\"contentUrl\":\"https:\/\/downgalicia.org\/wp-content\/uploads\/2024\/07\/logo-sindrome-down-color.svg\",\"width\":271,\"height\":88,\"caption\":\"Federaci\u00f3n Down Galicia\"},\"image\":{\"@id\":\"https:\/\/downgalicia.org\/es\/#\/schema\/logo\/image\/\"}},{\"@type\":\"Person\",\"@id\":\"https:\/\/downgalicia.org\/es\/#\/schema\/person\/317730a00185114c76a219b94bddef15\",\"name\":\"produccion@visualpublinet.com\",\"image\":{\"@type\":\"ImageObject\",\"inLanguage\":\"es\",\"@id\":\"https:\/\/downgalicia.org\/es\/#\/schema\/person\/image\/\",\"url\":\"https:\/\/secure.gravatar.com\/avatar\/282ee20c78c1b1137175d4ab9f75785d8c239d499b1376df3ba16efa213b7b10?s=96&d=mm&r=g\",\"contentUrl\":\"https:\/\/secure.gravatar.com\/avatar\/282ee20c78c1b1137175d4ab9f75785d8c239d499b1376df3ba16efa213b7b10?s=96&d=mm&r=g\",\"caption\":\"produccion@visualpublinet.com\"},\"sameAs\":[\"https:\/\/downgalicia.org\"],\"url\":\"https:\/\/downgalicia.org\/es\/author\/produccionvisualpublinet-com\/\"}]}<\/script>\n<!-- \/ Yoast SEO plugin. -->","yoast_head_json":{"title":"Down Galicia se une al #GivingTuesday con su proyecto para eliminar la brecha digital &#8226; Federaci\u00f3n Down Galicia","robots":{"index":"index","follow":"follow","max-snippet":"max-snippet:-1","max-image-preview":"max-image-preview:large","max-video-preview":"max-video-preview:-1"},"canonical":"https:\/\/downgalicia.org\/es\/down-galicia-se-une-al-givingtuesday-con-su-proyecto-para-eliminar-la-brecha-digital\/","og_locale":"es_ES","og_type":"article","og_title":"Down Galicia se une al #GivingTuesday con su proyecto para eliminar la brecha digital &#8226; Federaci\u00f3n Down Galicia","og_description":"Este martes 1 de diciembre se celebra en todo el mundo el #GivingTuesday, un movimiento global que busca incentivar y multiplicar las buenas acciones de las personas. Esta iniciativa, que naci\u00f3 en Estados Unidos y desde hace a\u00f1os se celebra...","og_url":"https:\/\/downgalicia.org\/es\/down-galicia-se-une-al-givingtuesday-con-su-proyecto-para-eliminar-la-brecha-digital\/","og_site_name":"Federaci\u00f3n Down Galicia","article_published_time":"2020-11-30T15:32:36+00:00","og_image":[{"width":2560,"height":1810,"url":"https:\/\/downgalicia.org\/wp-content\/uploads\/2025\/06\/Giving-Tuesday-4.jpg","type":"image\/jpeg"}],"author":"produccion@visualpublinet.com","twitter_card":"summary_large_image","twitter_misc":{"Escrito por":"produccion@visualpublinet.com","Tiempo de lectura":"2 minutos"},"schema":{"@context":"https:\/\/schema.org","@graph":[{"@type":"Article","@id":"https:\/\/downgalicia.org\/es\/down-galicia-se-une-al-givingtuesday-con-su-proyecto-para-eliminar-la-brecha-digital\/#article","isPartOf":{"@id":"https:\/\/downgalicia.org\/es\/down-galicia-se-une-al-givingtuesday-con-su-proyecto-para-eliminar-la-brecha-digital\/"},"author":{"name":"produccion@visualpublinet.com","@id":"https:\/\/downgalicia.org\/es\/#\/schema\/person\/317730a00185114c76a219b94bddef15"},"headline":"Down Galicia se une al #GivingTuesday con su proyecto para eliminar la brecha digital","datePublished":"2020-11-30T15:32:36+00:00","mainEntityOfPage":{"@id":"https:\/\/downgalicia.org\/es\/down-galicia-se-une-al-givingtuesday-con-su-proyecto-para-eliminar-la-brecha-digital\/"},"wordCount":384,"publisher":{"@id":"https:\/\/downgalicia.org\/es\/#organization"},"image":{"@id":"https:\/\/downgalicia.org\/es\/down-galicia-se-une-al-givingtuesday-con-su-proyecto-para-eliminar-la-brecha-digital\/#primaryimage"},"thumbnailUrl":"https:\/\/downgalicia.org\/wp-content\/uploads\/2025\/06\/Giving-Tuesday-4.jpg","articleSection":["Down Galicia","Noticias del Movimiento Down"],"inLanguage":"es"},{"@type":"WebPage","@id":"https:\/\/downgalicia.org\/es\/down-galicia-se-une-al-givingtuesday-con-su-proyecto-para-eliminar-la-brecha-digital\/","url":"https:\/\/downgalicia.org\/es\/down-galicia-se-une-al-givingtuesday-con-su-proyecto-para-eliminar-la-brecha-digital\/","name":"Down Galicia se une al #GivingTuesday con su proyecto para eliminar la brecha digital &#8226; Federaci\u00f3n Down Galicia","isPartOf":{"@id":"https:\/\/downgalicia.org\/es\/#website"},"primaryImageOfPage":{"@id":"https:\/\/downgalicia.org\/es\/down-galicia-se-une-al-givingtuesday-con-su-proyecto-para-eliminar-la-brecha-digital\/#primaryimage"},"image":{"@id":"https:\/\/downgalicia.org\/es\/down-galicia-se-une-al-givingtuesday-con-su-proyecto-para-eliminar-la-brecha-digital\/#primaryimage"},"thumbnailUrl":"https:\/\/downgalicia.org\/wp-content\/uploads\/2025\/06\/Giving-Tuesday-4.jpg","datePublished":"2020-11-30T15:32:36+00:00","breadcrumb":{"@id":"https:\/\/downgalicia.org\/es\/down-galicia-se-une-al-givingtuesday-con-su-proyecto-para-eliminar-la-brecha-digital\/#breadcrumb"},"inLanguage":"es","potentialAction":[{"@type":"ReadAction","target":["https:\/\/downgalicia.org\/es\/down-galicia-se-une-al-givingtuesday-con-su-proyecto-para-eliminar-la-brecha-digital\/"]}]},{"@type":"ImageObject","inLanguage":"es","@id":"https:\/\/downgalicia.org\/es\/down-galicia-se-une-al-givingtuesday-con-su-proyecto-para-eliminar-la-brecha-digital\/#primaryimage","url":"https:\/\/downgalicia.org\/wp-content\/uploads\/2025\/06\/Giving-Tuesday-4.jpg","contentUrl":"https:\/\/downgalicia.org\/wp-content\/uploads\/2025\/06\/Giving-Tuesday-4.jpg","width":2560,"height":1810},{"@type":"BreadcrumbList","@id":"https:\/\/downgalicia.org\/es\/down-galicia-se-une-al-givingtuesday-con-su-proyecto-para-eliminar-la-brecha-digital\/#breadcrumb","itemListElement":[{"@type":"ListItem","position":1,"name":"Portada","item":"https:\/\/downgalicia.org\/es\/"},{"@type":"ListItem","position":2,"name":"Down Galicia se une al #GivingTuesday con su proyecto para eliminar la brecha digital"}]},{"@type":"WebSite","@id":"https:\/\/downgalicia.org\/es\/#website","url":"https:\/\/downgalicia.org\/es\/","name":"Federaci\u00f3n Down Galicia","description":"Apoio a persoas con S\u00edndrome de Down","publisher":{"@id":"https:\/\/downgalicia.org\/es\/#organization"},"potentialAction":[{"@type":"SearchAction","target":{"@type":"EntryPoint","urlTemplate":"https:\/\/downgalicia.org\/es\/?s={search_term_string}"},"query-input":{"@type":"PropertyValueSpecification","valueRequired":true,"valueName":"search_term_string"}}],"inLanguage":"es"},{"@type":"Organization","@id":"https:\/\/downgalicia.org\/es\/#organization","name":"Federaci\u00f3n Down Galicia","url":"https:\/\/downgalicia.org\/es\/","logo":{"@type":"ImageObject","inLanguage":"es","@id":"https:\/\/downgalicia.org\/es\/#\/schema\/logo\/image\/","url":"https:\/\/downgalicia.org\/wp-content\/uploads\/2024\/07\/logo-sindrome-down-color.svg","contentUrl":"https:\/\/downgalicia.org\/wp-content\/uploads\/2024\/07\/logo-sindrome-down-color.svg","width":271,"height":88,"caption":"Federaci\u00f3n Down Galicia"},"image":{"@id":"https:\/\/downgalicia.org\/es\/#\/schema\/logo\/image\/"}},{"@type":"Person","@id":"https:\/\/downgalicia.org\/es\/#\/schema\/person\/317730a00185114c76a219b94bddef15","name":"produccion@visualpublinet.com","image":{"@type":"ImageObject","inLanguage":"es","@id":"https:\/\/downgalicia.org\/es\/#\/schema\/person\/image\/","url":"https:\/\/secure.gravatar.com\/avatar\/282ee20c78c1b1137175d4ab9f75785d8c239d499b1376df3ba16efa213b7b10?s=96&d=mm&r=g","contentUrl":"https:\/\/secure.gravatar.com\/avatar\/282ee20c78c1b1137175d4ab9f75785d8c239d499b1376df3ba16efa213b7b10?s=96&d=mm&r=g","caption":"produccion@visualpublinet.com"},"sameAs":["https:\/\/downgalicia.org"],"url":"https:\/\/downgalicia.org\/es\/author\/produccionvisualpublinet-com\/"}]}},"_links":{"self":[{"href":"https:\/\/downgalicia.org\/es\/wp-json\/wp\/v2\/posts\/5984","targetHints":{"allow":["GET"]}}],"collection":[{"href":"https:\/\/downgalicia.org\/es\/wp-json\/wp\/v2\/posts"}],"about":[{"href":"https:\/\/downgalicia.org\/es\/wp-json\/wp\/v2\/types\/post"}],"author":[{"embeddable":true,"href":"https:\/\/downgalicia.org\/es\/wp-json\/wp\/v2\/users\/1"}],"replies":[{"embeddable":true,"href":"https:\/\/downgalicia.org\/es\/wp-json\/wp\/v2\/comments?post=5984"}],"version-history":[{"count":0,"href":"https:\/\/downgalicia.org\/es\/wp-json\/wp\/v2\/posts\/5984\/revisions"}],"wp:featuredmedia":[{"embeddable":true,"href":"https:\/\/downgalicia.org\/es\/wp-json\/wp\/v2\/media\/5985"}],"wp:attachment":[{"href":"https:\/\/downgalicia.org\/es\/wp-json\/wp\/v2\/media?parent=5984"}],"wp:term":[{"taxonomy":"category","embeddable":true,"href":"https:\/\/downgalicia.org\/es\/wp-json\/wp\/v2\/categories?post=5984"},{"taxonomy":"post_tag","embeddable":true,"href":"https:\/\/downgalicia.org\/es\/wp-json\/wp\/v2\/tags?post=5984"}],"curies":[{"name":"wp","href":"https:\/\/api.w.org\/{rel}","templated":true}]}}