{"id":6208,"date":"2020-03-25T10:30:32","date_gmt":"2020-03-25T09:30:32","guid":{"rendered":"http:\/\/downgalicia.org.136-144-253-96.136-144-253-96.visualpublinet.com\/down-espana-organiza-un-ciclo-de-conferencias-para-familias-de-personas-con-sindrome-de-down\/"},"modified":"2020-03-25T10:30:32","modified_gmt":"2020-03-25T09:30:32","slug":"down-espana-organiza-un-ciclo-de-conferencias-para-familias-de-personas-con-sindrome-de-down","status":"publish","type":"post","link":"https:\/\/downgalicia.org\/es\/down-espana-organiza-un-ciclo-de-conferencias-para-familias-de-personas-con-sindrome-de-down\/","title":{"rendered":"Down Espa\u00f1a organiza un ciclo de conferencias para familias de personas con s\u00edndrome de Down"},"content":{"rendered":"<p>La Federaci\u00f3n Down Espa\u00f1a, teniendo en cuenta la situaci\u00f3n que estamos viviendo debido a la crisis provocada por la epidemia del coronavirus, quiere colaborar en lo posible\u00a0ofreciendo a las familias de personas con s\u00edndrome de Down consejos, orientaciones e informaci\u00f3n relevante sobre diversas \u00e1reas.<\/p>\n<p>Para ello, han organizado una serie de conferencias <em>on line <\/em>en las que diferentes expertos y expertas abordar\u00e1n temas relevantes en relaci\u00f3n a la salud, la educaci\u00f3n, la atenci\u00f3n temprana, la gerontolog\u00eda, la vida independiente, etc.<\/p>\n<p>Adem\u00e1s de seguir las conferencias, las familias participantes podr\u00e1n realizar preguntas al experto o experta en cuesti\u00f3n, a trav\u00e9s del chat abierto, preguntando en directo o enviando sus consultas con antelaci\u00f3n.<\/p>\n<p>Est\u00e1 previsto que las sesiones se celebren, en principio, cada jueves por la tarde y que no se extiendan m\u00e1s de una hora, aunque podr\u00e1 haber modificaciones. Las charlas, a las que inicialmente podr\u00e1n apuntarse 500 personas como m\u00e1ximo, se realizar\u00e1n a trav\u00e9s del sistema de videoconferencias \u2018Zoom\u2019, similar a Skype, pero con mayor capacidad.<\/p>\n<p>Para acceder a la charla, simplemente habr\u00e1 que hacer <em>click<\/em> en el enlace que Down Galicia y Down Espa\u00f1a publicar\u00e1n en sus redes sociales. Este enlace lleva a un cuadro de di\u00e1logo en el que se pregunta a la persona usuaria si quiere permitir la instalaci\u00f3n de Zoom (lleva unos segundos) y, a continuaci\u00f3n, se abrir\u00e1 la pantalla con la conferencia. Se podr\u00e1 acceder desde cualquier punto con un ordenador y buena conexi\u00f3n a Internet.<\/p>\n<p><strong>\u00a0<\/strong><\/p>\n<p><span style=\"color: #0081c7;\"><strong>Pr\u00f3ximas Conferencias Down<\/strong><\/span><\/p>\n<p><strong>Salud: \u00abConversaciones sobre S\u00edndrome de Down y Coronavirus<\/strong>\u00bb<br \/>\n26 de marzo. 19:00 horas.<\/p>\n<p>El doctor <strong>Pepe Borrel<\/strong> ofrecer\u00e1 una charla sobre los aspectos que m\u00e1s pueden preocupar a las familias, incluso a los sanitarios, sobre el coronavirus y el s\u00edndrome de Down. Se repasar\u00e1n los datos y conocimiento actual del que tenemos constancia a d\u00eda de hoy.<\/p>\n<p>Enlace para volver a ver la charla:\u00a0<a href=\"https:\/\/bit.ly\/2WUrQmt\" target=\"_blank\" rel=\"noopener\">https:\/\/bit.ly\/2WUrQmt<\/a><\/p>\n<p><strong>\u00a0<\/strong><\/p>\n<p><strong>Atenci\u00f3n temprana: \u00abJuegos en Familia\u00bb<br \/>\n<\/strong>2 de abril. 19:00 horas.<\/p>\n<p>La experta en esta \u00e1rea, <strong>Sonsoles Perpi\u00f1\u00e1n<\/strong>, realizar\u00e1 la jornada sobre la importancia del juego en familia. Destinada a familias con ni\u00f1os y ni\u00f1as de 0 a 6 a\u00f1os.<\/p>\n<p>Enlace para volver a ver la charla:\u00a0<a href=\"https:\/\/bit.ly\/34FpUQz\" target=\"_blank\" rel=\"noopener\">https:\/\/bit.ly\/34FpUQz<\/a><\/p>\n<p>&nbsp;<\/p>\n<p><strong>Gesti\u00f3n del estr\u00e9s:\u00a0\u00abC\u00f3mo superar el miedo y la ansiedad: aprender a pensar en positivo y gestionar el estr\u00e9s\u00bb<\/strong><br \/>\n7 de abril. 18:00 horas.<br \/>\nPaz Gomez Ferrer, conocida por su trabajo como psic\u00f3loga en el programa La Voz Kids, nos orientar\u00e1 para mejorar nuestra respuesta cuando aparezcan emociones como el miedo y el estr\u00e9s.<\/p>\n<p>Enlace para volver a ver la charla:\u00a0<a href=\"https:\/\/bit.ly\/2Vt3JsC\" target=\"_blank\" rel=\"noopener\">https:\/\/bit.ly\/2Vt3JsC<\/a><\/p>\n<p>&nbsp;<\/p>\n<p><strong>Vida Adulta: \u00abMantenerse motivado en tiempos dif\u00edciles\u00bb<br \/>\n<\/strong>8 de abril. 19:00 horas.<\/p>\n<p>El geront\u00f3logo <strong>Gonzalo Berzosa<\/strong> hablar\u00e1 sobre la importancia de la motivaci\u00f3n en familia para personas adultas y mayores con s\u00edndrome de Down.<\/p>\n<p>Enlace\u00a0para volver a ver la charla:\u00a0<a href=\"https:\/\/bit.ly\/2V5D0TU\" target=\"_blank\" rel=\"noopener\">https:\/\/bit.ly\/2V5D0TU<\/a><\/p>\n<p>&nbsp;<\/p>\n<p><strong>Salud:\u00a0\u00abReflexiones durante el confinamiento para mantenerse estable emocionalmente\u00bb<br \/>\n<\/strong>16 de abril. 19:00 horas.<\/p>\n<p>La\u00a0psic\u00f3loga de la Fundaci\u00f3n Catalana S\u00edndrome de Down, Beatriz Garv\u00eda, hablar\u00e1 de las claves para mantener la estabilidad emocional durante el confinamiento por la emergencia sanitaria.<\/p>\n<p>Enlace para volver a ver la charla:\u00a0<a href=\"https:\/\/bit.ly\/3fjv75k\" target=\"_blank\" rel=\"noopener\">https:\/\/bit.ly\/3fjv75k<\/a><\/p>\n<p>&nbsp;<\/p>\n<p><strong>Sociedad:\u00a0\u00abProyecto Mujeres con Valor\u00bb<br \/>\n<\/strong>23 de abril. 19:00 horas.<\/p>\n<p><strong>Agust\u00edn Huete<\/strong>, profesor de sociolog\u00eda de la Universidad de Salamanca, hablar\u00e1 de la realidad de las mujeres con s\u00edndrome de Down en Espa\u00f1a.<br \/>\nEnlace para volver a ver a charla:\u00a0<a href=\"https:\/\/bit.ly\/3b2Cue6\" target=\"_blank\" rel=\"noopener\">https:\/\/bit.ly\/3b2Cue6<\/a><\/p>\n<p>&nbsp;<\/p>\n<p><strong>Educaci\u00f3n: \u00abNuevo curso escolar. Claves para las familias\u00bb<br \/>\n<\/strong>30 de abril. 19:00 horas.<\/p>\n<p>La pedagoga y experta en educaci\u00f3n, <strong>Ana Bel\u00e9n Rodr\u00edguez<\/strong>, impartir\u00e1 una sesi\u00f3n sobre los beneficios de la educaci\u00f3n inclusiva y consejos de cara al nuevo curso.<\/p>\n<p>Enlace para volver a ver la charla:\u00a0<a href=\"https:\/\/bit.ly\/2WqcFPY\" target=\"_blank\" rel=\"noopener\">https:\/\/bit.ly\/2WqcFPY<\/a><\/p>\n","protected":false},"excerpt":{"rendered":"<p>La Federaci\u00f3n Down Espa\u00f1a, teniendo en cuenta la situaci\u00f3n que estamos viviendo debido a la crisis provocada por la epidemia del coronavirus, quiere colaborar en lo posible\u00a0ofreciendo a las familias de personas con s\u00edndrome de Down consejos, orientaciones e informaci\u00f3n&#8230;<\/p>\n","protected":false},"author":1,"featured_media":6209,"comment_status":"closed","ping_status":"closed","sticky":false,"template":"","format":"standard","meta":{"_acf_changed":false,"give_campaign_id":0,"footnotes":""},"categories":[126,71],"tags":[],"class_list":["post-6208","post","type-post","status-publish","format-standard","has-post-thumbnail","hentry","category-down-espana-hemeroteca-es","category-noticias-sindrome-de-down-es"],"acf":[],"yoast_head":"<!-- This site is optimized with the Yoast SEO plugin v25.3.1 - https:\/\/yoast.com\/wordpress\/plugins\/seo\/ -->\n<title>Down Espa\u00f1a organiza un ciclo de conferencias para familias de personas con s\u00edndrome de Down &#8226; Federaci\u00f3n Down Galicia<\/title>\n<meta name=\"robots\" content=\"index, follow, max-snippet:-1, max-image-preview:large, max-video-preview:-1\" \/>\n<link rel=\"canonical\" href=\"https:\/\/downgalicia.org\/es\/down-espana-organiza-un-ciclo-de-conferencias-para-familias-de-personas-con-sindrome-de-down\/\" \/>\n<meta property=\"og:locale\" content=\"es_ES\" \/>\n<meta property=\"og:type\" content=\"article\" \/>\n<meta property=\"og:title\" content=\"Down Espa\u00f1a organiza un ciclo de conferencias para familias de personas con s\u00edndrome de Down &#8226; Federaci\u00f3n Down Galicia\" \/>\n<meta property=\"og:description\" content=\"La Federaci\u00f3n Down Espa\u00f1a, teniendo en cuenta la situaci\u00f3n que estamos viviendo debido a la crisis provocada por la epidemia del coronavirus, quiere colaborar en lo posible\u00a0ofreciendo a las familias de personas con s\u00edndrome de Down consejos, orientaciones e informaci\u00f3n...\" \/>\n<meta property=\"og:url\" content=\"https:\/\/downgalicia.org\/es\/down-espana-organiza-un-ciclo-de-conferencias-para-familias-de-personas-con-sindrome-de-down\/\" \/>\n<meta property=\"og:site_name\" content=\"Federaci\u00f3n Down Galicia\" \/>\n<meta property=\"article:published_time\" content=\"2020-03-25T09:30:32+00:00\" \/>\n<meta property=\"og:image\" content=\"https:\/\/downgalicia.org\/wp-content\/uploads\/2025\/06\/Conferencias-Down-Espana-4.jpg\" \/>\n\t<meta property=\"og:image:width\" content=\"476\" \/>\n\t<meta property=\"og:image:height\" content=\"249\" \/>\n\t<meta property=\"og:image:type\" content=\"image\/jpeg\" \/>\n<meta name=\"author\" content=\"produccion@visualpublinet.com\" \/>\n<meta name=\"twitter:card\" content=\"summary_large_image\" \/>\n<meta name=\"twitter:label1\" content=\"Escrito por\" \/>\n\t<meta name=\"twitter:data1\" content=\"produccion@visualpublinet.com\" \/>\n\t<meta name=\"twitter:label2\" content=\"Tiempo de lectura\" \/>\n\t<meta name=\"twitter:data2\" content=\"3 minutos\" \/>\n<script type=\"application\/ld+json\" class=\"yoast-schema-graph\">{\"@context\":\"https:\/\/schema.org\",\"@graph\":[{\"@type\":\"Article\",\"@id\":\"https:\/\/downgalicia.org\/es\/down-espana-organiza-un-ciclo-de-conferencias-para-familias-de-personas-con-sindrome-de-down\/#article\",\"isPartOf\":{\"@id\":\"https:\/\/downgalicia.org\/es\/down-espana-organiza-un-ciclo-de-conferencias-para-familias-de-personas-con-sindrome-de-down\/\"},\"author\":{\"name\":\"produccion@visualpublinet.com\",\"@id\":\"https:\/\/downgalicia.org\/es\/#\/schema\/person\/317730a00185114c76a219b94bddef15\"},\"headline\":\"Down Espa\u00f1a organiza un ciclo de conferencias para familias de personas con s\u00edndrome de Down\",\"datePublished\":\"2020-03-25T09:30:32+00:00\",\"mainEntityOfPage\":{\"@id\":\"https:\/\/downgalicia.org\/es\/down-espana-organiza-un-ciclo-de-conferencias-para-familias-de-personas-con-sindrome-de-down\/\"},\"wordCount\":690,\"publisher\":{\"@id\":\"https:\/\/downgalicia.org\/es\/#organization\"},\"image\":{\"@id\":\"https:\/\/downgalicia.org\/es\/down-espana-organiza-un-ciclo-de-conferencias-para-familias-de-personas-con-sindrome-de-down\/#primaryimage\"},\"thumbnailUrl\":\"https:\/\/downgalicia.org\/wp-content\/uploads\/2025\/06\/Conferencias-Down-Espana-4.jpg\",\"articleSection\":[\"Down Espa\u00f1a\",\"Noticias del Movimiento Down\"],\"inLanguage\":\"es\"},{\"@type\":\"WebPage\",\"@id\":\"https:\/\/downgalicia.org\/es\/down-espana-organiza-un-ciclo-de-conferencias-para-familias-de-personas-con-sindrome-de-down\/\",\"url\":\"https:\/\/downgalicia.org\/es\/down-espana-organiza-un-ciclo-de-conferencias-para-familias-de-personas-con-sindrome-de-down\/\",\"name\":\"Down Espa\u00f1a organiza un ciclo de conferencias para familias de personas con s\u00edndrome de Down &#8226; Federaci\u00f3n Down Galicia\",\"isPartOf\":{\"@id\":\"https:\/\/downgalicia.org\/es\/#website\"},\"primaryImageOfPage\":{\"@id\":\"https:\/\/downgalicia.org\/es\/down-espana-organiza-un-ciclo-de-conferencias-para-familias-de-personas-con-sindrome-de-down\/#primaryimage\"},\"image\":{\"@id\":\"https:\/\/downgalicia.org\/es\/down-espana-organiza-un-ciclo-de-conferencias-para-familias-de-personas-con-sindrome-de-down\/#primaryimage\"},\"thumbnailUrl\":\"https:\/\/downgalicia.org\/wp-content\/uploads\/2025\/06\/Conferencias-Down-Espana-4.jpg\",\"datePublished\":\"2020-03-25T09:30:32+00:00\",\"breadcrumb\":{\"@id\":\"https:\/\/downgalicia.org\/es\/down-espana-organiza-un-ciclo-de-conferencias-para-familias-de-personas-con-sindrome-de-down\/#breadcrumb\"},\"inLanguage\":\"es\",\"potentialAction\":[{\"@type\":\"ReadAction\",\"target\":[\"https:\/\/downgalicia.org\/es\/down-espana-organiza-un-ciclo-de-conferencias-para-familias-de-personas-con-sindrome-de-down\/\"]}]},{\"@type\":\"ImageObject\",\"inLanguage\":\"es\",\"@id\":\"https:\/\/downgalicia.org\/es\/down-espana-organiza-un-ciclo-de-conferencias-para-familias-de-personas-con-sindrome-de-down\/#primaryimage\",\"url\":\"https:\/\/downgalicia.org\/wp-content\/uploads\/2025\/06\/Conferencias-Down-Espana-4.jpg\",\"contentUrl\":\"https:\/\/downgalicia.org\/wp-content\/uploads\/2025\/06\/Conferencias-Down-Espana-4.jpg\",\"width\":476,\"height\":249},{\"@type\":\"BreadcrumbList\",\"@id\":\"https:\/\/downgalicia.org\/es\/down-espana-organiza-un-ciclo-de-conferencias-para-familias-de-personas-con-sindrome-de-down\/#breadcrumb\",\"itemListElement\":[{\"@type\":\"ListItem\",\"position\":1,\"name\":\"Portada\",\"item\":\"https:\/\/downgalicia.org\/es\/\"},{\"@type\":\"ListItem\",\"position\":2,\"name\":\"Down Espa\u00f1a organiza un ciclo de conferencias para familias de personas con s\u00edndrome de Down\"}]},{\"@type\":\"WebSite\",\"@id\":\"https:\/\/downgalicia.org\/es\/#website\",\"url\":\"https:\/\/downgalicia.org\/es\/\",\"name\":\"Federaci\u00f3n Down Galicia\",\"description\":\"Apoio a persoas con S\u00edndrome de Down\",\"publisher\":{\"@id\":\"https:\/\/downgalicia.org\/es\/#organization\"},\"potentialAction\":[{\"@type\":\"SearchAction\",\"target\":{\"@type\":\"EntryPoint\",\"urlTemplate\":\"https:\/\/downgalicia.org\/es\/?s={search_term_string}\"},\"query-input\":{\"@type\":\"PropertyValueSpecification\",\"valueRequired\":true,\"valueName\":\"search_term_string\"}}],\"inLanguage\":\"es\"},{\"@type\":\"Organization\",\"@id\":\"https:\/\/downgalicia.org\/es\/#organization\",\"name\":\"Federaci\u00f3n Down Galicia\",\"url\":\"https:\/\/downgalicia.org\/es\/\",\"logo\":{\"@type\":\"ImageObject\",\"inLanguage\":\"es\",\"@id\":\"https:\/\/downgalicia.org\/es\/#\/schema\/logo\/image\/\",\"url\":\"https:\/\/downgalicia.org\/wp-content\/uploads\/2024\/07\/logo-sindrome-down-color.svg\",\"contentUrl\":\"https:\/\/downgalicia.org\/wp-content\/uploads\/2024\/07\/logo-sindrome-down-color.svg\",\"width\":271,\"height\":88,\"caption\":\"Federaci\u00f3n Down Galicia\"},\"image\":{\"@id\":\"https:\/\/downgalicia.org\/es\/#\/schema\/logo\/image\/\"}},{\"@type\":\"Person\",\"@id\":\"https:\/\/downgalicia.org\/es\/#\/schema\/person\/317730a00185114c76a219b94bddef15\",\"name\":\"produccion@visualpublinet.com\",\"image\":{\"@type\":\"ImageObject\",\"inLanguage\":\"es\",\"@id\":\"https:\/\/downgalicia.org\/es\/#\/schema\/person\/image\/\",\"url\":\"https:\/\/secure.gravatar.com\/avatar\/282ee20c78c1b1137175d4ab9f75785d8c239d499b1376df3ba16efa213b7b10?s=96&d=mm&r=g\",\"contentUrl\":\"https:\/\/secure.gravatar.com\/avatar\/282ee20c78c1b1137175d4ab9f75785d8c239d499b1376df3ba16efa213b7b10?s=96&d=mm&r=g\",\"caption\":\"produccion@visualpublinet.com\"},\"sameAs\":[\"https:\/\/downgalicia.org\"],\"url\":\"https:\/\/downgalicia.org\/es\/author\/produccionvisualpublinet-com\/\"}]}<\/script>\n<!-- \/ Yoast SEO plugin. -->","yoast_head_json":{"title":"Down Espa\u00f1a organiza un ciclo de conferencias para familias de personas con s\u00edndrome de Down &#8226; Federaci\u00f3n Down Galicia","robots":{"index":"index","follow":"follow","max-snippet":"max-snippet:-1","max-image-preview":"max-image-preview:large","max-video-preview":"max-video-preview:-1"},"canonical":"https:\/\/downgalicia.org\/es\/down-espana-organiza-un-ciclo-de-conferencias-para-familias-de-personas-con-sindrome-de-down\/","og_locale":"es_ES","og_type":"article","og_title":"Down Espa\u00f1a organiza un ciclo de conferencias para familias de personas con s\u00edndrome de Down &#8226; Federaci\u00f3n Down Galicia","og_description":"La Federaci\u00f3n Down Espa\u00f1a, teniendo en cuenta la situaci\u00f3n que estamos viviendo debido a la crisis provocada por la epidemia del coronavirus, quiere colaborar en lo posible\u00a0ofreciendo a las familias de personas con s\u00edndrome de Down consejos, orientaciones e informaci\u00f3n...","og_url":"https:\/\/downgalicia.org\/es\/down-espana-organiza-un-ciclo-de-conferencias-para-familias-de-personas-con-sindrome-de-down\/","og_site_name":"Federaci\u00f3n Down Galicia","article_published_time":"2020-03-25T09:30:32+00:00","og_image":[{"width":476,"height":249,"url":"https:\/\/downgalicia.org\/wp-content\/uploads\/2025\/06\/Conferencias-Down-Espana-4.jpg","type":"image\/jpeg"}],"author":"produccion@visualpublinet.com","twitter_card":"summary_large_image","twitter_misc":{"Escrito por":"produccion@visualpublinet.com","Tiempo de lectura":"3 minutos"},"schema":{"@context":"https:\/\/schema.org","@graph":[{"@type":"Article","@id":"https:\/\/downgalicia.org\/es\/down-espana-organiza-un-ciclo-de-conferencias-para-familias-de-personas-con-sindrome-de-down\/#article","isPartOf":{"@id":"https:\/\/downgalicia.org\/es\/down-espana-organiza-un-ciclo-de-conferencias-para-familias-de-personas-con-sindrome-de-down\/"},"author":{"name":"produccion@visualpublinet.com","@id":"https:\/\/downgalicia.org\/es\/#\/schema\/person\/317730a00185114c76a219b94bddef15"},"headline":"Down Espa\u00f1a organiza un ciclo de conferencias para familias de personas con s\u00edndrome de Down","datePublished":"2020-03-25T09:30:32+00:00","mainEntityOfPage":{"@id":"https:\/\/downgalicia.org\/es\/down-espana-organiza-un-ciclo-de-conferencias-para-familias-de-personas-con-sindrome-de-down\/"},"wordCount":690,"publisher":{"@id":"https:\/\/downgalicia.org\/es\/#organization"},"image":{"@id":"https:\/\/downgalicia.org\/es\/down-espana-organiza-un-ciclo-de-conferencias-para-familias-de-personas-con-sindrome-de-down\/#primaryimage"},"thumbnailUrl":"https:\/\/downgalicia.org\/wp-content\/uploads\/2025\/06\/Conferencias-Down-Espana-4.jpg","articleSection":["Down Espa\u00f1a","Noticias del Movimiento Down"],"inLanguage":"es"},{"@type":"WebPage","@id":"https:\/\/downgalicia.org\/es\/down-espana-organiza-un-ciclo-de-conferencias-para-familias-de-personas-con-sindrome-de-down\/","url":"https:\/\/downgalicia.org\/es\/down-espana-organiza-un-ciclo-de-conferencias-para-familias-de-personas-con-sindrome-de-down\/","name":"Down Espa\u00f1a organiza un ciclo de conferencias para familias de personas con s\u00edndrome de Down &#8226; Federaci\u00f3n Down Galicia","isPartOf":{"@id":"https:\/\/downgalicia.org\/es\/#website"},"primaryImageOfPage":{"@id":"https:\/\/downgalicia.org\/es\/down-espana-organiza-un-ciclo-de-conferencias-para-familias-de-personas-con-sindrome-de-down\/#primaryimage"},"image":{"@id":"https:\/\/downgalicia.org\/es\/down-espana-organiza-un-ciclo-de-conferencias-para-familias-de-personas-con-sindrome-de-down\/#primaryimage"},"thumbnailUrl":"https:\/\/downgalicia.org\/wp-content\/uploads\/2025\/06\/Conferencias-Down-Espana-4.jpg","datePublished":"2020-03-25T09:30:32+00:00","breadcrumb":{"@id":"https:\/\/downgalicia.org\/es\/down-espana-organiza-un-ciclo-de-conferencias-para-familias-de-personas-con-sindrome-de-down\/#breadcrumb"},"inLanguage":"es","potentialAction":[{"@type":"ReadAction","target":["https:\/\/downgalicia.org\/es\/down-espana-organiza-un-ciclo-de-conferencias-para-familias-de-personas-con-sindrome-de-down\/"]}]},{"@type":"ImageObject","inLanguage":"es","@id":"https:\/\/downgalicia.org\/es\/down-espana-organiza-un-ciclo-de-conferencias-para-familias-de-personas-con-sindrome-de-down\/#primaryimage","url":"https:\/\/downgalicia.org\/wp-content\/uploads\/2025\/06\/Conferencias-Down-Espana-4.jpg","contentUrl":"https:\/\/downgalicia.org\/wp-content\/uploads\/2025\/06\/Conferencias-Down-Espana-4.jpg","width":476,"height":249},{"@type":"BreadcrumbList","@id":"https:\/\/downgalicia.org\/es\/down-espana-organiza-un-ciclo-de-conferencias-para-familias-de-personas-con-sindrome-de-down\/#breadcrumb","itemListElement":[{"@type":"ListItem","position":1,"name":"Portada","item":"https:\/\/downgalicia.org\/es\/"},{"@type":"ListItem","position":2,"name":"Down Espa\u00f1a organiza un ciclo de conferencias para familias de personas con s\u00edndrome de Down"}]},{"@type":"WebSite","@id":"https:\/\/downgalicia.org\/es\/#website","url":"https:\/\/downgalicia.org\/es\/","name":"Federaci\u00f3n Down Galicia","description":"Apoio a persoas con S\u00edndrome de Down","publisher":{"@id":"https:\/\/downgalicia.org\/es\/#organization"},"potentialAction":[{"@type":"SearchAction","target":{"@type":"EntryPoint","urlTemplate":"https:\/\/downgalicia.org\/es\/?s={search_term_string}"},"query-input":{"@type":"PropertyValueSpecification","valueRequired":true,"valueName":"search_term_string"}}],"inLanguage":"es"},{"@type":"Organization","@id":"https:\/\/downgalicia.org\/es\/#organization","name":"Federaci\u00f3n Down Galicia","url":"https:\/\/downgalicia.org\/es\/","logo":{"@type":"ImageObject","inLanguage":"es","@id":"https:\/\/downgalicia.org\/es\/#\/schema\/logo\/image\/","url":"https:\/\/downgalicia.org\/wp-content\/uploads\/2024\/07\/logo-sindrome-down-color.svg","contentUrl":"https:\/\/downgalicia.org\/wp-content\/uploads\/2024\/07\/logo-sindrome-down-color.svg","width":271,"height":88,"caption":"Federaci\u00f3n Down Galicia"},"image":{"@id":"https:\/\/downgalicia.org\/es\/#\/schema\/logo\/image\/"}},{"@type":"Person","@id":"https:\/\/downgalicia.org\/es\/#\/schema\/person\/317730a00185114c76a219b94bddef15","name":"produccion@visualpublinet.com","image":{"@type":"ImageObject","inLanguage":"es","@id":"https:\/\/downgalicia.org\/es\/#\/schema\/person\/image\/","url":"https:\/\/secure.gravatar.com\/avatar\/282ee20c78c1b1137175d4ab9f75785d8c239d499b1376df3ba16efa213b7b10?s=96&d=mm&r=g","contentUrl":"https:\/\/secure.gravatar.com\/avatar\/282ee20c78c1b1137175d4ab9f75785d8c239d499b1376df3ba16efa213b7b10?s=96&d=mm&r=g","caption":"produccion@visualpublinet.com"},"sameAs":["https:\/\/downgalicia.org"],"url":"https:\/\/downgalicia.org\/es\/author\/produccionvisualpublinet-com\/"}]}},"_links":{"self":[{"href":"https:\/\/downgalicia.org\/es\/wp-json\/wp\/v2\/posts\/6208","targetHints":{"allow":["GET"]}}],"collection":[{"href":"https:\/\/downgalicia.org\/es\/wp-json\/wp\/v2\/posts"}],"about":[{"href":"https:\/\/downgalicia.org\/es\/wp-json\/wp\/v2\/types\/post"}],"author":[{"embeddable":true,"href":"https:\/\/downgalicia.org\/es\/wp-json\/wp\/v2\/users\/1"}],"replies":[{"embeddable":true,"href":"https:\/\/downgalicia.org\/es\/wp-json\/wp\/v2\/comments?post=6208"}],"version-history":[{"count":0,"href":"https:\/\/downgalicia.org\/es\/wp-json\/wp\/v2\/posts\/6208\/revisions"}],"wp:featuredmedia":[{"embeddable":true,"href":"https:\/\/downgalicia.org\/es\/wp-json\/wp\/v2\/media\/6209"}],"wp:attachment":[{"href":"https:\/\/downgalicia.org\/es\/wp-json\/wp\/v2\/media?parent=6208"}],"wp:term":[{"taxonomy":"category","embeddable":true,"href":"https:\/\/downgalicia.org\/es\/wp-json\/wp\/v2\/categories?post=6208"},{"taxonomy":"post_tag","embeddable":true,"href":"https:\/\/downgalicia.org\/es\/wp-json\/wp\/v2\/tags?post=6208"}],"curies":[{"name":"wp","href":"https:\/\/api.w.org\/{rel}","templated":true}]}}