{"id":6212,"date":"2020-03-21T08:00:28","date_gmt":"2020-03-21T07:00:28","guid":{"rendered":"http:\/\/downgalicia.org.136-144-253-96.136-144-253-96.visualpublinet.com\/las-personas-con-sindrome-de-down-reclaman-sus-derechos-con-motivo-del-dia-mundial-de-esta-alteracion-cromosomica\/"},"modified":"2020-03-21T08:00:28","modified_gmt":"2020-03-21T07:00:28","slug":"las-personas-con-sindrome-de-down-reclaman-sus-derechos-con-motivo-del-dia-mundial-de-esta-alteracion-cromosomica","status":"publish","type":"post","link":"https:\/\/downgalicia.org\/es\/las-personas-con-sindrome-de-down-reclaman-sus-derechos-con-motivo-del-dia-mundial-de-esta-alteracion-cromosomica\/","title":{"rendered":"Las personas con s\u00edndrome de Down reclaman sus derechos con motivo del D\u00eda Mundial de esta alteraci\u00f3n cromos\u00f3mica"},"content":{"rendered":"<p>Con motivo de la conmemoraci\u00f3n del D\u00eda Mundial del s\u00edndrome de Down, que se celebra hoy en todo el mundo, las entidades Down de Galicia, en representaci\u00f3n de las personas con esta alteraci\u00f3n\u00a0 cromos\u00f3mica y otras discapacidades intelectuales, alzan su voz para reclamar, una vez m\u00e1s, una sociedad m\u00e1s inclusiva, diversa y plural.<\/p>\n<p>Naciones Unidas aprob\u00f3 en noviembre de 2011 la declaraci\u00f3n de 21 de marzo\u00a0 como D\u00eda Mundial del S\u00edndrome de Down. Se establece esta fecha, el 21 de marzo [21\/03] como un s\u00edmbolo, en referencia a la\u00a0 triplicaci\u00f3n [trisom\u00eda] del cromosoma 21 que se traduce en la condici\u00f3n gen\u00e9tica del s\u00edndrome de Down.<\/p>\n<p>En esta ocasi\u00f3n, y dada la situaci\u00f3n de alarma que se est\u00e1 viviendo en todo el pa\u00eds, la Federaci\u00f3n Down Galicia, junto con la asociaci\u00f3n Down Coru\u00f1a, decidieron cancelar el acto que ambas entidades iban a celebrar en la ciudad herculina el propio s\u00e1bado 21 de marzo.<\/p>\n<p>Este evento inclu\u00eda la entrega de los <strong>VII Premios Down Galicia<\/strong>, que tienen por objeto reconocer la labor a favor de la promoci\u00f3n de la autonom\u00eda e igualdad de las personas con s\u00edndrome de Down, realizado tanto por instituciones y entidades como por personas particulares. Los premios, que ser\u00e1n entregados en una fecha a\u00fan por determinar, recayeron en esta ocasi\u00f3n en <strong>Vegalsa-Eroski<\/strong>, en la categor\u00eda institucional, y en <strong>Carlos Negreira<\/strong>, en la categor\u00eda particular.<\/p>\n<p>&nbsp;<\/p>\n<p><strong>Principales demandas del Movimiento Down en Galicia<\/strong><\/p>\n<p>Son muchas las reivindicaciones que las personas con s\u00edndrome de Down y otras discapacidades intelectuales llevan poniendo de manifiesto desde hace a\u00f1os. Demandas amparadas en la Convenci\u00f3n sobre los Derechos de las Personas con Discapacidad, aprobada por la ONU en 2006 y ratificada por nuestro pa\u00eds el a\u00f1o siguiente.<\/p>\n<p>En primer lugar, una <strong>atenci\u00f3n temprana p\u00fablica y de calidad<\/strong>. Desde la Federaci\u00f3n Down Galicia consideramos necesario tener regulada y funcionando una red p\u00fablica y gratuita de atenci\u00f3n temprana que responda a las necesidades de los ni\u00f1os y ni\u00f1as de 0 a 6 a\u00f1os.<\/p>\n<p>Una <strong>educaci\u00f3n inclusiva y no segregadora<\/strong>. Debemos tener en cuenta que si se segrega al alumnado, sea cual sea la causa, sobre todo en una edad temprana, no estamos avanzando en la construcci\u00f3n de una sociedad tolerante y respetuosa con la diferencia y con la diversidad. La atenci\u00f3n a la diversidad es de vital importancia para la construcci\u00f3n de sociedades m\u00e1s justas y enriquece tanto a aquellas personas que presentan alguna dificultad como al resto.<\/p>\n<p>Para promover y asegurar una educaci\u00f3n y un aprendizaje de calidad para las personas con s\u00edndrome de Down y otras discapacidades intelectuales en igualdad de condiciones que el resto del alumnado, debe existir una regulaci\u00f3n id\u00f3nea de la atenci\u00f3n a la diversidad. Tambi\u00e9n se deben adaptar materiales y metodolog\u00edas en el aula y en los centros educativos; normalizar la prestaci\u00f3n de apoyos para que el alumnado con necesidades de apoyo compartan no solo espacios, sino tambi\u00e9n actividades y experiencias; y tambi\u00e9n regularizar las certificaciones de estudios para garantizar una acreditaci\u00f3n que permita al alumnado con discapacidad con necesidades de apoyo educativo lograr una titulaci\u00f3n para la continuaci\u00f3n de sus estudios o para el desempe\u00f1o laboral si superan las materias con adaptaci\u00f3n curricular.<\/p>\n<p>Down Galicia apuesta tambi\u00e9n por el <strong>empleo inclusivo<\/strong>, ya que el acceso a un puesto trabajo es un derecho universalmente reconocido. Desde la Federaci\u00f3n demandamos el aumento de la inversi\u00f3n en el \u00e1mbito del empleo inclusivo y una apuesta clara por la promoci\u00f3n de pol\u00edticas de empleo de inclusi\u00f3n laboral en la empresa ordinaria, en lugar de la preferencia mostrada por parte de las administraciones por los centros especiales de empleo.<\/p>\n<p>Tambi\u00e9n es necesario conocer las necesidades de atenci\u00f3n y diagn\u00f3stico en el proceso de <strong>envejecimiento<\/strong> de las personas con s\u00edndrome de Down y otras discapacidades intelectuales. Se trata de una nueva realidad que ya evidencia carencias existentes para afrontar esta situaci\u00f3n, ya que en muchas ocasiones se normaliza el deterioro f\u00edsico y\/o cognitivo como algo habitual de las personas con esta condici\u00f3n gen\u00e9tica.<\/p>\n<p>Por \u00faltimo, la Federaci\u00f3n demanda la desaparici\u00f3n, por\u00a0 inaceptablemente discriminatoria, de cualquier proceso, judicial o administrativo, por el que se retire, elimine, proh\u00edba o simplemente se restrinja la capacidad de obrar de una persona por raz\u00f3n de su discapacidad (las llamadas incapacitaciones) y la eliminaci\u00f3n de toda instituci\u00f3n\u00a0 substitutiva de la voluntad civil de las personas con discapacidad, ya se trate de tutelas,\u00a0 curatelas o cualquier otra instituci\u00f3n similar. En su lugar, se solicita la instauraci\u00f3n del nuevo <strong>sistema de apoyos<\/strong> a la capacidad de obrar, formulado por la Convenci\u00f3n sobre los Derechos de las Personas con discapacidad.<\/p>\n","protected":false},"excerpt":{"rendered":"<p>Con motivo de la conmemoraci\u00f3n del D\u00eda Mundial del s\u00edndrome de Down, que se celebra hoy en todo el mundo, las entidades Down de Galicia, en representaci\u00f3n de las personas con esta alteraci\u00f3n\u00a0 cromos\u00f3mica y otras discapacidades intelectuales, alzan su&#8230;<\/p>\n","protected":false},"author":1,"featured_media":6213,"comment_status":"closed","ping_status":"closed","sticky":false,"template":"","format":"standard","meta":{"_acf_changed":false,"give_campaign_id":0,"footnotes":""},"categories":[100,129,71],"tags":[],"class_list":["post-6212","post","type-post","status-publish","format-standard","has-post-thumbnail","hentry","category-dia-mundial-del-sindrome-de-down","category-down-galicia-hemeroteca-es","category-noticias-sindrome-de-down-es"],"acf":[],"yoast_head":"<!-- This site is optimized with the Yoast SEO plugin v25.3.1 - https:\/\/yoast.com\/wordpress\/plugins\/seo\/ -->\n<title>Las personas con s\u00edndrome de Down reclaman sus derechos con motivo del D\u00eda Mundial de esta alteraci\u00f3n cromos\u00f3mica &#8226; Federaci\u00f3n Down Galicia<\/title>\n<meta name=\"robots\" content=\"index, follow, max-snippet:-1, max-image-preview:large, max-video-preview:-1\" \/>\n<link rel=\"canonical\" href=\"https:\/\/downgalicia.org\/es\/las-personas-con-sindrome-de-down-reclaman-sus-derechos-con-motivo-del-dia-mundial-de-esta-alteracion-cromosomica\/\" \/>\n<meta property=\"og:locale\" content=\"es_ES\" \/>\n<meta property=\"og:type\" content=\"article\" \/>\n<meta property=\"og:title\" content=\"Las personas con s\u00edndrome de Down reclaman sus derechos con motivo del D\u00eda Mundial de esta alteraci\u00f3n cromos\u00f3mica &#8226; Federaci\u00f3n Down Galicia\" \/>\n<meta property=\"og:description\" content=\"Con motivo de la conmemoraci\u00f3n del D\u00eda Mundial del s\u00edndrome de Down, que se celebra hoy en todo el mundo, las entidades Down de Galicia, en representaci\u00f3n de las personas con esta alteraci\u00f3n\u00a0 cromos\u00f3mica y otras discapacidades intelectuales, alzan su...\" \/>\n<meta property=\"og:url\" content=\"https:\/\/downgalicia.org\/es\/las-personas-con-sindrome-de-down-reclaman-sus-derechos-con-motivo-del-dia-mundial-de-esta-alteracion-cromosomica\/\" \/>\n<meta property=\"og:site_name\" content=\"Federaci\u00f3n Down Galicia\" \/>\n<meta property=\"article:published_time\" content=\"2020-03-21T07:00:28+00:00\" \/>\n<meta property=\"og:image\" content=\"https:\/\/downgalicia.org\/wp-content\/uploads\/2025\/06\/Dia-Mundial-Sindrome-de-Down-2020-4-scaled.jpg\" \/>\n\t<meta property=\"og:image:width\" content=\"2560\" \/>\n\t<meta property=\"og:image:height\" content=\"1707\" \/>\n\t<meta property=\"og:image:type\" content=\"image\/jpeg\" \/>\n<meta name=\"author\" content=\"produccion@visualpublinet.com\" \/>\n<meta name=\"twitter:card\" content=\"summary_large_image\" \/>\n<meta name=\"twitter:label1\" content=\"Escrito por\" \/>\n\t<meta name=\"twitter:data1\" content=\"produccion@visualpublinet.com\" \/>\n\t<meta name=\"twitter:label2\" content=\"Tiempo de lectura\" \/>\n\t<meta name=\"twitter:data2\" content=\"4 minutos\" \/>\n<script type=\"application\/ld+json\" class=\"yoast-schema-graph\">{\"@context\":\"https:\/\/schema.org\",\"@graph\":[{\"@type\":\"Article\",\"@id\":\"https:\/\/downgalicia.org\/es\/las-personas-con-sindrome-de-down-reclaman-sus-derechos-con-motivo-del-dia-mundial-de-esta-alteracion-cromosomica\/#article\",\"isPartOf\":{\"@id\":\"https:\/\/downgalicia.org\/es\/las-personas-con-sindrome-de-down-reclaman-sus-derechos-con-motivo-del-dia-mundial-de-esta-alteracion-cromosomica\/\"},\"author\":{\"name\":\"produccion@visualpublinet.com\",\"@id\":\"https:\/\/downgalicia.org\/es\/#\/schema\/person\/317730a00185114c76a219b94bddef15\"},\"headline\":\"Las personas con s\u00edndrome de Down reclaman sus derechos con motivo del D\u00eda Mundial de esta alteraci\u00f3n cromos\u00f3mica\",\"datePublished\":\"2020-03-21T07:00:28+00:00\",\"mainEntityOfPage\":{\"@id\":\"https:\/\/downgalicia.org\/es\/las-personas-con-sindrome-de-down-reclaman-sus-derechos-con-motivo-del-dia-mundial-de-esta-alteracion-cromosomica\/\"},\"wordCount\":859,\"publisher\":{\"@id\":\"https:\/\/downgalicia.org\/es\/#organization\"},\"image\":{\"@id\":\"https:\/\/downgalicia.org\/es\/las-personas-con-sindrome-de-down-reclaman-sus-derechos-con-motivo-del-dia-mundial-de-esta-alteracion-cromosomica\/#primaryimage\"},\"thumbnailUrl\":\"https:\/\/downgalicia.org\/wp-content\/uploads\/2025\/06\/Dia-Mundial-Sindrome-de-Down-2020-4-scaled.jpg\",\"articleSection\":[\"D\u00eda Mundial del S\u00edndrome de Down\",\"Down Galicia\",\"Noticias del Movimiento Down\"],\"inLanguage\":\"es\"},{\"@type\":\"WebPage\",\"@id\":\"https:\/\/downgalicia.org\/es\/las-personas-con-sindrome-de-down-reclaman-sus-derechos-con-motivo-del-dia-mundial-de-esta-alteracion-cromosomica\/\",\"url\":\"https:\/\/downgalicia.org\/es\/las-personas-con-sindrome-de-down-reclaman-sus-derechos-con-motivo-del-dia-mundial-de-esta-alteracion-cromosomica\/\",\"name\":\"Las personas con s\u00edndrome de Down reclaman sus derechos con motivo del D\u00eda Mundial de esta alteraci\u00f3n cromos\u00f3mica &#8226; Federaci\u00f3n Down Galicia\",\"isPartOf\":{\"@id\":\"https:\/\/downgalicia.org\/es\/#website\"},\"primaryImageOfPage\":{\"@id\":\"https:\/\/downgalicia.org\/es\/las-personas-con-sindrome-de-down-reclaman-sus-derechos-con-motivo-del-dia-mundial-de-esta-alteracion-cromosomica\/#primaryimage\"},\"image\":{\"@id\":\"https:\/\/downgalicia.org\/es\/las-personas-con-sindrome-de-down-reclaman-sus-derechos-con-motivo-del-dia-mundial-de-esta-alteracion-cromosomica\/#primaryimage\"},\"thumbnailUrl\":\"https:\/\/downgalicia.org\/wp-content\/uploads\/2025\/06\/Dia-Mundial-Sindrome-de-Down-2020-4-scaled.jpg\",\"datePublished\":\"2020-03-21T07:00:28+00:00\",\"breadcrumb\":{\"@id\":\"https:\/\/downgalicia.org\/es\/las-personas-con-sindrome-de-down-reclaman-sus-derechos-con-motivo-del-dia-mundial-de-esta-alteracion-cromosomica\/#breadcrumb\"},\"inLanguage\":\"es\",\"potentialAction\":[{\"@type\":\"ReadAction\",\"target\":[\"https:\/\/downgalicia.org\/es\/las-personas-con-sindrome-de-down-reclaman-sus-derechos-con-motivo-del-dia-mundial-de-esta-alteracion-cromosomica\/\"]}]},{\"@type\":\"ImageObject\",\"inLanguage\":\"es\",\"@id\":\"https:\/\/downgalicia.org\/es\/las-personas-con-sindrome-de-down-reclaman-sus-derechos-con-motivo-del-dia-mundial-de-esta-alteracion-cromosomica\/#primaryimage\",\"url\":\"https:\/\/downgalicia.org\/wp-content\/uploads\/2025\/06\/Dia-Mundial-Sindrome-de-Down-2020-4-scaled.jpg\",\"contentUrl\":\"https:\/\/downgalicia.org\/wp-content\/uploads\/2025\/06\/Dia-Mundial-Sindrome-de-Down-2020-4-scaled.jpg\",\"width\":2560,\"height\":1707},{\"@type\":\"BreadcrumbList\",\"@id\":\"https:\/\/downgalicia.org\/es\/las-personas-con-sindrome-de-down-reclaman-sus-derechos-con-motivo-del-dia-mundial-de-esta-alteracion-cromosomica\/#breadcrumb\",\"itemListElement\":[{\"@type\":\"ListItem\",\"position\":1,\"name\":\"Portada\",\"item\":\"https:\/\/downgalicia.org\/es\/\"},{\"@type\":\"ListItem\",\"position\":2,\"name\":\"Las personas con s\u00edndrome de Down reclaman sus derechos con motivo del D\u00eda Mundial de esta alteraci\u00f3n cromos\u00f3mica\"}]},{\"@type\":\"WebSite\",\"@id\":\"https:\/\/downgalicia.org\/es\/#website\",\"url\":\"https:\/\/downgalicia.org\/es\/\",\"name\":\"Federaci\u00f3n Down Galicia\",\"description\":\"Apoio a persoas con S\u00edndrome de Down\",\"publisher\":{\"@id\":\"https:\/\/downgalicia.org\/es\/#organization\"},\"potentialAction\":[{\"@type\":\"SearchAction\",\"target\":{\"@type\":\"EntryPoint\",\"urlTemplate\":\"https:\/\/downgalicia.org\/es\/?s={search_term_string}\"},\"query-input\":{\"@type\":\"PropertyValueSpecification\",\"valueRequired\":true,\"valueName\":\"search_term_string\"}}],\"inLanguage\":\"es\"},{\"@type\":\"Organization\",\"@id\":\"https:\/\/downgalicia.org\/es\/#organization\",\"name\":\"Federaci\u00f3n Down Galicia\",\"url\":\"https:\/\/downgalicia.org\/es\/\",\"logo\":{\"@type\":\"ImageObject\",\"inLanguage\":\"es\",\"@id\":\"https:\/\/downgalicia.org\/es\/#\/schema\/logo\/image\/\",\"url\":\"https:\/\/downgalicia.org\/wp-content\/uploads\/2024\/07\/logo-sindrome-down-color.svg\",\"contentUrl\":\"https:\/\/downgalicia.org\/wp-content\/uploads\/2024\/07\/logo-sindrome-down-color.svg\",\"width\":271,\"height\":88,\"caption\":\"Federaci\u00f3n Down Galicia\"},\"image\":{\"@id\":\"https:\/\/downgalicia.org\/es\/#\/schema\/logo\/image\/\"}},{\"@type\":\"Person\",\"@id\":\"https:\/\/downgalicia.org\/es\/#\/schema\/person\/317730a00185114c76a219b94bddef15\",\"name\":\"produccion@visualpublinet.com\",\"image\":{\"@type\":\"ImageObject\",\"inLanguage\":\"es\",\"@id\":\"https:\/\/downgalicia.org\/es\/#\/schema\/person\/image\/\",\"url\":\"https:\/\/secure.gravatar.com\/avatar\/282ee20c78c1b1137175d4ab9f75785d8c239d499b1376df3ba16efa213b7b10?s=96&d=mm&r=g\",\"contentUrl\":\"https:\/\/secure.gravatar.com\/avatar\/282ee20c78c1b1137175d4ab9f75785d8c239d499b1376df3ba16efa213b7b10?s=96&d=mm&r=g\",\"caption\":\"produccion@visualpublinet.com\"},\"sameAs\":[\"https:\/\/downgalicia.org\"],\"url\":\"https:\/\/downgalicia.org\/es\/author\/produccionvisualpublinet-com\/\"}]}<\/script>\n<!-- \/ Yoast SEO plugin. -->","yoast_head_json":{"title":"Las personas con s\u00edndrome de Down reclaman sus derechos con motivo del D\u00eda Mundial de esta alteraci\u00f3n cromos\u00f3mica &#8226; Federaci\u00f3n Down Galicia","robots":{"index":"index","follow":"follow","max-snippet":"max-snippet:-1","max-image-preview":"max-image-preview:large","max-video-preview":"max-video-preview:-1"},"canonical":"https:\/\/downgalicia.org\/es\/las-personas-con-sindrome-de-down-reclaman-sus-derechos-con-motivo-del-dia-mundial-de-esta-alteracion-cromosomica\/","og_locale":"es_ES","og_type":"article","og_title":"Las personas con s\u00edndrome de Down reclaman sus derechos con motivo del D\u00eda Mundial de esta alteraci\u00f3n cromos\u00f3mica &#8226; Federaci\u00f3n Down Galicia","og_description":"Con motivo de la conmemoraci\u00f3n del D\u00eda Mundial del s\u00edndrome de Down, que se celebra hoy en todo el mundo, las entidades Down de Galicia, en representaci\u00f3n de las personas con esta alteraci\u00f3n\u00a0 cromos\u00f3mica y otras discapacidades intelectuales, alzan su...","og_url":"https:\/\/downgalicia.org\/es\/las-personas-con-sindrome-de-down-reclaman-sus-derechos-con-motivo-del-dia-mundial-de-esta-alteracion-cromosomica\/","og_site_name":"Federaci\u00f3n Down Galicia","article_published_time":"2020-03-21T07:00:28+00:00","og_image":[{"width":2560,"height":1707,"url":"https:\/\/downgalicia.org\/wp-content\/uploads\/2025\/06\/Dia-Mundial-Sindrome-de-Down-2020-4-scaled.jpg","type":"image\/jpeg"}],"author":"produccion@visualpublinet.com","twitter_card":"summary_large_image","twitter_misc":{"Escrito por":"produccion@visualpublinet.com","Tiempo de lectura":"4 minutos"},"schema":{"@context":"https:\/\/schema.org","@graph":[{"@type":"Article","@id":"https:\/\/downgalicia.org\/es\/las-personas-con-sindrome-de-down-reclaman-sus-derechos-con-motivo-del-dia-mundial-de-esta-alteracion-cromosomica\/#article","isPartOf":{"@id":"https:\/\/downgalicia.org\/es\/las-personas-con-sindrome-de-down-reclaman-sus-derechos-con-motivo-del-dia-mundial-de-esta-alteracion-cromosomica\/"},"author":{"name":"produccion@visualpublinet.com","@id":"https:\/\/downgalicia.org\/es\/#\/schema\/person\/317730a00185114c76a219b94bddef15"},"headline":"Las personas con s\u00edndrome de Down reclaman sus derechos con motivo del D\u00eda Mundial de esta alteraci\u00f3n cromos\u00f3mica","datePublished":"2020-03-21T07:00:28+00:00","mainEntityOfPage":{"@id":"https:\/\/downgalicia.org\/es\/las-personas-con-sindrome-de-down-reclaman-sus-derechos-con-motivo-del-dia-mundial-de-esta-alteracion-cromosomica\/"},"wordCount":859,"publisher":{"@id":"https:\/\/downgalicia.org\/es\/#organization"},"image":{"@id":"https:\/\/downgalicia.org\/es\/las-personas-con-sindrome-de-down-reclaman-sus-derechos-con-motivo-del-dia-mundial-de-esta-alteracion-cromosomica\/#primaryimage"},"thumbnailUrl":"https:\/\/downgalicia.org\/wp-content\/uploads\/2025\/06\/Dia-Mundial-Sindrome-de-Down-2020-4-scaled.jpg","articleSection":["D\u00eda Mundial del S\u00edndrome de Down","Down Galicia","Noticias del Movimiento Down"],"inLanguage":"es"},{"@type":"WebPage","@id":"https:\/\/downgalicia.org\/es\/las-personas-con-sindrome-de-down-reclaman-sus-derechos-con-motivo-del-dia-mundial-de-esta-alteracion-cromosomica\/","url":"https:\/\/downgalicia.org\/es\/las-personas-con-sindrome-de-down-reclaman-sus-derechos-con-motivo-del-dia-mundial-de-esta-alteracion-cromosomica\/","name":"Las personas con s\u00edndrome de Down reclaman sus derechos con motivo del D\u00eda Mundial de esta alteraci\u00f3n cromos\u00f3mica &#8226; Federaci\u00f3n Down Galicia","isPartOf":{"@id":"https:\/\/downgalicia.org\/es\/#website"},"primaryImageOfPage":{"@id":"https:\/\/downgalicia.org\/es\/las-personas-con-sindrome-de-down-reclaman-sus-derechos-con-motivo-del-dia-mundial-de-esta-alteracion-cromosomica\/#primaryimage"},"image":{"@id":"https:\/\/downgalicia.org\/es\/las-personas-con-sindrome-de-down-reclaman-sus-derechos-con-motivo-del-dia-mundial-de-esta-alteracion-cromosomica\/#primaryimage"},"thumbnailUrl":"https:\/\/downgalicia.org\/wp-content\/uploads\/2025\/06\/Dia-Mundial-Sindrome-de-Down-2020-4-scaled.jpg","datePublished":"2020-03-21T07:00:28+00:00","breadcrumb":{"@id":"https:\/\/downgalicia.org\/es\/las-personas-con-sindrome-de-down-reclaman-sus-derechos-con-motivo-del-dia-mundial-de-esta-alteracion-cromosomica\/#breadcrumb"},"inLanguage":"es","potentialAction":[{"@type":"ReadAction","target":["https:\/\/downgalicia.org\/es\/las-personas-con-sindrome-de-down-reclaman-sus-derechos-con-motivo-del-dia-mundial-de-esta-alteracion-cromosomica\/"]}]},{"@type":"ImageObject","inLanguage":"es","@id":"https:\/\/downgalicia.org\/es\/las-personas-con-sindrome-de-down-reclaman-sus-derechos-con-motivo-del-dia-mundial-de-esta-alteracion-cromosomica\/#primaryimage","url":"https:\/\/downgalicia.org\/wp-content\/uploads\/2025\/06\/Dia-Mundial-Sindrome-de-Down-2020-4-scaled.jpg","contentUrl":"https:\/\/downgalicia.org\/wp-content\/uploads\/2025\/06\/Dia-Mundial-Sindrome-de-Down-2020-4-scaled.jpg","width":2560,"height":1707},{"@type":"BreadcrumbList","@id":"https:\/\/downgalicia.org\/es\/las-personas-con-sindrome-de-down-reclaman-sus-derechos-con-motivo-del-dia-mundial-de-esta-alteracion-cromosomica\/#breadcrumb","itemListElement":[{"@type":"ListItem","position":1,"name":"Portada","item":"https:\/\/downgalicia.org\/es\/"},{"@type":"ListItem","position":2,"name":"Las personas con s\u00edndrome de Down reclaman sus derechos con motivo del D\u00eda Mundial de esta alteraci\u00f3n cromos\u00f3mica"}]},{"@type":"WebSite","@id":"https:\/\/downgalicia.org\/es\/#website","url":"https:\/\/downgalicia.org\/es\/","name":"Federaci\u00f3n Down Galicia","description":"Apoio a persoas con S\u00edndrome de Down","publisher":{"@id":"https:\/\/downgalicia.org\/es\/#organization"},"potentialAction":[{"@type":"SearchAction","target":{"@type":"EntryPoint","urlTemplate":"https:\/\/downgalicia.org\/es\/?s={search_term_string}"},"query-input":{"@type":"PropertyValueSpecification","valueRequired":true,"valueName":"search_term_string"}}],"inLanguage":"es"},{"@type":"Organization","@id":"https:\/\/downgalicia.org\/es\/#organization","name":"Federaci\u00f3n Down Galicia","url":"https:\/\/downgalicia.org\/es\/","logo":{"@type":"ImageObject","inLanguage":"es","@id":"https:\/\/downgalicia.org\/es\/#\/schema\/logo\/image\/","url":"https:\/\/downgalicia.org\/wp-content\/uploads\/2024\/07\/logo-sindrome-down-color.svg","contentUrl":"https:\/\/downgalicia.org\/wp-content\/uploads\/2024\/07\/logo-sindrome-down-color.svg","width":271,"height":88,"caption":"Federaci\u00f3n Down Galicia"},"image":{"@id":"https:\/\/downgalicia.org\/es\/#\/schema\/logo\/image\/"}},{"@type":"Person","@id":"https:\/\/downgalicia.org\/es\/#\/schema\/person\/317730a00185114c76a219b94bddef15","name":"produccion@visualpublinet.com","image":{"@type":"ImageObject","inLanguage":"es","@id":"https:\/\/downgalicia.org\/es\/#\/schema\/person\/image\/","url":"https:\/\/secure.gravatar.com\/avatar\/282ee20c78c1b1137175d4ab9f75785d8c239d499b1376df3ba16efa213b7b10?s=96&d=mm&r=g","contentUrl":"https:\/\/secure.gravatar.com\/avatar\/282ee20c78c1b1137175d4ab9f75785d8c239d499b1376df3ba16efa213b7b10?s=96&d=mm&r=g","caption":"produccion@visualpublinet.com"},"sameAs":["https:\/\/downgalicia.org"],"url":"https:\/\/downgalicia.org\/es\/author\/produccionvisualpublinet-com\/"}]}},"_links":{"self":[{"href":"https:\/\/downgalicia.org\/es\/wp-json\/wp\/v2\/posts\/6212","targetHints":{"allow":["GET"]}}],"collection":[{"href":"https:\/\/downgalicia.org\/es\/wp-json\/wp\/v2\/posts"}],"about":[{"href":"https:\/\/downgalicia.org\/es\/wp-json\/wp\/v2\/types\/post"}],"author":[{"embeddable":true,"href":"https:\/\/downgalicia.org\/es\/wp-json\/wp\/v2\/users\/1"}],"replies":[{"embeddable":true,"href":"https:\/\/downgalicia.org\/es\/wp-json\/wp\/v2\/comments?post=6212"}],"version-history":[{"count":0,"href":"https:\/\/downgalicia.org\/es\/wp-json\/wp\/v2\/posts\/6212\/revisions"}],"wp:featuredmedia":[{"embeddable":true,"href":"https:\/\/downgalicia.org\/es\/wp-json\/wp\/v2\/media\/6213"}],"wp:attachment":[{"href":"https:\/\/downgalicia.org\/es\/wp-json\/wp\/v2\/media?parent=6212"}],"wp:term":[{"taxonomy":"category","embeddable":true,"href":"https:\/\/downgalicia.org\/es\/wp-json\/wp\/v2\/categories?post=6212"},{"taxonomy":"post_tag","embeddable":true,"href":"https:\/\/downgalicia.org\/es\/wp-json\/wp\/v2\/tags?post=6212"}],"curies":[{"name":"wp","href":"https:\/\/api.w.org\/{rel}","templated":true}]}}