{"id":6216,"date":"2020-03-20T15:00:37","date_gmt":"2020-03-20T14:00:37","guid":{"rendered":"http:\/\/downgalicia.org.136-144-253-96.136-144-253-96.visualpublinet.com\/losverdaderosinfluencers-la-nueva-campana-de-down-espana-para-el-dia-mundial-del-sindrome-de-down\/"},"modified":"2020-03-20T15:00:37","modified_gmt":"2020-03-20T14:00:37","slug":"losverdaderosinfluencers-la-nueva-campana-de-down-espana-para-el-dia-mundial-del-sindrome-de-down","status":"publish","type":"post","link":"https:\/\/downgalicia.org\/es\/losverdaderosinfluencers-la-nueva-campana-de-down-espana-para-el-dia-mundial-del-sindrome-de-down\/","title":{"rendered":"#LosVerdaderosInfluencers, la nueva campa\u00f1a de Down Espa\u00f1a para el D\u00eda Mundial del S\u00edndrome de Down"},"content":{"rendered":"<p>Con motivo del D\u00eda Mundial del S\u00edndrome de Down, Down Espa\u00f1a ha creado la campa\u00f1a <strong>#LosVerdaderosInfluencers<\/strong>, con la que pretenden\u00a0mostrarle a la sociedad que\u00a0las personas con s\u00edndrome de Down, por su forma de ver la vida con ilusi\u00f3n y fuerza, influyen muy positivamente en el entorno que les rodea \u2013familia, colegio, trabajo\u2026-\u00a0y que por lo tanto, tienen la capacidad de cambiar vidas.<\/p>\n<p>&nbsp;<\/p>\n<p><strong>V\u00eddeo #LosVerdaderosInfluencers<\/strong><\/p>\n<p>El v\u00eddeo de la campa\u00f1a refleja una realidad:\u00a0las personas con s\u00edndrome de Down tienen la capacidad de influir en su c\u00edrculo m\u00e1s cercano. Por ello, en el spot se explica que por su manera de ver el mundo y por su manera de afrontar la vida, las personas con esta alteraci\u00f3n cromos\u00f3mica\u00a0son los\u00a0<em>verdaderos influencers.<\/em><\/p>\n<p><iframe loading=\"lazy\" src=\"https:\/\/www.youtube.com\/embed\/Ey4BlRshW8c\" width=\"560\" height=\"315\" frameborder=\"0\" allowfullscreen=\"allowfullscreen\"><\/iframe><\/p>\n<p>Gracias a esta campa\u00f1a,\u00a0Paula, Santi, \u00c1ngel, Alex, Tet\u00e9, Irene, Camino, Visi y Ainhoa,\u00a0ataviados como verdaderos \u00eddolos,\u00a0se convierten por un d\u00eda en <em>influencers<\/em> y comparten protagonismo\u00a0con rostros muy conocidos en las redes sociales como\u00a0Dani Mateo, El Hombre de Negro, Marta Carriedo o Paula Gonu.<\/p>\n<p>La campa\u00f1a ha sido ideada y desarrollada por la agencia\u00a0Tiempo BBDO, en colaboraci\u00f3n con la productora\u00a0Petra Garmon y Omnicom PR, y se ha grabado \u00edntegramente en el madrile\u00f1o\u00a0Club Argo.<\/p>\n","protected":false},"excerpt":{"rendered":"<p>Con motivo del D\u00eda Mundial del S\u00edndrome de Down, Down Espa\u00f1a ha creado la campa\u00f1a #LosVerdaderosInfluencers, con la que pretenden\u00a0mostrarle a la sociedad que\u00a0las personas con s\u00edndrome de Down, por su forma de ver la vida con ilusi\u00f3n y fuerza,&#8230;<\/p>\n","protected":false},"author":1,"featured_media":6217,"comment_status":"closed","ping_status":"closed","sticky":false,"template":"","format":"standard","meta":{"_acf_changed":false,"give_campaign_id":0,"footnotes":""},"categories":[100,126,71],"tags":[],"class_list":["post-6216","post","type-post","status-publish","format-standard","has-post-thumbnail","hentry","category-dia-mundial-del-sindrome-de-down","category-down-espana-hemeroteca-es","category-noticias-sindrome-de-down-es"],"acf":[],"yoast_head":"<!-- This site is optimized with the Yoast SEO plugin v25.3.1 - https:\/\/yoast.com\/wordpress\/plugins\/seo\/ -->\n<title>#LosVerdaderosInfluencers, la nueva campa\u00f1a de Down Espa\u00f1a para el D\u00eda Mundial del S\u00edndrome de Down &#8226; Federaci\u00f3n Down Galicia<\/title>\n<meta name=\"robots\" content=\"index, follow, max-snippet:-1, max-image-preview:large, max-video-preview:-1\" \/>\n<link rel=\"canonical\" href=\"https:\/\/downgalicia.org\/es\/losverdaderosinfluencers-la-nueva-campana-de-down-espana-para-el-dia-mundial-del-sindrome-de-down\/\" \/>\n<meta property=\"og:locale\" content=\"es_ES\" \/>\n<meta property=\"og:type\" content=\"article\" \/>\n<meta property=\"og:title\" content=\"#LosVerdaderosInfluencers, la nueva campa\u00f1a de Down Espa\u00f1a para el D\u00eda Mundial del S\u00edndrome de Down &#8226; Federaci\u00f3n Down Galicia\" \/>\n<meta property=\"og:description\" content=\"Con motivo del D\u00eda Mundial del S\u00edndrome de Down, Down Espa\u00f1a ha creado la campa\u00f1a #LosVerdaderosInfluencers, con la que pretenden\u00a0mostrarle a la sociedad que\u00a0las personas con s\u00edndrome de Down, por su forma de ver la vida con ilusi\u00f3n y fuerza,...\" \/>\n<meta property=\"og:url\" content=\"https:\/\/downgalicia.org\/es\/losverdaderosinfluencers-la-nueva-campana-de-down-espana-para-el-dia-mundial-del-sindrome-de-down\/\" \/>\n<meta property=\"og:site_name\" content=\"Federaci\u00f3n Down Galicia\" \/>\n<meta property=\"article:published_time\" content=\"2020-03-20T14:00:37+00:00\" \/>\n<meta property=\"og:image\" content=\"https:\/\/downgalicia.org\/wp-content\/uploads\/2025\/06\/Influencers-Down-Espana-4.jpg\" \/>\n\t<meta property=\"og:image:width\" content=\"400\" \/>\n\t<meta property=\"og:image:height\" content=\"269\" \/>\n\t<meta property=\"og:image:type\" content=\"image\/jpeg\" \/>\n<meta name=\"author\" content=\"produccion@visualpublinet.com\" \/>\n<meta name=\"twitter:card\" content=\"summary_large_image\" \/>\n<meta name=\"twitter:label1\" content=\"Escrito por\" \/>\n\t<meta name=\"twitter:data1\" content=\"produccion@visualpublinet.com\" \/>\n\t<meta name=\"twitter:label2\" content=\"Tiempo de lectura\" \/>\n\t<meta name=\"twitter:data2\" content=\"1 minuto\" \/>\n<script type=\"application\/ld+json\" class=\"yoast-schema-graph\">{\"@context\":\"https:\/\/schema.org\",\"@graph\":[{\"@type\":\"Article\",\"@id\":\"https:\/\/downgalicia.org\/es\/losverdaderosinfluencers-la-nueva-campana-de-down-espana-para-el-dia-mundial-del-sindrome-de-down\/#article\",\"isPartOf\":{\"@id\":\"https:\/\/downgalicia.org\/es\/losverdaderosinfluencers-la-nueva-campana-de-down-espana-para-el-dia-mundial-del-sindrome-de-down\/\"},\"author\":{\"name\":\"produccion@visualpublinet.com\",\"@id\":\"https:\/\/downgalicia.org\/es\/#\/schema\/person\/317730a00185114c76a219b94bddef15\"},\"headline\":\"#LosVerdaderosInfluencers, la nueva campa\u00f1a de Down Espa\u00f1a para el D\u00eda Mundial del S\u00edndrome de Down\",\"datePublished\":\"2020-03-20T14:00:37+00:00\",\"mainEntityOfPage\":{\"@id\":\"https:\/\/downgalicia.org\/es\/losverdaderosinfluencers-la-nueva-campana-de-down-espana-para-el-dia-mundial-del-sindrome-de-down\/\"},\"wordCount\":244,\"publisher\":{\"@id\":\"https:\/\/downgalicia.org\/es\/#organization\"},\"image\":{\"@id\":\"https:\/\/downgalicia.org\/es\/losverdaderosinfluencers-la-nueva-campana-de-down-espana-para-el-dia-mundial-del-sindrome-de-down\/#primaryimage\"},\"thumbnailUrl\":\"https:\/\/downgalicia.org\/wp-content\/uploads\/2025\/06\/Influencers-Down-Espana-4.jpg\",\"articleSection\":[\"D\u00eda Mundial del S\u00edndrome de Down\",\"Down Espa\u00f1a\",\"Noticias del Movimiento Down\"],\"inLanguage\":\"es\"},{\"@type\":\"WebPage\",\"@id\":\"https:\/\/downgalicia.org\/es\/losverdaderosinfluencers-la-nueva-campana-de-down-espana-para-el-dia-mundial-del-sindrome-de-down\/\",\"url\":\"https:\/\/downgalicia.org\/es\/losverdaderosinfluencers-la-nueva-campana-de-down-espana-para-el-dia-mundial-del-sindrome-de-down\/\",\"name\":\"#LosVerdaderosInfluencers, la nueva campa\u00f1a de Down Espa\u00f1a para el D\u00eda Mundial del S\u00edndrome de Down &#8226; Federaci\u00f3n Down Galicia\",\"isPartOf\":{\"@id\":\"https:\/\/downgalicia.org\/es\/#website\"},\"primaryImageOfPage\":{\"@id\":\"https:\/\/downgalicia.org\/es\/losverdaderosinfluencers-la-nueva-campana-de-down-espana-para-el-dia-mundial-del-sindrome-de-down\/#primaryimage\"},\"image\":{\"@id\":\"https:\/\/downgalicia.org\/es\/losverdaderosinfluencers-la-nueva-campana-de-down-espana-para-el-dia-mundial-del-sindrome-de-down\/#primaryimage\"},\"thumbnailUrl\":\"https:\/\/downgalicia.org\/wp-content\/uploads\/2025\/06\/Influencers-Down-Espana-4.jpg\",\"datePublished\":\"2020-03-20T14:00:37+00:00\",\"breadcrumb\":{\"@id\":\"https:\/\/downgalicia.org\/es\/losverdaderosinfluencers-la-nueva-campana-de-down-espana-para-el-dia-mundial-del-sindrome-de-down\/#breadcrumb\"},\"inLanguage\":\"es\",\"potentialAction\":[{\"@type\":\"ReadAction\",\"target\":[\"https:\/\/downgalicia.org\/es\/losverdaderosinfluencers-la-nueva-campana-de-down-espana-para-el-dia-mundial-del-sindrome-de-down\/\"]}]},{\"@type\":\"ImageObject\",\"inLanguage\":\"es\",\"@id\":\"https:\/\/downgalicia.org\/es\/losverdaderosinfluencers-la-nueva-campana-de-down-espana-para-el-dia-mundial-del-sindrome-de-down\/#primaryimage\",\"url\":\"https:\/\/downgalicia.org\/wp-content\/uploads\/2025\/06\/Influencers-Down-Espana-4.jpg\",\"contentUrl\":\"https:\/\/downgalicia.org\/wp-content\/uploads\/2025\/06\/Influencers-Down-Espana-4.jpg\",\"width\":400,\"height\":269},{\"@type\":\"BreadcrumbList\",\"@id\":\"https:\/\/downgalicia.org\/es\/losverdaderosinfluencers-la-nueva-campana-de-down-espana-para-el-dia-mundial-del-sindrome-de-down\/#breadcrumb\",\"itemListElement\":[{\"@type\":\"ListItem\",\"position\":1,\"name\":\"Portada\",\"item\":\"https:\/\/downgalicia.org\/es\/\"},{\"@type\":\"ListItem\",\"position\":2,\"name\":\"#LosVerdaderosInfluencers, la nueva campa\u00f1a de Down Espa\u00f1a para el D\u00eda Mundial del S\u00edndrome de Down\"}]},{\"@type\":\"WebSite\",\"@id\":\"https:\/\/downgalicia.org\/es\/#website\",\"url\":\"https:\/\/downgalicia.org\/es\/\",\"name\":\"Federaci\u00f3n Down Galicia\",\"description\":\"Apoio a persoas con S\u00edndrome de Down\",\"publisher\":{\"@id\":\"https:\/\/downgalicia.org\/es\/#organization\"},\"potentialAction\":[{\"@type\":\"SearchAction\",\"target\":{\"@type\":\"EntryPoint\",\"urlTemplate\":\"https:\/\/downgalicia.org\/es\/?s={search_term_string}\"},\"query-input\":{\"@type\":\"PropertyValueSpecification\",\"valueRequired\":true,\"valueName\":\"search_term_string\"}}],\"inLanguage\":\"es\"},{\"@type\":\"Organization\",\"@id\":\"https:\/\/downgalicia.org\/es\/#organization\",\"name\":\"Federaci\u00f3n Down Galicia\",\"url\":\"https:\/\/downgalicia.org\/es\/\",\"logo\":{\"@type\":\"ImageObject\",\"inLanguage\":\"es\",\"@id\":\"https:\/\/downgalicia.org\/es\/#\/schema\/logo\/image\/\",\"url\":\"https:\/\/downgalicia.org\/wp-content\/uploads\/2024\/07\/logo-sindrome-down-color.svg\",\"contentUrl\":\"https:\/\/downgalicia.org\/wp-content\/uploads\/2024\/07\/logo-sindrome-down-color.svg\",\"width\":271,\"height\":88,\"caption\":\"Federaci\u00f3n Down Galicia\"},\"image\":{\"@id\":\"https:\/\/downgalicia.org\/es\/#\/schema\/logo\/image\/\"}},{\"@type\":\"Person\",\"@id\":\"https:\/\/downgalicia.org\/es\/#\/schema\/person\/317730a00185114c76a219b94bddef15\",\"name\":\"produccion@visualpublinet.com\",\"image\":{\"@type\":\"ImageObject\",\"inLanguage\":\"es\",\"@id\":\"https:\/\/downgalicia.org\/es\/#\/schema\/person\/image\/\",\"url\":\"https:\/\/secure.gravatar.com\/avatar\/282ee20c78c1b1137175d4ab9f75785d8c239d499b1376df3ba16efa213b7b10?s=96&d=mm&r=g\",\"contentUrl\":\"https:\/\/secure.gravatar.com\/avatar\/282ee20c78c1b1137175d4ab9f75785d8c239d499b1376df3ba16efa213b7b10?s=96&d=mm&r=g\",\"caption\":\"produccion@visualpublinet.com\"},\"sameAs\":[\"https:\/\/downgalicia.org\"],\"url\":\"https:\/\/downgalicia.org\/es\/author\/produccionvisualpublinet-com\/\"}]}<\/script>\n<!-- \/ Yoast SEO plugin. -->","yoast_head_json":{"title":"#LosVerdaderosInfluencers, la nueva campa\u00f1a de Down Espa\u00f1a para el D\u00eda Mundial del S\u00edndrome de Down &#8226; Federaci\u00f3n Down Galicia","robots":{"index":"index","follow":"follow","max-snippet":"max-snippet:-1","max-image-preview":"max-image-preview:large","max-video-preview":"max-video-preview:-1"},"canonical":"https:\/\/downgalicia.org\/es\/losverdaderosinfluencers-la-nueva-campana-de-down-espana-para-el-dia-mundial-del-sindrome-de-down\/","og_locale":"es_ES","og_type":"article","og_title":"#LosVerdaderosInfluencers, la nueva campa\u00f1a de Down Espa\u00f1a para el D\u00eda Mundial del S\u00edndrome de Down &#8226; Federaci\u00f3n Down Galicia","og_description":"Con motivo del D\u00eda Mundial del S\u00edndrome de Down, Down Espa\u00f1a ha creado la campa\u00f1a #LosVerdaderosInfluencers, con la que pretenden\u00a0mostrarle a la sociedad que\u00a0las personas con s\u00edndrome de Down, por su forma de ver la vida con ilusi\u00f3n y fuerza,...","og_url":"https:\/\/downgalicia.org\/es\/losverdaderosinfluencers-la-nueva-campana-de-down-espana-para-el-dia-mundial-del-sindrome-de-down\/","og_site_name":"Federaci\u00f3n Down Galicia","article_published_time":"2020-03-20T14:00:37+00:00","og_image":[{"width":400,"height":269,"url":"https:\/\/downgalicia.org\/wp-content\/uploads\/2025\/06\/Influencers-Down-Espana-4.jpg","type":"image\/jpeg"}],"author":"produccion@visualpublinet.com","twitter_card":"summary_large_image","twitter_misc":{"Escrito por":"produccion@visualpublinet.com","Tiempo de lectura":"1 minuto"},"schema":{"@context":"https:\/\/schema.org","@graph":[{"@type":"Article","@id":"https:\/\/downgalicia.org\/es\/losverdaderosinfluencers-la-nueva-campana-de-down-espana-para-el-dia-mundial-del-sindrome-de-down\/#article","isPartOf":{"@id":"https:\/\/downgalicia.org\/es\/losverdaderosinfluencers-la-nueva-campana-de-down-espana-para-el-dia-mundial-del-sindrome-de-down\/"},"author":{"name":"produccion@visualpublinet.com","@id":"https:\/\/downgalicia.org\/es\/#\/schema\/person\/317730a00185114c76a219b94bddef15"},"headline":"#LosVerdaderosInfluencers, la nueva campa\u00f1a de Down Espa\u00f1a para el D\u00eda Mundial del S\u00edndrome de Down","datePublished":"2020-03-20T14:00:37+00:00","mainEntityOfPage":{"@id":"https:\/\/downgalicia.org\/es\/losverdaderosinfluencers-la-nueva-campana-de-down-espana-para-el-dia-mundial-del-sindrome-de-down\/"},"wordCount":244,"publisher":{"@id":"https:\/\/downgalicia.org\/es\/#organization"},"image":{"@id":"https:\/\/downgalicia.org\/es\/losverdaderosinfluencers-la-nueva-campana-de-down-espana-para-el-dia-mundial-del-sindrome-de-down\/#primaryimage"},"thumbnailUrl":"https:\/\/downgalicia.org\/wp-content\/uploads\/2025\/06\/Influencers-Down-Espana-4.jpg","articleSection":["D\u00eda Mundial del S\u00edndrome de Down","Down Espa\u00f1a","Noticias del Movimiento Down"],"inLanguage":"es"},{"@type":"WebPage","@id":"https:\/\/downgalicia.org\/es\/losverdaderosinfluencers-la-nueva-campana-de-down-espana-para-el-dia-mundial-del-sindrome-de-down\/","url":"https:\/\/downgalicia.org\/es\/losverdaderosinfluencers-la-nueva-campana-de-down-espana-para-el-dia-mundial-del-sindrome-de-down\/","name":"#LosVerdaderosInfluencers, la nueva campa\u00f1a de Down Espa\u00f1a para el D\u00eda Mundial del S\u00edndrome de Down &#8226; Federaci\u00f3n Down Galicia","isPartOf":{"@id":"https:\/\/downgalicia.org\/es\/#website"},"primaryImageOfPage":{"@id":"https:\/\/downgalicia.org\/es\/losverdaderosinfluencers-la-nueva-campana-de-down-espana-para-el-dia-mundial-del-sindrome-de-down\/#primaryimage"},"image":{"@id":"https:\/\/downgalicia.org\/es\/losverdaderosinfluencers-la-nueva-campana-de-down-espana-para-el-dia-mundial-del-sindrome-de-down\/#primaryimage"},"thumbnailUrl":"https:\/\/downgalicia.org\/wp-content\/uploads\/2025\/06\/Influencers-Down-Espana-4.jpg","datePublished":"2020-03-20T14:00:37+00:00","breadcrumb":{"@id":"https:\/\/downgalicia.org\/es\/losverdaderosinfluencers-la-nueva-campana-de-down-espana-para-el-dia-mundial-del-sindrome-de-down\/#breadcrumb"},"inLanguage":"es","potentialAction":[{"@type":"ReadAction","target":["https:\/\/downgalicia.org\/es\/losverdaderosinfluencers-la-nueva-campana-de-down-espana-para-el-dia-mundial-del-sindrome-de-down\/"]}]},{"@type":"ImageObject","inLanguage":"es","@id":"https:\/\/downgalicia.org\/es\/losverdaderosinfluencers-la-nueva-campana-de-down-espana-para-el-dia-mundial-del-sindrome-de-down\/#primaryimage","url":"https:\/\/downgalicia.org\/wp-content\/uploads\/2025\/06\/Influencers-Down-Espana-4.jpg","contentUrl":"https:\/\/downgalicia.org\/wp-content\/uploads\/2025\/06\/Influencers-Down-Espana-4.jpg","width":400,"height":269},{"@type":"BreadcrumbList","@id":"https:\/\/downgalicia.org\/es\/losverdaderosinfluencers-la-nueva-campana-de-down-espana-para-el-dia-mundial-del-sindrome-de-down\/#breadcrumb","itemListElement":[{"@type":"ListItem","position":1,"name":"Portada","item":"https:\/\/downgalicia.org\/es\/"},{"@type":"ListItem","position":2,"name":"#LosVerdaderosInfluencers, la nueva campa\u00f1a de Down Espa\u00f1a para el D\u00eda Mundial del S\u00edndrome de Down"}]},{"@type":"WebSite","@id":"https:\/\/downgalicia.org\/es\/#website","url":"https:\/\/downgalicia.org\/es\/","name":"Federaci\u00f3n Down Galicia","description":"Apoio a persoas con S\u00edndrome de Down","publisher":{"@id":"https:\/\/downgalicia.org\/es\/#organization"},"potentialAction":[{"@type":"SearchAction","target":{"@type":"EntryPoint","urlTemplate":"https:\/\/downgalicia.org\/es\/?s={search_term_string}"},"query-input":{"@type":"PropertyValueSpecification","valueRequired":true,"valueName":"search_term_string"}}],"inLanguage":"es"},{"@type":"Organization","@id":"https:\/\/downgalicia.org\/es\/#organization","name":"Federaci\u00f3n Down Galicia","url":"https:\/\/downgalicia.org\/es\/","logo":{"@type":"ImageObject","inLanguage":"es","@id":"https:\/\/downgalicia.org\/es\/#\/schema\/logo\/image\/","url":"https:\/\/downgalicia.org\/wp-content\/uploads\/2024\/07\/logo-sindrome-down-color.svg","contentUrl":"https:\/\/downgalicia.org\/wp-content\/uploads\/2024\/07\/logo-sindrome-down-color.svg","width":271,"height":88,"caption":"Federaci\u00f3n Down Galicia"},"image":{"@id":"https:\/\/downgalicia.org\/es\/#\/schema\/logo\/image\/"}},{"@type":"Person","@id":"https:\/\/downgalicia.org\/es\/#\/schema\/person\/317730a00185114c76a219b94bddef15","name":"produccion@visualpublinet.com","image":{"@type":"ImageObject","inLanguage":"es","@id":"https:\/\/downgalicia.org\/es\/#\/schema\/person\/image\/","url":"https:\/\/secure.gravatar.com\/avatar\/282ee20c78c1b1137175d4ab9f75785d8c239d499b1376df3ba16efa213b7b10?s=96&d=mm&r=g","contentUrl":"https:\/\/secure.gravatar.com\/avatar\/282ee20c78c1b1137175d4ab9f75785d8c239d499b1376df3ba16efa213b7b10?s=96&d=mm&r=g","caption":"produccion@visualpublinet.com"},"sameAs":["https:\/\/downgalicia.org"],"url":"https:\/\/downgalicia.org\/es\/author\/produccionvisualpublinet-com\/"}]}},"_links":{"self":[{"href":"https:\/\/downgalicia.org\/es\/wp-json\/wp\/v2\/posts\/6216","targetHints":{"allow":["GET"]}}],"collection":[{"href":"https:\/\/downgalicia.org\/es\/wp-json\/wp\/v2\/posts"}],"about":[{"href":"https:\/\/downgalicia.org\/es\/wp-json\/wp\/v2\/types\/post"}],"author":[{"embeddable":true,"href":"https:\/\/downgalicia.org\/es\/wp-json\/wp\/v2\/users\/1"}],"replies":[{"embeddable":true,"href":"https:\/\/downgalicia.org\/es\/wp-json\/wp\/v2\/comments?post=6216"}],"version-history":[{"count":0,"href":"https:\/\/downgalicia.org\/es\/wp-json\/wp\/v2\/posts\/6216\/revisions"}],"wp:featuredmedia":[{"embeddable":true,"href":"https:\/\/downgalicia.org\/es\/wp-json\/wp\/v2\/media\/6217"}],"wp:attachment":[{"href":"https:\/\/downgalicia.org\/es\/wp-json\/wp\/v2\/media?parent=6216"}],"wp:term":[{"taxonomy":"category","embeddable":true,"href":"https:\/\/downgalicia.org\/es\/wp-json\/wp\/v2\/categories?post=6216"},{"taxonomy":"post_tag","embeddable":true,"href":"https:\/\/downgalicia.org\/es\/wp-json\/wp\/v2\/tags?post=6216"}],"curies":[{"name":"wp","href":"https:\/\/api.w.org\/{rel}","templated":true}]}}