{"id":6272,"date":"2020-02-04T11:57:10","date_gmt":"2020-02-04T10:57:10","guid":{"rendered":"http:\/\/downgalicia.org.136-144-253-96.136-144-253-96.visualpublinet.com\/down-galicia-y-clece-se-alian-para-promover-la-inclusion-laboral-de-las-personas-con-discapacidad-intelectual\/"},"modified":"2020-02-04T11:57:10","modified_gmt":"2020-02-04T10:57:10","slug":"down-galicia-y-clece-se-alian-para-promover-la-inclusion-laboral-de-las-personas-con-discapacidad-intelectual","status":"publish","type":"post","link":"https:\/\/downgalicia.org\/es\/down-galicia-y-clece-se-alian-para-promover-la-inclusion-laboral-de-las-personas-con-discapacidad-intelectual\/","title":{"rendered":"Down Galicia y Clece se al\u00edan para promover la inclusi\u00f3n laboral de las personas con discapacidad intelectual"},"content":{"rendered":"<p>La Federaci\u00f3n Down Galicia acaba de firmar un convenio de colaboraci\u00f3n con la compa\u00f1\u00eda multiservicios Clece S.A. Este convenio, presentado hoy en un acto en Santiago de Compostela, se enmarca dentro del \u00e1rea de empleo de Down Galicia, que tiene por objetivo fomentar la inclusi\u00f3n en el comprado laboral com\u00fan de las personas usuarias de las entidades Down en la comunidad.<\/p>\n<p>El acuerdo consta de la realizaci\u00f3n de distintas acciones que promuevan la inserci\u00f3n laboral de las personas con s\u00edndrome de Down y otras discapacidades intelectuales a trav\u00e9s de la sensibilizaci\u00f3n de las personas trabajadoras de Clece y de sus filiales. De esta forma, se minimizar\u00e1n las diferentes barreras con las que se encuentra el colectivo en el proceso de b\u00fasqueda de empleo.<\/p>\n<p>Dentro de las acciones propuestas, destacan las campa\u00f1as de difusi\u00f3n y sensibilizaci\u00f3n, la colaboraci\u00f3n en eventos de contenido social, la participaci\u00f3n en el portal Inclusi\u00f3n&amp;Empleo y la comunicaci\u00f3n, difusi\u00f3n y publicidad de colaboraciones sociales.<\/p>\n<p>Clece expresa adem\u00e1s su voluntad de promover y adoptar, en colaboraci\u00f3n con la Federaci\u00f3n Down Galicia, otros mecanismos que contribuyan a fomentar la inserci\u00f3n laboral y el bienestar de las personas en situaci\u00f3n de vulnerabilidad, de manera que se puedan alcanzar sucesivos acuerdos en esta materia.<\/p>\n<p>En el acto de esta ma\u00f1ana, Delmiro Prieto, presidente de Down Galicia, destac\u00f3 \u201cla necesidad de contar con el apoyo del tejido empresarial gallego, pues es crucial para que el futuro de nuestra sociedad est\u00e9 basado en la igualdad, la equidad y la inclusi\u00f3n de todas las personas\u201d. Prieto aprovech\u00f3 su intervenci\u00f3n para invitar \u201ca todos los empresarios y empresarias a descubrir lo mucho que las personas con s\u00edndrome de Down y otras discapacidades intelectuales tienen que ofrecer\u201d.<\/p>\n<p>Por parte de Clece,\u00a0 Flavia Gonz\u00e1lez, responsable de Selecci\u00f3n de Personal e Inserci\u00f3n, resalt\u00f3 que \u201ccon este convenio se trata de impulsar la colaboraci\u00f3n para el fomento del empleo con apoyo que tan buenos resultados nos ha dado en otros lugares de Espa\u00f1a\u201d e indic\u00f3 que \u201cla intenci\u00f3n por parte de la empresa es seguir acogiendo a todos los colectivos ya que, con este en concreto, tuvimos muy buenas experiencias en las pr\u00e1cticas no laborales en la ciudad de Vigo\u201d.<\/p>\n","protected":false},"excerpt":{"rendered":"<p>La Federaci\u00f3n Down Galicia acaba de firmar un convenio de colaboraci\u00f3n con la compa\u00f1\u00eda multiservicios Clece S.A. Este convenio, presentado hoy en un acto en Santiago de Compostela, se enmarca dentro del \u00e1rea de empleo de Down Galicia, que tiene&#8230;<\/p>\n","protected":false},"author":1,"featured_media":6273,"comment_status":"closed","ping_status":"closed","sticky":false,"template":"","format":"standard","meta":{"_acf_changed":false,"give_campaign_id":0,"footnotes":""},"categories":[129,127,71],"tags":[],"class_list":["post-6272","post","type-post","status-publish","format-standard","has-post-thumbnail","hentry","category-down-galicia-hemeroteca-es","category-formacion-e-emprego-hemeroteca-hemeroteca-es","category-noticias-sindrome-de-down-es"],"acf":[],"yoast_head":"<!-- This site is optimized with the Yoast SEO plugin v25.3.1 - https:\/\/yoast.com\/wordpress\/plugins\/seo\/ -->\n<title>Down Galicia y Clece se al\u00edan para promover la inclusi\u00f3n laboral de las personas con discapacidad intelectual &#8226; Federaci\u00f3n Down Galicia<\/title>\n<meta name=\"robots\" content=\"index, follow, max-snippet:-1, max-image-preview:large, max-video-preview:-1\" \/>\n<link rel=\"canonical\" href=\"https:\/\/downgalicia.org\/es\/down-galicia-y-clece-se-alian-para-promover-la-inclusion-laboral-de-las-personas-con-discapacidad-intelectual\/\" \/>\n<meta property=\"og:locale\" content=\"es_ES\" \/>\n<meta property=\"og:type\" content=\"article\" \/>\n<meta property=\"og:title\" content=\"Down Galicia y Clece se al\u00edan para promover la inclusi\u00f3n laboral de las personas con discapacidad intelectual &#8226; Federaci\u00f3n Down Galicia\" \/>\n<meta property=\"og:description\" content=\"La Federaci\u00f3n Down Galicia acaba de firmar un convenio de colaboraci\u00f3n con la compa\u00f1\u00eda multiservicios Clece S.A. Este convenio, presentado hoy en un acto en Santiago de Compostela, se enmarca dentro del \u00e1rea de empleo de Down Galicia, que tiene...\" \/>\n<meta property=\"og:url\" content=\"https:\/\/downgalicia.org\/es\/down-galicia-y-clece-se-alian-para-promover-la-inclusion-laboral-de-las-personas-con-discapacidad-intelectual\/\" \/>\n<meta property=\"og:site_name\" content=\"Federaci\u00f3n Down Galicia\" \/>\n<meta property=\"article:published_time\" content=\"2020-02-04T10:57:10+00:00\" \/>\n<meta property=\"og:image\" content=\"https:\/\/downgalicia.org\/wp-content\/uploads\/2025\/06\/NP_Convenio-colaboracion-Down-Galicia-Clece-4.jpg\" \/>\n\t<meta property=\"og:image:width\" content=\"1620\" \/>\n\t<meta property=\"og:image:height\" content=\"1080\" \/>\n\t<meta property=\"og:image:type\" content=\"image\/jpeg\" \/>\n<meta name=\"author\" content=\"produccion@visualpublinet.com\" \/>\n<meta name=\"twitter:card\" content=\"summary_large_image\" \/>\n<meta name=\"twitter:label1\" content=\"Escrito por\" \/>\n\t<meta name=\"twitter:data1\" content=\"produccion@visualpublinet.com\" \/>\n\t<meta name=\"twitter:label2\" content=\"Tiempo de lectura\" \/>\n\t<meta name=\"twitter:data2\" content=\"2 minutos\" \/>\n<script type=\"application\/ld+json\" class=\"yoast-schema-graph\">{\"@context\":\"https:\/\/schema.org\",\"@graph\":[{\"@type\":\"Article\",\"@id\":\"https:\/\/downgalicia.org\/es\/down-galicia-y-clece-se-alian-para-promover-la-inclusion-laboral-de-las-personas-con-discapacidad-intelectual\/#article\",\"isPartOf\":{\"@id\":\"https:\/\/downgalicia.org\/es\/down-galicia-y-clece-se-alian-para-promover-la-inclusion-laboral-de-las-personas-con-discapacidad-intelectual\/\"},\"author\":{\"name\":\"produccion@visualpublinet.com\",\"@id\":\"https:\/\/downgalicia.org\/es\/#\/schema\/person\/317730a00185114c76a219b94bddef15\"},\"headline\":\"Down Galicia y Clece se al\u00edan para promover la inclusi\u00f3n laboral de las personas con discapacidad intelectual\",\"datePublished\":\"2020-02-04T10:57:10+00:00\",\"mainEntityOfPage\":{\"@id\":\"https:\/\/downgalicia.org\/es\/down-galicia-y-clece-se-alian-para-promover-la-inclusion-laboral-de-las-personas-con-discapacidad-intelectual\/\"},\"wordCount\":419,\"publisher\":{\"@id\":\"https:\/\/downgalicia.org\/es\/#organization\"},\"image\":{\"@id\":\"https:\/\/downgalicia.org\/es\/down-galicia-y-clece-se-alian-para-promover-la-inclusion-laboral-de-las-personas-con-discapacidad-intelectual\/#primaryimage\"},\"thumbnailUrl\":\"https:\/\/downgalicia.org\/wp-content\/uploads\/2025\/06\/NP_Convenio-colaboracion-Down-Galicia-Clece-4.jpg\",\"articleSection\":[\"Down Galicia\",\"Formaci\u00f3n e Emprego\",\"Noticias del Movimiento Down\"],\"inLanguage\":\"es\"},{\"@type\":\"WebPage\",\"@id\":\"https:\/\/downgalicia.org\/es\/down-galicia-y-clece-se-alian-para-promover-la-inclusion-laboral-de-las-personas-con-discapacidad-intelectual\/\",\"url\":\"https:\/\/downgalicia.org\/es\/down-galicia-y-clece-se-alian-para-promover-la-inclusion-laboral-de-las-personas-con-discapacidad-intelectual\/\",\"name\":\"Down Galicia y Clece se al\u00edan para promover la inclusi\u00f3n laboral de las personas con discapacidad intelectual &#8226; Federaci\u00f3n Down Galicia\",\"isPartOf\":{\"@id\":\"https:\/\/downgalicia.org\/es\/#website\"},\"primaryImageOfPage\":{\"@id\":\"https:\/\/downgalicia.org\/es\/down-galicia-y-clece-se-alian-para-promover-la-inclusion-laboral-de-las-personas-con-discapacidad-intelectual\/#primaryimage\"},\"image\":{\"@id\":\"https:\/\/downgalicia.org\/es\/down-galicia-y-clece-se-alian-para-promover-la-inclusion-laboral-de-las-personas-con-discapacidad-intelectual\/#primaryimage\"},\"thumbnailUrl\":\"https:\/\/downgalicia.org\/wp-content\/uploads\/2025\/06\/NP_Convenio-colaboracion-Down-Galicia-Clece-4.jpg\",\"datePublished\":\"2020-02-04T10:57:10+00:00\",\"breadcrumb\":{\"@id\":\"https:\/\/downgalicia.org\/es\/down-galicia-y-clece-se-alian-para-promover-la-inclusion-laboral-de-las-personas-con-discapacidad-intelectual\/#breadcrumb\"},\"inLanguage\":\"es\",\"potentialAction\":[{\"@type\":\"ReadAction\",\"target\":[\"https:\/\/downgalicia.org\/es\/down-galicia-y-clece-se-alian-para-promover-la-inclusion-laboral-de-las-personas-con-discapacidad-intelectual\/\"]}]},{\"@type\":\"ImageObject\",\"inLanguage\":\"es\",\"@id\":\"https:\/\/downgalicia.org\/es\/down-galicia-y-clece-se-alian-para-promover-la-inclusion-laboral-de-las-personas-con-discapacidad-intelectual\/#primaryimage\",\"url\":\"https:\/\/downgalicia.org\/wp-content\/uploads\/2025\/06\/NP_Convenio-colaboracion-Down-Galicia-Clece-4.jpg\",\"contentUrl\":\"https:\/\/downgalicia.org\/wp-content\/uploads\/2025\/06\/NP_Convenio-colaboracion-Down-Galicia-Clece-4.jpg\",\"width\":1620,\"height\":1080},{\"@type\":\"BreadcrumbList\",\"@id\":\"https:\/\/downgalicia.org\/es\/down-galicia-y-clece-se-alian-para-promover-la-inclusion-laboral-de-las-personas-con-discapacidad-intelectual\/#breadcrumb\",\"itemListElement\":[{\"@type\":\"ListItem\",\"position\":1,\"name\":\"Portada\",\"item\":\"https:\/\/downgalicia.org\/es\/\"},{\"@type\":\"ListItem\",\"position\":2,\"name\":\"Down Galicia y Clece se al\u00edan para promover la inclusi\u00f3n laboral de las personas con discapacidad intelectual\"}]},{\"@type\":\"WebSite\",\"@id\":\"https:\/\/downgalicia.org\/es\/#website\",\"url\":\"https:\/\/downgalicia.org\/es\/\",\"name\":\"Federaci\u00f3n Down Galicia\",\"description\":\"Apoio a persoas con S\u00edndrome de Down\",\"publisher\":{\"@id\":\"https:\/\/downgalicia.org\/es\/#organization\"},\"potentialAction\":[{\"@type\":\"SearchAction\",\"target\":{\"@type\":\"EntryPoint\",\"urlTemplate\":\"https:\/\/downgalicia.org\/es\/?s={search_term_string}\"},\"query-input\":{\"@type\":\"PropertyValueSpecification\",\"valueRequired\":true,\"valueName\":\"search_term_string\"}}],\"inLanguage\":\"es\"},{\"@type\":\"Organization\",\"@id\":\"https:\/\/downgalicia.org\/es\/#organization\",\"name\":\"Federaci\u00f3n Down Galicia\",\"url\":\"https:\/\/downgalicia.org\/es\/\",\"logo\":{\"@type\":\"ImageObject\",\"inLanguage\":\"es\",\"@id\":\"https:\/\/downgalicia.org\/es\/#\/schema\/logo\/image\/\",\"url\":\"https:\/\/downgalicia.org\/wp-content\/uploads\/2024\/07\/logo-sindrome-down-color.svg\",\"contentUrl\":\"https:\/\/downgalicia.org\/wp-content\/uploads\/2024\/07\/logo-sindrome-down-color.svg\",\"width\":271,\"height\":88,\"caption\":\"Federaci\u00f3n Down Galicia\"},\"image\":{\"@id\":\"https:\/\/downgalicia.org\/es\/#\/schema\/logo\/image\/\"}},{\"@type\":\"Person\",\"@id\":\"https:\/\/downgalicia.org\/es\/#\/schema\/person\/317730a00185114c76a219b94bddef15\",\"name\":\"produccion@visualpublinet.com\",\"image\":{\"@type\":\"ImageObject\",\"inLanguage\":\"es\",\"@id\":\"https:\/\/downgalicia.org\/es\/#\/schema\/person\/image\/\",\"url\":\"https:\/\/secure.gravatar.com\/avatar\/282ee20c78c1b1137175d4ab9f75785d8c239d499b1376df3ba16efa213b7b10?s=96&d=mm&r=g\",\"contentUrl\":\"https:\/\/secure.gravatar.com\/avatar\/282ee20c78c1b1137175d4ab9f75785d8c239d499b1376df3ba16efa213b7b10?s=96&d=mm&r=g\",\"caption\":\"produccion@visualpublinet.com\"},\"sameAs\":[\"https:\/\/downgalicia.org\"],\"url\":\"https:\/\/downgalicia.org\/es\/author\/produccionvisualpublinet-com\/\"}]}<\/script>\n<!-- \/ Yoast SEO plugin. -->","yoast_head_json":{"title":"Down Galicia y Clece se al\u00edan para promover la inclusi\u00f3n laboral de las personas con discapacidad intelectual &#8226; Federaci\u00f3n Down Galicia","robots":{"index":"index","follow":"follow","max-snippet":"max-snippet:-1","max-image-preview":"max-image-preview:large","max-video-preview":"max-video-preview:-1"},"canonical":"https:\/\/downgalicia.org\/es\/down-galicia-y-clece-se-alian-para-promover-la-inclusion-laboral-de-las-personas-con-discapacidad-intelectual\/","og_locale":"es_ES","og_type":"article","og_title":"Down Galicia y Clece se al\u00edan para promover la inclusi\u00f3n laboral de las personas con discapacidad intelectual &#8226; Federaci\u00f3n Down Galicia","og_description":"La Federaci\u00f3n Down Galicia acaba de firmar un convenio de colaboraci\u00f3n con la compa\u00f1\u00eda multiservicios Clece S.A. Este convenio, presentado hoy en un acto en Santiago de Compostela, se enmarca dentro del \u00e1rea de empleo de Down Galicia, que tiene...","og_url":"https:\/\/downgalicia.org\/es\/down-galicia-y-clece-se-alian-para-promover-la-inclusion-laboral-de-las-personas-con-discapacidad-intelectual\/","og_site_name":"Federaci\u00f3n Down Galicia","article_published_time":"2020-02-04T10:57:10+00:00","og_image":[{"width":1620,"height":1080,"url":"https:\/\/downgalicia.org\/wp-content\/uploads\/2025\/06\/NP_Convenio-colaboracion-Down-Galicia-Clece-4.jpg","type":"image\/jpeg"}],"author":"produccion@visualpublinet.com","twitter_card":"summary_large_image","twitter_misc":{"Escrito por":"produccion@visualpublinet.com","Tiempo de lectura":"2 minutos"},"schema":{"@context":"https:\/\/schema.org","@graph":[{"@type":"Article","@id":"https:\/\/downgalicia.org\/es\/down-galicia-y-clece-se-alian-para-promover-la-inclusion-laboral-de-las-personas-con-discapacidad-intelectual\/#article","isPartOf":{"@id":"https:\/\/downgalicia.org\/es\/down-galicia-y-clece-se-alian-para-promover-la-inclusion-laboral-de-las-personas-con-discapacidad-intelectual\/"},"author":{"name":"produccion@visualpublinet.com","@id":"https:\/\/downgalicia.org\/es\/#\/schema\/person\/317730a00185114c76a219b94bddef15"},"headline":"Down Galicia y Clece se al\u00edan para promover la inclusi\u00f3n laboral de las personas con discapacidad intelectual","datePublished":"2020-02-04T10:57:10+00:00","mainEntityOfPage":{"@id":"https:\/\/downgalicia.org\/es\/down-galicia-y-clece-se-alian-para-promover-la-inclusion-laboral-de-las-personas-con-discapacidad-intelectual\/"},"wordCount":419,"publisher":{"@id":"https:\/\/downgalicia.org\/es\/#organization"},"image":{"@id":"https:\/\/downgalicia.org\/es\/down-galicia-y-clece-se-alian-para-promover-la-inclusion-laboral-de-las-personas-con-discapacidad-intelectual\/#primaryimage"},"thumbnailUrl":"https:\/\/downgalicia.org\/wp-content\/uploads\/2025\/06\/NP_Convenio-colaboracion-Down-Galicia-Clece-4.jpg","articleSection":["Down Galicia","Formaci\u00f3n e Emprego","Noticias del Movimiento Down"],"inLanguage":"es"},{"@type":"WebPage","@id":"https:\/\/downgalicia.org\/es\/down-galicia-y-clece-se-alian-para-promover-la-inclusion-laboral-de-las-personas-con-discapacidad-intelectual\/","url":"https:\/\/downgalicia.org\/es\/down-galicia-y-clece-se-alian-para-promover-la-inclusion-laboral-de-las-personas-con-discapacidad-intelectual\/","name":"Down Galicia y Clece se al\u00edan para promover la inclusi\u00f3n laboral de las personas con discapacidad intelectual &#8226; Federaci\u00f3n Down Galicia","isPartOf":{"@id":"https:\/\/downgalicia.org\/es\/#website"},"primaryImageOfPage":{"@id":"https:\/\/downgalicia.org\/es\/down-galicia-y-clece-se-alian-para-promover-la-inclusion-laboral-de-las-personas-con-discapacidad-intelectual\/#primaryimage"},"image":{"@id":"https:\/\/downgalicia.org\/es\/down-galicia-y-clece-se-alian-para-promover-la-inclusion-laboral-de-las-personas-con-discapacidad-intelectual\/#primaryimage"},"thumbnailUrl":"https:\/\/downgalicia.org\/wp-content\/uploads\/2025\/06\/NP_Convenio-colaboracion-Down-Galicia-Clece-4.jpg","datePublished":"2020-02-04T10:57:10+00:00","breadcrumb":{"@id":"https:\/\/downgalicia.org\/es\/down-galicia-y-clece-se-alian-para-promover-la-inclusion-laboral-de-las-personas-con-discapacidad-intelectual\/#breadcrumb"},"inLanguage":"es","potentialAction":[{"@type":"ReadAction","target":["https:\/\/downgalicia.org\/es\/down-galicia-y-clece-se-alian-para-promover-la-inclusion-laboral-de-las-personas-con-discapacidad-intelectual\/"]}]},{"@type":"ImageObject","inLanguage":"es","@id":"https:\/\/downgalicia.org\/es\/down-galicia-y-clece-se-alian-para-promover-la-inclusion-laboral-de-las-personas-con-discapacidad-intelectual\/#primaryimage","url":"https:\/\/downgalicia.org\/wp-content\/uploads\/2025\/06\/NP_Convenio-colaboracion-Down-Galicia-Clece-4.jpg","contentUrl":"https:\/\/downgalicia.org\/wp-content\/uploads\/2025\/06\/NP_Convenio-colaboracion-Down-Galicia-Clece-4.jpg","width":1620,"height":1080},{"@type":"BreadcrumbList","@id":"https:\/\/downgalicia.org\/es\/down-galicia-y-clece-se-alian-para-promover-la-inclusion-laboral-de-las-personas-con-discapacidad-intelectual\/#breadcrumb","itemListElement":[{"@type":"ListItem","position":1,"name":"Portada","item":"https:\/\/downgalicia.org\/es\/"},{"@type":"ListItem","position":2,"name":"Down Galicia y Clece se al\u00edan para promover la inclusi\u00f3n laboral de las personas con discapacidad intelectual"}]},{"@type":"WebSite","@id":"https:\/\/downgalicia.org\/es\/#website","url":"https:\/\/downgalicia.org\/es\/","name":"Federaci\u00f3n Down Galicia","description":"Apoio a persoas con S\u00edndrome de Down","publisher":{"@id":"https:\/\/downgalicia.org\/es\/#organization"},"potentialAction":[{"@type":"SearchAction","target":{"@type":"EntryPoint","urlTemplate":"https:\/\/downgalicia.org\/es\/?s={search_term_string}"},"query-input":{"@type":"PropertyValueSpecification","valueRequired":true,"valueName":"search_term_string"}}],"inLanguage":"es"},{"@type":"Organization","@id":"https:\/\/downgalicia.org\/es\/#organization","name":"Federaci\u00f3n Down Galicia","url":"https:\/\/downgalicia.org\/es\/","logo":{"@type":"ImageObject","inLanguage":"es","@id":"https:\/\/downgalicia.org\/es\/#\/schema\/logo\/image\/","url":"https:\/\/downgalicia.org\/wp-content\/uploads\/2024\/07\/logo-sindrome-down-color.svg","contentUrl":"https:\/\/downgalicia.org\/wp-content\/uploads\/2024\/07\/logo-sindrome-down-color.svg","width":271,"height":88,"caption":"Federaci\u00f3n Down Galicia"},"image":{"@id":"https:\/\/downgalicia.org\/es\/#\/schema\/logo\/image\/"}},{"@type":"Person","@id":"https:\/\/downgalicia.org\/es\/#\/schema\/person\/317730a00185114c76a219b94bddef15","name":"produccion@visualpublinet.com","image":{"@type":"ImageObject","inLanguage":"es","@id":"https:\/\/downgalicia.org\/es\/#\/schema\/person\/image\/","url":"https:\/\/secure.gravatar.com\/avatar\/282ee20c78c1b1137175d4ab9f75785d8c239d499b1376df3ba16efa213b7b10?s=96&d=mm&r=g","contentUrl":"https:\/\/secure.gravatar.com\/avatar\/282ee20c78c1b1137175d4ab9f75785d8c239d499b1376df3ba16efa213b7b10?s=96&d=mm&r=g","caption":"produccion@visualpublinet.com"},"sameAs":["https:\/\/downgalicia.org"],"url":"https:\/\/downgalicia.org\/es\/author\/produccionvisualpublinet-com\/"}]}},"_links":{"self":[{"href":"https:\/\/downgalicia.org\/es\/wp-json\/wp\/v2\/posts\/6272","targetHints":{"allow":["GET"]}}],"collection":[{"href":"https:\/\/downgalicia.org\/es\/wp-json\/wp\/v2\/posts"}],"about":[{"href":"https:\/\/downgalicia.org\/es\/wp-json\/wp\/v2\/types\/post"}],"author":[{"embeddable":true,"href":"https:\/\/downgalicia.org\/es\/wp-json\/wp\/v2\/users\/1"}],"replies":[{"embeddable":true,"href":"https:\/\/downgalicia.org\/es\/wp-json\/wp\/v2\/comments?post=6272"}],"version-history":[{"count":0,"href":"https:\/\/downgalicia.org\/es\/wp-json\/wp\/v2\/posts\/6272\/revisions"}],"wp:featuredmedia":[{"embeddable":true,"href":"https:\/\/downgalicia.org\/es\/wp-json\/wp\/v2\/media\/6273"}],"wp:attachment":[{"href":"https:\/\/downgalicia.org\/es\/wp-json\/wp\/v2\/media?parent=6272"}],"wp:term":[{"taxonomy":"category","embeddable":true,"href":"https:\/\/downgalicia.org\/es\/wp-json\/wp\/v2\/categories?post=6272"},{"taxonomy":"post_tag","embeddable":true,"href":"https:\/\/downgalicia.org\/es\/wp-json\/wp\/v2\/tags?post=6272"}],"curies":[{"name":"wp","href":"https:\/\/api.w.org\/{rel}","templated":true}]}}