{"id":6566,"date":"2019-05-14T13:35:25","date_gmt":"2019-05-14T11:35:25","guid":{"rendered":"http:\/\/downgalicia.org.136-144-253-96.136-144-253-96.visualpublinet.com\/la-conselleira-de-politica-social-visita-la-sede-de-down-compostela-y-down-galicia\/"},"modified":"2019-05-14T13:35:25","modified_gmt":"2019-05-14T11:35:25","slug":"la-conselleira-de-politica-social-visita-la-sede-de-down-compostela-y-down-galicia","status":"publish","type":"post","link":"https:\/\/downgalicia.org\/es\/la-conselleira-de-politica-social-visita-la-sede-de-down-compostela-y-down-galicia\/","title":{"rendered":"La Conselleira de Pol\u00edtica Social visita la sede de Down Compostela y Down Galicia"},"content":{"rendered":"<p>Fabiola Garc\u00eda Mart\u00ednez, Conselleira de Pol\u00edtica Social, visit\u00f3 esta ma\u00f1ana las instalaciones que la Fundaci\u00f3n Down Compostela y la Federaci\u00f3n Down Galicia tienen en la ciudad de Santiago y pudo comprobar de primera mano el trabajo realizado por ambas entidades.<\/p>\n<p>Guiada por Iv\u00e1n Allende y Dani Mart\u00ednez, los dos j\u00f3venes de Down Compostela que en estos momentos est\u00e1n realizando <a href=\"https:\/\/downgalicia.org\/2019\/04\/01\/doce-persoas-usuarias-de-entidades-down-realizaran-practicas-en-dependencias-da-xunta-de-galicia-este-2019\/\">pr\u00e1cticas en la administraci\u00f3n auton\u00f3mica<\/a>, la representante de la Xunta de Galicia pudo observar el desarrollo de algunas de las sesiones de atenci\u00f3n temprana, logopedia o nuevas tecnolog\u00edas que se llevan a cabo en la Fundaci\u00f3n. All\u00ed, tuvo ocasi\u00f3n de charlar con las personas usuarias de la entidad, recibiendo as\u00ed las impresiones y valoraciones de los servicios que reciben, centrados en el desarrollo integral de las personas con s\u00edndrome de Down y otras discapacidades intelectuales y que tienen como objetivo final su inclusi\u00f3n social.<\/p>\n<p>Al terminar la visita a las instalaciones, Garc\u00eda Mart\u00ednez pudo disfrutar de un peque\u00f1o desayuno ofrecido por las personas participantes en la formaci\u00f3n de restauraci\u00f3n y bar que la Fundaci\u00f3n Down Compostela est\u00e1 llevando a cabo con la financiaci\u00f3n de la propia Conseller\u00eda de Pol\u00edtica Social.<\/p>\n<p>Tras el refrigerio, representantes de la Junta Directiva de Down Compostela y de la Federaci\u00f3n Down Galicia pudieron trasladar a la Conselleira las principales demandas del conjunto Down, centr\u00e1ndose principalmente en la puesta en marcha de pr\u00e1cticas formativas en la administraci\u00f3n en toda la Comunidad Aut\u00f3noma.<\/p>\n","protected":false},"excerpt":{"rendered":"<p>Fabiola Garc\u00eda Mart\u00ednez, Conselleira de Pol\u00edtica Social, visit\u00f3 esta ma\u00f1ana las instalaciones que la Fundaci\u00f3n Down Compostela y la Federaci\u00f3n Down Galicia tienen en la ciudad de Santiago y pudo comprobar de primera mano el trabajo realizado por ambas entidades&#8230;.<\/p>\n","protected":false},"author":1,"featured_media":6567,"comment_status":"closed","ping_status":"closed","sticky":false,"template":"","format":"standard","meta":{"_acf_changed":false,"give_campaign_id":0,"footnotes":""},"categories":[134,129,71],"tags":[],"class_list":["post-6566","post","type-post","status-publish","format-standard","has-post-thumbnail","hentry","category-down-compostela-hemeroteca-es","category-down-galicia-hemeroteca-es","category-noticias-sindrome-de-down-es"],"acf":[],"yoast_head":"<!-- This site is optimized with the Yoast SEO plugin v25.3.1 - https:\/\/yoast.com\/wordpress\/plugins\/seo\/ -->\n<title>La Conselleira de Pol\u00edtica Social visita la sede de Down Compostela y Down Galicia &#8226; Federaci\u00f3n Down Galicia<\/title>\n<meta name=\"robots\" content=\"index, follow, max-snippet:-1, max-image-preview:large, max-video-preview:-1\" \/>\n<link rel=\"canonical\" href=\"https:\/\/downgalicia.org\/es\/la-conselleira-de-politica-social-visita-la-sede-de-down-compostela-y-down-galicia\/\" \/>\n<meta property=\"og:locale\" content=\"es_ES\" \/>\n<meta property=\"og:type\" content=\"article\" \/>\n<meta property=\"og:title\" content=\"La Conselleira de Pol\u00edtica Social visita la sede de Down Compostela y Down Galicia &#8226; Federaci\u00f3n Down Galicia\" \/>\n<meta property=\"og:description\" content=\"Fabiola Garc\u00eda Mart\u00ednez, Conselleira de Pol\u00edtica Social, visit\u00f3 esta ma\u00f1ana las instalaciones que la Fundaci\u00f3n Down Compostela y la Federaci\u00f3n Down Galicia tienen en la ciudad de Santiago y pudo comprobar de primera mano el trabajo realizado por ambas entidades....\" \/>\n<meta property=\"og:url\" content=\"https:\/\/downgalicia.org\/es\/la-conselleira-de-politica-social-visita-la-sede-de-down-compostela-y-down-galicia\/\" \/>\n<meta property=\"og:site_name\" content=\"Federaci\u00f3n Down Galicia\" \/>\n<meta property=\"article:published_time\" content=\"2019-05-14T11:35:25+00:00\" \/>\n<meta property=\"og:image\" content=\"https:\/\/downgalicia.org\/wp-content\/uploads\/2025\/06\/Visita-Conselleira-Politica-Social-1-4.jpg\" \/>\n\t<meta property=\"og:image:width\" content=\"1620\" \/>\n\t<meta property=\"og:image:height\" content=\"1080\" \/>\n\t<meta property=\"og:image:type\" content=\"image\/jpeg\" \/>\n<meta name=\"author\" content=\"produccion@visualpublinet.com\" \/>\n<meta name=\"twitter:card\" content=\"summary_large_image\" \/>\n<meta name=\"twitter:label1\" content=\"Escrito por\" \/>\n\t<meta name=\"twitter:data1\" content=\"produccion@visualpublinet.com\" \/>\n\t<meta name=\"twitter:label2\" content=\"Tiempo de lectura\" \/>\n\t<meta name=\"twitter:data2\" content=\"1 minuto\" \/>\n<script type=\"application\/ld+json\" class=\"yoast-schema-graph\">{\"@context\":\"https:\/\/schema.org\",\"@graph\":[{\"@type\":\"Article\",\"@id\":\"https:\/\/downgalicia.org\/es\/la-conselleira-de-politica-social-visita-la-sede-de-down-compostela-y-down-galicia\/#article\",\"isPartOf\":{\"@id\":\"https:\/\/downgalicia.org\/es\/la-conselleira-de-politica-social-visita-la-sede-de-down-compostela-y-down-galicia\/\"},\"author\":{\"name\":\"produccion@visualpublinet.com\",\"@id\":\"https:\/\/downgalicia.org\/es\/#\/schema\/person\/317730a00185114c76a219b94bddef15\"},\"headline\":\"La Conselleira de Pol\u00edtica Social visita la sede de Down Compostela y Down Galicia\",\"datePublished\":\"2019-05-14T11:35:25+00:00\",\"mainEntityOfPage\":{\"@id\":\"https:\/\/downgalicia.org\/es\/la-conselleira-de-politica-social-visita-la-sede-de-down-compostela-y-down-galicia\/\"},\"wordCount\":283,\"publisher\":{\"@id\":\"https:\/\/downgalicia.org\/es\/#organization\"},\"image\":{\"@id\":\"https:\/\/downgalicia.org\/es\/la-conselleira-de-politica-social-visita-la-sede-de-down-compostela-y-down-galicia\/#primaryimage\"},\"thumbnailUrl\":\"https:\/\/downgalicia.org\/wp-content\/uploads\/2025\/06\/Visita-Conselleira-Politica-Social-1-4.jpg\",\"articleSection\":[\"Down Compostela\",\"Down Galicia\",\"Noticias del Movimiento Down\"],\"inLanguage\":\"es\"},{\"@type\":\"WebPage\",\"@id\":\"https:\/\/downgalicia.org\/es\/la-conselleira-de-politica-social-visita-la-sede-de-down-compostela-y-down-galicia\/\",\"url\":\"https:\/\/downgalicia.org\/es\/la-conselleira-de-politica-social-visita-la-sede-de-down-compostela-y-down-galicia\/\",\"name\":\"La Conselleira de Pol\u00edtica Social visita la sede de Down Compostela y Down Galicia &#8226; Federaci\u00f3n Down Galicia\",\"isPartOf\":{\"@id\":\"https:\/\/downgalicia.org\/es\/#website\"},\"primaryImageOfPage\":{\"@id\":\"https:\/\/downgalicia.org\/es\/la-conselleira-de-politica-social-visita-la-sede-de-down-compostela-y-down-galicia\/#primaryimage\"},\"image\":{\"@id\":\"https:\/\/downgalicia.org\/es\/la-conselleira-de-politica-social-visita-la-sede-de-down-compostela-y-down-galicia\/#primaryimage\"},\"thumbnailUrl\":\"https:\/\/downgalicia.org\/wp-content\/uploads\/2025\/06\/Visita-Conselleira-Politica-Social-1-4.jpg\",\"datePublished\":\"2019-05-14T11:35:25+00:00\",\"breadcrumb\":{\"@id\":\"https:\/\/downgalicia.org\/es\/la-conselleira-de-politica-social-visita-la-sede-de-down-compostela-y-down-galicia\/#breadcrumb\"},\"inLanguage\":\"es\",\"potentialAction\":[{\"@type\":\"ReadAction\",\"target\":[\"https:\/\/downgalicia.org\/es\/la-conselleira-de-politica-social-visita-la-sede-de-down-compostela-y-down-galicia\/\"]}]},{\"@type\":\"ImageObject\",\"inLanguage\":\"es\",\"@id\":\"https:\/\/downgalicia.org\/es\/la-conselleira-de-politica-social-visita-la-sede-de-down-compostela-y-down-galicia\/#primaryimage\",\"url\":\"https:\/\/downgalicia.org\/wp-content\/uploads\/2025\/06\/Visita-Conselleira-Politica-Social-1-4.jpg\",\"contentUrl\":\"https:\/\/downgalicia.org\/wp-content\/uploads\/2025\/06\/Visita-Conselleira-Politica-Social-1-4.jpg\",\"width\":1620,\"height\":1080},{\"@type\":\"BreadcrumbList\",\"@id\":\"https:\/\/downgalicia.org\/es\/la-conselleira-de-politica-social-visita-la-sede-de-down-compostela-y-down-galicia\/#breadcrumb\",\"itemListElement\":[{\"@type\":\"ListItem\",\"position\":1,\"name\":\"Portada\",\"item\":\"https:\/\/downgalicia.org\/es\/\"},{\"@type\":\"ListItem\",\"position\":2,\"name\":\"La Conselleira de Pol\u00edtica Social visita la sede de Down Compostela y Down Galicia\"}]},{\"@type\":\"WebSite\",\"@id\":\"https:\/\/downgalicia.org\/es\/#website\",\"url\":\"https:\/\/downgalicia.org\/es\/\",\"name\":\"Federaci\u00f3n Down Galicia\",\"description\":\"Apoio a persoas con S\u00edndrome de Down\",\"publisher\":{\"@id\":\"https:\/\/downgalicia.org\/es\/#organization\"},\"potentialAction\":[{\"@type\":\"SearchAction\",\"target\":{\"@type\":\"EntryPoint\",\"urlTemplate\":\"https:\/\/downgalicia.org\/es\/?s={search_term_string}\"},\"query-input\":{\"@type\":\"PropertyValueSpecification\",\"valueRequired\":true,\"valueName\":\"search_term_string\"}}],\"inLanguage\":\"es\"},{\"@type\":\"Organization\",\"@id\":\"https:\/\/downgalicia.org\/es\/#organization\",\"name\":\"Federaci\u00f3n Down Galicia\",\"url\":\"https:\/\/downgalicia.org\/es\/\",\"logo\":{\"@type\":\"ImageObject\",\"inLanguage\":\"es\",\"@id\":\"https:\/\/downgalicia.org\/es\/#\/schema\/logo\/image\/\",\"url\":\"https:\/\/downgalicia.org\/wp-content\/uploads\/2024\/07\/logo-sindrome-down-color.svg\",\"contentUrl\":\"https:\/\/downgalicia.org\/wp-content\/uploads\/2024\/07\/logo-sindrome-down-color.svg\",\"width\":271,\"height\":88,\"caption\":\"Federaci\u00f3n Down Galicia\"},\"image\":{\"@id\":\"https:\/\/downgalicia.org\/es\/#\/schema\/logo\/image\/\"}},{\"@type\":\"Person\",\"@id\":\"https:\/\/downgalicia.org\/es\/#\/schema\/person\/317730a00185114c76a219b94bddef15\",\"name\":\"produccion@visualpublinet.com\",\"image\":{\"@type\":\"ImageObject\",\"inLanguage\":\"es\",\"@id\":\"https:\/\/downgalicia.org\/es\/#\/schema\/person\/image\/\",\"url\":\"https:\/\/secure.gravatar.com\/avatar\/282ee20c78c1b1137175d4ab9f75785d8c239d499b1376df3ba16efa213b7b10?s=96&d=mm&r=g\",\"contentUrl\":\"https:\/\/secure.gravatar.com\/avatar\/282ee20c78c1b1137175d4ab9f75785d8c239d499b1376df3ba16efa213b7b10?s=96&d=mm&r=g\",\"caption\":\"produccion@visualpublinet.com\"},\"sameAs\":[\"https:\/\/downgalicia.org\"],\"url\":\"https:\/\/downgalicia.org\/es\/author\/produccionvisualpublinet-com\/\"}]}<\/script>\n<!-- \/ Yoast SEO plugin. -->","yoast_head_json":{"title":"La Conselleira de Pol\u00edtica Social visita la sede de Down Compostela y Down Galicia &#8226; Federaci\u00f3n Down Galicia","robots":{"index":"index","follow":"follow","max-snippet":"max-snippet:-1","max-image-preview":"max-image-preview:large","max-video-preview":"max-video-preview:-1"},"canonical":"https:\/\/downgalicia.org\/es\/la-conselleira-de-politica-social-visita-la-sede-de-down-compostela-y-down-galicia\/","og_locale":"es_ES","og_type":"article","og_title":"La Conselleira de Pol\u00edtica Social visita la sede de Down Compostela y Down Galicia &#8226; Federaci\u00f3n Down Galicia","og_description":"Fabiola Garc\u00eda Mart\u00ednez, Conselleira de Pol\u00edtica Social, visit\u00f3 esta ma\u00f1ana las instalaciones que la Fundaci\u00f3n Down Compostela y la Federaci\u00f3n Down Galicia tienen en la ciudad de Santiago y pudo comprobar de primera mano el trabajo realizado por ambas entidades....","og_url":"https:\/\/downgalicia.org\/es\/la-conselleira-de-politica-social-visita-la-sede-de-down-compostela-y-down-galicia\/","og_site_name":"Federaci\u00f3n Down Galicia","article_published_time":"2019-05-14T11:35:25+00:00","og_image":[{"width":1620,"height":1080,"url":"https:\/\/downgalicia.org\/wp-content\/uploads\/2025\/06\/Visita-Conselleira-Politica-Social-1-4.jpg","type":"image\/jpeg"}],"author":"produccion@visualpublinet.com","twitter_card":"summary_large_image","twitter_misc":{"Escrito por":"produccion@visualpublinet.com","Tiempo de lectura":"1 minuto"},"schema":{"@context":"https:\/\/schema.org","@graph":[{"@type":"Article","@id":"https:\/\/downgalicia.org\/es\/la-conselleira-de-politica-social-visita-la-sede-de-down-compostela-y-down-galicia\/#article","isPartOf":{"@id":"https:\/\/downgalicia.org\/es\/la-conselleira-de-politica-social-visita-la-sede-de-down-compostela-y-down-galicia\/"},"author":{"name":"produccion@visualpublinet.com","@id":"https:\/\/downgalicia.org\/es\/#\/schema\/person\/317730a00185114c76a219b94bddef15"},"headline":"La Conselleira de Pol\u00edtica Social visita la sede de Down Compostela y Down Galicia","datePublished":"2019-05-14T11:35:25+00:00","mainEntityOfPage":{"@id":"https:\/\/downgalicia.org\/es\/la-conselleira-de-politica-social-visita-la-sede-de-down-compostela-y-down-galicia\/"},"wordCount":283,"publisher":{"@id":"https:\/\/downgalicia.org\/es\/#organization"},"image":{"@id":"https:\/\/downgalicia.org\/es\/la-conselleira-de-politica-social-visita-la-sede-de-down-compostela-y-down-galicia\/#primaryimage"},"thumbnailUrl":"https:\/\/downgalicia.org\/wp-content\/uploads\/2025\/06\/Visita-Conselleira-Politica-Social-1-4.jpg","articleSection":["Down Compostela","Down Galicia","Noticias del Movimiento Down"],"inLanguage":"es"},{"@type":"WebPage","@id":"https:\/\/downgalicia.org\/es\/la-conselleira-de-politica-social-visita-la-sede-de-down-compostela-y-down-galicia\/","url":"https:\/\/downgalicia.org\/es\/la-conselleira-de-politica-social-visita-la-sede-de-down-compostela-y-down-galicia\/","name":"La Conselleira de Pol\u00edtica Social visita la sede de Down Compostela y Down Galicia &#8226; Federaci\u00f3n Down Galicia","isPartOf":{"@id":"https:\/\/downgalicia.org\/es\/#website"},"primaryImageOfPage":{"@id":"https:\/\/downgalicia.org\/es\/la-conselleira-de-politica-social-visita-la-sede-de-down-compostela-y-down-galicia\/#primaryimage"},"image":{"@id":"https:\/\/downgalicia.org\/es\/la-conselleira-de-politica-social-visita-la-sede-de-down-compostela-y-down-galicia\/#primaryimage"},"thumbnailUrl":"https:\/\/downgalicia.org\/wp-content\/uploads\/2025\/06\/Visita-Conselleira-Politica-Social-1-4.jpg","datePublished":"2019-05-14T11:35:25+00:00","breadcrumb":{"@id":"https:\/\/downgalicia.org\/es\/la-conselleira-de-politica-social-visita-la-sede-de-down-compostela-y-down-galicia\/#breadcrumb"},"inLanguage":"es","potentialAction":[{"@type":"ReadAction","target":["https:\/\/downgalicia.org\/es\/la-conselleira-de-politica-social-visita-la-sede-de-down-compostela-y-down-galicia\/"]}]},{"@type":"ImageObject","inLanguage":"es","@id":"https:\/\/downgalicia.org\/es\/la-conselleira-de-politica-social-visita-la-sede-de-down-compostela-y-down-galicia\/#primaryimage","url":"https:\/\/downgalicia.org\/wp-content\/uploads\/2025\/06\/Visita-Conselleira-Politica-Social-1-4.jpg","contentUrl":"https:\/\/downgalicia.org\/wp-content\/uploads\/2025\/06\/Visita-Conselleira-Politica-Social-1-4.jpg","width":1620,"height":1080},{"@type":"BreadcrumbList","@id":"https:\/\/downgalicia.org\/es\/la-conselleira-de-politica-social-visita-la-sede-de-down-compostela-y-down-galicia\/#breadcrumb","itemListElement":[{"@type":"ListItem","position":1,"name":"Portada","item":"https:\/\/downgalicia.org\/es\/"},{"@type":"ListItem","position":2,"name":"La Conselleira de Pol\u00edtica Social visita la sede de Down Compostela y Down Galicia"}]},{"@type":"WebSite","@id":"https:\/\/downgalicia.org\/es\/#website","url":"https:\/\/downgalicia.org\/es\/","name":"Federaci\u00f3n Down Galicia","description":"Apoio a persoas con S\u00edndrome de Down","publisher":{"@id":"https:\/\/downgalicia.org\/es\/#organization"},"potentialAction":[{"@type":"SearchAction","target":{"@type":"EntryPoint","urlTemplate":"https:\/\/downgalicia.org\/es\/?s={search_term_string}"},"query-input":{"@type":"PropertyValueSpecification","valueRequired":true,"valueName":"search_term_string"}}],"inLanguage":"es"},{"@type":"Organization","@id":"https:\/\/downgalicia.org\/es\/#organization","name":"Federaci\u00f3n Down Galicia","url":"https:\/\/downgalicia.org\/es\/","logo":{"@type":"ImageObject","inLanguage":"es","@id":"https:\/\/downgalicia.org\/es\/#\/schema\/logo\/image\/","url":"https:\/\/downgalicia.org\/wp-content\/uploads\/2024\/07\/logo-sindrome-down-color.svg","contentUrl":"https:\/\/downgalicia.org\/wp-content\/uploads\/2024\/07\/logo-sindrome-down-color.svg","width":271,"height":88,"caption":"Federaci\u00f3n Down Galicia"},"image":{"@id":"https:\/\/downgalicia.org\/es\/#\/schema\/logo\/image\/"}},{"@type":"Person","@id":"https:\/\/downgalicia.org\/es\/#\/schema\/person\/317730a00185114c76a219b94bddef15","name":"produccion@visualpublinet.com","image":{"@type":"ImageObject","inLanguage":"es","@id":"https:\/\/downgalicia.org\/es\/#\/schema\/person\/image\/","url":"https:\/\/secure.gravatar.com\/avatar\/282ee20c78c1b1137175d4ab9f75785d8c239d499b1376df3ba16efa213b7b10?s=96&d=mm&r=g","contentUrl":"https:\/\/secure.gravatar.com\/avatar\/282ee20c78c1b1137175d4ab9f75785d8c239d499b1376df3ba16efa213b7b10?s=96&d=mm&r=g","caption":"produccion@visualpublinet.com"},"sameAs":["https:\/\/downgalicia.org"],"url":"https:\/\/downgalicia.org\/es\/author\/produccionvisualpublinet-com\/"}]}},"_links":{"self":[{"href":"https:\/\/downgalicia.org\/es\/wp-json\/wp\/v2\/posts\/6566","targetHints":{"allow":["GET"]}}],"collection":[{"href":"https:\/\/downgalicia.org\/es\/wp-json\/wp\/v2\/posts"}],"about":[{"href":"https:\/\/downgalicia.org\/es\/wp-json\/wp\/v2\/types\/post"}],"author":[{"embeddable":true,"href":"https:\/\/downgalicia.org\/es\/wp-json\/wp\/v2\/users\/1"}],"replies":[{"embeddable":true,"href":"https:\/\/downgalicia.org\/es\/wp-json\/wp\/v2\/comments?post=6566"}],"version-history":[{"count":0,"href":"https:\/\/downgalicia.org\/es\/wp-json\/wp\/v2\/posts\/6566\/revisions"}],"wp:featuredmedia":[{"embeddable":true,"href":"https:\/\/downgalicia.org\/es\/wp-json\/wp\/v2\/media\/6567"}],"wp:attachment":[{"href":"https:\/\/downgalicia.org\/es\/wp-json\/wp\/v2\/media?parent=6566"}],"wp:term":[{"taxonomy":"category","embeddable":true,"href":"https:\/\/downgalicia.org\/es\/wp-json\/wp\/v2\/categories?post=6566"},{"taxonomy":"post_tag","embeddable":true,"href":"https:\/\/downgalicia.org\/es\/wp-json\/wp\/v2\/tags?post=6566"}],"curies":[{"name":"wp","href":"https:\/\/api.w.org\/{rel}","templated":true}]}}