{"id":6570,"date":"2019-05-08T12:37:47","date_gmt":"2019-05-08T10:37:47","guid":{"rendered":"http:\/\/downgalicia.org.136-144-253-96.136-144-253-96.visualpublinet.com\/down-galicia-contrata-a-tres-personas-desempleadas-a-traves-del-programa-de-garantia-juvenil\/"},"modified":"2019-05-08T12:37:47","modified_gmt":"2019-05-08T10:37:47","slug":"down-galicia-contrata-a-tres-personas-desempleadas-a-traves-del-programa-de-garantia-juvenil","status":"publish","type":"post","link":"https:\/\/downgalicia.org\/es\/down-galicia-contrata-a-tres-personas-desempleadas-a-traves-del-programa-de-garantia-juvenil\/","title":{"rendered":"Down Galicia contrata a tres personas desempleadas a trav\u00e9s del Programa de Garant\u00eda Juvenil"},"content":{"rendered":"<p>La Xunta de Galicia, a trav\u00e9s de la Conseller\u00eda de Econom\u00eda, Emprego e Industria, facilit\u00f3 a finales del pasado a\u00f1o la contrataci\u00f3n en la Federaci\u00f3n Down Galicia de tres personas desempleadas acogidas al programa de Garant\u00eda Juvenil. Esta ayuda estuvo cofinanciada en un 91,89% por el FSE y la Iniciativa de Empleo Juvenil, a trav\u00e9s del Programa Operativo de Empleo Juvenil.<\/p>\n<p>La aportaci\u00f3n, que asciende a los 40.074,51\u20ac, se emple\u00f3 para sufragar los costes salariales de las tres personas contratadas y su cotizaci\u00f3n a la Seguridad Social a jornada completa durante 7 meses. Las tres nuevas trabajadoras de la Federaci\u00f3n desempe\u00f1aron sus funciones en los centros de trabajo que Down Galicia tiene en Santiago de Compostela, Pontevedra y Vigo.<\/p>\n<p>Por una parte, las funciones de la trabajadora del centro de trabajo de Santiago giraron en torno a la aplicaci\u00f3n de dos nuevas aplicaciones de gesti\u00f3n de datos que agilizan y simplifican el tratamiento y la gesti\u00f3n de los mismos, permitiendo utilizarlos con los mejores resultados, tanto desde el punto de vista del servicio a las personas usuarias, como desde el propio funcionamiento diario de la entidad.<\/p>\n<p>El principal objetivo de este proyecto fue implantar estas aplicaciones para ofrecer a las personas implicadas en los procesos de inclusi\u00f3n de las personas con discapacidad una herramienta que facilitara y garantizara una atenci\u00f3n de calidad en la prestaci\u00f3n del Servicio de Promoci\u00f3n de Autonom\u00eda Personal que se ofrece a lo largo de todo su ciclo vital, as\u00ed como gestionar el cr\u00e9dito de formaci\u00f3n de los y de las profesionales. Del mismo modo, tambi\u00e9n se pretend\u00eda facilitar la gesti\u00f3n administrativa de la Federaci\u00f3n y de sus centros de trabajo a trav\u00e9s de un espacio que diese respuesta a las necesidades existentes, contando con una aplicaci\u00f3n que generara las consultas e informes precisos para cada actuaci\u00f3n.<\/p>\n<p>Por otra parte, las funciones de las trabajadoras de los centros de trabajo de Pontevedra y Ferrol se centraron en el apoyo a la coordinaci\u00f3n auton\u00f3mica de las actuaciones del servicio de envejecimiento activo. El proyecto de envejecimiento de la Federaci\u00f3n tiene como objetivo principal la promoci\u00f3n del envejecimiento activo de las personas adultas con s\u00edndrome de Down y otras discapacidades intelectuales, asegur\u00e1ndoles mayores oportunidades de incrementar, mantener y actualizar aquellas competencias que fomenten su independencia y autonom\u00eda personal.<\/p>\n","protected":false},"excerpt":{"rendered":"<p>La Xunta de Galicia, a trav\u00e9s de la Conseller\u00eda de Econom\u00eda, Emprego e Industria, facilit\u00f3 a finales del pasado a\u00f1o la contrataci\u00f3n en la Federaci\u00f3n Down Galicia de tres personas desempleadas acogidas al programa de Garant\u00eda Juvenil. Esta ayuda estuvo&#8230;<\/p>\n","protected":false},"author":1,"featured_media":6571,"comment_status":"closed","ping_status":"closed","sticky":false,"template":"","format":"standard","meta":{"_acf_changed":false,"give_campaign_id":0,"footnotes":""},"categories":[129,71],"tags":[],"class_list":["post-6570","post","type-post","status-publish","format-standard","has-post-thumbnail","hentry","category-down-galicia-hemeroteca-es","category-noticias-sindrome-de-down-es"],"acf":[],"yoast_head":"<!-- This site is optimized with the Yoast SEO plugin v25.3.1 - https:\/\/yoast.com\/wordpress\/plugins\/seo\/ -->\n<title>Down Galicia contrata a tres personas desempleadas a trav\u00e9s del Programa de Garant\u00eda Juvenil &#8226; Federaci\u00f3n Down Galicia<\/title>\n<meta name=\"robots\" content=\"index, follow, max-snippet:-1, max-image-preview:large, max-video-preview:-1\" \/>\n<link rel=\"canonical\" href=\"https:\/\/downgalicia.org\/es\/down-galicia-contrata-a-tres-personas-desempleadas-a-traves-del-programa-de-garantia-juvenil\/\" \/>\n<meta property=\"og:locale\" content=\"es_ES\" \/>\n<meta property=\"og:type\" content=\"article\" \/>\n<meta property=\"og:title\" content=\"Down Galicia contrata a tres personas desempleadas a trav\u00e9s del Programa de Garant\u00eda Juvenil &#8226; Federaci\u00f3n Down Galicia\" \/>\n<meta property=\"og:description\" content=\"La Xunta de Galicia, a trav\u00e9s de la Conseller\u00eda de Econom\u00eda, Emprego e Industria, facilit\u00f3 a finales del pasado a\u00f1o la contrataci\u00f3n en la Federaci\u00f3n Down Galicia de tres personas desempleadas acogidas al programa de Garant\u00eda Juvenil. Esta ayuda estuvo...\" \/>\n<meta property=\"og:url\" content=\"https:\/\/downgalicia.org\/es\/down-galicia-contrata-a-tres-personas-desempleadas-a-traves-del-programa-de-garantia-juvenil\/\" \/>\n<meta property=\"og:site_name\" content=\"Federaci\u00f3n Down Galicia\" \/>\n<meta property=\"article:published_time\" content=\"2019-05-08T10:37:47+00:00\" \/>\n<meta property=\"og:image\" content=\"https:\/\/downgalicia.org\/wp-content\/uploads\/2025\/06\/Xustificacion-Garantia-Xuvenil-2019-4.jpg\" \/>\n\t<meta property=\"og:image:width\" content=\"1440\" \/>\n\t<meta property=\"og:image:height\" content=\"1080\" \/>\n\t<meta property=\"og:image:type\" content=\"image\/jpeg\" \/>\n<meta name=\"author\" content=\"produccion@visualpublinet.com\" \/>\n<meta name=\"twitter:card\" content=\"summary_large_image\" \/>\n<meta name=\"twitter:label1\" content=\"Escrito por\" \/>\n\t<meta name=\"twitter:data1\" content=\"produccion@visualpublinet.com\" \/>\n\t<meta name=\"twitter:label2\" content=\"Tiempo de lectura\" \/>\n\t<meta name=\"twitter:data2\" content=\"2 minutos\" \/>\n<script type=\"application\/ld+json\" class=\"yoast-schema-graph\">{\"@context\":\"https:\/\/schema.org\",\"@graph\":[{\"@type\":\"Article\",\"@id\":\"https:\/\/downgalicia.org\/es\/down-galicia-contrata-a-tres-personas-desempleadas-a-traves-del-programa-de-garantia-juvenil\/#article\",\"isPartOf\":{\"@id\":\"https:\/\/downgalicia.org\/es\/down-galicia-contrata-a-tres-personas-desempleadas-a-traves-del-programa-de-garantia-juvenil\/\"},\"author\":{\"name\":\"produccion@visualpublinet.com\",\"@id\":\"https:\/\/downgalicia.org\/es\/#\/schema\/person\/317730a00185114c76a219b94bddef15\"},\"headline\":\"Down Galicia contrata a tres personas desempleadas a trav\u00e9s del Programa de Garant\u00eda Juvenil\",\"datePublished\":\"2019-05-08T10:37:47+00:00\",\"mainEntityOfPage\":{\"@id\":\"https:\/\/downgalicia.org\/es\/down-galicia-contrata-a-tres-personas-desempleadas-a-traves-del-programa-de-garantia-juvenil\/\"},\"wordCount\":429,\"publisher\":{\"@id\":\"https:\/\/downgalicia.org\/es\/#organization\"},\"image\":{\"@id\":\"https:\/\/downgalicia.org\/es\/down-galicia-contrata-a-tres-personas-desempleadas-a-traves-del-programa-de-garantia-juvenil\/#primaryimage\"},\"thumbnailUrl\":\"https:\/\/downgalicia.org\/wp-content\/uploads\/2025\/06\/Xustificacion-Garantia-Xuvenil-2019-4.jpg\",\"articleSection\":[\"Down Galicia\",\"Noticias del Movimiento Down\"],\"inLanguage\":\"es\"},{\"@type\":\"WebPage\",\"@id\":\"https:\/\/downgalicia.org\/es\/down-galicia-contrata-a-tres-personas-desempleadas-a-traves-del-programa-de-garantia-juvenil\/\",\"url\":\"https:\/\/downgalicia.org\/es\/down-galicia-contrata-a-tres-personas-desempleadas-a-traves-del-programa-de-garantia-juvenil\/\",\"name\":\"Down Galicia contrata a tres personas desempleadas a trav\u00e9s del Programa de Garant\u00eda Juvenil &#8226; Federaci\u00f3n Down Galicia\",\"isPartOf\":{\"@id\":\"https:\/\/downgalicia.org\/es\/#website\"},\"primaryImageOfPage\":{\"@id\":\"https:\/\/downgalicia.org\/es\/down-galicia-contrata-a-tres-personas-desempleadas-a-traves-del-programa-de-garantia-juvenil\/#primaryimage\"},\"image\":{\"@id\":\"https:\/\/downgalicia.org\/es\/down-galicia-contrata-a-tres-personas-desempleadas-a-traves-del-programa-de-garantia-juvenil\/#primaryimage\"},\"thumbnailUrl\":\"https:\/\/downgalicia.org\/wp-content\/uploads\/2025\/06\/Xustificacion-Garantia-Xuvenil-2019-4.jpg\",\"datePublished\":\"2019-05-08T10:37:47+00:00\",\"breadcrumb\":{\"@id\":\"https:\/\/downgalicia.org\/es\/down-galicia-contrata-a-tres-personas-desempleadas-a-traves-del-programa-de-garantia-juvenil\/#breadcrumb\"},\"inLanguage\":\"es\",\"potentialAction\":[{\"@type\":\"ReadAction\",\"target\":[\"https:\/\/downgalicia.org\/es\/down-galicia-contrata-a-tres-personas-desempleadas-a-traves-del-programa-de-garantia-juvenil\/\"]}]},{\"@type\":\"ImageObject\",\"inLanguage\":\"es\",\"@id\":\"https:\/\/downgalicia.org\/es\/down-galicia-contrata-a-tres-personas-desempleadas-a-traves-del-programa-de-garantia-juvenil\/#primaryimage\",\"url\":\"https:\/\/downgalicia.org\/wp-content\/uploads\/2025\/06\/Xustificacion-Garantia-Xuvenil-2019-4.jpg\",\"contentUrl\":\"https:\/\/downgalicia.org\/wp-content\/uploads\/2025\/06\/Xustificacion-Garantia-Xuvenil-2019-4.jpg\",\"width\":1440,\"height\":1080},{\"@type\":\"BreadcrumbList\",\"@id\":\"https:\/\/downgalicia.org\/es\/down-galicia-contrata-a-tres-personas-desempleadas-a-traves-del-programa-de-garantia-juvenil\/#breadcrumb\",\"itemListElement\":[{\"@type\":\"ListItem\",\"position\":1,\"name\":\"Portada\",\"item\":\"https:\/\/downgalicia.org\/es\/\"},{\"@type\":\"ListItem\",\"position\":2,\"name\":\"Down Galicia contrata a tres personas desempleadas a trav\u00e9s del Programa de Garant\u00eda Juvenil\"}]},{\"@type\":\"WebSite\",\"@id\":\"https:\/\/downgalicia.org\/es\/#website\",\"url\":\"https:\/\/downgalicia.org\/es\/\",\"name\":\"Federaci\u00f3n Down Galicia\",\"description\":\"Apoio a persoas con S\u00edndrome de Down\",\"publisher\":{\"@id\":\"https:\/\/downgalicia.org\/es\/#organization\"},\"potentialAction\":[{\"@type\":\"SearchAction\",\"target\":{\"@type\":\"EntryPoint\",\"urlTemplate\":\"https:\/\/downgalicia.org\/es\/?s={search_term_string}\"},\"query-input\":{\"@type\":\"PropertyValueSpecification\",\"valueRequired\":true,\"valueName\":\"search_term_string\"}}],\"inLanguage\":\"es\"},{\"@type\":\"Organization\",\"@id\":\"https:\/\/downgalicia.org\/es\/#organization\",\"name\":\"Federaci\u00f3n Down Galicia\",\"url\":\"https:\/\/downgalicia.org\/es\/\",\"logo\":{\"@type\":\"ImageObject\",\"inLanguage\":\"es\",\"@id\":\"https:\/\/downgalicia.org\/es\/#\/schema\/logo\/image\/\",\"url\":\"https:\/\/downgalicia.org\/wp-content\/uploads\/2024\/07\/logo-sindrome-down-color.svg\",\"contentUrl\":\"https:\/\/downgalicia.org\/wp-content\/uploads\/2024\/07\/logo-sindrome-down-color.svg\",\"width\":271,\"height\":88,\"caption\":\"Federaci\u00f3n Down Galicia\"},\"image\":{\"@id\":\"https:\/\/downgalicia.org\/es\/#\/schema\/logo\/image\/\"}},{\"@type\":\"Person\",\"@id\":\"https:\/\/downgalicia.org\/es\/#\/schema\/person\/317730a00185114c76a219b94bddef15\",\"name\":\"produccion@visualpublinet.com\",\"image\":{\"@type\":\"ImageObject\",\"inLanguage\":\"es\",\"@id\":\"https:\/\/downgalicia.org\/es\/#\/schema\/person\/image\/\",\"url\":\"https:\/\/secure.gravatar.com\/avatar\/282ee20c78c1b1137175d4ab9f75785d8c239d499b1376df3ba16efa213b7b10?s=96&d=mm&r=g\",\"contentUrl\":\"https:\/\/secure.gravatar.com\/avatar\/282ee20c78c1b1137175d4ab9f75785d8c239d499b1376df3ba16efa213b7b10?s=96&d=mm&r=g\",\"caption\":\"produccion@visualpublinet.com\"},\"sameAs\":[\"https:\/\/downgalicia.org\"],\"url\":\"https:\/\/downgalicia.org\/es\/author\/produccionvisualpublinet-com\/\"}]}<\/script>\n<!-- \/ Yoast SEO plugin. -->","yoast_head_json":{"title":"Down Galicia contrata a tres personas desempleadas a trav\u00e9s del Programa de Garant\u00eda Juvenil &#8226; Federaci\u00f3n Down Galicia","robots":{"index":"index","follow":"follow","max-snippet":"max-snippet:-1","max-image-preview":"max-image-preview:large","max-video-preview":"max-video-preview:-1"},"canonical":"https:\/\/downgalicia.org\/es\/down-galicia-contrata-a-tres-personas-desempleadas-a-traves-del-programa-de-garantia-juvenil\/","og_locale":"es_ES","og_type":"article","og_title":"Down Galicia contrata a tres personas desempleadas a trav\u00e9s del Programa de Garant\u00eda Juvenil &#8226; Federaci\u00f3n Down Galicia","og_description":"La Xunta de Galicia, a trav\u00e9s de la Conseller\u00eda de Econom\u00eda, Emprego e Industria, facilit\u00f3 a finales del pasado a\u00f1o la contrataci\u00f3n en la Federaci\u00f3n Down Galicia de tres personas desempleadas acogidas al programa de Garant\u00eda Juvenil. Esta ayuda estuvo...","og_url":"https:\/\/downgalicia.org\/es\/down-galicia-contrata-a-tres-personas-desempleadas-a-traves-del-programa-de-garantia-juvenil\/","og_site_name":"Federaci\u00f3n Down Galicia","article_published_time":"2019-05-08T10:37:47+00:00","og_image":[{"width":1440,"height":1080,"url":"https:\/\/downgalicia.org\/wp-content\/uploads\/2025\/06\/Xustificacion-Garantia-Xuvenil-2019-4.jpg","type":"image\/jpeg"}],"author":"produccion@visualpublinet.com","twitter_card":"summary_large_image","twitter_misc":{"Escrito por":"produccion@visualpublinet.com","Tiempo de lectura":"2 minutos"},"schema":{"@context":"https:\/\/schema.org","@graph":[{"@type":"Article","@id":"https:\/\/downgalicia.org\/es\/down-galicia-contrata-a-tres-personas-desempleadas-a-traves-del-programa-de-garantia-juvenil\/#article","isPartOf":{"@id":"https:\/\/downgalicia.org\/es\/down-galicia-contrata-a-tres-personas-desempleadas-a-traves-del-programa-de-garantia-juvenil\/"},"author":{"name":"produccion@visualpublinet.com","@id":"https:\/\/downgalicia.org\/es\/#\/schema\/person\/317730a00185114c76a219b94bddef15"},"headline":"Down Galicia contrata a tres personas desempleadas a trav\u00e9s del Programa de Garant\u00eda Juvenil","datePublished":"2019-05-08T10:37:47+00:00","mainEntityOfPage":{"@id":"https:\/\/downgalicia.org\/es\/down-galicia-contrata-a-tres-personas-desempleadas-a-traves-del-programa-de-garantia-juvenil\/"},"wordCount":429,"publisher":{"@id":"https:\/\/downgalicia.org\/es\/#organization"},"image":{"@id":"https:\/\/downgalicia.org\/es\/down-galicia-contrata-a-tres-personas-desempleadas-a-traves-del-programa-de-garantia-juvenil\/#primaryimage"},"thumbnailUrl":"https:\/\/downgalicia.org\/wp-content\/uploads\/2025\/06\/Xustificacion-Garantia-Xuvenil-2019-4.jpg","articleSection":["Down Galicia","Noticias del Movimiento Down"],"inLanguage":"es"},{"@type":"WebPage","@id":"https:\/\/downgalicia.org\/es\/down-galicia-contrata-a-tres-personas-desempleadas-a-traves-del-programa-de-garantia-juvenil\/","url":"https:\/\/downgalicia.org\/es\/down-galicia-contrata-a-tres-personas-desempleadas-a-traves-del-programa-de-garantia-juvenil\/","name":"Down Galicia contrata a tres personas desempleadas a trav\u00e9s del Programa de Garant\u00eda Juvenil &#8226; Federaci\u00f3n Down Galicia","isPartOf":{"@id":"https:\/\/downgalicia.org\/es\/#website"},"primaryImageOfPage":{"@id":"https:\/\/downgalicia.org\/es\/down-galicia-contrata-a-tres-personas-desempleadas-a-traves-del-programa-de-garantia-juvenil\/#primaryimage"},"image":{"@id":"https:\/\/downgalicia.org\/es\/down-galicia-contrata-a-tres-personas-desempleadas-a-traves-del-programa-de-garantia-juvenil\/#primaryimage"},"thumbnailUrl":"https:\/\/downgalicia.org\/wp-content\/uploads\/2025\/06\/Xustificacion-Garantia-Xuvenil-2019-4.jpg","datePublished":"2019-05-08T10:37:47+00:00","breadcrumb":{"@id":"https:\/\/downgalicia.org\/es\/down-galicia-contrata-a-tres-personas-desempleadas-a-traves-del-programa-de-garantia-juvenil\/#breadcrumb"},"inLanguage":"es","potentialAction":[{"@type":"ReadAction","target":["https:\/\/downgalicia.org\/es\/down-galicia-contrata-a-tres-personas-desempleadas-a-traves-del-programa-de-garantia-juvenil\/"]}]},{"@type":"ImageObject","inLanguage":"es","@id":"https:\/\/downgalicia.org\/es\/down-galicia-contrata-a-tres-personas-desempleadas-a-traves-del-programa-de-garantia-juvenil\/#primaryimage","url":"https:\/\/downgalicia.org\/wp-content\/uploads\/2025\/06\/Xustificacion-Garantia-Xuvenil-2019-4.jpg","contentUrl":"https:\/\/downgalicia.org\/wp-content\/uploads\/2025\/06\/Xustificacion-Garantia-Xuvenil-2019-4.jpg","width":1440,"height":1080},{"@type":"BreadcrumbList","@id":"https:\/\/downgalicia.org\/es\/down-galicia-contrata-a-tres-personas-desempleadas-a-traves-del-programa-de-garantia-juvenil\/#breadcrumb","itemListElement":[{"@type":"ListItem","position":1,"name":"Portada","item":"https:\/\/downgalicia.org\/es\/"},{"@type":"ListItem","position":2,"name":"Down Galicia contrata a tres personas desempleadas a trav\u00e9s del Programa de Garant\u00eda Juvenil"}]},{"@type":"WebSite","@id":"https:\/\/downgalicia.org\/es\/#website","url":"https:\/\/downgalicia.org\/es\/","name":"Federaci\u00f3n Down Galicia","description":"Apoio a persoas con S\u00edndrome de Down","publisher":{"@id":"https:\/\/downgalicia.org\/es\/#organization"},"potentialAction":[{"@type":"SearchAction","target":{"@type":"EntryPoint","urlTemplate":"https:\/\/downgalicia.org\/es\/?s={search_term_string}"},"query-input":{"@type":"PropertyValueSpecification","valueRequired":true,"valueName":"search_term_string"}}],"inLanguage":"es"},{"@type":"Organization","@id":"https:\/\/downgalicia.org\/es\/#organization","name":"Federaci\u00f3n Down Galicia","url":"https:\/\/downgalicia.org\/es\/","logo":{"@type":"ImageObject","inLanguage":"es","@id":"https:\/\/downgalicia.org\/es\/#\/schema\/logo\/image\/","url":"https:\/\/downgalicia.org\/wp-content\/uploads\/2024\/07\/logo-sindrome-down-color.svg","contentUrl":"https:\/\/downgalicia.org\/wp-content\/uploads\/2024\/07\/logo-sindrome-down-color.svg","width":271,"height":88,"caption":"Federaci\u00f3n Down Galicia"},"image":{"@id":"https:\/\/downgalicia.org\/es\/#\/schema\/logo\/image\/"}},{"@type":"Person","@id":"https:\/\/downgalicia.org\/es\/#\/schema\/person\/317730a00185114c76a219b94bddef15","name":"produccion@visualpublinet.com","image":{"@type":"ImageObject","inLanguage":"es","@id":"https:\/\/downgalicia.org\/es\/#\/schema\/person\/image\/","url":"https:\/\/secure.gravatar.com\/avatar\/282ee20c78c1b1137175d4ab9f75785d8c239d499b1376df3ba16efa213b7b10?s=96&d=mm&r=g","contentUrl":"https:\/\/secure.gravatar.com\/avatar\/282ee20c78c1b1137175d4ab9f75785d8c239d499b1376df3ba16efa213b7b10?s=96&d=mm&r=g","caption":"produccion@visualpublinet.com"},"sameAs":["https:\/\/downgalicia.org"],"url":"https:\/\/downgalicia.org\/es\/author\/produccionvisualpublinet-com\/"}]}},"_links":{"self":[{"href":"https:\/\/downgalicia.org\/es\/wp-json\/wp\/v2\/posts\/6570","targetHints":{"allow":["GET"]}}],"collection":[{"href":"https:\/\/downgalicia.org\/es\/wp-json\/wp\/v2\/posts"}],"about":[{"href":"https:\/\/downgalicia.org\/es\/wp-json\/wp\/v2\/types\/post"}],"author":[{"embeddable":true,"href":"https:\/\/downgalicia.org\/es\/wp-json\/wp\/v2\/users\/1"}],"replies":[{"embeddable":true,"href":"https:\/\/downgalicia.org\/es\/wp-json\/wp\/v2\/comments?post=6570"}],"version-history":[{"count":0,"href":"https:\/\/downgalicia.org\/es\/wp-json\/wp\/v2\/posts\/6570\/revisions"}],"wp:featuredmedia":[{"embeddable":true,"href":"https:\/\/downgalicia.org\/es\/wp-json\/wp\/v2\/media\/6571"}],"wp:attachment":[{"href":"https:\/\/downgalicia.org\/es\/wp-json\/wp\/v2\/media?parent=6570"}],"wp:term":[{"taxonomy":"category","embeddable":true,"href":"https:\/\/downgalicia.org\/es\/wp-json\/wp\/v2\/categories?post=6570"},{"taxonomy":"post_tag","embeddable":true,"href":"https:\/\/downgalicia.org\/es\/wp-json\/wp\/v2\/tags?post=6570"}],"curies":[{"name":"wp","href":"https:\/\/api.w.org\/{rel}","templated":true}]}}