{"id":6578,"date":"2019-05-06T11:45:52","date_gmt":"2019-05-06T09:45:52","guid":{"rendered":"http:\/\/downgalicia.org.136-144-253-96.136-144-253-96.visualpublinet.com\/fundacion-inocente-inocente-colabora-con-la-inclusion-educativa-de-las-personas-con-sindrome-de-down-y-otras-discapacidades-intelectuales\/"},"modified":"2019-05-06T11:45:52","modified_gmt":"2019-05-06T09:45:52","slug":"fundacion-inocente-inocente-colabora-con-la-inclusion-educativa-de-las-personas-con-sindrome-de-down-y-otras-discapacidades-intelectuales","status":"publish","type":"post","link":"https:\/\/downgalicia.org\/es\/fundacion-inocente-inocente-colabora-con-la-inclusion-educativa-de-las-personas-con-sindrome-de-down-y-otras-discapacidades-intelectuales\/","title":{"rendered":"Fundaci\u00f3n Inocente Inocente colabora con la inclusi\u00f3n educativa de las personas con s\u00edndrome de Down y otras discapacidades intelectuales"},"content":{"rendered":"<p>La Fundaci\u00f3n Inocente Inocente acaba de premiar el proyecto \u201cInclusi\u00f3n educativa de alumnado con s\u00edndrome de Down y otras discapacidades intelectuales\u201d que Down Galicia present\u00f3 a la convocatoria 2019 de ayudas a proyectos asistenciales de la fundaci\u00f3n privada.<\/p>\n<p>A trav\u00e9s de esta aportaci\u00f3n, que asciende a 15.000 euros, la Federaci\u00f3n podr\u00e1 facilitar la inclusi\u00f3n escolar de 144 personas usuarias de sus entidades miembro en 115 centros educativos de toda la geograf\u00eda gallega.<\/p>\n<p>El proyecto de inclusi\u00f3n educativa de Down Galicia tiene como objetivo principal mejorar la inclusi\u00f3n escolar del alumnado con discapacidad intelectual en la escuela ordinaria, potenciando al m\u00e1ximo su desarrollo cognitivo, social y personal.<\/p>\n<p>Est\u00e1 demostrado que si se prestan los apoyos ajustados y necesarios, el alumnado con discapacidad puede rentabilizar perfectamente sus a\u00f1os de escolaridad. Por lo tanto, es completamente necesaria una colaboraci\u00f3n estable entre centro educativo, familia y entidad Down, que mejore la calidad de la inclusi\u00f3n y del proceso educativo procurando innovar, dinamizar e implementar f\u00f3rmulas para que las personas con s\u00edndrome de Down y otras discapacidades intelectuales tengan presencia, participaci\u00f3n y aprendizaje en el aula ordinaria y en el centro educativo a lo largo de todo su proceso educativo.<\/p>\n<p>En definitiva, el fin \u00faltimo consiste en la creaci\u00f3n de una escuela para todos y todas, que acoja las diferencias y que las utilice como elementos enriquecedores del curr\u00edculo, siendo capaces desde los centros educativos de responder a un dise\u00f1o universal para el aprendizaje adecuando recursos y metodolog\u00edas accesibles a todo el alumnado.<\/p>\n<p>El acto oficial de entrega de este premio tendr\u00e1 lugar el pr\u00f3ximo 10 de mayo en el\u00a0 Espacio Fundaci\u00f3n Telef\u00f3nica de Madrid (Cuaje Fuencarral, 3).<\/p>\n","protected":false},"excerpt":{"rendered":"<p>La Fundaci\u00f3n Inocente Inocente acaba de premiar el proyecto \u201cInclusi\u00f3n educativa de alumnado con s\u00edndrome de Down y otras discapacidades intelectuales\u201d que Down Galicia present\u00f3 a la convocatoria 2019 de ayudas a proyectos asistenciales de la fundaci\u00f3n privada. A trav\u00e9s&#8230;<\/p>\n","protected":false},"author":1,"featured_media":6579,"comment_status":"closed","ping_status":"closed","sticky":false,"template":"","format":"standard","meta":{"_acf_changed":false,"give_campaign_id":0,"footnotes":""},"categories":[129,113,71],"tags":[],"class_list":["post-6578","post","type-post","status-publish","format-standard","has-post-thumbnail","hentry","category-down-galicia-hemeroteca-es","category-educacion-hemeroteca-hemeroteca-es","category-noticias-sindrome-de-down-es"],"acf":[],"yoast_head":"<!-- This site is optimized with the Yoast SEO plugin v25.3.1 - https:\/\/yoast.com\/wordpress\/plugins\/seo\/ -->\n<title>Fundaci\u00f3n Inocente Inocente colabora con la inclusi\u00f3n educativa de las personas con s\u00edndrome de Down y otras discapacidades intelectuales &#8226; Federaci\u00f3n Down Galicia<\/title>\n<meta name=\"robots\" content=\"index, follow, max-snippet:-1, max-image-preview:large, max-video-preview:-1\" \/>\n<link rel=\"canonical\" href=\"https:\/\/downgalicia.org\/es\/fundacion-inocente-inocente-colabora-con-la-inclusion-educativa-de-las-personas-con-sindrome-de-down-y-otras-discapacidades-intelectuales\/\" \/>\n<meta property=\"og:locale\" content=\"es_ES\" \/>\n<meta property=\"og:type\" content=\"article\" \/>\n<meta property=\"og:title\" content=\"Fundaci\u00f3n Inocente Inocente colabora con la inclusi\u00f3n educativa de las personas con s\u00edndrome de Down y otras discapacidades intelectuales &#8226; Federaci\u00f3n Down Galicia\" \/>\n<meta property=\"og:description\" content=\"La Fundaci\u00f3n Inocente Inocente acaba de premiar el proyecto \u201cInclusi\u00f3n educativa de alumnado con s\u00edndrome de Down y otras discapacidades intelectuales\u201d que Down Galicia present\u00f3 a la convocatoria 2019 de ayudas a proyectos asistenciales de la fundaci\u00f3n privada. A trav\u00e9s...\" \/>\n<meta property=\"og:url\" content=\"https:\/\/downgalicia.org\/es\/fundacion-inocente-inocente-colabora-con-la-inclusion-educativa-de-las-personas-con-sindrome-de-down-y-otras-discapacidades-intelectuales\/\" \/>\n<meta property=\"og:site_name\" content=\"Federaci\u00f3n Down Galicia\" \/>\n<meta property=\"article:published_time\" content=\"2019-05-06T09:45:52+00:00\" \/>\n<meta property=\"og:image\" content=\"https:\/\/downgalicia.org\/wp-content\/uploads\/2025\/06\/Fundacion-Inocente_Difusion-inicial-4.jpg\" \/>\n\t<meta property=\"og:image:width\" content=\"1440\" \/>\n\t<meta property=\"og:image:height\" content=\"1080\" \/>\n\t<meta property=\"og:image:type\" content=\"image\/jpeg\" \/>\n<meta name=\"author\" content=\"produccion@visualpublinet.com\" \/>\n<meta name=\"twitter:card\" content=\"summary_large_image\" \/>\n<meta name=\"twitter:label1\" content=\"Escrito por\" \/>\n\t<meta name=\"twitter:data1\" content=\"produccion@visualpublinet.com\" \/>\n\t<meta name=\"twitter:label2\" content=\"Tiempo de lectura\" \/>\n\t<meta name=\"twitter:data2\" content=\"1 minuto\" \/>\n<script type=\"application\/ld+json\" class=\"yoast-schema-graph\">{\"@context\":\"https:\/\/schema.org\",\"@graph\":[{\"@type\":\"Article\",\"@id\":\"https:\/\/downgalicia.org\/es\/fundacion-inocente-inocente-colabora-con-la-inclusion-educativa-de-las-personas-con-sindrome-de-down-y-otras-discapacidades-intelectuales\/#article\",\"isPartOf\":{\"@id\":\"https:\/\/downgalicia.org\/es\/fundacion-inocente-inocente-colabora-con-la-inclusion-educativa-de-las-personas-con-sindrome-de-down-y-otras-discapacidades-intelectuales\/\"},\"author\":{\"name\":\"produccion@visualpublinet.com\",\"@id\":\"https:\/\/downgalicia.org\/es\/#\/schema\/person\/317730a00185114c76a219b94bddef15\"},\"headline\":\"Fundaci\u00f3n Inocente Inocente colabora con la inclusi\u00f3n educativa de las personas con s\u00edndrome de Down y otras discapacidades intelectuales\",\"datePublished\":\"2019-05-06T09:45:52+00:00\",\"mainEntityOfPage\":{\"@id\":\"https:\/\/downgalicia.org\/es\/fundacion-inocente-inocente-colabora-con-la-inclusion-educativa-de-las-personas-con-sindrome-de-down-y-otras-discapacidades-intelectuales\/\"},\"wordCount\":314,\"publisher\":{\"@id\":\"https:\/\/downgalicia.org\/es\/#organization\"},\"image\":{\"@id\":\"https:\/\/downgalicia.org\/es\/fundacion-inocente-inocente-colabora-con-la-inclusion-educativa-de-las-personas-con-sindrome-de-down-y-otras-discapacidades-intelectuales\/#primaryimage\"},\"thumbnailUrl\":\"https:\/\/downgalicia.org\/wp-content\/uploads\/2025\/06\/Fundacion-Inocente_Difusion-inicial-4.jpg\",\"articleSection\":[\"Down Galicia\",\"Educaci\u00f3n\",\"Noticias del Movimiento Down\"],\"inLanguage\":\"es\"},{\"@type\":\"WebPage\",\"@id\":\"https:\/\/downgalicia.org\/es\/fundacion-inocente-inocente-colabora-con-la-inclusion-educativa-de-las-personas-con-sindrome-de-down-y-otras-discapacidades-intelectuales\/\",\"url\":\"https:\/\/downgalicia.org\/es\/fundacion-inocente-inocente-colabora-con-la-inclusion-educativa-de-las-personas-con-sindrome-de-down-y-otras-discapacidades-intelectuales\/\",\"name\":\"Fundaci\u00f3n Inocente Inocente colabora con la inclusi\u00f3n educativa de las personas con s\u00edndrome de Down y otras discapacidades intelectuales &#8226; Federaci\u00f3n Down Galicia\",\"isPartOf\":{\"@id\":\"https:\/\/downgalicia.org\/es\/#website\"},\"primaryImageOfPage\":{\"@id\":\"https:\/\/downgalicia.org\/es\/fundacion-inocente-inocente-colabora-con-la-inclusion-educativa-de-las-personas-con-sindrome-de-down-y-otras-discapacidades-intelectuales\/#primaryimage\"},\"image\":{\"@id\":\"https:\/\/downgalicia.org\/es\/fundacion-inocente-inocente-colabora-con-la-inclusion-educativa-de-las-personas-con-sindrome-de-down-y-otras-discapacidades-intelectuales\/#primaryimage\"},\"thumbnailUrl\":\"https:\/\/downgalicia.org\/wp-content\/uploads\/2025\/06\/Fundacion-Inocente_Difusion-inicial-4.jpg\",\"datePublished\":\"2019-05-06T09:45:52+00:00\",\"breadcrumb\":{\"@id\":\"https:\/\/downgalicia.org\/es\/fundacion-inocente-inocente-colabora-con-la-inclusion-educativa-de-las-personas-con-sindrome-de-down-y-otras-discapacidades-intelectuales\/#breadcrumb\"},\"inLanguage\":\"es\",\"potentialAction\":[{\"@type\":\"ReadAction\",\"target\":[\"https:\/\/downgalicia.org\/es\/fundacion-inocente-inocente-colabora-con-la-inclusion-educativa-de-las-personas-con-sindrome-de-down-y-otras-discapacidades-intelectuales\/\"]}]},{\"@type\":\"ImageObject\",\"inLanguage\":\"es\",\"@id\":\"https:\/\/downgalicia.org\/es\/fundacion-inocente-inocente-colabora-con-la-inclusion-educativa-de-las-personas-con-sindrome-de-down-y-otras-discapacidades-intelectuales\/#primaryimage\",\"url\":\"https:\/\/downgalicia.org\/wp-content\/uploads\/2025\/06\/Fundacion-Inocente_Difusion-inicial-4.jpg\",\"contentUrl\":\"https:\/\/downgalicia.org\/wp-content\/uploads\/2025\/06\/Fundacion-Inocente_Difusion-inicial-4.jpg\",\"width\":1440,\"height\":1080},{\"@type\":\"BreadcrumbList\",\"@id\":\"https:\/\/downgalicia.org\/es\/fundacion-inocente-inocente-colabora-con-la-inclusion-educativa-de-las-personas-con-sindrome-de-down-y-otras-discapacidades-intelectuales\/#breadcrumb\",\"itemListElement\":[{\"@type\":\"ListItem\",\"position\":1,\"name\":\"Portada\",\"item\":\"https:\/\/downgalicia.org\/es\/\"},{\"@type\":\"ListItem\",\"position\":2,\"name\":\"Fundaci\u00f3n Inocente Inocente colabora con la inclusi\u00f3n educativa de las personas con s\u00edndrome de Down y otras discapacidades intelectuales\"}]},{\"@type\":\"WebSite\",\"@id\":\"https:\/\/downgalicia.org\/es\/#website\",\"url\":\"https:\/\/downgalicia.org\/es\/\",\"name\":\"Federaci\u00f3n Down Galicia\",\"description\":\"Apoio a persoas con S\u00edndrome de Down\",\"publisher\":{\"@id\":\"https:\/\/downgalicia.org\/es\/#organization\"},\"potentialAction\":[{\"@type\":\"SearchAction\",\"target\":{\"@type\":\"EntryPoint\",\"urlTemplate\":\"https:\/\/downgalicia.org\/es\/?s={search_term_string}\"},\"query-input\":{\"@type\":\"PropertyValueSpecification\",\"valueRequired\":true,\"valueName\":\"search_term_string\"}}],\"inLanguage\":\"es\"},{\"@type\":\"Organization\",\"@id\":\"https:\/\/downgalicia.org\/es\/#organization\",\"name\":\"Federaci\u00f3n Down Galicia\",\"url\":\"https:\/\/downgalicia.org\/es\/\",\"logo\":{\"@type\":\"ImageObject\",\"inLanguage\":\"es\",\"@id\":\"https:\/\/downgalicia.org\/es\/#\/schema\/logo\/image\/\",\"url\":\"https:\/\/downgalicia.org\/wp-content\/uploads\/2024\/07\/logo-sindrome-down-color.svg\",\"contentUrl\":\"https:\/\/downgalicia.org\/wp-content\/uploads\/2024\/07\/logo-sindrome-down-color.svg\",\"width\":271,\"height\":88,\"caption\":\"Federaci\u00f3n Down Galicia\"},\"image\":{\"@id\":\"https:\/\/downgalicia.org\/es\/#\/schema\/logo\/image\/\"}},{\"@type\":\"Person\",\"@id\":\"https:\/\/downgalicia.org\/es\/#\/schema\/person\/317730a00185114c76a219b94bddef15\",\"name\":\"produccion@visualpublinet.com\",\"image\":{\"@type\":\"ImageObject\",\"inLanguage\":\"es\",\"@id\":\"https:\/\/downgalicia.org\/es\/#\/schema\/person\/image\/\",\"url\":\"https:\/\/secure.gravatar.com\/avatar\/282ee20c78c1b1137175d4ab9f75785d8c239d499b1376df3ba16efa213b7b10?s=96&d=mm&r=g\",\"contentUrl\":\"https:\/\/secure.gravatar.com\/avatar\/282ee20c78c1b1137175d4ab9f75785d8c239d499b1376df3ba16efa213b7b10?s=96&d=mm&r=g\",\"caption\":\"produccion@visualpublinet.com\"},\"sameAs\":[\"https:\/\/downgalicia.org\"],\"url\":\"https:\/\/downgalicia.org\/es\/author\/produccionvisualpublinet-com\/\"}]}<\/script>\n<!-- \/ Yoast SEO plugin. -->","yoast_head_json":{"title":"Fundaci\u00f3n Inocente Inocente colabora con la inclusi\u00f3n educativa de las personas con s\u00edndrome de Down y otras discapacidades intelectuales &#8226; Federaci\u00f3n Down Galicia","robots":{"index":"index","follow":"follow","max-snippet":"max-snippet:-1","max-image-preview":"max-image-preview:large","max-video-preview":"max-video-preview:-1"},"canonical":"https:\/\/downgalicia.org\/es\/fundacion-inocente-inocente-colabora-con-la-inclusion-educativa-de-las-personas-con-sindrome-de-down-y-otras-discapacidades-intelectuales\/","og_locale":"es_ES","og_type":"article","og_title":"Fundaci\u00f3n Inocente Inocente colabora con la inclusi\u00f3n educativa de las personas con s\u00edndrome de Down y otras discapacidades intelectuales &#8226; Federaci\u00f3n Down Galicia","og_description":"La Fundaci\u00f3n Inocente Inocente acaba de premiar el proyecto \u201cInclusi\u00f3n educativa de alumnado con s\u00edndrome de Down y otras discapacidades intelectuales\u201d que Down Galicia present\u00f3 a la convocatoria 2019 de ayudas a proyectos asistenciales de la fundaci\u00f3n privada. A trav\u00e9s...","og_url":"https:\/\/downgalicia.org\/es\/fundacion-inocente-inocente-colabora-con-la-inclusion-educativa-de-las-personas-con-sindrome-de-down-y-otras-discapacidades-intelectuales\/","og_site_name":"Federaci\u00f3n Down Galicia","article_published_time":"2019-05-06T09:45:52+00:00","og_image":[{"width":1440,"height":1080,"url":"https:\/\/downgalicia.org\/wp-content\/uploads\/2025\/06\/Fundacion-Inocente_Difusion-inicial-4.jpg","type":"image\/jpeg"}],"author":"produccion@visualpublinet.com","twitter_card":"summary_large_image","twitter_misc":{"Escrito por":"produccion@visualpublinet.com","Tiempo de lectura":"1 minuto"},"schema":{"@context":"https:\/\/schema.org","@graph":[{"@type":"Article","@id":"https:\/\/downgalicia.org\/es\/fundacion-inocente-inocente-colabora-con-la-inclusion-educativa-de-las-personas-con-sindrome-de-down-y-otras-discapacidades-intelectuales\/#article","isPartOf":{"@id":"https:\/\/downgalicia.org\/es\/fundacion-inocente-inocente-colabora-con-la-inclusion-educativa-de-las-personas-con-sindrome-de-down-y-otras-discapacidades-intelectuales\/"},"author":{"name":"produccion@visualpublinet.com","@id":"https:\/\/downgalicia.org\/es\/#\/schema\/person\/317730a00185114c76a219b94bddef15"},"headline":"Fundaci\u00f3n Inocente Inocente colabora con la inclusi\u00f3n educativa de las personas con s\u00edndrome de Down y otras discapacidades intelectuales","datePublished":"2019-05-06T09:45:52+00:00","mainEntityOfPage":{"@id":"https:\/\/downgalicia.org\/es\/fundacion-inocente-inocente-colabora-con-la-inclusion-educativa-de-las-personas-con-sindrome-de-down-y-otras-discapacidades-intelectuales\/"},"wordCount":314,"publisher":{"@id":"https:\/\/downgalicia.org\/es\/#organization"},"image":{"@id":"https:\/\/downgalicia.org\/es\/fundacion-inocente-inocente-colabora-con-la-inclusion-educativa-de-las-personas-con-sindrome-de-down-y-otras-discapacidades-intelectuales\/#primaryimage"},"thumbnailUrl":"https:\/\/downgalicia.org\/wp-content\/uploads\/2025\/06\/Fundacion-Inocente_Difusion-inicial-4.jpg","articleSection":["Down Galicia","Educaci\u00f3n","Noticias del Movimiento Down"],"inLanguage":"es"},{"@type":"WebPage","@id":"https:\/\/downgalicia.org\/es\/fundacion-inocente-inocente-colabora-con-la-inclusion-educativa-de-las-personas-con-sindrome-de-down-y-otras-discapacidades-intelectuales\/","url":"https:\/\/downgalicia.org\/es\/fundacion-inocente-inocente-colabora-con-la-inclusion-educativa-de-las-personas-con-sindrome-de-down-y-otras-discapacidades-intelectuales\/","name":"Fundaci\u00f3n Inocente Inocente colabora con la inclusi\u00f3n educativa de las personas con s\u00edndrome de Down y otras discapacidades intelectuales &#8226; Federaci\u00f3n Down Galicia","isPartOf":{"@id":"https:\/\/downgalicia.org\/es\/#website"},"primaryImageOfPage":{"@id":"https:\/\/downgalicia.org\/es\/fundacion-inocente-inocente-colabora-con-la-inclusion-educativa-de-las-personas-con-sindrome-de-down-y-otras-discapacidades-intelectuales\/#primaryimage"},"image":{"@id":"https:\/\/downgalicia.org\/es\/fundacion-inocente-inocente-colabora-con-la-inclusion-educativa-de-las-personas-con-sindrome-de-down-y-otras-discapacidades-intelectuales\/#primaryimage"},"thumbnailUrl":"https:\/\/downgalicia.org\/wp-content\/uploads\/2025\/06\/Fundacion-Inocente_Difusion-inicial-4.jpg","datePublished":"2019-05-06T09:45:52+00:00","breadcrumb":{"@id":"https:\/\/downgalicia.org\/es\/fundacion-inocente-inocente-colabora-con-la-inclusion-educativa-de-las-personas-con-sindrome-de-down-y-otras-discapacidades-intelectuales\/#breadcrumb"},"inLanguage":"es","potentialAction":[{"@type":"ReadAction","target":["https:\/\/downgalicia.org\/es\/fundacion-inocente-inocente-colabora-con-la-inclusion-educativa-de-las-personas-con-sindrome-de-down-y-otras-discapacidades-intelectuales\/"]}]},{"@type":"ImageObject","inLanguage":"es","@id":"https:\/\/downgalicia.org\/es\/fundacion-inocente-inocente-colabora-con-la-inclusion-educativa-de-las-personas-con-sindrome-de-down-y-otras-discapacidades-intelectuales\/#primaryimage","url":"https:\/\/downgalicia.org\/wp-content\/uploads\/2025\/06\/Fundacion-Inocente_Difusion-inicial-4.jpg","contentUrl":"https:\/\/downgalicia.org\/wp-content\/uploads\/2025\/06\/Fundacion-Inocente_Difusion-inicial-4.jpg","width":1440,"height":1080},{"@type":"BreadcrumbList","@id":"https:\/\/downgalicia.org\/es\/fundacion-inocente-inocente-colabora-con-la-inclusion-educativa-de-las-personas-con-sindrome-de-down-y-otras-discapacidades-intelectuales\/#breadcrumb","itemListElement":[{"@type":"ListItem","position":1,"name":"Portada","item":"https:\/\/downgalicia.org\/es\/"},{"@type":"ListItem","position":2,"name":"Fundaci\u00f3n Inocente Inocente colabora con la inclusi\u00f3n educativa de las personas con s\u00edndrome de Down y otras discapacidades intelectuales"}]},{"@type":"WebSite","@id":"https:\/\/downgalicia.org\/es\/#website","url":"https:\/\/downgalicia.org\/es\/","name":"Federaci\u00f3n Down Galicia","description":"Apoio a persoas con S\u00edndrome de Down","publisher":{"@id":"https:\/\/downgalicia.org\/es\/#organization"},"potentialAction":[{"@type":"SearchAction","target":{"@type":"EntryPoint","urlTemplate":"https:\/\/downgalicia.org\/es\/?s={search_term_string}"},"query-input":{"@type":"PropertyValueSpecification","valueRequired":true,"valueName":"search_term_string"}}],"inLanguage":"es"},{"@type":"Organization","@id":"https:\/\/downgalicia.org\/es\/#organization","name":"Federaci\u00f3n Down Galicia","url":"https:\/\/downgalicia.org\/es\/","logo":{"@type":"ImageObject","inLanguage":"es","@id":"https:\/\/downgalicia.org\/es\/#\/schema\/logo\/image\/","url":"https:\/\/downgalicia.org\/wp-content\/uploads\/2024\/07\/logo-sindrome-down-color.svg","contentUrl":"https:\/\/downgalicia.org\/wp-content\/uploads\/2024\/07\/logo-sindrome-down-color.svg","width":271,"height":88,"caption":"Federaci\u00f3n Down Galicia"},"image":{"@id":"https:\/\/downgalicia.org\/es\/#\/schema\/logo\/image\/"}},{"@type":"Person","@id":"https:\/\/downgalicia.org\/es\/#\/schema\/person\/317730a00185114c76a219b94bddef15","name":"produccion@visualpublinet.com","image":{"@type":"ImageObject","inLanguage":"es","@id":"https:\/\/downgalicia.org\/es\/#\/schema\/person\/image\/","url":"https:\/\/secure.gravatar.com\/avatar\/282ee20c78c1b1137175d4ab9f75785d8c239d499b1376df3ba16efa213b7b10?s=96&d=mm&r=g","contentUrl":"https:\/\/secure.gravatar.com\/avatar\/282ee20c78c1b1137175d4ab9f75785d8c239d499b1376df3ba16efa213b7b10?s=96&d=mm&r=g","caption":"produccion@visualpublinet.com"},"sameAs":["https:\/\/downgalicia.org"],"url":"https:\/\/downgalicia.org\/es\/author\/produccionvisualpublinet-com\/"}]}},"_links":{"self":[{"href":"https:\/\/downgalicia.org\/es\/wp-json\/wp\/v2\/posts\/6578","targetHints":{"allow":["GET"]}}],"collection":[{"href":"https:\/\/downgalicia.org\/es\/wp-json\/wp\/v2\/posts"}],"about":[{"href":"https:\/\/downgalicia.org\/es\/wp-json\/wp\/v2\/types\/post"}],"author":[{"embeddable":true,"href":"https:\/\/downgalicia.org\/es\/wp-json\/wp\/v2\/users\/1"}],"replies":[{"embeddable":true,"href":"https:\/\/downgalicia.org\/es\/wp-json\/wp\/v2\/comments?post=6578"}],"version-history":[{"count":0,"href":"https:\/\/downgalicia.org\/es\/wp-json\/wp\/v2\/posts\/6578\/revisions"}],"wp:featuredmedia":[{"embeddable":true,"href":"https:\/\/downgalicia.org\/es\/wp-json\/wp\/v2\/media\/6579"}],"wp:attachment":[{"href":"https:\/\/downgalicia.org\/es\/wp-json\/wp\/v2\/media?parent=6578"}],"wp:term":[{"taxonomy":"category","embeddable":true,"href":"https:\/\/downgalicia.org\/es\/wp-json\/wp\/v2\/categories?post=6578"},{"taxonomy":"post_tag","embeddable":true,"href":"https:\/\/downgalicia.org\/es\/wp-json\/wp\/v2\/tags?post=6578"}],"curies":[{"name":"wp","href":"https:\/\/api.w.org\/{rel}","templated":true}]}}