{"id":6582,"date":"2019-05-03T10:56:32","date_gmt":"2019-05-03T08:56:32","guid":{"rendered":"http:\/\/downgalicia.org.136-144-253-96.136-144-253-96.visualpublinet.com\/down-galicia-reclama-una-sociedad-basada-en-la-igualdad-de-derechos-en-el-dia-de-la-convencion-sobre-derechos-de-las-personas-con-discapacidad\/"},"modified":"2019-05-03T10:56:32","modified_gmt":"2019-05-03T08:56:32","slug":"down-galicia-reclama-una-sociedad-basada-en-la-igualdad-de-derechos-en-el-dia-de-la-convencion-sobre-derechos-de-las-personas-con-discapacidad","status":"publish","type":"post","link":"https:\/\/downgalicia.org\/es\/down-galicia-reclama-una-sociedad-basada-en-la-igualdad-de-derechos-en-el-dia-de-la-convencion-sobre-derechos-de-las-personas-con-discapacidad\/","title":{"rendered":"Down Galicia reclama una sociedad basada en la igualdad de derechos en el D\u00eda de la Convenci\u00f3n sobre Derechos de las Personas con Discapacidad"},"content":{"rendered":"<p>El pasado 22 de febrero, el Consejo de Ministros del Gobierno de Espa\u00f1a declaraba oficialmente el 3 de mayo de cada a\u00f1o como D\u00eda Nacional en Espa\u00f1a de la Convenci\u00f3n Internacional sobre los Derechos de las Personas con Discapacidad. Esta jornada tiene como finalidad la contribuci\u00f3n al conocimiento y difusi\u00f3n de esta Convenci\u00f3n, as\u00ed como la toma de conciencia por parte de la ciudadan\u00eda de sus principios, valores y mandatos.<\/p>\n<p>Hace ya m\u00e1s de 12 a\u00f1os que la Asamblea General de las Naciones Unidas aprob\u00f3 este texto, un instrumento internacional de derechos humanos destinado a proteger los derechos y la dignidad de las personas con discapacidad. A trav\u00e9s de sus 50 art\u00edculos, la Convenci\u00f3n recoge todos los derechos de las personas con discapacidad en \u00e1mbitos como el civil, el social, o de acceso a la educaci\u00f3n, salud y empleo.<\/p>\n<p>Este tratado jur\u00eddico, ratificado por Espa\u00f1a en el a\u00f1o 2008, supone la consagraci\u00f3n del enfoque de derechos de este colectivo y la consideraci\u00f3n de las personas con discapacidad como sujetos titulares de derechos. Es, por lo tanto, de obligado cumplimiento para el Estado garantizar que el ejercicio de los mismos sea pleno y efectivo.<\/p>\n<p>Aunque es cierto que se lograron grandes avances en los \u00faltimos a\u00f1os, a\u00fan siguen produci\u00e9ndose vulneraciones a los derechos m\u00e1s fundamentales. Desde su ratificaci\u00f3n en nuestro pa\u00eds, Down Galicia lucha para que los principios incluidos en este texto sean cumplidos en su totalidad y se aseguren y respeten de este modo los derechos fundamentales de las personas con discapacidad.<\/p>\n<p>&nbsp;<\/p>\n<p><strong>Un v\u00eddeo para reivindicar la igualdad de derechos<\/strong><\/p>\n<p>Para\u00a0 combatir el desconocimiento generalizado que existe en nuestro pa\u00eds sobre este tratado internacional, la Federaci\u00f3n Down Galicia lanza hoy un v\u00eddeo reivindicativo centrado en la importancia de la construcci\u00f3n de una sociedad basada en la igualdad de derechos para toda su ciudadan\u00eda. A trav\u00e9s de esta pieza audiovisual conoceremos la experiencia y las demandas de Mar Vidal, miembro de Down Galicia, y de su familia en este \u00e1mbito.<\/p>\n<p><a href=\"https:\/\/www.youtube.com\/watch?v=XAzXBZJjVT4\" target=\"_blank\" rel=\"noopener\">\u00a1Accede aqu\u00ed al v\u00eddeo!<\/a><\/p>\n<p>&nbsp;<\/p>\n<p><strong>La no discriminaci\u00f3n, uno de los principios b\u00e1sicos de la Convenci\u00f3n<\/strong><\/p>\n<p>La Convenci\u00f3n y sus art\u00edculos se basan en ocho principios rectores entre los que destacan el respeto de la dignidad inherente, la autonom\u00eda individual y la independencia de las personas, la participaci\u00f3n e inclusi\u00f3n plenas y efectivas en la sociedad, el respeto por la diferencia, la igualdad de oportunidades, la accesibilidad, la igualdad entre el hombre y la mujer, el respeto a la evoluci\u00f3n de las facultades de los ni\u00f1os y las ni\u00f1as con discapacidad y la no discriminaci\u00f3n.<\/p>\n<p>Apelando a este \u00faltimo principio rector, Down Galicia quiere expresar su repulsa y condenar p\u00fablicamente los comentarios aparecidos en las \u00faltimas semanas en varios medios de comunicaci\u00f3n y redes sociales que incluyen contenido ofensivo,\u00a0 vejatorio y denigrante sobre las personas con s\u00edndrome de Down y otros colectivos.<\/p>\n<p>&nbsp;<\/p>\n<p><strong>Educaci\u00f3n inclusiva, un derecho fundamental<\/strong><\/p>\n<p>En los \u00faltimos tiempos, se est\u00e1 observando como varios sectores de la sociedad est\u00e1n levantando su voz apelando a una educaci\u00f3n\u00a0 segregada. Pero el derecho a una educaci\u00f3n inclusiva es uno de los derechos avalados por la Convenci\u00f3n Internacional de la ONU sobre los Derechos de las Personas con Discapacidad, que en su art\u00edculo 24 reconoce que \u201clos Estados asegurar\u00e1n un sistema de educaci\u00f3n inclusivo a todos los niveles para las personas con discapacidad\u201d.<\/p>\n<p>La Federaci\u00f3n Down Galicia lleva desde hace a\u00f1os poniendo de manifiesto que el sistema educativo espa\u00f1ol es discriminatorio con las personas con s\u00edndrome de Down y vulnera lo establecido en este tratado internacional.<\/p>\n<p>Una vez m\u00e1s, Down Galicia quiere reivindicar la importancia de la construcci\u00f3n de un modelo educativo inclusivo basado en los principios de calidad, equidad, flexibilidad y respeto a la diversidad. Debemos tener presente que la sociedad de la cual formamos parte es plural y esa realidad ha de ser la bandera de la educaci\u00f3n. Por lo tanto, debemos tener en cuenta que si se\u00a0 segrega al alumnado, sea cu\u00e1l sea la causa, sobre todo en una edad temprana, no estamos avanzando en la construcci\u00f3n de una sociedad tolerante y respetuosa con la diferencia.<\/p>\n<p>&nbsp;<\/p>\n<p>Adem\u00e1s del derecho a la educaci\u00f3n inclusiva, la Convenci\u00f3n recoge otros derechos fundamentales como el derecho a vivir en forma independiente, el derecho a formar una familia, el derecho al trabajo y al empleo libre, el derecho a la salud, los derechos de participaci\u00f3n o el derecho de voto, entre otros.<\/p>\n","protected":false},"excerpt":{"rendered":"<p>El pasado 22 de febrero, el Consejo de Ministros del Gobierno de Espa\u00f1a declaraba oficialmente el 3 de mayo de cada a\u00f1o como D\u00eda Nacional en Espa\u00f1a de la Convenci\u00f3n Internacional sobre los Derechos de las Personas con Discapacidad. Esta&#8230;<\/p>\n","protected":false},"author":1,"featured_media":6583,"comment_status":"closed","ping_status":"closed","sticky":false,"template":"","format":"standard","meta":{"_acf_changed":false,"give_campaign_id":0,"footnotes":""},"categories":[129,71],"tags":[],"class_list":["post-6582","post","type-post","status-publish","format-standard","has-post-thumbnail","hentry","category-down-galicia-hemeroteca-es","category-noticias-sindrome-de-down-es"],"acf":[],"yoast_head":"<!-- This site is optimized with the Yoast SEO plugin v25.3.1 - https:\/\/yoast.com\/wordpress\/plugins\/seo\/ -->\n<title>Down Galicia reclama una sociedad basada en la igualdad de derechos en el D\u00eda de la Convenci\u00f3n sobre Derechos de las Personas con Discapacidad &#8226; Federaci\u00f3n Down Galicia<\/title>\n<meta name=\"robots\" content=\"index, follow, max-snippet:-1, max-image-preview:large, max-video-preview:-1\" \/>\n<link rel=\"canonical\" href=\"https:\/\/downgalicia.org\/es\/down-galicia-reclama-una-sociedad-basada-en-la-igualdad-de-derechos-en-el-dia-de-la-convencion-sobre-derechos-de-las-personas-con-discapacidad\/\" \/>\n<meta property=\"og:locale\" content=\"es_ES\" \/>\n<meta property=\"og:type\" content=\"article\" \/>\n<meta property=\"og:title\" content=\"Down Galicia reclama una sociedad basada en la igualdad de derechos en el D\u00eda de la Convenci\u00f3n sobre Derechos de las Personas con Discapacidad &#8226; Federaci\u00f3n Down Galicia\" \/>\n<meta property=\"og:description\" content=\"El pasado 22 de febrero, el Consejo de Ministros del Gobierno de Espa\u00f1a declaraba oficialmente el 3 de mayo de cada a\u00f1o como D\u00eda Nacional en Espa\u00f1a de la Convenci\u00f3n Internacional sobre los Derechos de las Personas con Discapacidad. Esta...\" \/>\n<meta property=\"og:url\" content=\"https:\/\/downgalicia.org\/es\/down-galicia-reclama-una-sociedad-basada-en-la-igualdad-de-derechos-en-el-dia-de-la-convencion-sobre-derechos-de-las-personas-con-discapacidad\/\" \/>\n<meta property=\"og:site_name\" content=\"Federaci\u00f3n Down Galicia\" \/>\n<meta property=\"article:published_time\" content=\"2019-05-03T08:56:32+00:00\" \/>\n<meta property=\"og:image\" content=\"https:\/\/downgalicia.org\/wp-content\/uploads\/2025\/06\/NP_Dia-Convencion-Dereitos-Persoas-Discapacidade-1-4.jpg\" \/>\n\t<meta property=\"og:image:width\" content=\"1618\" \/>\n\t<meta property=\"og:image:height\" content=\"1080\" \/>\n\t<meta property=\"og:image:type\" content=\"image\/jpeg\" \/>\n<meta name=\"author\" content=\"produccion@visualpublinet.com\" \/>\n<meta name=\"twitter:card\" content=\"summary_large_image\" \/>\n<meta name=\"twitter:label1\" content=\"Escrito por\" \/>\n\t<meta name=\"twitter:data1\" content=\"produccion@visualpublinet.com\" \/>\n\t<meta name=\"twitter:label2\" content=\"Tiempo de lectura\" \/>\n\t<meta name=\"twitter:data2\" content=\"4 minutos\" \/>\n<script type=\"application\/ld+json\" class=\"yoast-schema-graph\">{\"@context\":\"https:\/\/schema.org\",\"@graph\":[{\"@type\":\"Article\",\"@id\":\"https:\/\/downgalicia.org\/es\/down-galicia-reclama-una-sociedad-basada-en-la-igualdad-de-derechos-en-el-dia-de-la-convencion-sobre-derechos-de-las-personas-con-discapacidad\/#article\",\"isPartOf\":{\"@id\":\"https:\/\/downgalicia.org\/es\/down-galicia-reclama-una-sociedad-basada-en-la-igualdad-de-derechos-en-el-dia-de-la-convencion-sobre-derechos-de-las-personas-con-discapacidad\/\"},\"author\":{\"name\":\"produccion@visualpublinet.com\",\"@id\":\"https:\/\/downgalicia.org\/es\/#\/schema\/person\/317730a00185114c76a219b94bddef15\"},\"headline\":\"Down Galicia reclama una sociedad basada en la igualdad de derechos en el D\u00eda de la Convenci\u00f3n sobre Derechos de las Personas con Discapacidad\",\"datePublished\":\"2019-05-03T08:56:32+00:00\",\"mainEntityOfPage\":{\"@id\":\"https:\/\/downgalicia.org\/es\/down-galicia-reclama-una-sociedad-basada-en-la-igualdad-de-derechos-en-el-dia-de-la-convencion-sobre-derechos-de-las-personas-con-discapacidad\/\"},\"wordCount\":820,\"publisher\":{\"@id\":\"https:\/\/downgalicia.org\/es\/#organization\"},\"image\":{\"@id\":\"https:\/\/downgalicia.org\/es\/down-galicia-reclama-una-sociedad-basada-en-la-igualdad-de-derechos-en-el-dia-de-la-convencion-sobre-derechos-de-las-personas-con-discapacidad\/#primaryimage\"},\"thumbnailUrl\":\"https:\/\/downgalicia.org\/wp-content\/uploads\/2025\/06\/NP_Dia-Convencion-Dereitos-Persoas-Discapacidade-1-4.jpg\",\"articleSection\":[\"Down Galicia\",\"Noticias del Movimiento Down\"],\"inLanguage\":\"es\"},{\"@type\":\"WebPage\",\"@id\":\"https:\/\/downgalicia.org\/es\/down-galicia-reclama-una-sociedad-basada-en-la-igualdad-de-derechos-en-el-dia-de-la-convencion-sobre-derechos-de-las-personas-con-discapacidad\/\",\"url\":\"https:\/\/downgalicia.org\/es\/down-galicia-reclama-una-sociedad-basada-en-la-igualdad-de-derechos-en-el-dia-de-la-convencion-sobre-derechos-de-las-personas-con-discapacidad\/\",\"name\":\"Down Galicia reclama una sociedad basada en la igualdad de derechos en el D\u00eda de la Convenci\u00f3n sobre Derechos de las Personas con Discapacidad &#8226; Federaci\u00f3n Down Galicia\",\"isPartOf\":{\"@id\":\"https:\/\/downgalicia.org\/es\/#website\"},\"primaryImageOfPage\":{\"@id\":\"https:\/\/downgalicia.org\/es\/down-galicia-reclama-una-sociedad-basada-en-la-igualdad-de-derechos-en-el-dia-de-la-convencion-sobre-derechos-de-las-personas-con-discapacidad\/#primaryimage\"},\"image\":{\"@id\":\"https:\/\/downgalicia.org\/es\/down-galicia-reclama-una-sociedad-basada-en-la-igualdad-de-derechos-en-el-dia-de-la-convencion-sobre-derechos-de-las-personas-con-discapacidad\/#primaryimage\"},\"thumbnailUrl\":\"https:\/\/downgalicia.org\/wp-content\/uploads\/2025\/06\/NP_Dia-Convencion-Dereitos-Persoas-Discapacidade-1-4.jpg\",\"datePublished\":\"2019-05-03T08:56:32+00:00\",\"breadcrumb\":{\"@id\":\"https:\/\/downgalicia.org\/es\/down-galicia-reclama-una-sociedad-basada-en-la-igualdad-de-derechos-en-el-dia-de-la-convencion-sobre-derechos-de-las-personas-con-discapacidad\/#breadcrumb\"},\"inLanguage\":\"es\",\"potentialAction\":[{\"@type\":\"ReadAction\",\"target\":[\"https:\/\/downgalicia.org\/es\/down-galicia-reclama-una-sociedad-basada-en-la-igualdad-de-derechos-en-el-dia-de-la-convencion-sobre-derechos-de-las-personas-con-discapacidad\/\"]}]},{\"@type\":\"ImageObject\",\"inLanguage\":\"es\",\"@id\":\"https:\/\/downgalicia.org\/es\/down-galicia-reclama-una-sociedad-basada-en-la-igualdad-de-derechos-en-el-dia-de-la-convencion-sobre-derechos-de-las-personas-con-discapacidad\/#primaryimage\",\"url\":\"https:\/\/downgalicia.org\/wp-content\/uploads\/2025\/06\/NP_Dia-Convencion-Dereitos-Persoas-Discapacidade-1-4.jpg\",\"contentUrl\":\"https:\/\/downgalicia.org\/wp-content\/uploads\/2025\/06\/NP_Dia-Convencion-Dereitos-Persoas-Discapacidade-1-4.jpg\",\"width\":1618,\"height\":1080},{\"@type\":\"BreadcrumbList\",\"@id\":\"https:\/\/downgalicia.org\/es\/down-galicia-reclama-una-sociedad-basada-en-la-igualdad-de-derechos-en-el-dia-de-la-convencion-sobre-derechos-de-las-personas-con-discapacidad\/#breadcrumb\",\"itemListElement\":[{\"@type\":\"ListItem\",\"position\":1,\"name\":\"Portada\",\"item\":\"https:\/\/downgalicia.org\/es\/\"},{\"@type\":\"ListItem\",\"position\":2,\"name\":\"Down Galicia reclama una sociedad basada en la igualdad de derechos en el D\u00eda de la Convenci\u00f3n sobre Derechos de las Personas con Discapacidad\"}]},{\"@type\":\"WebSite\",\"@id\":\"https:\/\/downgalicia.org\/es\/#website\",\"url\":\"https:\/\/downgalicia.org\/es\/\",\"name\":\"Federaci\u00f3n Down Galicia\",\"description\":\"Apoio a persoas con S\u00edndrome de Down\",\"publisher\":{\"@id\":\"https:\/\/downgalicia.org\/es\/#organization\"},\"potentialAction\":[{\"@type\":\"SearchAction\",\"target\":{\"@type\":\"EntryPoint\",\"urlTemplate\":\"https:\/\/downgalicia.org\/es\/?s={search_term_string}\"},\"query-input\":{\"@type\":\"PropertyValueSpecification\",\"valueRequired\":true,\"valueName\":\"search_term_string\"}}],\"inLanguage\":\"es\"},{\"@type\":\"Organization\",\"@id\":\"https:\/\/downgalicia.org\/es\/#organization\",\"name\":\"Federaci\u00f3n Down Galicia\",\"url\":\"https:\/\/downgalicia.org\/es\/\",\"logo\":{\"@type\":\"ImageObject\",\"inLanguage\":\"es\",\"@id\":\"https:\/\/downgalicia.org\/es\/#\/schema\/logo\/image\/\",\"url\":\"https:\/\/downgalicia.org\/wp-content\/uploads\/2024\/07\/logo-sindrome-down-color.svg\",\"contentUrl\":\"https:\/\/downgalicia.org\/wp-content\/uploads\/2024\/07\/logo-sindrome-down-color.svg\",\"width\":271,\"height\":88,\"caption\":\"Federaci\u00f3n Down Galicia\"},\"image\":{\"@id\":\"https:\/\/downgalicia.org\/es\/#\/schema\/logo\/image\/\"}},{\"@type\":\"Person\",\"@id\":\"https:\/\/downgalicia.org\/es\/#\/schema\/person\/317730a00185114c76a219b94bddef15\",\"name\":\"produccion@visualpublinet.com\",\"image\":{\"@type\":\"ImageObject\",\"inLanguage\":\"es\",\"@id\":\"https:\/\/downgalicia.org\/es\/#\/schema\/person\/image\/\",\"url\":\"https:\/\/secure.gravatar.com\/avatar\/282ee20c78c1b1137175d4ab9f75785d8c239d499b1376df3ba16efa213b7b10?s=96&d=mm&r=g\",\"contentUrl\":\"https:\/\/secure.gravatar.com\/avatar\/282ee20c78c1b1137175d4ab9f75785d8c239d499b1376df3ba16efa213b7b10?s=96&d=mm&r=g\",\"caption\":\"produccion@visualpublinet.com\"},\"sameAs\":[\"https:\/\/downgalicia.org\"],\"url\":\"https:\/\/downgalicia.org\/es\/author\/produccionvisualpublinet-com\/\"}]}<\/script>\n<!-- \/ Yoast SEO plugin. -->","yoast_head_json":{"title":"Down Galicia reclama una sociedad basada en la igualdad de derechos en el D\u00eda de la Convenci\u00f3n sobre Derechos de las Personas con Discapacidad &#8226; Federaci\u00f3n Down Galicia","robots":{"index":"index","follow":"follow","max-snippet":"max-snippet:-1","max-image-preview":"max-image-preview:large","max-video-preview":"max-video-preview:-1"},"canonical":"https:\/\/downgalicia.org\/es\/down-galicia-reclama-una-sociedad-basada-en-la-igualdad-de-derechos-en-el-dia-de-la-convencion-sobre-derechos-de-las-personas-con-discapacidad\/","og_locale":"es_ES","og_type":"article","og_title":"Down Galicia reclama una sociedad basada en la igualdad de derechos en el D\u00eda de la Convenci\u00f3n sobre Derechos de las Personas con Discapacidad &#8226; Federaci\u00f3n Down Galicia","og_description":"El pasado 22 de febrero, el Consejo de Ministros del Gobierno de Espa\u00f1a declaraba oficialmente el 3 de mayo de cada a\u00f1o como D\u00eda Nacional en Espa\u00f1a de la Convenci\u00f3n Internacional sobre los Derechos de las Personas con Discapacidad. Esta...","og_url":"https:\/\/downgalicia.org\/es\/down-galicia-reclama-una-sociedad-basada-en-la-igualdad-de-derechos-en-el-dia-de-la-convencion-sobre-derechos-de-las-personas-con-discapacidad\/","og_site_name":"Federaci\u00f3n Down Galicia","article_published_time":"2019-05-03T08:56:32+00:00","og_image":[{"width":1618,"height":1080,"url":"https:\/\/downgalicia.org\/wp-content\/uploads\/2025\/06\/NP_Dia-Convencion-Dereitos-Persoas-Discapacidade-1-4.jpg","type":"image\/jpeg"}],"author":"produccion@visualpublinet.com","twitter_card":"summary_large_image","twitter_misc":{"Escrito por":"produccion@visualpublinet.com","Tiempo de lectura":"4 minutos"},"schema":{"@context":"https:\/\/schema.org","@graph":[{"@type":"Article","@id":"https:\/\/downgalicia.org\/es\/down-galicia-reclama-una-sociedad-basada-en-la-igualdad-de-derechos-en-el-dia-de-la-convencion-sobre-derechos-de-las-personas-con-discapacidad\/#article","isPartOf":{"@id":"https:\/\/downgalicia.org\/es\/down-galicia-reclama-una-sociedad-basada-en-la-igualdad-de-derechos-en-el-dia-de-la-convencion-sobre-derechos-de-las-personas-con-discapacidad\/"},"author":{"name":"produccion@visualpublinet.com","@id":"https:\/\/downgalicia.org\/es\/#\/schema\/person\/317730a00185114c76a219b94bddef15"},"headline":"Down Galicia reclama una sociedad basada en la igualdad de derechos en el D\u00eda de la Convenci\u00f3n sobre Derechos de las Personas con Discapacidad","datePublished":"2019-05-03T08:56:32+00:00","mainEntityOfPage":{"@id":"https:\/\/downgalicia.org\/es\/down-galicia-reclama-una-sociedad-basada-en-la-igualdad-de-derechos-en-el-dia-de-la-convencion-sobre-derechos-de-las-personas-con-discapacidad\/"},"wordCount":820,"publisher":{"@id":"https:\/\/downgalicia.org\/es\/#organization"},"image":{"@id":"https:\/\/downgalicia.org\/es\/down-galicia-reclama-una-sociedad-basada-en-la-igualdad-de-derechos-en-el-dia-de-la-convencion-sobre-derechos-de-las-personas-con-discapacidad\/#primaryimage"},"thumbnailUrl":"https:\/\/downgalicia.org\/wp-content\/uploads\/2025\/06\/NP_Dia-Convencion-Dereitos-Persoas-Discapacidade-1-4.jpg","articleSection":["Down Galicia","Noticias del Movimiento Down"],"inLanguage":"es"},{"@type":"WebPage","@id":"https:\/\/downgalicia.org\/es\/down-galicia-reclama-una-sociedad-basada-en-la-igualdad-de-derechos-en-el-dia-de-la-convencion-sobre-derechos-de-las-personas-con-discapacidad\/","url":"https:\/\/downgalicia.org\/es\/down-galicia-reclama-una-sociedad-basada-en-la-igualdad-de-derechos-en-el-dia-de-la-convencion-sobre-derechos-de-las-personas-con-discapacidad\/","name":"Down Galicia reclama una sociedad basada en la igualdad de derechos en el D\u00eda de la Convenci\u00f3n sobre Derechos de las Personas con Discapacidad &#8226; Federaci\u00f3n Down Galicia","isPartOf":{"@id":"https:\/\/downgalicia.org\/es\/#website"},"primaryImageOfPage":{"@id":"https:\/\/downgalicia.org\/es\/down-galicia-reclama-una-sociedad-basada-en-la-igualdad-de-derechos-en-el-dia-de-la-convencion-sobre-derechos-de-las-personas-con-discapacidad\/#primaryimage"},"image":{"@id":"https:\/\/downgalicia.org\/es\/down-galicia-reclama-una-sociedad-basada-en-la-igualdad-de-derechos-en-el-dia-de-la-convencion-sobre-derechos-de-las-personas-con-discapacidad\/#primaryimage"},"thumbnailUrl":"https:\/\/downgalicia.org\/wp-content\/uploads\/2025\/06\/NP_Dia-Convencion-Dereitos-Persoas-Discapacidade-1-4.jpg","datePublished":"2019-05-03T08:56:32+00:00","breadcrumb":{"@id":"https:\/\/downgalicia.org\/es\/down-galicia-reclama-una-sociedad-basada-en-la-igualdad-de-derechos-en-el-dia-de-la-convencion-sobre-derechos-de-las-personas-con-discapacidad\/#breadcrumb"},"inLanguage":"es","potentialAction":[{"@type":"ReadAction","target":["https:\/\/downgalicia.org\/es\/down-galicia-reclama-una-sociedad-basada-en-la-igualdad-de-derechos-en-el-dia-de-la-convencion-sobre-derechos-de-las-personas-con-discapacidad\/"]}]},{"@type":"ImageObject","inLanguage":"es","@id":"https:\/\/downgalicia.org\/es\/down-galicia-reclama-una-sociedad-basada-en-la-igualdad-de-derechos-en-el-dia-de-la-convencion-sobre-derechos-de-las-personas-con-discapacidad\/#primaryimage","url":"https:\/\/downgalicia.org\/wp-content\/uploads\/2025\/06\/NP_Dia-Convencion-Dereitos-Persoas-Discapacidade-1-4.jpg","contentUrl":"https:\/\/downgalicia.org\/wp-content\/uploads\/2025\/06\/NP_Dia-Convencion-Dereitos-Persoas-Discapacidade-1-4.jpg","width":1618,"height":1080},{"@type":"BreadcrumbList","@id":"https:\/\/downgalicia.org\/es\/down-galicia-reclama-una-sociedad-basada-en-la-igualdad-de-derechos-en-el-dia-de-la-convencion-sobre-derechos-de-las-personas-con-discapacidad\/#breadcrumb","itemListElement":[{"@type":"ListItem","position":1,"name":"Portada","item":"https:\/\/downgalicia.org\/es\/"},{"@type":"ListItem","position":2,"name":"Down Galicia reclama una sociedad basada en la igualdad de derechos en el D\u00eda de la Convenci\u00f3n sobre Derechos de las Personas con Discapacidad"}]},{"@type":"WebSite","@id":"https:\/\/downgalicia.org\/es\/#website","url":"https:\/\/downgalicia.org\/es\/","name":"Federaci\u00f3n Down Galicia","description":"Apoio a persoas con S\u00edndrome de Down","publisher":{"@id":"https:\/\/downgalicia.org\/es\/#organization"},"potentialAction":[{"@type":"SearchAction","target":{"@type":"EntryPoint","urlTemplate":"https:\/\/downgalicia.org\/es\/?s={search_term_string}"},"query-input":{"@type":"PropertyValueSpecification","valueRequired":true,"valueName":"search_term_string"}}],"inLanguage":"es"},{"@type":"Organization","@id":"https:\/\/downgalicia.org\/es\/#organization","name":"Federaci\u00f3n Down Galicia","url":"https:\/\/downgalicia.org\/es\/","logo":{"@type":"ImageObject","inLanguage":"es","@id":"https:\/\/downgalicia.org\/es\/#\/schema\/logo\/image\/","url":"https:\/\/downgalicia.org\/wp-content\/uploads\/2024\/07\/logo-sindrome-down-color.svg","contentUrl":"https:\/\/downgalicia.org\/wp-content\/uploads\/2024\/07\/logo-sindrome-down-color.svg","width":271,"height":88,"caption":"Federaci\u00f3n Down Galicia"},"image":{"@id":"https:\/\/downgalicia.org\/es\/#\/schema\/logo\/image\/"}},{"@type":"Person","@id":"https:\/\/downgalicia.org\/es\/#\/schema\/person\/317730a00185114c76a219b94bddef15","name":"produccion@visualpublinet.com","image":{"@type":"ImageObject","inLanguage":"es","@id":"https:\/\/downgalicia.org\/es\/#\/schema\/person\/image\/","url":"https:\/\/secure.gravatar.com\/avatar\/282ee20c78c1b1137175d4ab9f75785d8c239d499b1376df3ba16efa213b7b10?s=96&d=mm&r=g","contentUrl":"https:\/\/secure.gravatar.com\/avatar\/282ee20c78c1b1137175d4ab9f75785d8c239d499b1376df3ba16efa213b7b10?s=96&d=mm&r=g","caption":"produccion@visualpublinet.com"},"sameAs":["https:\/\/downgalicia.org"],"url":"https:\/\/downgalicia.org\/es\/author\/produccionvisualpublinet-com\/"}]}},"_links":{"self":[{"href":"https:\/\/downgalicia.org\/es\/wp-json\/wp\/v2\/posts\/6582","targetHints":{"allow":["GET"]}}],"collection":[{"href":"https:\/\/downgalicia.org\/es\/wp-json\/wp\/v2\/posts"}],"about":[{"href":"https:\/\/downgalicia.org\/es\/wp-json\/wp\/v2\/types\/post"}],"author":[{"embeddable":true,"href":"https:\/\/downgalicia.org\/es\/wp-json\/wp\/v2\/users\/1"}],"replies":[{"embeddable":true,"href":"https:\/\/downgalicia.org\/es\/wp-json\/wp\/v2\/comments?post=6582"}],"version-history":[{"count":0,"href":"https:\/\/downgalicia.org\/es\/wp-json\/wp\/v2\/posts\/6582\/revisions"}],"wp:featuredmedia":[{"embeddable":true,"href":"https:\/\/downgalicia.org\/es\/wp-json\/wp\/v2\/media\/6583"}],"wp:attachment":[{"href":"https:\/\/downgalicia.org\/es\/wp-json\/wp\/v2\/media?parent=6582"}],"wp:term":[{"taxonomy":"category","embeddable":true,"href":"https:\/\/downgalicia.org\/es\/wp-json\/wp\/v2\/categories?post=6582"},{"taxonomy":"post_tag","embeddable":true,"href":"https:\/\/downgalicia.org\/es\/wp-json\/wp\/v2\/tags?post=6582"}],"curies":[{"name":"wp","href":"https:\/\/api.w.org\/{rel}","templated":true}]}}