{"id":6586,"date":"2019-04-30T10:46:00","date_gmt":"2019-04-30T08:46:00","guid":{"rendered":"http:\/\/downgalicia.org.136-144-253-96.136-144-253-96.visualpublinet.com\/casi-150-personas-de-entidades-down-de-galicia-estuvieron-trabajando-en-2018\/"},"modified":"2019-04-30T10:46:00","modified_gmt":"2019-04-30T08:46:00","slug":"casi-150-personas-de-entidades-down-de-galicia-estuvieron-trabajando-en-2018","status":"publish","type":"post","link":"https:\/\/downgalicia.org\/es\/casi-150-personas-de-entidades-down-de-galicia-estuvieron-trabajando-en-2018\/","title":{"rendered":"Casi 150 personas de entidades Down de Galicia estuvieron trabajando en 2018"},"content":{"rendered":"<p>Un total de 144 personas participantes en el programa de Empleo con Apoyo de la Federaci\u00f3n Down Galicia, estuvieron contratadas en empresas ordinarias de su entorno durante el a\u00f1o 2018. Este dato constata la mejora, aunque lenta, en la inserci\u00f3n laboral de las personas con s\u00edndrome de Down y otras discapacidades intelectuales, ya que el n\u00famero total de personas usuarias del servicio que contaron con una oportunidad laboral creci\u00f3 un 2% con respeto al mismo per\u00edodo del a\u00f1o anterior, elevando as\u00ed a 5 los a\u00f1os en los que este n\u00famero va en aumento. Desde el a\u00f1o 2013 hasta inicios del 2019 el n\u00famero de personas usuarias de entidades Down de Galicia que firmaron un contrato laboral aument\u00f3 un 218%.<\/p>\n<p>Aun as\u00ed, solamente el 65,8% de las personas que conforman la bolsa de empleo de Down Galicia tuvieron acceso a un puesto de trabajo en este per\u00edodo. Este bajo porcentaje viene dado por el elevado n\u00famero de participantes en el programa, que en esta ocasi\u00f3n ascendi\u00f3 a 219 personas usuarias, dejando constancia de la importancia que las personas con s\u00edndrome de Down y otras discapacidades intelectuales le otorgan a tener un empleo. Y es que trabajar contribuye de manera eficaz a desterrar los t\u00f3picos que tradicionalmente se le atribuyen a este colectivo, resultando una manera sumamente eficaz de inclusi\u00f3n social.<\/p>\n<p>A trav\u00e9s de estas contrataciones, los trabajadores y trabajadoras pudieron adquirir experiencia en puestos tan variados como ayudante de cocina, actor para un anuncio, recepcionista, ordenanza, pe\u00f3n vin\u00edcola, operario de f\u00e1brica o auxiliar administrativo, entre muchos otros.<\/p>\n<p>En cuanto a la distribuci\u00f3n por localidades, se observa que fueron 55 personas las que trabajaron en este 2018 en la zona de Vigo, 18 en A Coru\u00f1a, 17 en Pontevedra, 15 en Compostela y 13 en Ferrol, Ourense y Lugo, manteniendo o mejorando las cifras con respecto al a\u00f1o anterior en todas las localidades y demostrando de este modo la utilidad y la aceptaci\u00f3n de esta metodolog\u00eda entre el tejido empresarial privado.<\/p>\n<p>No obstante, el principal escollo para el colectivo de personas con discapacidad intelectual sigue siendo la inestabilidad y la temporalidad en las contrataciones. As\u00ed, las 144 personas que tuvieron una oportunidad laboral durante el pasado a\u00f1o contaron con un total de 178 contratos, lo que pone de manifiesto la corta duraci\u00f3n de las contrataciones en muchos de los casos.<\/p>\n<p>El contrapunto viene de la mano de las pr\u00f3rrogas de los contratos y de las transformaciones de los mismos en indefinidos, que se elevan a 21 y a 13 respectivamente, lo que demuestra el buen hacer de los trabajadores y trabajadoras en sus puestos de trabajo.<\/p>\n<p>Destaca tambi\u00e9n el elevado n\u00famero de pr\u00e1cticas laborales realizadas por los usuarios y usuarias de las entidades Down en Galicia (74), con las que refuerzan su motivaci\u00f3n hacia el empleo y mejoran sus habilidades socio-laborales. Sumando contratos y pr\u00e1cticas, casi el 85% de las personas usuarias del programa de empleo de Down Galicia contaron con una oportunidad en el \u00e1mbito laboral el pasado a\u00f1o.<\/p>\n<p>Sin embargo, aunque se constata que los datos siguen una tendencia ascendente desde hace unos a\u00f1os, el acceso a un puesto de trabajo de forma normalizada sigue siendo uno de los grandes retos de las entidades que trabajan a favor de la inclusi\u00f3n laboral en la empresa ordinaria.<\/p>\n<p>&nbsp;<\/p>\n<p><strong>Acceso al Empleo P\u00fablico<\/strong><\/p>\n<p>El acceso al empleo p\u00fablico para las personas con discapacidad intelectual en general, y con s\u00edndrome de Down, en particular, es una de las reivindicaciones hist\u00f3ricas de la Federaci\u00f3n Down Galicia.<\/p>\n<p>Durante el pasado a\u00f1o, dos personas con s\u00edndrome de Down accedieron a puestos en la administraci\u00f3n p\u00fablica gallega a trav\u00e9s de sendos concursos-oposici\u00f3n. As\u00ed, tras meses de mucho esfuerzo y constancia, Jacobo Rey Gonz\u00e1lez y El\u00edas Ledo V\u00e1zquez comenzaron a trabajar como ordenanza en la Xunta de Galicia y como ujier en el Parlamento de Galicia, respectivamente.<\/p>\n<p>Estos dos j\u00f3venes son las cabezas visibles de una preparaci\u00f3n en la que a\u00f1o tras a\u00f1o se ven inmersas decenas de personas en las entidades Down en Galicia y que demuestra el inter\u00e9s del colectivo por el acceso al mercado laboral.<\/p>\n<p>&nbsp;<\/p>\n<p><strong>La metodolog\u00eda Empleo con Apoyo<\/strong><\/p>\n<p>Desde el a\u00f1o 2002, las entidades Down en Galicia desarrollan el programa Empleo con Apoyo, dise\u00f1ado para atender espec\u00edficamente las necesidades y barreras que las personas con s\u00edndrome de Down y otras discapacidades intelectuales encuentran a la hora de intentar acceder al mercado laboral ordinario.<\/p>\n<p>Este modelo se basa en un sistema estructurado de apoyos y acompa\u00f1amientos para guiar a las personas demandantes de empleo a trav\u00e9s de todo el proceso de inserci\u00f3n socio-laboral y asegurar su correcta incorporaci\u00f3n al puesto de trabajo. De este modo, las personas que se incorporan a un puesto, cuentan con el apoyo de un preparador o preparadora laboral que se encarga de llevar a cabo una formaci\u00f3n espec\u00edfica en el propio puesto de trabajo, para que el trabajador o trabajadora pueda ir adquiriendo progresivamente una adecuada ejecuci\u00f3n de las tareas. El apoyo tambi\u00e9n se centra en la potenciaci\u00f3n de la interacci\u00f3n social con los compa\u00f1eros y compa\u00f1eras de trabajo y en la mediaci\u00f3n en la relaci\u00f3n con ellos para que se desarrolle de manera positiva y natural.<\/p>\n","protected":false},"excerpt":{"rendered":"<p>Un total de 144 personas participantes en el programa de Empleo con Apoyo de la Federaci\u00f3n Down Galicia, estuvieron contratadas en empresas ordinarias de su entorno durante el a\u00f1o 2018. Este dato constata la mejora, aunque lenta, en la inserci\u00f3n&#8230;<\/p>\n","protected":false},"author":1,"featured_media":6587,"comment_status":"closed","ping_status":"closed","sticky":false,"template":"","format":"standard","meta":{"_acf_changed":false,"give_campaign_id":0,"footnotes":""},"categories":[129,127,71],"tags":[],"class_list":["post-6586","post","type-post","status-publish","format-standard","has-post-thumbnail","hentry","category-down-galicia-hemeroteca-es","category-formacion-e-emprego-hemeroteca-hemeroteca-es","category-noticias-sindrome-de-down-es"],"acf":[],"yoast_head":"<!-- This site is optimized with the Yoast SEO plugin v25.3.1 - https:\/\/yoast.com\/wordpress\/plugins\/seo\/ -->\n<title>Casi 150 personas de entidades Down de Galicia estuvieron trabajando en 2018 &#8226; Federaci\u00f3n Down Galicia<\/title>\n<meta name=\"robots\" content=\"index, follow, max-snippet:-1, max-image-preview:large, max-video-preview:-1\" \/>\n<link rel=\"canonical\" href=\"https:\/\/downgalicia.org\/es\/casi-150-personas-de-entidades-down-de-galicia-estuvieron-trabajando-en-2018\/\" \/>\n<meta property=\"og:locale\" content=\"es_ES\" \/>\n<meta property=\"og:type\" content=\"article\" \/>\n<meta property=\"og:title\" content=\"Casi 150 personas de entidades Down de Galicia estuvieron trabajando en 2018 &#8226; Federaci\u00f3n Down Galicia\" \/>\n<meta property=\"og:description\" content=\"Un total de 144 personas participantes en el programa de Empleo con Apoyo de la Federaci\u00f3n Down Galicia, estuvieron contratadas en empresas ordinarias de su entorno durante el a\u00f1o 2018. Este dato constata la mejora, aunque lenta, en la inserci\u00f3n...\" \/>\n<meta property=\"og:url\" content=\"https:\/\/downgalicia.org\/es\/casi-150-personas-de-entidades-down-de-galicia-estuvieron-trabajando-en-2018\/\" \/>\n<meta property=\"og:site_name\" content=\"Federaci\u00f3n Down Galicia\" \/>\n<meta property=\"article:published_time\" content=\"2019-04-30T08:46:00+00:00\" \/>\n<meta property=\"og:image\" content=\"https:\/\/downgalicia.org\/wp-content\/uploads\/2025\/06\/NP_Balance-emprego-Down-Galicia-2018-4.jpg\" \/>\n\t<meta property=\"og:image:width\" content=\"1620\" \/>\n\t<meta property=\"og:image:height\" content=\"1080\" \/>\n\t<meta property=\"og:image:type\" content=\"image\/jpeg\" \/>\n<meta name=\"author\" content=\"produccion@visualpublinet.com\" \/>\n<meta name=\"twitter:card\" content=\"summary_large_image\" \/>\n<meta name=\"twitter:label1\" content=\"Escrito por\" \/>\n\t<meta name=\"twitter:data1\" content=\"produccion@visualpublinet.com\" \/>\n\t<meta name=\"twitter:label2\" content=\"Tiempo de lectura\" \/>\n\t<meta name=\"twitter:data2\" content=\"5 minutos\" \/>\n<script type=\"application\/ld+json\" class=\"yoast-schema-graph\">{\"@context\":\"https:\/\/schema.org\",\"@graph\":[{\"@type\":\"Article\",\"@id\":\"https:\/\/downgalicia.org\/es\/casi-150-personas-de-entidades-down-de-galicia-estuvieron-trabajando-en-2018\/#article\",\"isPartOf\":{\"@id\":\"https:\/\/downgalicia.org\/es\/casi-150-personas-de-entidades-down-de-galicia-estuvieron-trabajando-en-2018\/\"},\"author\":{\"name\":\"produccion@visualpublinet.com\",\"@id\":\"https:\/\/downgalicia.org\/es\/#\/schema\/person\/317730a00185114c76a219b94bddef15\"},\"headline\":\"Casi 150 personas de entidades Down de Galicia estuvieron trabajando en 2018\",\"datePublished\":\"2019-04-30T08:46:00+00:00\",\"mainEntityOfPage\":{\"@id\":\"https:\/\/downgalicia.org\/es\/casi-150-personas-de-entidades-down-de-galicia-estuvieron-trabajando-en-2018\/\"},\"wordCount\":922,\"publisher\":{\"@id\":\"https:\/\/downgalicia.org\/es\/#organization\"},\"image\":{\"@id\":\"https:\/\/downgalicia.org\/es\/casi-150-personas-de-entidades-down-de-galicia-estuvieron-trabajando-en-2018\/#primaryimage\"},\"thumbnailUrl\":\"https:\/\/downgalicia.org\/wp-content\/uploads\/2025\/06\/NP_Balance-emprego-Down-Galicia-2018-4.jpg\",\"articleSection\":[\"Down Galicia\",\"Formaci\u00f3n e Emprego\",\"Noticias del Movimiento Down\"],\"inLanguage\":\"es\"},{\"@type\":\"WebPage\",\"@id\":\"https:\/\/downgalicia.org\/es\/casi-150-personas-de-entidades-down-de-galicia-estuvieron-trabajando-en-2018\/\",\"url\":\"https:\/\/downgalicia.org\/es\/casi-150-personas-de-entidades-down-de-galicia-estuvieron-trabajando-en-2018\/\",\"name\":\"Casi 150 personas de entidades Down de Galicia estuvieron trabajando en 2018 &#8226; Federaci\u00f3n Down Galicia\",\"isPartOf\":{\"@id\":\"https:\/\/downgalicia.org\/es\/#website\"},\"primaryImageOfPage\":{\"@id\":\"https:\/\/downgalicia.org\/es\/casi-150-personas-de-entidades-down-de-galicia-estuvieron-trabajando-en-2018\/#primaryimage\"},\"image\":{\"@id\":\"https:\/\/downgalicia.org\/es\/casi-150-personas-de-entidades-down-de-galicia-estuvieron-trabajando-en-2018\/#primaryimage\"},\"thumbnailUrl\":\"https:\/\/downgalicia.org\/wp-content\/uploads\/2025\/06\/NP_Balance-emprego-Down-Galicia-2018-4.jpg\",\"datePublished\":\"2019-04-30T08:46:00+00:00\",\"breadcrumb\":{\"@id\":\"https:\/\/downgalicia.org\/es\/casi-150-personas-de-entidades-down-de-galicia-estuvieron-trabajando-en-2018\/#breadcrumb\"},\"inLanguage\":\"es\",\"potentialAction\":[{\"@type\":\"ReadAction\",\"target\":[\"https:\/\/downgalicia.org\/es\/casi-150-personas-de-entidades-down-de-galicia-estuvieron-trabajando-en-2018\/\"]}]},{\"@type\":\"ImageObject\",\"inLanguage\":\"es\",\"@id\":\"https:\/\/downgalicia.org\/es\/casi-150-personas-de-entidades-down-de-galicia-estuvieron-trabajando-en-2018\/#primaryimage\",\"url\":\"https:\/\/downgalicia.org\/wp-content\/uploads\/2025\/06\/NP_Balance-emprego-Down-Galicia-2018-4.jpg\",\"contentUrl\":\"https:\/\/downgalicia.org\/wp-content\/uploads\/2025\/06\/NP_Balance-emprego-Down-Galicia-2018-4.jpg\",\"width\":1620,\"height\":1080},{\"@type\":\"BreadcrumbList\",\"@id\":\"https:\/\/downgalicia.org\/es\/casi-150-personas-de-entidades-down-de-galicia-estuvieron-trabajando-en-2018\/#breadcrumb\",\"itemListElement\":[{\"@type\":\"ListItem\",\"position\":1,\"name\":\"Portada\",\"item\":\"https:\/\/downgalicia.org\/es\/\"},{\"@type\":\"ListItem\",\"position\":2,\"name\":\"Casi 150 personas de entidades Down de Galicia estuvieron trabajando en 2018\"}]},{\"@type\":\"WebSite\",\"@id\":\"https:\/\/downgalicia.org\/es\/#website\",\"url\":\"https:\/\/downgalicia.org\/es\/\",\"name\":\"Federaci\u00f3n Down Galicia\",\"description\":\"Apoio a persoas con S\u00edndrome de Down\",\"publisher\":{\"@id\":\"https:\/\/downgalicia.org\/es\/#organization\"},\"potentialAction\":[{\"@type\":\"SearchAction\",\"target\":{\"@type\":\"EntryPoint\",\"urlTemplate\":\"https:\/\/downgalicia.org\/es\/?s={search_term_string}\"},\"query-input\":{\"@type\":\"PropertyValueSpecification\",\"valueRequired\":true,\"valueName\":\"search_term_string\"}}],\"inLanguage\":\"es\"},{\"@type\":\"Organization\",\"@id\":\"https:\/\/downgalicia.org\/es\/#organization\",\"name\":\"Federaci\u00f3n Down Galicia\",\"url\":\"https:\/\/downgalicia.org\/es\/\",\"logo\":{\"@type\":\"ImageObject\",\"inLanguage\":\"es\",\"@id\":\"https:\/\/downgalicia.org\/es\/#\/schema\/logo\/image\/\",\"url\":\"https:\/\/downgalicia.org\/wp-content\/uploads\/2024\/07\/logo-sindrome-down-color.svg\",\"contentUrl\":\"https:\/\/downgalicia.org\/wp-content\/uploads\/2024\/07\/logo-sindrome-down-color.svg\",\"width\":271,\"height\":88,\"caption\":\"Federaci\u00f3n Down Galicia\"},\"image\":{\"@id\":\"https:\/\/downgalicia.org\/es\/#\/schema\/logo\/image\/\"}},{\"@type\":\"Person\",\"@id\":\"https:\/\/downgalicia.org\/es\/#\/schema\/person\/317730a00185114c76a219b94bddef15\",\"name\":\"produccion@visualpublinet.com\",\"image\":{\"@type\":\"ImageObject\",\"inLanguage\":\"es\",\"@id\":\"https:\/\/downgalicia.org\/es\/#\/schema\/person\/image\/\",\"url\":\"https:\/\/secure.gravatar.com\/avatar\/282ee20c78c1b1137175d4ab9f75785d8c239d499b1376df3ba16efa213b7b10?s=96&d=mm&r=g\",\"contentUrl\":\"https:\/\/secure.gravatar.com\/avatar\/282ee20c78c1b1137175d4ab9f75785d8c239d499b1376df3ba16efa213b7b10?s=96&d=mm&r=g\",\"caption\":\"produccion@visualpublinet.com\"},\"sameAs\":[\"https:\/\/downgalicia.org\"],\"url\":\"https:\/\/downgalicia.org\/es\/author\/produccionvisualpublinet-com\/\"}]}<\/script>\n<!-- \/ Yoast SEO plugin. -->","yoast_head_json":{"title":"Casi 150 personas de entidades Down de Galicia estuvieron trabajando en 2018 &#8226; Federaci\u00f3n Down Galicia","robots":{"index":"index","follow":"follow","max-snippet":"max-snippet:-1","max-image-preview":"max-image-preview:large","max-video-preview":"max-video-preview:-1"},"canonical":"https:\/\/downgalicia.org\/es\/casi-150-personas-de-entidades-down-de-galicia-estuvieron-trabajando-en-2018\/","og_locale":"es_ES","og_type":"article","og_title":"Casi 150 personas de entidades Down de Galicia estuvieron trabajando en 2018 &#8226; Federaci\u00f3n Down Galicia","og_description":"Un total de 144 personas participantes en el programa de Empleo con Apoyo de la Federaci\u00f3n Down Galicia, estuvieron contratadas en empresas ordinarias de su entorno durante el a\u00f1o 2018. Este dato constata la mejora, aunque lenta, en la inserci\u00f3n...","og_url":"https:\/\/downgalicia.org\/es\/casi-150-personas-de-entidades-down-de-galicia-estuvieron-trabajando-en-2018\/","og_site_name":"Federaci\u00f3n Down Galicia","article_published_time":"2019-04-30T08:46:00+00:00","og_image":[{"width":1620,"height":1080,"url":"https:\/\/downgalicia.org\/wp-content\/uploads\/2025\/06\/NP_Balance-emprego-Down-Galicia-2018-4.jpg","type":"image\/jpeg"}],"author":"produccion@visualpublinet.com","twitter_card":"summary_large_image","twitter_misc":{"Escrito por":"produccion@visualpublinet.com","Tiempo de lectura":"5 minutos"},"schema":{"@context":"https:\/\/schema.org","@graph":[{"@type":"Article","@id":"https:\/\/downgalicia.org\/es\/casi-150-personas-de-entidades-down-de-galicia-estuvieron-trabajando-en-2018\/#article","isPartOf":{"@id":"https:\/\/downgalicia.org\/es\/casi-150-personas-de-entidades-down-de-galicia-estuvieron-trabajando-en-2018\/"},"author":{"name":"produccion@visualpublinet.com","@id":"https:\/\/downgalicia.org\/es\/#\/schema\/person\/317730a00185114c76a219b94bddef15"},"headline":"Casi 150 personas de entidades Down de Galicia estuvieron trabajando en 2018","datePublished":"2019-04-30T08:46:00+00:00","mainEntityOfPage":{"@id":"https:\/\/downgalicia.org\/es\/casi-150-personas-de-entidades-down-de-galicia-estuvieron-trabajando-en-2018\/"},"wordCount":922,"publisher":{"@id":"https:\/\/downgalicia.org\/es\/#organization"},"image":{"@id":"https:\/\/downgalicia.org\/es\/casi-150-personas-de-entidades-down-de-galicia-estuvieron-trabajando-en-2018\/#primaryimage"},"thumbnailUrl":"https:\/\/downgalicia.org\/wp-content\/uploads\/2025\/06\/NP_Balance-emprego-Down-Galicia-2018-4.jpg","articleSection":["Down Galicia","Formaci\u00f3n e Emprego","Noticias del Movimiento Down"],"inLanguage":"es"},{"@type":"WebPage","@id":"https:\/\/downgalicia.org\/es\/casi-150-personas-de-entidades-down-de-galicia-estuvieron-trabajando-en-2018\/","url":"https:\/\/downgalicia.org\/es\/casi-150-personas-de-entidades-down-de-galicia-estuvieron-trabajando-en-2018\/","name":"Casi 150 personas de entidades Down de Galicia estuvieron trabajando en 2018 &#8226; Federaci\u00f3n Down Galicia","isPartOf":{"@id":"https:\/\/downgalicia.org\/es\/#website"},"primaryImageOfPage":{"@id":"https:\/\/downgalicia.org\/es\/casi-150-personas-de-entidades-down-de-galicia-estuvieron-trabajando-en-2018\/#primaryimage"},"image":{"@id":"https:\/\/downgalicia.org\/es\/casi-150-personas-de-entidades-down-de-galicia-estuvieron-trabajando-en-2018\/#primaryimage"},"thumbnailUrl":"https:\/\/downgalicia.org\/wp-content\/uploads\/2025\/06\/NP_Balance-emprego-Down-Galicia-2018-4.jpg","datePublished":"2019-04-30T08:46:00+00:00","breadcrumb":{"@id":"https:\/\/downgalicia.org\/es\/casi-150-personas-de-entidades-down-de-galicia-estuvieron-trabajando-en-2018\/#breadcrumb"},"inLanguage":"es","potentialAction":[{"@type":"ReadAction","target":["https:\/\/downgalicia.org\/es\/casi-150-personas-de-entidades-down-de-galicia-estuvieron-trabajando-en-2018\/"]}]},{"@type":"ImageObject","inLanguage":"es","@id":"https:\/\/downgalicia.org\/es\/casi-150-personas-de-entidades-down-de-galicia-estuvieron-trabajando-en-2018\/#primaryimage","url":"https:\/\/downgalicia.org\/wp-content\/uploads\/2025\/06\/NP_Balance-emprego-Down-Galicia-2018-4.jpg","contentUrl":"https:\/\/downgalicia.org\/wp-content\/uploads\/2025\/06\/NP_Balance-emprego-Down-Galicia-2018-4.jpg","width":1620,"height":1080},{"@type":"BreadcrumbList","@id":"https:\/\/downgalicia.org\/es\/casi-150-personas-de-entidades-down-de-galicia-estuvieron-trabajando-en-2018\/#breadcrumb","itemListElement":[{"@type":"ListItem","position":1,"name":"Portada","item":"https:\/\/downgalicia.org\/es\/"},{"@type":"ListItem","position":2,"name":"Casi 150 personas de entidades Down de Galicia estuvieron trabajando en 2018"}]},{"@type":"WebSite","@id":"https:\/\/downgalicia.org\/es\/#website","url":"https:\/\/downgalicia.org\/es\/","name":"Federaci\u00f3n Down Galicia","description":"Apoio a persoas con S\u00edndrome de Down","publisher":{"@id":"https:\/\/downgalicia.org\/es\/#organization"},"potentialAction":[{"@type":"SearchAction","target":{"@type":"EntryPoint","urlTemplate":"https:\/\/downgalicia.org\/es\/?s={search_term_string}"},"query-input":{"@type":"PropertyValueSpecification","valueRequired":true,"valueName":"search_term_string"}}],"inLanguage":"es"},{"@type":"Organization","@id":"https:\/\/downgalicia.org\/es\/#organization","name":"Federaci\u00f3n Down Galicia","url":"https:\/\/downgalicia.org\/es\/","logo":{"@type":"ImageObject","inLanguage":"es","@id":"https:\/\/downgalicia.org\/es\/#\/schema\/logo\/image\/","url":"https:\/\/downgalicia.org\/wp-content\/uploads\/2024\/07\/logo-sindrome-down-color.svg","contentUrl":"https:\/\/downgalicia.org\/wp-content\/uploads\/2024\/07\/logo-sindrome-down-color.svg","width":271,"height":88,"caption":"Federaci\u00f3n Down Galicia"},"image":{"@id":"https:\/\/downgalicia.org\/es\/#\/schema\/logo\/image\/"}},{"@type":"Person","@id":"https:\/\/downgalicia.org\/es\/#\/schema\/person\/317730a00185114c76a219b94bddef15","name":"produccion@visualpublinet.com","image":{"@type":"ImageObject","inLanguage":"es","@id":"https:\/\/downgalicia.org\/es\/#\/schema\/person\/image\/","url":"https:\/\/secure.gravatar.com\/avatar\/282ee20c78c1b1137175d4ab9f75785d8c239d499b1376df3ba16efa213b7b10?s=96&d=mm&r=g","contentUrl":"https:\/\/secure.gravatar.com\/avatar\/282ee20c78c1b1137175d4ab9f75785d8c239d499b1376df3ba16efa213b7b10?s=96&d=mm&r=g","caption":"produccion@visualpublinet.com"},"sameAs":["https:\/\/downgalicia.org"],"url":"https:\/\/downgalicia.org\/es\/author\/produccionvisualpublinet-com\/"}]}},"_links":{"self":[{"href":"https:\/\/downgalicia.org\/es\/wp-json\/wp\/v2\/posts\/6586","targetHints":{"allow":["GET"]}}],"collection":[{"href":"https:\/\/downgalicia.org\/es\/wp-json\/wp\/v2\/posts"}],"about":[{"href":"https:\/\/downgalicia.org\/es\/wp-json\/wp\/v2\/types\/post"}],"author":[{"embeddable":true,"href":"https:\/\/downgalicia.org\/es\/wp-json\/wp\/v2\/users\/1"}],"replies":[{"embeddable":true,"href":"https:\/\/downgalicia.org\/es\/wp-json\/wp\/v2\/comments?post=6586"}],"version-history":[{"count":0,"href":"https:\/\/downgalicia.org\/es\/wp-json\/wp\/v2\/posts\/6586\/revisions"}],"wp:featuredmedia":[{"embeddable":true,"href":"https:\/\/downgalicia.org\/es\/wp-json\/wp\/v2\/media\/6587"}],"wp:attachment":[{"href":"https:\/\/downgalicia.org\/es\/wp-json\/wp\/v2\/media?parent=6586"}],"wp:term":[{"taxonomy":"category","embeddable":true,"href":"https:\/\/downgalicia.org\/es\/wp-json\/wp\/v2\/categories?post=6586"},{"taxonomy":"post_tag","embeddable":true,"href":"https:\/\/downgalicia.org\/es\/wp-json\/wp\/v2\/tags?post=6586"}],"curies":[{"name":"wp","href":"https:\/\/api.w.org\/{rel}","templated":true}]}}