{"id":6590,"date":"2019-04-25T12:34:33","date_gmt":"2019-04-25T10:34:33","guid":{"rendered":"http:\/\/downgalicia.org.136-144-253-96.136-144-253-96.visualpublinet.com\/la-diputacion-de-a-coruna-colabora-economicamente-con-dos-proyectos-de-la-federacion\/"},"modified":"2019-04-25T12:34:33","modified_gmt":"2019-04-25T10:34:33","slug":"la-diputacion-de-a-coruna-colabora-economicamente-con-dos-proyectos-de-la-federacion","status":"publish","type":"post","link":"https:\/\/downgalicia.org\/es\/la-diputacion-de-a-coruna-colabora-economicamente-con-dos-proyectos-de-la-federacion\/","title":{"rendered":"La Diputaci\u00f3n de A Coru\u00f1a colabora econ\u00f3micamente con dos proyectos de la Federaci\u00f3n"},"content":{"rendered":"<p>La Diputaci\u00f3n de A Coru\u00f1a colabor\u00f3 un a\u00f1o m\u00e1s con Down Galicia y sus entidades miembro en esa provincia, con una aportaci\u00f3n econ\u00f3mica de 17.500\u20ac para el proyecto \u201cEmpleo con Apoyo de personas con s\u00edndrome de Down y\/o discapacidad intelectual en la provincia de A Coru\u00f1a\u201d.<\/p>\n<p>Gracias a esta ayuda, pudieron llevarse a cabo diversas actuaciones en el \u00e1mbito de la inserci\u00f3n laboral en la empresa ordinaria que beneficiaron a un total de 82 j\u00f3venes con s\u00edndrome de Down y otras discapacidades intelectuales. La totalidad de estas personas forman parte de la bolsa de empleo del servicio de Empleo con Apoyo de las entidades miembro de Down Galicia de la provincia de A Coru\u00f1a.<\/p>\n<p>En virtud de esta colaboraci\u00f3n, durante el per\u00edodo en el que se desarroll\u00f3 este proyecto, se firmaron 25 convenios de pr\u00e1cticas y 19 contratos de trabajo, de los que la gran mayor\u00eda fueron a jornada parcial y de duraci\u00f3n determinada.<\/p>\n<p>&nbsp;<\/p>\n<p><strong>Colaboraci\u00f3n en la optimizaci\u00f3n de los recursos tecnol\u00f3gicos de la Federaci\u00f3n<\/strong><\/p>\n<p>La Diputaci\u00f3n de A Coru\u00f1a tambi\u00e9n destin\u00f3 el pasado a\u00f1o 2.407,35\u20ac al proyecto de mejora y optimizaci\u00f3n de los recursos tecnol\u00f3gicos destinados a la dinamizaci\u00f3n de las actividades de Down Galicia y sus entidades miembro. Con esta aportaci\u00f3n pudieron renovarse varios equipos inform\u00e1ticos, as\u00ed como mejorar el sistema de acceso al servidor de la Federaci\u00f3n.<\/p>\n<p>De este modo, se acometi\u00f3 la necesaria actualizaci\u00f3n de algunos puestos de trabajo para facilitar el proceso de b\u00fasqueda, procesamiento y adaptaci\u00f3n de la informaci\u00f3n que se utiliza en las diferentes \u00e1reas. Tambi\u00e9n se llev\u00f3 a cabo a instalaci\u00f3n y la puesta en marcha del Servidor Terminal Server de la Federaci\u00f3n para permitir a las entidades del resto de la provincia el uso de los distintos servicios inform\u00e1ticos de Down Galicia.<\/p>\n","protected":false},"excerpt":{"rendered":"<p>La Diputaci\u00f3n de A Coru\u00f1a colabor\u00f3 un a\u00f1o m\u00e1s con Down Galicia y sus entidades miembro en esa provincia, con una aportaci\u00f3n econ\u00f3mica de 17.500\u20ac para el proyecto \u201cEmpleo con Apoyo de personas con s\u00edndrome de Down y\/o discapacidad intelectual&#8230;<\/p>\n","protected":false},"author":1,"featured_media":6591,"comment_status":"closed","ping_status":"closed","sticky":false,"template":"","format":"standard","meta":{"_acf_changed":false,"give_campaign_id":0,"footnotes":""},"categories":[129,127,71],"tags":[],"class_list":["post-6590","post","type-post","status-publish","format-standard","has-post-thumbnail","hentry","category-down-galicia-hemeroteca-es","category-formacion-e-emprego-hemeroteca-hemeroteca-es","category-noticias-sindrome-de-down-es"],"acf":[],"yoast_head":"<!-- This site is optimized with the Yoast SEO plugin v25.3.1 - https:\/\/yoast.com\/wordpress\/plugins\/seo\/ -->\n<title>La Diputaci\u00f3n de A Coru\u00f1a colabora econ\u00f3micamente con dos proyectos de la Federaci\u00f3n &#8226; Federaci\u00f3n Down Galicia<\/title>\n<meta name=\"robots\" content=\"index, follow, max-snippet:-1, max-image-preview:large, max-video-preview:-1\" \/>\n<link rel=\"canonical\" href=\"https:\/\/downgalicia.org\/es\/la-diputacion-de-a-coruna-colabora-economicamente-con-dos-proyectos-de-la-federacion\/\" \/>\n<meta property=\"og:locale\" content=\"es_ES\" \/>\n<meta property=\"og:type\" content=\"article\" \/>\n<meta property=\"og:title\" content=\"La Diputaci\u00f3n de A Coru\u00f1a colabora econ\u00f3micamente con dos proyectos de la Federaci\u00f3n &#8226; Federaci\u00f3n Down Galicia\" \/>\n<meta property=\"og:description\" content=\"La Diputaci\u00f3n de A Coru\u00f1a colabor\u00f3 un a\u00f1o m\u00e1s con Down Galicia y sus entidades miembro en esa provincia, con una aportaci\u00f3n econ\u00f3mica de 17.500\u20ac para el proyecto \u201cEmpleo con Apoyo de personas con s\u00edndrome de Down y\/o discapacidad intelectual...\" \/>\n<meta property=\"og:url\" content=\"https:\/\/downgalicia.org\/es\/la-diputacion-de-a-coruna-colabora-economicamente-con-dos-proyectos-de-la-federacion\/\" \/>\n<meta property=\"og:site_name\" content=\"Federaci\u00f3n Down Galicia\" \/>\n<meta property=\"article:published_time\" content=\"2019-04-25T10:34:33+00:00\" \/>\n<meta property=\"og:image\" content=\"https:\/\/downgalicia.org\/wp-content\/uploads\/2025\/06\/Camarero-4.jpg\" \/>\n\t<meta property=\"og:image:width\" content=\"1479\" \/>\n\t<meta property=\"og:image:height\" content=\"1080\" \/>\n\t<meta property=\"og:image:type\" content=\"image\/jpeg\" \/>\n<meta name=\"author\" content=\"produccion@visualpublinet.com\" \/>\n<meta name=\"twitter:card\" content=\"summary_large_image\" \/>\n<meta name=\"twitter:label1\" content=\"Escrito por\" \/>\n\t<meta name=\"twitter:data1\" content=\"produccion@visualpublinet.com\" \/>\n\t<meta name=\"twitter:label2\" content=\"Tiempo de lectura\" \/>\n\t<meta name=\"twitter:data2\" content=\"2 minutos\" \/>\n<script type=\"application\/ld+json\" class=\"yoast-schema-graph\">{\"@context\":\"https:\/\/schema.org\",\"@graph\":[{\"@type\":\"Article\",\"@id\":\"https:\/\/downgalicia.org\/es\/la-diputacion-de-a-coruna-colabora-economicamente-con-dos-proyectos-de-la-federacion\/#article\",\"isPartOf\":{\"@id\":\"https:\/\/downgalicia.org\/es\/la-diputacion-de-a-coruna-colabora-economicamente-con-dos-proyectos-de-la-federacion\/\"},\"author\":{\"name\":\"produccion@visualpublinet.com\",\"@id\":\"https:\/\/downgalicia.org\/es\/#\/schema\/person\/317730a00185114c76a219b94bddef15\"},\"headline\":\"La Diputaci\u00f3n de A Coru\u00f1a colabora econ\u00f3micamente con dos proyectos de la Federaci\u00f3n\",\"datePublished\":\"2019-04-25T10:34:33+00:00\",\"mainEntityOfPage\":{\"@id\":\"https:\/\/downgalicia.org\/es\/la-diputacion-de-a-coruna-colabora-economicamente-con-dos-proyectos-de-la-federacion\/\"},\"wordCount\":344,\"publisher\":{\"@id\":\"https:\/\/downgalicia.org\/es\/#organization\"},\"image\":{\"@id\":\"https:\/\/downgalicia.org\/es\/la-diputacion-de-a-coruna-colabora-economicamente-con-dos-proyectos-de-la-federacion\/#primaryimage\"},\"thumbnailUrl\":\"https:\/\/downgalicia.org\/wp-content\/uploads\/2025\/06\/Camarero-4.jpg\",\"articleSection\":[\"Down Galicia\",\"Formaci\u00f3n e Emprego\",\"Noticias del Movimiento Down\"],\"inLanguage\":\"es\"},{\"@type\":\"WebPage\",\"@id\":\"https:\/\/downgalicia.org\/es\/la-diputacion-de-a-coruna-colabora-economicamente-con-dos-proyectos-de-la-federacion\/\",\"url\":\"https:\/\/downgalicia.org\/es\/la-diputacion-de-a-coruna-colabora-economicamente-con-dos-proyectos-de-la-federacion\/\",\"name\":\"La Diputaci\u00f3n de A Coru\u00f1a colabora econ\u00f3micamente con dos proyectos de la Federaci\u00f3n &#8226; Federaci\u00f3n Down Galicia\",\"isPartOf\":{\"@id\":\"https:\/\/downgalicia.org\/es\/#website\"},\"primaryImageOfPage\":{\"@id\":\"https:\/\/downgalicia.org\/es\/la-diputacion-de-a-coruna-colabora-economicamente-con-dos-proyectos-de-la-federacion\/#primaryimage\"},\"image\":{\"@id\":\"https:\/\/downgalicia.org\/es\/la-diputacion-de-a-coruna-colabora-economicamente-con-dos-proyectos-de-la-federacion\/#primaryimage\"},\"thumbnailUrl\":\"https:\/\/downgalicia.org\/wp-content\/uploads\/2025\/06\/Camarero-4.jpg\",\"datePublished\":\"2019-04-25T10:34:33+00:00\",\"breadcrumb\":{\"@id\":\"https:\/\/downgalicia.org\/es\/la-diputacion-de-a-coruna-colabora-economicamente-con-dos-proyectos-de-la-federacion\/#breadcrumb\"},\"inLanguage\":\"es\",\"potentialAction\":[{\"@type\":\"ReadAction\",\"target\":[\"https:\/\/downgalicia.org\/es\/la-diputacion-de-a-coruna-colabora-economicamente-con-dos-proyectos-de-la-federacion\/\"]}]},{\"@type\":\"ImageObject\",\"inLanguage\":\"es\",\"@id\":\"https:\/\/downgalicia.org\/es\/la-diputacion-de-a-coruna-colabora-economicamente-con-dos-proyectos-de-la-federacion\/#primaryimage\",\"url\":\"https:\/\/downgalicia.org\/wp-content\/uploads\/2025\/06\/Camarero-4.jpg\",\"contentUrl\":\"https:\/\/downgalicia.org\/wp-content\/uploads\/2025\/06\/Camarero-4.jpg\",\"width\":1479,\"height\":1080},{\"@type\":\"BreadcrumbList\",\"@id\":\"https:\/\/downgalicia.org\/es\/la-diputacion-de-a-coruna-colabora-economicamente-con-dos-proyectos-de-la-federacion\/#breadcrumb\",\"itemListElement\":[{\"@type\":\"ListItem\",\"position\":1,\"name\":\"Portada\",\"item\":\"https:\/\/downgalicia.org\/es\/\"},{\"@type\":\"ListItem\",\"position\":2,\"name\":\"La Diputaci\u00f3n de A Coru\u00f1a colabora econ\u00f3micamente con dos proyectos de la Federaci\u00f3n\"}]},{\"@type\":\"WebSite\",\"@id\":\"https:\/\/downgalicia.org\/es\/#website\",\"url\":\"https:\/\/downgalicia.org\/es\/\",\"name\":\"Federaci\u00f3n Down Galicia\",\"description\":\"Apoio a persoas con S\u00edndrome de Down\",\"publisher\":{\"@id\":\"https:\/\/downgalicia.org\/es\/#organization\"},\"potentialAction\":[{\"@type\":\"SearchAction\",\"target\":{\"@type\":\"EntryPoint\",\"urlTemplate\":\"https:\/\/downgalicia.org\/es\/?s={search_term_string}\"},\"query-input\":{\"@type\":\"PropertyValueSpecification\",\"valueRequired\":true,\"valueName\":\"search_term_string\"}}],\"inLanguage\":\"es\"},{\"@type\":\"Organization\",\"@id\":\"https:\/\/downgalicia.org\/es\/#organization\",\"name\":\"Federaci\u00f3n Down Galicia\",\"url\":\"https:\/\/downgalicia.org\/es\/\",\"logo\":{\"@type\":\"ImageObject\",\"inLanguage\":\"es\",\"@id\":\"https:\/\/downgalicia.org\/es\/#\/schema\/logo\/image\/\",\"url\":\"https:\/\/downgalicia.org\/wp-content\/uploads\/2024\/07\/logo-sindrome-down-color.svg\",\"contentUrl\":\"https:\/\/downgalicia.org\/wp-content\/uploads\/2024\/07\/logo-sindrome-down-color.svg\",\"width\":271,\"height\":88,\"caption\":\"Federaci\u00f3n Down Galicia\"},\"image\":{\"@id\":\"https:\/\/downgalicia.org\/es\/#\/schema\/logo\/image\/\"}},{\"@type\":\"Person\",\"@id\":\"https:\/\/downgalicia.org\/es\/#\/schema\/person\/317730a00185114c76a219b94bddef15\",\"name\":\"produccion@visualpublinet.com\",\"image\":{\"@type\":\"ImageObject\",\"inLanguage\":\"es\",\"@id\":\"https:\/\/downgalicia.org\/es\/#\/schema\/person\/image\/\",\"url\":\"https:\/\/secure.gravatar.com\/avatar\/282ee20c78c1b1137175d4ab9f75785d8c239d499b1376df3ba16efa213b7b10?s=96&d=mm&r=g\",\"contentUrl\":\"https:\/\/secure.gravatar.com\/avatar\/282ee20c78c1b1137175d4ab9f75785d8c239d499b1376df3ba16efa213b7b10?s=96&d=mm&r=g\",\"caption\":\"produccion@visualpublinet.com\"},\"sameAs\":[\"https:\/\/downgalicia.org\"],\"url\":\"https:\/\/downgalicia.org\/es\/author\/produccionvisualpublinet-com\/\"}]}<\/script>\n<!-- \/ Yoast SEO plugin. -->","yoast_head_json":{"title":"La Diputaci\u00f3n de A Coru\u00f1a colabora econ\u00f3micamente con dos proyectos de la Federaci\u00f3n &#8226; Federaci\u00f3n Down Galicia","robots":{"index":"index","follow":"follow","max-snippet":"max-snippet:-1","max-image-preview":"max-image-preview:large","max-video-preview":"max-video-preview:-1"},"canonical":"https:\/\/downgalicia.org\/es\/la-diputacion-de-a-coruna-colabora-economicamente-con-dos-proyectos-de-la-federacion\/","og_locale":"es_ES","og_type":"article","og_title":"La Diputaci\u00f3n de A Coru\u00f1a colabora econ\u00f3micamente con dos proyectos de la Federaci\u00f3n &#8226; Federaci\u00f3n Down Galicia","og_description":"La Diputaci\u00f3n de A Coru\u00f1a colabor\u00f3 un a\u00f1o m\u00e1s con Down Galicia y sus entidades miembro en esa provincia, con una aportaci\u00f3n econ\u00f3mica de 17.500\u20ac para el proyecto \u201cEmpleo con Apoyo de personas con s\u00edndrome de Down y\/o discapacidad intelectual...","og_url":"https:\/\/downgalicia.org\/es\/la-diputacion-de-a-coruna-colabora-economicamente-con-dos-proyectos-de-la-federacion\/","og_site_name":"Federaci\u00f3n Down Galicia","article_published_time":"2019-04-25T10:34:33+00:00","og_image":[{"width":1479,"height":1080,"url":"https:\/\/downgalicia.org\/wp-content\/uploads\/2025\/06\/Camarero-4.jpg","type":"image\/jpeg"}],"author":"produccion@visualpublinet.com","twitter_card":"summary_large_image","twitter_misc":{"Escrito por":"produccion@visualpublinet.com","Tiempo de lectura":"2 minutos"},"schema":{"@context":"https:\/\/schema.org","@graph":[{"@type":"Article","@id":"https:\/\/downgalicia.org\/es\/la-diputacion-de-a-coruna-colabora-economicamente-con-dos-proyectos-de-la-federacion\/#article","isPartOf":{"@id":"https:\/\/downgalicia.org\/es\/la-diputacion-de-a-coruna-colabora-economicamente-con-dos-proyectos-de-la-federacion\/"},"author":{"name":"produccion@visualpublinet.com","@id":"https:\/\/downgalicia.org\/es\/#\/schema\/person\/317730a00185114c76a219b94bddef15"},"headline":"La Diputaci\u00f3n de A Coru\u00f1a colabora econ\u00f3micamente con dos proyectos de la Federaci\u00f3n","datePublished":"2019-04-25T10:34:33+00:00","mainEntityOfPage":{"@id":"https:\/\/downgalicia.org\/es\/la-diputacion-de-a-coruna-colabora-economicamente-con-dos-proyectos-de-la-federacion\/"},"wordCount":344,"publisher":{"@id":"https:\/\/downgalicia.org\/es\/#organization"},"image":{"@id":"https:\/\/downgalicia.org\/es\/la-diputacion-de-a-coruna-colabora-economicamente-con-dos-proyectos-de-la-federacion\/#primaryimage"},"thumbnailUrl":"https:\/\/downgalicia.org\/wp-content\/uploads\/2025\/06\/Camarero-4.jpg","articleSection":["Down Galicia","Formaci\u00f3n e Emprego","Noticias del Movimiento Down"],"inLanguage":"es"},{"@type":"WebPage","@id":"https:\/\/downgalicia.org\/es\/la-diputacion-de-a-coruna-colabora-economicamente-con-dos-proyectos-de-la-federacion\/","url":"https:\/\/downgalicia.org\/es\/la-diputacion-de-a-coruna-colabora-economicamente-con-dos-proyectos-de-la-federacion\/","name":"La Diputaci\u00f3n de A Coru\u00f1a colabora econ\u00f3micamente con dos proyectos de la Federaci\u00f3n &#8226; Federaci\u00f3n Down Galicia","isPartOf":{"@id":"https:\/\/downgalicia.org\/es\/#website"},"primaryImageOfPage":{"@id":"https:\/\/downgalicia.org\/es\/la-diputacion-de-a-coruna-colabora-economicamente-con-dos-proyectos-de-la-federacion\/#primaryimage"},"image":{"@id":"https:\/\/downgalicia.org\/es\/la-diputacion-de-a-coruna-colabora-economicamente-con-dos-proyectos-de-la-federacion\/#primaryimage"},"thumbnailUrl":"https:\/\/downgalicia.org\/wp-content\/uploads\/2025\/06\/Camarero-4.jpg","datePublished":"2019-04-25T10:34:33+00:00","breadcrumb":{"@id":"https:\/\/downgalicia.org\/es\/la-diputacion-de-a-coruna-colabora-economicamente-con-dos-proyectos-de-la-federacion\/#breadcrumb"},"inLanguage":"es","potentialAction":[{"@type":"ReadAction","target":["https:\/\/downgalicia.org\/es\/la-diputacion-de-a-coruna-colabora-economicamente-con-dos-proyectos-de-la-federacion\/"]}]},{"@type":"ImageObject","inLanguage":"es","@id":"https:\/\/downgalicia.org\/es\/la-diputacion-de-a-coruna-colabora-economicamente-con-dos-proyectos-de-la-federacion\/#primaryimage","url":"https:\/\/downgalicia.org\/wp-content\/uploads\/2025\/06\/Camarero-4.jpg","contentUrl":"https:\/\/downgalicia.org\/wp-content\/uploads\/2025\/06\/Camarero-4.jpg","width":1479,"height":1080},{"@type":"BreadcrumbList","@id":"https:\/\/downgalicia.org\/es\/la-diputacion-de-a-coruna-colabora-economicamente-con-dos-proyectos-de-la-federacion\/#breadcrumb","itemListElement":[{"@type":"ListItem","position":1,"name":"Portada","item":"https:\/\/downgalicia.org\/es\/"},{"@type":"ListItem","position":2,"name":"La Diputaci\u00f3n de A Coru\u00f1a colabora econ\u00f3micamente con dos proyectos de la Federaci\u00f3n"}]},{"@type":"WebSite","@id":"https:\/\/downgalicia.org\/es\/#website","url":"https:\/\/downgalicia.org\/es\/","name":"Federaci\u00f3n Down Galicia","description":"Apoio a persoas con S\u00edndrome de Down","publisher":{"@id":"https:\/\/downgalicia.org\/es\/#organization"},"potentialAction":[{"@type":"SearchAction","target":{"@type":"EntryPoint","urlTemplate":"https:\/\/downgalicia.org\/es\/?s={search_term_string}"},"query-input":{"@type":"PropertyValueSpecification","valueRequired":true,"valueName":"search_term_string"}}],"inLanguage":"es"},{"@type":"Organization","@id":"https:\/\/downgalicia.org\/es\/#organization","name":"Federaci\u00f3n Down Galicia","url":"https:\/\/downgalicia.org\/es\/","logo":{"@type":"ImageObject","inLanguage":"es","@id":"https:\/\/downgalicia.org\/es\/#\/schema\/logo\/image\/","url":"https:\/\/downgalicia.org\/wp-content\/uploads\/2024\/07\/logo-sindrome-down-color.svg","contentUrl":"https:\/\/downgalicia.org\/wp-content\/uploads\/2024\/07\/logo-sindrome-down-color.svg","width":271,"height":88,"caption":"Federaci\u00f3n Down Galicia"},"image":{"@id":"https:\/\/downgalicia.org\/es\/#\/schema\/logo\/image\/"}},{"@type":"Person","@id":"https:\/\/downgalicia.org\/es\/#\/schema\/person\/317730a00185114c76a219b94bddef15","name":"produccion@visualpublinet.com","image":{"@type":"ImageObject","inLanguage":"es","@id":"https:\/\/downgalicia.org\/es\/#\/schema\/person\/image\/","url":"https:\/\/secure.gravatar.com\/avatar\/282ee20c78c1b1137175d4ab9f75785d8c239d499b1376df3ba16efa213b7b10?s=96&d=mm&r=g","contentUrl":"https:\/\/secure.gravatar.com\/avatar\/282ee20c78c1b1137175d4ab9f75785d8c239d499b1376df3ba16efa213b7b10?s=96&d=mm&r=g","caption":"produccion@visualpublinet.com"},"sameAs":["https:\/\/downgalicia.org"],"url":"https:\/\/downgalicia.org\/es\/author\/produccionvisualpublinet-com\/"}]}},"_links":{"self":[{"href":"https:\/\/downgalicia.org\/es\/wp-json\/wp\/v2\/posts\/6590","targetHints":{"allow":["GET"]}}],"collection":[{"href":"https:\/\/downgalicia.org\/es\/wp-json\/wp\/v2\/posts"}],"about":[{"href":"https:\/\/downgalicia.org\/es\/wp-json\/wp\/v2\/types\/post"}],"author":[{"embeddable":true,"href":"https:\/\/downgalicia.org\/es\/wp-json\/wp\/v2\/users\/1"}],"replies":[{"embeddable":true,"href":"https:\/\/downgalicia.org\/es\/wp-json\/wp\/v2\/comments?post=6590"}],"version-history":[{"count":0,"href":"https:\/\/downgalicia.org\/es\/wp-json\/wp\/v2\/posts\/6590\/revisions"}],"wp:featuredmedia":[{"embeddable":true,"href":"https:\/\/downgalicia.org\/es\/wp-json\/wp\/v2\/media\/6591"}],"wp:attachment":[{"href":"https:\/\/downgalicia.org\/es\/wp-json\/wp\/v2\/media?parent=6590"}],"wp:term":[{"taxonomy":"category","embeddable":true,"href":"https:\/\/downgalicia.org\/es\/wp-json\/wp\/v2\/categories?post=6590"},{"taxonomy":"post_tag","embeddable":true,"href":"https:\/\/downgalicia.org\/es\/wp-json\/wp\/v2\/tags?post=6590"}],"curies":[{"name":"wp","href":"https:\/\/api.w.org\/{rel}","templated":true}]}}