{"id":6682,"date":"2019-02-20T13:11:24","date_gmt":"2019-02-20T12:11:24","guid":{"rendered":"http:\/\/downgalicia.org.136-144-253-96.136-144-253-96.visualpublinet.com\/down-galicia-y-la-usc-firman-un-convenio-para-promover-la-docencia-y-la-investigacion\/"},"modified":"2019-02-20T13:11:24","modified_gmt":"2019-02-20T12:11:24","slug":"down-galicia-y-la-usc-firman-un-convenio-para-promover-la-docencia-y-la-investigacion","status":"publish","type":"post","link":"https:\/\/downgalicia.org\/es\/down-galicia-y-la-usc-firman-un-convenio-para-promover-la-docencia-y-la-investigacion\/","title":{"rendered":"Down Galicia y la USC firman un convenio para promover la docencia y la investigaci\u00f3n"},"content":{"rendered":"<p>Delmiro Prieto, presidente de Down Galicia, y Antonio L\u00f3pez D\u00edaz, Rector de la Universidad de Santiago de Compostela, firmaron esta ma\u00f1ana en el edificio del Rectorado un convenio de colaboraci\u00f3n que busca estrechar sus relaciones, juntar esfuerzos y establecer normas amplias de actuaci\u00f3n que canalicen e incrementen sus contactos y colaboraciones.<\/p>\n<p>De este modo, el objeto de este convenio es el establecimiento de un marco de actuaci\u00f3n para la colaboraci\u00f3n entre la USC, en especial con la Facultad de Medicina y Odontolog\u00eda pero sin excluir otros centros, departamentos y servicios de la Universidad, y Down Galicia en actividades culturales, cient\u00edficas, pedag\u00f3gicas, de investigaci\u00f3n y otras que sean de inter\u00e9s para las dos partes.<\/p>\n<p>Estas colaboraciones podr\u00e1n darse a trav\u00e9s de la ejecuci\u00f3n de proyectos y programas de investigaci\u00f3n y desarrollo; a trav\u00e9s de la cooperaci\u00f3n en programas de formaci\u00f3n de personal investigador y t\u00e9cnico; del asesoramiento mutuo en cuestiones relacionadas con la actividad de las dos entidades; y de la organizaci\u00f3n y ejecuci\u00f3n de actividades comunes relacionadas con la promoci\u00f3n social de la investigaci\u00f3n, la docencia y el desarrollo tecnol\u00f3gico, entre otras.<\/p>\n<p>En el acto de firma estuvieron presentes la vicerrectora de Comunicaci\u00f3n, Cultura y Servicios, Mar Lorenzo Moledo; el decano de la Facultad de Medicina y Odontolog\u00eda, Juli\u00e1n \u00c1lvarez Escudero; el vicedecano de este centro, Jacobo Limeres; y el catedr\u00e1tico de Estomatolog\u00eda Pedro Diz Dios.<\/p>\n<p>&nbsp;<\/p>\n<p><strong>Investigaci\u00f3n sobre salud oral<\/strong><\/p>\n<p>Actualmente, Down Galicia y la Universidad de Santiago de Compostela se encuentran colaborando en un importante estudio de investigaci\u00f3n sobre salud oral.<\/p>\n<p>Este estudio, dirigido por el catedr\u00e1tico de Estomatolog\u00eda Pedro Diz, est\u00e1 centrado en evitar la aparici\u00f3n y\/o el avance de las caries y de la \u00a0piorrea en las personas con s\u00edndrome de Down y en la poblaci\u00f3n en general.<\/p>\n<p>Y es que se cree que las personas con s\u00edndrome de Down tienen una bacteria en la boca que ayuda a prevenir la caries, por lo que, de confirmarse esta hip\u00f3tesis, permitir\u00eda establecer las bases de un tratamiento del que se beneficiar\u00eda toda la poblaci\u00f3n.<\/p>\n","protected":false},"excerpt":{"rendered":"<p>Delmiro Prieto, presidente de Down Galicia, y Antonio L\u00f3pez D\u00edaz, Rector de la Universidad de Santiago de Compostela, firmaron esta ma\u00f1ana en el edificio del Rectorado un convenio de colaboraci\u00f3n que busca estrechar sus relaciones, juntar esfuerzos y establecer normas&#8230;<\/p>\n","protected":false},"author":1,"featured_media":6683,"comment_status":"closed","ping_status":"closed","sticky":false,"template":"","format":"standard","meta":{"_acf_changed":false,"give_campaign_id":0,"footnotes":""},"categories":[129,71],"tags":[],"class_list":["post-6682","post","type-post","status-publish","format-standard","has-post-thumbnail","hentry","category-down-galicia-hemeroteca-es","category-noticias-sindrome-de-down-es"],"acf":[],"yoast_head":"<!-- This site is optimized with the Yoast SEO plugin v25.3.1 - https:\/\/yoast.com\/wordpress\/plugins\/seo\/ -->\n<title>Down Galicia y la USC firman un convenio para promover la docencia y la investigaci\u00f3n &#8226; Federaci\u00f3n Down Galicia<\/title>\n<meta name=\"robots\" content=\"index, follow, max-snippet:-1, max-image-preview:large, max-video-preview:-1\" \/>\n<link rel=\"canonical\" href=\"https:\/\/downgalicia.org\/es\/down-galicia-y-la-usc-firman-un-convenio-para-promover-la-docencia-y-la-investigacion\/\" \/>\n<meta property=\"og:locale\" content=\"es_ES\" \/>\n<meta property=\"og:type\" content=\"article\" \/>\n<meta property=\"og:title\" content=\"Down Galicia y la USC firman un convenio para promover la docencia y la investigaci\u00f3n &#8226; Federaci\u00f3n Down Galicia\" \/>\n<meta property=\"og:description\" content=\"Delmiro Prieto, presidente de Down Galicia, y Antonio L\u00f3pez D\u00edaz, Rector de la Universidad de Santiago de Compostela, firmaron esta ma\u00f1ana en el edificio del Rectorado un convenio de colaboraci\u00f3n que busca estrechar sus relaciones, juntar esfuerzos y establecer normas...\" \/>\n<meta property=\"og:url\" content=\"https:\/\/downgalicia.org\/es\/down-galicia-y-la-usc-firman-un-convenio-para-promover-la-docencia-y-la-investigacion\/\" \/>\n<meta property=\"og:site_name\" content=\"Federaci\u00f3n Down Galicia\" \/>\n<meta property=\"article:published_time\" content=\"2019-02-20T12:11:24+00:00\" \/>\n<meta property=\"og:image\" content=\"https:\/\/downgalicia.org\/wp-content\/uploads\/2025\/06\/Convenio-Down-Galicia-USC-4.jpg\" \/>\n\t<meta property=\"og:image:width\" content=\"1152\" \/>\n\t<meta property=\"og:image:height\" content=\"768\" \/>\n\t<meta property=\"og:image:type\" content=\"image\/jpeg\" \/>\n<meta name=\"author\" content=\"produccion@visualpublinet.com\" \/>\n<meta name=\"twitter:card\" content=\"summary_large_image\" \/>\n<meta name=\"twitter:label1\" content=\"Escrito por\" \/>\n\t<meta name=\"twitter:data1\" content=\"produccion@visualpublinet.com\" \/>\n\t<meta name=\"twitter:label2\" content=\"Tiempo de lectura\" \/>\n\t<meta name=\"twitter:data2\" content=\"2 minutos\" \/>\n<script type=\"application\/ld+json\" class=\"yoast-schema-graph\">{\"@context\":\"https:\/\/schema.org\",\"@graph\":[{\"@type\":\"Article\",\"@id\":\"https:\/\/downgalicia.org\/es\/down-galicia-y-la-usc-firman-un-convenio-para-promover-la-docencia-y-la-investigacion\/#article\",\"isPartOf\":{\"@id\":\"https:\/\/downgalicia.org\/es\/down-galicia-y-la-usc-firman-un-convenio-para-promover-la-docencia-y-la-investigacion\/\"},\"author\":{\"name\":\"produccion@visualpublinet.com\",\"@id\":\"https:\/\/downgalicia.org\/es\/#\/schema\/person\/317730a00185114c76a219b94bddef15\"},\"headline\":\"Down Galicia y la USC firman un convenio para promover la docencia y la investigaci\u00f3n\",\"datePublished\":\"2019-02-20T12:11:24+00:00\",\"mainEntityOfPage\":{\"@id\":\"https:\/\/downgalicia.org\/es\/down-galicia-y-la-usc-firman-un-convenio-para-promover-la-docencia-y-la-investigacion\/\"},\"wordCount\":396,\"publisher\":{\"@id\":\"https:\/\/downgalicia.org\/es\/#organization\"},\"image\":{\"@id\":\"https:\/\/downgalicia.org\/es\/down-galicia-y-la-usc-firman-un-convenio-para-promover-la-docencia-y-la-investigacion\/#primaryimage\"},\"thumbnailUrl\":\"https:\/\/downgalicia.org\/wp-content\/uploads\/2025\/06\/Convenio-Down-Galicia-USC-4.jpg\",\"articleSection\":[\"Down Galicia\",\"Noticias del Movimiento Down\"],\"inLanguage\":\"es\"},{\"@type\":\"WebPage\",\"@id\":\"https:\/\/downgalicia.org\/es\/down-galicia-y-la-usc-firman-un-convenio-para-promover-la-docencia-y-la-investigacion\/\",\"url\":\"https:\/\/downgalicia.org\/es\/down-galicia-y-la-usc-firman-un-convenio-para-promover-la-docencia-y-la-investigacion\/\",\"name\":\"Down Galicia y la USC firman un convenio para promover la docencia y la investigaci\u00f3n &#8226; Federaci\u00f3n Down Galicia\",\"isPartOf\":{\"@id\":\"https:\/\/downgalicia.org\/es\/#website\"},\"primaryImageOfPage\":{\"@id\":\"https:\/\/downgalicia.org\/es\/down-galicia-y-la-usc-firman-un-convenio-para-promover-la-docencia-y-la-investigacion\/#primaryimage\"},\"image\":{\"@id\":\"https:\/\/downgalicia.org\/es\/down-galicia-y-la-usc-firman-un-convenio-para-promover-la-docencia-y-la-investigacion\/#primaryimage\"},\"thumbnailUrl\":\"https:\/\/downgalicia.org\/wp-content\/uploads\/2025\/06\/Convenio-Down-Galicia-USC-4.jpg\",\"datePublished\":\"2019-02-20T12:11:24+00:00\",\"breadcrumb\":{\"@id\":\"https:\/\/downgalicia.org\/es\/down-galicia-y-la-usc-firman-un-convenio-para-promover-la-docencia-y-la-investigacion\/#breadcrumb\"},\"inLanguage\":\"es\",\"potentialAction\":[{\"@type\":\"ReadAction\",\"target\":[\"https:\/\/downgalicia.org\/es\/down-galicia-y-la-usc-firman-un-convenio-para-promover-la-docencia-y-la-investigacion\/\"]}]},{\"@type\":\"ImageObject\",\"inLanguage\":\"es\",\"@id\":\"https:\/\/downgalicia.org\/es\/down-galicia-y-la-usc-firman-un-convenio-para-promover-la-docencia-y-la-investigacion\/#primaryimage\",\"url\":\"https:\/\/downgalicia.org\/wp-content\/uploads\/2025\/06\/Convenio-Down-Galicia-USC-4.jpg\",\"contentUrl\":\"https:\/\/downgalicia.org\/wp-content\/uploads\/2025\/06\/Convenio-Down-Galicia-USC-4.jpg\",\"width\":1152,\"height\":768},{\"@type\":\"BreadcrumbList\",\"@id\":\"https:\/\/downgalicia.org\/es\/down-galicia-y-la-usc-firman-un-convenio-para-promover-la-docencia-y-la-investigacion\/#breadcrumb\",\"itemListElement\":[{\"@type\":\"ListItem\",\"position\":1,\"name\":\"Portada\",\"item\":\"https:\/\/downgalicia.org\/es\/\"},{\"@type\":\"ListItem\",\"position\":2,\"name\":\"Down Galicia y la USC firman un convenio para promover la docencia y la investigaci\u00f3n\"}]},{\"@type\":\"WebSite\",\"@id\":\"https:\/\/downgalicia.org\/es\/#website\",\"url\":\"https:\/\/downgalicia.org\/es\/\",\"name\":\"Federaci\u00f3n Down Galicia\",\"description\":\"Apoio a persoas con S\u00edndrome de Down\",\"publisher\":{\"@id\":\"https:\/\/downgalicia.org\/es\/#organization\"},\"potentialAction\":[{\"@type\":\"SearchAction\",\"target\":{\"@type\":\"EntryPoint\",\"urlTemplate\":\"https:\/\/downgalicia.org\/es\/?s={search_term_string}\"},\"query-input\":{\"@type\":\"PropertyValueSpecification\",\"valueRequired\":true,\"valueName\":\"search_term_string\"}}],\"inLanguage\":\"es\"},{\"@type\":\"Organization\",\"@id\":\"https:\/\/downgalicia.org\/es\/#organization\",\"name\":\"Federaci\u00f3n Down Galicia\",\"url\":\"https:\/\/downgalicia.org\/es\/\",\"logo\":{\"@type\":\"ImageObject\",\"inLanguage\":\"es\",\"@id\":\"https:\/\/downgalicia.org\/es\/#\/schema\/logo\/image\/\",\"url\":\"https:\/\/downgalicia.org\/wp-content\/uploads\/2024\/07\/logo-sindrome-down-color.svg\",\"contentUrl\":\"https:\/\/downgalicia.org\/wp-content\/uploads\/2024\/07\/logo-sindrome-down-color.svg\",\"width\":271,\"height\":88,\"caption\":\"Federaci\u00f3n Down Galicia\"},\"image\":{\"@id\":\"https:\/\/downgalicia.org\/es\/#\/schema\/logo\/image\/\"}},{\"@type\":\"Person\",\"@id\":\"https:\/\/downgalicia.org\/es\/#\/schema\/person\/317730a00185114c76a219b94bddef15\",\"name\":\"produccion@visualpublinet.com\",\"image\":{\"@type\":\"ImageObject\",\"inLanguage\":\"es\",\"@id\":\"https:\/\/downgalicia.org\/es\/#\/schema\/person\/image\/\",\"url\":\"https:\/\/secure.gravatar.com\/avatar\/282ee20c78c1b1137175d4ab9f75785d8c239d499b1376df3ba16efa213b7b10?s=96&d=mm&r=g\",\"contentUrl\":\"https:\/\/secure.gravatar.com\/avatar\/282ee20c78c1b1137175d4ab9f75785d8c239d499b1376df3ba16efa213b7b10?s=96&d=mm&r=g\",\"caption\":\"produccion@visualpublinet.com\"},\"sameAs\":[\"https:\/\/downgalicia.org\"],\"url\":\"https:\/\/downgalicia.org\/es\/author\/produccionvisualpublinet-com\/\"}]}<\/script>\n<!-- \/ Yoast SEO plugin. -->","yoast_head_json":{"title":"Down Galicia y la USC firman un convenio para promover la docencia y la investigaci\u00f3n &#8226; Federaci\u00f3n Down Galicia","robots":{"index":"index","follow":"follow","max-snippet":"max-snippet:-1","max-image-preview":"max-image-preview:large","max-video-preview":"max-video-preview:-1"},"canonical":"https:\/\/downgalicia.org\/es\/down-galicia-y-la-usc-firman-un-convenio-para-promover-la-docencia-y-la-investigacion\/","og_locale":"es_ES","og_type":"article","og_title":"Down Galicia y la USC firman un convenio para promover la docencia y la investigaci\u00f3n &#8226; Federaci\u00f3n Down Galicia","og_description":"Delmiro Prieto, presidente de Down Galicia, y Antonio L\u00f3pez D\u00edaz, Rector de la Universidad de Santiago de Compostela, firmaron esta ma\u00f1ana en el edificio del Rectorado un convenio de colaboraci\u00f3n que busca estrechar sus relaciones, juntar esfuerzos y establecer normas...","og_url":"https:\/\/downgalicia.org\/es\/down-galicia-y-la-usc-firman-un-convenio-para-promover-la-docencia-y-la-investigacion\/","og_site_name":"Federaci\u00f3n Down Galicia","article_published_time":"2019-02-20T12:11:24+00:00","og_image":[{"width":1152,"height":768,"url":"https:\/\/downgalicia.org\/wp-content\/uploads\/2025\/06\/Convenio-Down-Galicia-USC-4.jpg","type":"image\/jpeg"}],"author":"produccion@visualpublinet.com","twitter_card":"summary_large_image","twitter_misc":{"Escrito por":"produccion@visualpublinet.com","Tiempo de lectura":"2 minutos"},"schema":{"@context":"https:\/\/schema.org","@graph":[{"@type":"Article","@id":"https:\/\/downgalicia.org\/es\/down-galicia-y-la-usc-firman-un-convenio-para-promover-la-docencia-y-la-investigacion\/#article","isPartOf":{"@id":"https:\/\/downgalicia.org\/es\/down-galicia-y-la-usc-firman-un-convenio-para-promover-la-docencia-y-la-investigacion\/"},"author":{"name":"produccion@visualpublinet.com","@id":"https:\/\/downgalicia.org\/es\/#\/schema\/person\/317730a00185114c76a219b94bddef15"},"headline":"Down Galicia y la USC firman un convenio para promover la docencia y la investigaci\u00f3n","datePublished":"2019-02-20T12:11:24+00:00","mainEntityOfPage":{"@id":"https:\/\/downgalicia.org\/es\/down-galicia-y-la-usc-firman-un-convenio-para-promover-la-docencia-y-la-investigacion\/"},"wordCount":396,"publisher":{"@id":"https:\/\/downgalicia.org\/es\/#organization"},"image":{"@id":"https:\/\/downgalicia.org\/es\/down-galicia-y-la-usc-firman-un-convenio-para-promover-la-docencia-y-la-investigacion\/#primaryimage"},"thumbnailUrl":"https:\/\/downgalicia.org\/wp-content\/uploads\/2025\/06\/Convenio-Down-Galicia-USC-4.jpg","articleSection":["Down Galicia","Noticias del Movimiento Down"],"inLanguage":"es"},{"@type":"WebPage","@id":"https:\/\/downgalicia.org\/es\/down-galicia-y-la-usc-firman-un-convenio-para-promover-la-docencia-y-la-investigacion\/","url":"https:\/\/downgalicia.org\/es\/down-galicia-y-la-usc-firman-un-convenio-para-promover-la-docencia-y-la-investigacion\/","name":"Down Galicia y la USC firman un convenio para promover la docencia y la investigaci\u00f3n &#8226; Federaci\u00f3n Down Galicia","isPartOf":{"@id":"https:\/\/downgalicia.org\/es\/#website"},"primaryImageOfPage":{"@id":"https:\/\/downgalicia.org\/es\/down-galicia-y-la-usc-firman-un-convenio-para-promover-la-docencia-y-la-investigacion\/#primaryimage"},"image":{"@id":"https:\/\/downgalicia.org\/es\/down-galicia-y-la-usc-firman-un-convenio-para-promover-la-docencia-y-la-investigacion\/#primaryimage"},"thumbnailUrl":"https:\/\/downgalicia.org\/wp-content\/uploads\/2025\/06\/Convenio-Down-Galicia-USC-4.jpg","datePublished":"2019-02-20T12:11:24+00:00","breadcrumb":{"@id":"https:\/\/downgalicia.org\/es\/down-galicia-y-la-usc-firman-un-convenio-para-promover-la-docencia-y-la-investigacion\/#breadcrumb"},"inLanguage":"es","potentialAction":[{"@type":"ReadAction","target":["https:\/\/downgalicia.org\/es\/down-galicia-y-la-usc-firman-un-convenio-para-promover-la-docencia-y-la-investigacion\/"]}]},{"@type":"ImageObject","inLanguage":"es","@id":"https:\/\/downgalicia.org\/es\/down-galicia-y-la-usc-firman-un-convenio-para-promover-la-docencia-y-la-investigacion\/#primaryimage","url":"https:\/\/downgalicia.org\/wp-content\/uploads\/2025\/06\/Convenio-Down-Galicia-USC-4.jpg","contentUrl":"https:\/\/downgalicia.org\/wp-content\/uploads\/2025\/06\/Convenio-Down-Galicia-USC-4.jpg","width":1152,"height":768},{"@type":"BreadcrumbList","@id":"https:\/\/downgalicia.org\/es\/down-galicia-y-la-usc-firman-un-convenio-para-promover-la-docencia-y-la-investigacion\/#breadcrumb","itemListElement":[{"@type":"ListItem","position":1,"name":"Portada","item":"https:\/\/downgalicia.org\/es\/"},{"@type":"ListItem","position":2,"name":"Down Galicia y la USC firman un convenio para promover la docencia y la investigaci\u00f3n"}]},{"@type":"WebSite","@id":"https:\/\/downgalicia.org\/es\/#website","url":"https:\/\/downgalicia.org\/es\/","name":"Federaci\u00f3n Down Galicia","description":"Apoio a persoas con S\u00edndrome de Down","publisher":{"@id":"https:\/\/downgalicia.org\/es\/#organization"},"potentialAction":[{"@type":"SearchAction","target":{"@type":"EntryPoint","urlTemplate":"https:\/\/downgalicia.org\/es\/?s={search_term_string}"},"query-input":{"@type":"PropertyValueSpecification","valueRequired":true,"valueName":"search_term_string"}}],"inLanguage":"es"},{"@type":"Organization","@id":"https:\/\/downgalicia.org\/es\/#organization","name":"Federaci\u00f3n Down Galicia","url":"https:\/\/downgalicia.org\/es\/","logo":{"@type":"ImageObject","inLanguage":"es","@id":"https:\/\/downgalicia.org\/es\/#\/schema\/logo\/image\/","url":"https:\/\/downgalicia.org\/wp-content\/uploads\/2024\/07\/logo-sindrome-down-color.svg","contentUrl":"https:\/\/downgalicia.org\/wp-content\/uploads\/2024\/07\/logo-sindrome-down-color.svg","width":271,"height":88,"caption":"Federaci\u00f3n Down Galicia"},"image":{"@id":"https:\/\/downgalicia.org\/es\/#\/schema\/logo\/image\/"}},{"@type":"Person","@id":"https:\/\/downgalicia.org\/es\/#\/schema\/person\/317730a00185114c76a219b94bddef15","name":"produccion@visualpublinet.com","image":{"@type":"ImageObject","inLanguage":"es","@id":"https:\/\/downgalicia.org\/es\/#\/schema\/person\/image\/","url":"https:\/\/secure.gravatar.com\/avatar\/282ee20c78c1b1137175d4ab9f75785d8c239d499b1376df3ba16efa213b7b10?s=96&d=mm&r=g","contentUrl":"https:\/\/secure.gravatar.com\/avatar\/282ee20c78c1b1137175d4ab9f75785d8c239d499b1376df3ba16efa213b7b10?s=96&d=mm&r=g","caption":"produccion@visualpublinet.com"},"sameAs":["https:\/\/downgalicia.org"],"url":"https:\/\/downgalicia.org\/es\/author\/produccionvisualpublinet-com\/"}]}},"_links":{"self":[{"href":"https:\/\/downgalicia.org\/es\/wp-json\/wp\/v2\/posts\/6682","targetHints":{"allow":["GET"]}}],"collection":[{"href":"https:\/\/downgalicia.org\/es\/wp-json\/wp\/v2\/posts"}],"about":[{"href":"https:\/\/downgalicia.org\/es\/wp-json\/wp\/v2\/types\/post"}],"author":[{"embeddable":true,"href":"https:\/\/downgalicia.org\/es\/wp-json\/wp\/v2\/users\/1"}],"replies":[{"embeddable":true,"href":"https:\/\/downgalicia.org\/es\/wp-json\/wp\/v2\/comments?post=6682"}],"version-history":[{"count":0,"href":"https:\/\/downgalicia.org\/es\/wp-json\/wp\/v2\/posts\/6682\/revisions"}],"wp:featuredmedia":[{"embeddable":true,"href":"https:\/\/downgalicia.org\/es\/wp-json\/wp\/v2\/media\/6683"}],"wp:attachment":[{"href":"https:\/\/downgalicia.org\/es\/wp-json\/wp\/v2\/media?parent=6682"}],"wp:term":[{"taxonomy":"category","embeddable":true,"href":"https:\/\/downgalicia.org\/es\/wp-json\/wp\/v2\/categories?post=6682"},{"taxonomy":"post_tag","embeddable":true,"href":"https:\/\/downgalicia.org\/es\/wp-json\/wp\/v2\/tags?post=6682"}],"curies":[{"name":"wp","href":"https:\/\/api.w.org\/{rel}","templated":true}]}}