{"id":6726,"date":"2018-12-12T13:35:46","date_gmt":"2018-12-12T12:35:46","guid":{"rendered":"http:\/\/downgalicia.org.136-144-253-96.136-144-253-96.visualpublinet.com\/la-diputacion-de-ourense-apuesta-de-nuevo-por-la-insercion-laboral-de-las-personas-con-sindrome-de-down-en-la-provincia-orensana\/"},"modified":"2018-12-12T13:35:46","modified_gmt":"2018-12-12T12:35:46","slug":"la-diputacion-de-ourense-apuesta-de-nuevo-por-la-insercion-laboral-de-las-personas-con-sindrome-de-down-en-la-provincia-orensana","status":"publish","type":"post","link":"https:\/\/downgalicia.org\/es\/la-diputacion-de-ourense-apuesta-de-nuevo-por-la-insercion-laboral-de-las-personas-con-sindrome-de-down-en-la-provincia-orensana\/","title":{"rendered":"La Diputaci\u00f3n de Ourense apuesta de nuevo por la inserci\u00f3n laboral de las personas con s\u00edndrome de Down en la provincia orensana"},"content":{"rendered":"<p>Con una aportaci\u00f3n de 2.500\u20ac, la Diputaci\u00f3n de Ourense apost\u00f3 de nuevo por la colaboraci\u00f3n con el proyecto \u201cEmpleo con Apoyo: Talento profesional de personas con el s\u00edndrome de Down y\/o discapacidad intelectual en la provincia de Ourense\u201d que Down Galicia puso en marcha en esta provincia. Esta colaboraci\u00f3n permiti\u00f3 que un total de 22 personas con s\u00edndrome de Down y otras discapacidades intelectuales contasen con una serie de apoyos encaminados a conseguir su inclusi\u00f3n en el mercado laboral ordinario durante el a\u00f1o 2018.<\/p>\n<p>Gracias a esta ayuda pudieron prestarse apoyos por toda la provincia, especialmente en la capital y en las ciudades y ayuntamientos m\u00e1s importantes, aunque tambi\u00e9n en aquellas \u00e1reas geogr\u00e1ficas a las que pertenecen los usuarios y usuarias del proyecto de empleo. En el \u00e1rea de influencia de Ourense, adem\u00e1s de la propia ciudad de As Burgas, se pueden citar Celanova, Arnoia y San Cibrao das Vi\u00f1as.<\/p>\n<p>De las 22 personas participantes en este proyecto, 8 de ellas firmaron 11 convenios de pr\u00e1cticas, ya que en caso alg\u00fan pudieron contar con m\u00e1s de una oportunidad formativa. En cuanto a las contrataciones, 13 personas firmaron un total de 25 contratos, incluyendo 9 pr\u00f3rrogas y 3 transformaciones en indefinidos. Pr\u00e1cticamente la totalidad de estos contratos son temporales y a tiempo parcial, lo que dificulta la consecuci\u00f3n de una estabilidad laboral y un proyecto de vida.<\/p>\n<p>Adem\u00e1s, durante este per\u00edodo, se contactaron un total de 49 empresas de toda la provincia con el objetivo de lograr una oportunidad laboral para alguna de las personas destinatarias de este proyecto.<\/p>\n<p>En Down Galicia creemos en la eficacia del Empleo Con Apoyo desde el a\u00f1o 2002. Esta metodolog\u00eda, orientada a la inserci\u00f3n laboral de las personas con discapacidad intelectual en el \u00e1mbito laboral normalizado, ofrece los apoyos necesarios dentro y fuera del entorno laboral para conseguir una \u00f3ptima adaptaci\u00f3n del empleado o empleada al puesto de trabajo. De este modo, la empresa conseguir\u00e1 trabajadores y trabajadoras calificados que se formar\u00e1n directamente nos sus puestos de trabajo. La figura del preparador o preparadora laboral de la entidad Down es fundamental en el proyecto, ya que acompa\u00f1ar\u00e1 a la nueva persona trabajadora durante todo el proceso: asesoramiento, seguimiento y apoyo durante el tiempo que dure la relaci\u00f3n laboral.<\/p>\n","protected":false},"excerpt":{"rendered":"<p>Con una aportaci\u00f3n de 2.500\u20ac, la Diputaci\u00f3n de Ourense apost\u00f3 de nuevo por la colaboraci\u00f3n con el proyecto \u201cEmpleo con Apoyo: Talento profesional de personas con el s\u00edndrome de Down y\/o discapacidad intelectual en la provincia de Ourense\u201d que Down&#8230;<\/p>\n","protected":false},"author":1,"featured_media":6727,"comment_status":"closed","ping_status":"closed","sticky":false,"template":"","format":"standard","meta":{"_acf_changed":false,"give_campaign_id":0,"footnotes":""},"categories":[129,127,71],"tags":[],"class_list":["post-6726","post","type-post","status-publish","format-standard","has-post-thumbnail","hentry","category-down-galicia-hemeroteca-es","category-formacion-e-emprego-hemeroteca-hemeroteca-es","category-noticias-sindrome-de-down-es"],"acf":[],"yoast_head":"<!-- This site is optimized with the Yoast SEO plugin v25.3.1 - https:\/\/yoast.com\/wordpress\/plugins\/seo\/ -->\n<title>La Diputaci\u00f3n de Ourense apuesta de nuevo por la inserci\u00f3n laboral de las personas con s\u00edndrome de Down en la provincia orensana &#8226; Federaci\u00f3n Down Galicia<\/title>\n<meta name=\"robots\" content=\"index, follow, max-snippet:-1, max-image-preview:large, max-video-preview:-1\" \/>\n<link rel=\"canonical\" href=\"https:\/\/downgalicia.org\/es\/la-diputacion-de-ourense-apuesta-de-nuevo-por-la-insercion-laboral-de-las-personas-con-sindrome-de-down-en-la-provincia-orensana\/\" \/>\n<meta property=\"og:locale\" content=\"es_ES\" \/>\n<meta property=\"og:type\" content=\"article\" \/>\n<meta property=\"og:title\" content=\"La Diputaci\u00f3n de Ourense apuesta de nuevo por la inserci\u00f3n laboral de las personas con s\u00edndrome de Down en la provincia orensana &#8226; Federaci\u00f3n Down Galicia\" \/>\n<meta property=\"og:description\" content=\"Con una aportaci\u00f3n de 2.500\u20ac, la Diputaci\u00f3n de Ourense apost\u00f3 de nuevo por la colaboraci\u00f3n con el proyecto \u201cEmpleo con Apoyo: Talento profesional de personas con el s\u00edndrome de Down y\/o discapacidad intelectual en la provincia de Ourense\u201d que Down...\" \/>\n<meta property=\"og:url\" content=\"https:\/\/downgalicia.org\/es\/la-diputacion-de-ourense-apuesta-de-nuevo-por-la-insercion-laboral-de-las-personas-con-sindrome-de-down-en-la-provincia-orensana\/\" \/>\n<meta property=\"og:site_name\" content=\"Federaci\u00f3n Down Galicia\" \/>\n<meta property=\"article:published_time\" content=\"2018-12-12T12:35:46+00:00\" \/>\n<meta property=\"og:image\" content=\"https:\/\/downgalicia.org\/wp-content\/uploads\/2025\/06\/Deputacion-Ourense-2018-4.jpg\" \/>\n\t<meta property=\"og:image:width\" content=\"493\" \/>\n\t<meta property=\"og:image:height\" content=\"364\" \/>\n\t<meta property=\"og:image:type\" content=\"image\/jpeg\" \/>\n<meta name=\"author\" content=\"produccion@visualpublinet.com\" \/>\n<meta name=\"twitter:card\" content=\"summary_large_image\" \/>\n<meta name=\"twitter:label1\" content=\"Escrito por\" \/>\n\t<meta name=\"twitter:data1\" content=\"produccion@visualpublinet.com\" \/>\n\t<meta name=\"twitter:label2\" content=\"Tiempo de lectura\" \/>\n\t<meta name=\"twitter:data2\" content=\"2 minutos\" \/>\n<script type=\"application\/ld+json\" class=\"yoast-schema-graph\">{\"@context\":\"https:\/\/schema.org\",\"@graph\":[{\"@type\":\"Article\",\"@id\":\"https:\/\/downgalicia.org\/es\/la-diputacion-de-ourense-apuesta-de-nuevo-por-la-insercion-laboral-de-las-personas-con-sindrome-de-down-en-la-provincia-orensana\/#article\",\"isPartOf\":{\"@id\":\"https:\/\/downgalicia.org\/es\/la-diputacion-de-ourense-apuesta-de-nuevo-por-la-insercion-laboral-de-las-personas-con-sindrome-de-down-en-la-provincia-orensana\/\"},\"author\":{\"name\":\"produccion@visualpublinet.com\",\"@id\":\"https:\/\/downgalicia.org\/es\/#\/schema\/person\/317730a00185114c76a219b94bddef15\"},\"headline\":\"La Diputaci\u00f3n de Ourense apuesta de nuevo por la inserci\u00f3n laboral de las personas con s\u00edndrome de Down en la provincia orensana\",\"datePublished\":\"2018-12-12T12:35:46+00:00\",\"mainEntityOfPage\":{\"@id\":\"https:\/\/downgalicia.org\/es\/la-diputacion-de-ourense-apuesta-de-nuevo-por-la-insercion-laboral-de-las-personas-con-sindrome-de-down-en-la-provincia-orensana\/\"},\"wordCount\":415,\"publisher\":{\"@id\":\"https:\/\/downgalicia.org\/es\/#organization\"},\"image\":{\"@id\":\"https:\/\/downgalicia.org\/es\/la-diputacion-de-ourense-apuesta-de-nuevo-por-la-insercion-laboral-de-las-personas-con-sindrome-de-down-en-la-provincia-orensana\/#primaryimage\"},\"thumbnailUrl\":\"https:\/\/downgalicia.org\/wp-content\/uploads\/2025\/06\/Deputacion-Ourense-2018-4.jpg\",\"articleSection\":[\"Down Galicia\",\"Formaci\u00f3n e Emprego\",\"Noticias del Movimiento Down\"],\"inLanguage\":\"es\"},{\"@type\":\"WebPage\",\"@id\":\"https:\/\/downgalicia.org\/es\/la-diputacion-de-ourense-apuesta-de-nuevo-por-la-insercion-laboral-de-las-personas-con-sindrome-de-down-en-la-provincia-orensana\/\",\"url\":\"https:\/\/downgalicia.org\/es\/la-diputacion-de-ourense-apuesta-de-nuevo-por-la-insercion-laboral-de-las-personas-con-sindrome-de-down-en-la-provincia-orensana\/\",\"name\":\"La Diputaci\u00f3n de Ourense apuesta de nuevo por la inserci\u00f3n laboral de las personas con s\u00edndrome de Down en la provincia orensana &#8226; Federaci\u00f3n Down Galicia\",\"isPartOf\":{\"@id\":\"https:\/\/downgalicia.org\/es\/#website\"},\"primaryImageOfPage\":{\"@id\":\"https:\/\/downgalicia.org\/es\/la-diputacion-de-ourense-apuesta-de-nuevo-por-la-insercion-laboral-de-las-personas-con-sindrome-de-down-en-la-provincia-orensana\/#primaryimage\"},\"image\":{\"@id\":\"https:\/\/downgalicia.org\/es\/la-diputacion-de-ourense-apuesta-de-nuevo-por-la-insercion-laboral-de-las-personas-con-sindrome-de-down-en-la-provincia-orensana\/#primaryimage\"},\"thumbnailUrl\":\"https:\/\/downgalicia.org\/wp-content\/uploads\/2025\/06\/Deputacion-Ourense-2018-4.jpg\",\"datePublished\":\"2018-12-12T12:35:46+00:00\",\"breadcrumb\":{\"@id\":\"https:\/\/downgalicia.org\/es\/la-diputacion-de-ourense-apuesta-de-nuevo-por-la-insercion-laboral-de-las-personas-con-sindrome-de-down-en-la-provincia-orensana\/#breadcrumb\"},\"inLanguage\":\"es\",\"potentialAction\":[{\"@type\":\"ReadAction\",\"target\":[\"https:\/\/downgalicia.org\/es\/la-diputacion-de-ourense-apuesta-de-nuevo-por-la-insercion-laboral-de-las-personas-con-sindrome-de-down-en-la-provincia-orensana\/\"]}]},{\"@type\":\"ImageObject\",\"inLanguage\":\"es\",\"@id\":\"https:\/\/downgalicia.org\/es\/la-diputacion-de-ourense-apuesta-de-nuevo-por-la-insercion-laboral-de-las-personas-con-sindrome-de-down-en-la-provincia-orensana\/#primaryimage\",\"url\":\"https:\/\/downgalicia.org\/wp-content\/uploads\/2025\/06\/Deputacion-Ourense-2018-4.jpg\",\"contentUrl\":\"https:\/\/downgalicia.org\/wp-content\/uploads\/2025\/06\/Deputacion-Ourense-2018-4.jpg\",\"width\":493,\"height\":364},{\"@type\":\"BreadcrumbList\",\"@id\":\"https:\/\/downgalicia.org\/es\/la-diputacion-de-ourense-apuesta-de-nuevo-por-la-insercion-laboral-de-las-personas-con-sindrome-de-down-en-la-provincia-orensana\/#breadcrumb\",\"itemListElement\":[{\"@type\":\"ListItem\",\"position\":1,\"name\":\"Portada\",\"item\":\"https:\/\/downgalicia.org\/es\/\"},{\"@type\":\"ListItem\",\"position\":2,\"name\":\"La Diputaci\u00f3n de Ourense apuesta de nuevo por la inserci\u00f3n laboral de las personas con s\u00edndrome de Down en la provincia orensana\"}]},{\"@type\":\"WebSite\",\"@id\":\"https:\/\/downgalicia.org\/es\/#website\",\"url\":\"https:\/\/downgalicia.org\/es\/\",\"name\":\"Federaci\u00f3n Down Galicia\",\"description\":\"Apoio a persoas con S\u00edndrome de Down\",\"publisher\":{\"@id\":\"https:\/\/downgalicia.org\/es\/#organization\"},\"potentialAction\":[{\"@type\":\"SearchAction\",\"target\":{\"@type\":\"EntryPoint\",\"urlTemplate\":\"https:\/\/downgalicia.org\/es\/?s={search_term_string}\"},\"query-input\":{\"@type\":\"PropertyValueSpecification\",\"valueRequired\":true,\"valueName\":\"search_term_string\"}}],\"inLanguage\":\"es\"},{\"@type\":\"Organization\",\"@id\":\"https:\/\/downgalicia.org\/es\/#organization\",\"name\":\"Federaci\u00f3n Down Galicia\",\"url\":\"https:\/\/downgalicia.org\/es\/\",\"logo\":{\"@type\":\"ImageObject\",\"inLanguage\":\"es\",\"@id\":\"https:\/\/downgalicia.org\/es\/#\/schema\/logo\/image\/\",\"url\":\"https:\/\/downgalicia.org\/wp-content\/uploads\/2024\/07\/logo-sindrome-down-color.svg\",\"contentUrl\":\"https:\/\/downgalicia.org\/wp-content\/uploads\/2024\/07\/logo-sindrome-down-color.svg\",\"width\":271,\"height\":88,\"caption\":\"Federaci\u00f3n Down Galicia\"},\"image\":{\"@id\":\"https:\/\/downgalicia.org\/es\/#\/schema\/logo\/image\/\"}},{\"@type\":\"Person\",\"@id\":\"https:\/\/downgalicia.org\/es\/#\/schema\/person\/317730a00185114c76a219b94bddef15\",\"name\":\"produccion@visualpublinet.com\",\"image\":{\"@type\":\"ImageObject\",\"inLanguage\":\"es\",\"@id\":\"https:\/\/downgalicia.org\/es\/#\/schema\/person\/image\/\",\"url\":\"https:\/\/secure.gravatar.com\/avatar\/282ee20c78c1b1137175d4ab9f75785d8c239d499b1376df3ba16efa213b7b10?s=96&d=mm&r=g\",\"contentUrl\":\"https:\/\/secure.gravatar.com\/avatar\/282ee20c78c1b1137175d4ab9f75785d8c239d499b1376df3ba16efa213b7b10?s=96&d=mm&r=g\",\"caption\":\"produccion@visualpublinet.com\"},\"sameAs\":[\"https:\/\/downgalicia.org\"],\"url\":\"https:\/\/downgalicia.org\/es\/author\/produccionvisualpublinet-com\/\"}]}<\/script>\n<!-- \/ Yoast SEO plugin. -->","yoast_head_json":{"title":"La Diputaci\u00f3n de Ourense apuesta de nuevo por la inserci\u00f3n laboral de las personas con s\u00edndrome de Down en la provincia orensana &#8226; Federaci\u00f3n Down Galicia","robots":{"index":"index","follow":"follow","max-snippet":"max-snippet:-1","max-image-preview":"max-image-preview:large","max-video-preview":"max-video-preview:-1"},"canonical":"https:\/\/downgalicia.org\/es\/la-diputacion-de-ourense-apuesta-de-nuevo-por-la-insercion-laboral-de-las-personas-con-sindrome-de-down-en-la-provincia-orensana\/","og_locale":"es_ES","og_type":"article","og_title":"La Diputaci\u00f3n de Ourense apuesta de nuevo por la inserci\u00f3n laboral de las personas con s\u00edndrome de Down en la provincia orensana &#8226; Federaci\u00f3n Down Galicia","og_description":"Con una aportaci\u00f3n de 2.500\u20ac, la Diputaci\u00f3n de Ourense apost\u00f3 de nuevo por la colaboraci\u00f3n con el proyecto \u201cEmpleo con Apoyo: Talento profesional de personas con el s\u00edndrome de Down y\/o discapacidad intelectual en la provincia de Ourense\u201d que Down...","og_url":"https:\/\/downgalicia.org\/es\/la-diputacion-de-ourense-apuesta-de-nuevo-por-la-insercion-laboral-de-las-personas-con-sindrome-de-down-en-la-provincia-orensana\/","og_site_name":"Federaci\u00f3n Down Galicia","article_published_time":"2018-12-12T12:35:46+00:00","og_image":[{"width":493,"height":364,"url":"https:\/\/downgalicia.org\/wp-content\/uploads\/2025\/06\/Deputacion-Ourense-2018-4.jpg","type":"image\/jpeg"}],"author":"produccion@visualpublinet.com","twitter_card":"summary_large_image","twitter_misc":{"Escrito por":"produccion@visualpublinet.com","Tiempo de lectura":"2 minutos"},"schema":{"@context":"https:\/\/schema.org","@graph":[{"@type":"Article","@id":"https:\/\/downgalicia.org\/es\/la-diputacion-de-ourense-apuesta-de-nuevo-por-la-insercion-laboral-de-las-personas-con-sindrome-de-down-en-la-provincia-orensana\/#article","isPartOf":{"@id":"https:\/\/downgalicia.org\/es\/la-diputacion-de-ourense-apuesta-de-nuevo-por-la-insercion-laboral-de-las-personas-con-sindrome-de-down-en-la-provincia-orensana\/"},"author":{"name":"produccion@visualpublinet.com","@id":"https:\/\/downgalicia.org\/es\/#\/schema\/person\/317730a00185114c76a219b94bddef15"},"headline":"La Diputaci\u00f3n de Ourense apuesta de nuevo por la inserci\u00f3n laboral de las personas con s\u00edndrome de Down en la provincia orensana","datePublished":"2018-12-12T12:35:46+00:00","mainEntityOfPage":{"@id":"https:\/\/downgalicia.org\/es\/la-diputacion-de-ourense-apuesta-de-nuevo-por-la-insercion-laboral-de-las-personas-con-sindrome-de-down-en-la-provincia-orensana\/"},"wordCount":415,"publisher":{"@id":"https:\/\/downgalicia.org\/es\/#organization"},"image":{"@id":"https:\/\/downgalicia.org\/es\/la-diputacion-de-ourense-apuesta-de-nuevo-por-la-insercion-laboral-de-las-personas-con-sindrome-de-down-en-la-provincia-orensana\/#primaryimage"},"thumbnailUrl":"https:\/\/downgalicia.org\/wp-content\/uploads\/2025\/06\/Deputacion-Ourense-2018-4.jpg","articleSection":["Down Galicia","Formaci\u00f3n e Emprego","Noticias del Movimiento Down"],"inLanguage":"es"},{"@type":"WebPage","@id":"https:\/\/downgalicia.org\/es\/la-diputacion-de-ourense-apuesta-de-nuevo-por-la-insercion-laboral-de-las-personas-con-sindrome-de-down-en-la-provincia-orensana\/","url":"https:\/\/downgalicia.org\/es\/la-diputacion-de-ourense-apuesta-de-nuevo-por-la-insercion-laboral-de-las-personas-con-sindrome-de-down-en-la-provincia-orensana\/","name":"La Diputaci\u00f3n de Ourense apuesta de nuevo por la inserci\u00f3n laboral de las personas con s\u00edndrome de Down en la provincia orensana &#8226; Federaci\u00f3n Down Galicia","isPartOf":{"@id":"https:\/\/downgalicia.org\/es\/#website"},"primaryImageOfPage":{"@id":"https:\/\/downgalicia.org\/es\/la-diputacion-de-ourense-apuesta-de-nuevo-por-la-insercion-laboral-de-las-personas-con-sindrome-de-down-en-la-provincia-orensana\/#primaryimage"},"image":{"@id":"https:\/\/downgalicia.org\/es\/la-diputacion-de-ourense-apuesta-de-nuevo-por-la-insercion-laboral-de-las-personas-con-sindrome-de-down-en-la-provincia-orensana\/#primaryimage"},"thumbnailUrl":"https:\/\/downgalicia.org\/wp-content\/uploads\/2025\/06\/Deputacion-Ourense-2018-4.jpg","datePublished":"2018-12-12T12:35:46+00:00","breadcrumb":{"@id":"https:\/\/downgalicia.org\/es\/la-diputacion-de-ourense-apuesta-de-nuevo-por-la-insercion-laboral-de-las-personas-con-sindrome-de-down-en-la-provincia-orensana\/#breadcrumb"},"inLanguage":"es","potentialAction":[{"@type":"ReadAction","target":["https:\/\/downgalicia.org\/es\/la-diputacion-de-ourense-apuesta-de-nuevo-por-la-insercion-laboral-de-las-personas-con-sindrome-de-down-en-la-provincia-orensana\/"]}]},{"@type":"ImageObject","inLanguage":"es","@id":"https:\/\/downgalicia.org\/es\/la-diputacion-de-ourense-apuesta-de-nuevo-por-la-insercion-laboral-de-las-personas-con-sindrome-de-down-en-la-provincia-orensana\/#primaryimage","url":"https:\/\/downgalicia.org\/wp-content\/uploads\/2025\/06\/Deputacion-Ourense-2018-4.jpg","contentUrl":"https:\/\/downgalicia.org\/wp-content\/uploads\/2025\/06\/Deputacion-Ourense-2018-4.jpg","width":493,"height":364},{"@type":"BreadcrumbList","@id":"https:\/\/downgalicia.org\/es\/la-diputacion-de-ourense-apuesta-de-nuevo-por-la-insercion-laboral-de-las-personas-con-sindrome-de-down-en-la-provincia-orensana\/#breadcrumb","itemListElement":[{"@type":"ListItem","position":1,"name":"Portada","item":"https:\/\/downgalicia.org\/es\/"},{"@type":"ListItem","position":2,"name":"La Diputaci\u00f3n de Ourense apuesta de nuevo por la inserci\u00f3n laboral de las personas con s\u00edndrome de Down en la provincia orensana"}]},{"@type":"WebSite","@id":"https:\/\/downgalicia.org\/es\/#website","url":"https:\/\/downgalicia.org\/es\/","name":"Federaci\u00f3n Down Galicia","description":"Apoio a persoas con S\u00edndrome de Down","publisher":{"@id":"https:\/\/downgalicia.org\/es\/#organization"},"potentialAction":[{"@type":"SearchAction","target":{"@type":"EntryPoint","urlTemplate":"https:\/\/downgalicia.org\/es\/?s={search_term_string}"},"query-input":{"@type":"PropertyValueSpecification","valueRequired":true,"valueName":"search_term_string"}}],"inLanguage":"es"},{"@type":"Organization","@id":"https:\/\/downgalicia.org\/es\/#organization","name":"Federaci\u00f3n Down Galicia","url":"https:\/\/downgalicia.org\/es\/","logo":{"@type":"ImageObject","inLanguage":"es","@id":"https:\/\/downgalicia.org\/es\/#\/schema\/logo\/image\/","url":"https:\/\/downgalicia.org\/wp-content\/uploads\/2024\/07\/logo-sindrome-down-color.svg","contentUrl":"https:\/\/downgalicia.org\/wp-content\/uploads\/2024\/07\/logo-sindrome-down-color.svg","width":271,"height":88,"caption":"Federaci\u00f3n Down Galicia"},"image":{"@id":"https:\/\/downgalicia.org\/es\/#\/schema\/logo\/image\/"}},{"@type":"Person","@id":"https:\/\/downgalicia.org\/es\/#\/schema\/person\/317730a00185114c76a219b94bddef15","name":"produccion@visualpublinet.com","image":{"@type":"ImageObject","inLanguage":"es","@id":"https:\/\/downgalicia.org\/es\/#\/schema\/person\/image\/","url":"https:\/\/secure.gravatar.com\/avatar\/282ee20c78c1b1137175d4ab9f75785d8c239d499b1376df3ba16efa213b7b10?s=96&d=mm&r=g","contentUrl":"https:\/\/secure.gravatar.com\/avatar\/282ee20c78c1b1137175d4ab9f75785d8c239d499b1376df3ba16efa213b7b10?s=96&d=mm&r=g","caption":"produccion@visualpublinet.com"},"sameAs":["https:\/\/downgalicia.org"],"url":"https:\/\/downgalicia.org\/es\/author\/produccionvisualpublinet-com\/"}]}},"_links":{"self":[{"href":"https:\/\/downgalicia.org\/es\/wp-json\/wp\/v2\/posts\/6726","targetHints":{"allow":["GET"]}}],"collection":[{"href":"https:\/\/downgalicia.org\/es\/wp-json\/wp\/v2\/posts"}],"about":[{"href":"https:\/\/downgalicia.org\/es\/wp-json\/wp\/v2\/types\/post"}],"author":[{"embeddable":true,"href":"https:\/\/downgalicia.org\/es\/wp-json\/wp\/v2\/users\/1"}],"replies":[{"embeddable":true,"href":"https:\/\/downgalicia.org\/es\/wp-json\/wp\/v2\/comments?post=6726"}],"version-history":[{"count":0,"href":"https:\/\/downgalicia.org\/es\/wp-json\/wp\/v2\/posts\/6726\/revisions"}],"wp:featuredmedia":[{"embeddable":true,"href":"https:\/\/downgalicia.org\/es\/wp-json\/wp\/v2\/media\/6727"}],"wp:attachment":[{"href":"https:\/\/downgalicia.org\/es\/wp-json\/wp\/v2\/media?parent=6726"}],"wp:term":[{"taxonomy":"category","embeddable":true,"href":"https:\/\/downgalicia.org\/es\/wp-json\/wp\/v2\/categories?post=6726"},{"taxonomy":"post_tag","embeddable":true,"href":"https:\/\/downgalicia.org\/es\/wp-json\/wp\/v2\/tags?post=6726"}],"curies":[{"name":"wp","href":"https:\/\/api.w.org\/{rel}","templated":true}]}}