{"id":6935,"date":"2018-06-15T15:00:31","date_gmt":"2018-06-15T13:00:31","guid":{"rendered":"http:\/\/downgalicia.org.136-144-253-96.136-144-253-96.visualpublinet.com\/la-escuela-de-magisterio-y-down-vigo-clausuran-el-primer-curso-del-proyecto-de-formacion-inclusiva-alida\/"},"modified":"2018-06-15T15:00:31","modified_gmt":"2018-06-15T13:00:31","slug":"la-escuela-de-magisterio-y-down-vigo-clausuran-el-primer-curso-del-proyecto-de-formacion-inclusiva-alida","status":"publish","type":"post","link":"https:\/\/downgalicia.org\/es\/la-escuela-de-magisterio-y-down-vigo-clausuran-el-primer-curso-del-proyecto-de-formacion-inclusiva-alida\/","title":{"rendered":"Down Vigo y la Escuela de Magisterio clausuran el primer curso del proyecto de formaci\u00f3n inclusiva ALIDA"},"content":{"rendered":"<p><strong>Down Vigo y la Escuela Universitaria CEU de Magisterio han celebrado esta ma\u00f1ana el acto de fin de curso <\/strong>del Programa ALIDA, un proyecto de colaboraci\u00f3n de dos cursos de duraci\u00f3n que tiene como principal objetivo mejorar la inclusi\u00f3n socio-laboral de personas con s\u00edndrome de Down y discapacidad intelectual. El evento ha contado con la presencia del alcalde de Vigo, <strong>Abel Caballero, que ha destacado \u201cel compromiso de las autoridades p\u00fablicas con el empleo inclusivo y la igualdad de oportunidades real\u201d. <\/strong>Durante su intervenci\u00f3n, ha puesto en valor el avance social en materia de sensibilizaci\u00f3n y compromiso con la empleabilidad de personas con discapacidad.<\/p>\n<p>El acto de clausura tambi\u00e9n cont\u00f3 con las intervenciones de, entre otros, <strong>C\u00e9sar P\u00e9rez Ares, jefe territorial de la\u00a0Conseller\u00eda\u00a0de Educaci\u00f3n;<\/strong> <strong>M\u00aa Jes\u00fas Ayuso, directora de la Escuela Universitaria CEU de Magisterio; y M\u00aa Carmen L\u00f3pez Barrero, presidenta de Down Vigo.<\/strong><\/p>\n<p>El evento se enmarc\u00f3 dentro de una Jornada de Puertas Abiertas para profesionales y familias, contando con la presencia de familias interesadas en el Programa ALIDA y responsables de entidades como ASPANAEX (Asociaci\u00f3n en favor de las Personas con Discapacidad Intelectual de la provincia de Pontevedra) o el C.E.E. Saladino Cortizo.<\/p>\n<p><strong>\u00a0<\/strong><\/p>\n<p><strong>El Programa ALIDA, una experiencia inclusiva<\/strong><\/p>\n<p>Desde el mes de enero, el alumnado asistente ha participado en la vida diaria de la Escuela Universitaria CEU de Magisterio, con formaci\u00f3n en habilidades socio-laborales y nuevas tecnolog\u00edas as\u00ed como actividades inclusivas y de colaboraci\u00f3n tales como una obra de teatro o diversos talleres para fomentar la creatividad y las habilidades manipulativas. Las materias son impartidas por docentes voluntarios de la Escuela Universitaria CEU de Magisterio y profesionales de Down Vigo, compartiendo aula y actividades con el resto de estudiantes.<\/p>\n","protected":false},"excerpt":{"rendered":"<p>Down Vigo y la Escuela Universitaria CEU de Magisterio han celebrado esta ma\u00f1ana el acto de fin de curso del Programa ALIDA, un proyecto de colaboraci\u00f3n de dos cursos de duraci\u00f3n que tiene como principal objetivo mejorar la inclusi\u00f3n socio-laboral&#8230;<\/p>\n","protected":false},"author":1,"featured_media":6936,"comment_status":"closed","ping_status":"closed","sticky":false,"template":"","format":"standard","meta":{"_acf_changed":false,"give_campaign_id":0,"footnotes":""},"categories":[128,127,71],"tags":[],"class_list":["post-6935","post","type-post","status-publish","format-standard","has-post-thumbnail","hentry","category-down-vigo-hemeroteca-es","category-formacion-e-emprego-hemeroteca-hemeroteca-es","category-noticias-sindrome-de-down-es"],"acf":[],"yoast_head":"<!-- This site is optimized with the Yoast SEO plugin v25.3.1 - https:\/\/yoast.com\/wordpress\/plugins\/seo\/ -->\n<title>Down Vigo y la Escuela de Magisterio clausuran el primer curso del proyecto de formaci\u00f3n inclusiva ALIDA &#8226; Federaci\u00f3n Down Galicia<\/title>\n<meta name=\"robots\" content=\"index, follow, max-snippet:-1, max-image-preview:large, max-video-preview:-1\" \/>\n<link rel=\"canonical\" href=\"https:\/\/downgalicia.org\/es\/la-escuela-de-magisterio-y-down-vigo-clausuran-el-primer-curso-del-proyecto-de-formacion-inclusiva-alida\/\" \/>\n<meta property=\"og:locale\" content=\"es_ES\" \/>\n<meta property=\"og:type\" content=\"article\" \/>\n<meta property=\"og:title\" content=\"Down Vigo y la Escuela de Magisterio clausuran el primer curso del proyecto de formaci\u00f3n inclusiva ALIDA &#8226; Federaci\u00f3n Down Galicia\" \/>\n<meta property=\"og:description\" content=\"Down Vigo y la Escuela Universitaria CEU de Magisterio han celebrado esta ma\u00f1ana el acto de fin de curso del Programa ALIDA, un proyecto de colaboraci\u00f3n de dos cursos de duraci\u00f3n que tiene como principal objetivo mejorar la inclusi\u00f3n socio-laboral...\" \/>\n<meta property=\"og:url\" content=\"https:\/\/downgalicia.org\/es\/la-escuela-de-magisterio-y-down-vigo-clausuran-el-primer-curso-del-proyecto-de-formacion-inclusiva-alida\/\" \/>\n<meta property=\"og:site_name\" content=\"Federaci\u00f3n Down Galicia\" \/>\n<meta property=\"article:published_time\" content=\"2018-06-15T13:00:31+00:00\" \/>\n<meta property=\"og:image\" content=\"https:\/\/downgalicia.org\/wp-content\/uploads\/2025\/06\/Clausura-programa-Alida-Down-Vigo-4-scaled.jpg\" \/>\n\t<meta property=\"og:image:width\" content=\"2560\" \/>\n\t<meta property=\"og:image:height\" content=\"1767\" \/>\n\t<meta property=\"og:image:type\" content=\"image\/jpeg\" \/>\n<meta name=\"author\" content=\"produccion@visualpublinet.com\" \/>\n<meta name=\"twitter:card\" content=\"summary_large_image\" \/>\n<meta name=\"twitter:label1\" content=\"Escrito por\" \/>\n\t<meta name=\"twitter:data1\" content=\"produccion@visualpublinet.com\" \/>\n\t<meta name=\"twitter:label2\" content=\"Tiempo de lectura\" \/>\n\t<meta name=\"twitter:data2\" content=\"2 minutos\" \/>\n<script type=\"application\/ld+json\" class=\"yoast-schema-graph\">{\"@context\":\"https:\/\/schema.org\",\"@graph\":[{\"@type\":\"Article\",\"@id\":\"https:\/\/downgalicia.org\/es\/la-escuela-de-magisterio-y-down-vigo-clausuran-el-primer-curso-del-proyecto-de-formacion-inclusiva-alida\/#article\",\"isPartOf\":{\"@id\":\"https:\/\/downgalicia.org\/es\/la-escuela-de-magisterio-y-down-vigo-clausuran-el-primer-curso-del-proyecto-de-formacion-inclusiva-alida\/\"},\"author\":{\"name\":\"produccion@visualpublinet.com\",\"@id\":\"https:\/\/downgalicia.org\/es\/#\/schema\/person\/317730a00185114c76a219b94bddef15\"},\"headline\":\"Down Vigo y la Escuela de Magisterio clausuran el primer curso del proyecto de formaci\u00f3n inclusiva ALIDA\",\"datePublished\":\"2018-06-15T13:00:31+00:00\",\"mainEntityOfPage\":{\"@id\":\"https:\/\/downgalicia.org\/es\/la-escuela-de-magisterio-y-down-vigo-clausuran-el-primer-curso-del-proyecto-de-formacion-inclusiva-alida\/\"},\"wordCount\":323,\"publisher\":{\"@id\":\"https:\/\/downgalicia.org\/es\/#organization\"},\"image\":{\"@id\":\"https:\/\/downgalicia.org\/es\/la-escuela-de-magisterio-y-down-vigo-clausuran-el-primer-curso-del-proyecto-de-formacion-inclusiva-alida\/#primaryimage\"},\"thumbnailUrl\":\"https:\/\/downgalicia.org\/wp-content\/uploads\/2025\/06\/Clausura-programa-Alida-Down-Vigo-4-scaled.jpg\",\"articleSection\":[\"Down Vigo\",\"Formaci\u00f3n e Emprego\",\"Noticias del Movimiento Down\"],\"inLanguage\":\"es\"},{\"@type\":\"WebPage\",\"@id\":\"https:\/\/downgalicia.org\/es\/la-escuela-de-magisterio-y-down-vigo-clausuran-el-primer-curso-del-proyecto-de-formacion-inclusiva-alida\/\",\"url\":\"https:\/\/downgalicia.org\/es\/la-escuela-de-magisterio-y-down-vigo-clausuran-el-primer-curso-del-proyecto-de-formacion-inclusiva-alida\/\",\"name\":\"Down Vigo y la Escuela de Magisterio clausuran el primer curso del proyecto de formaci\u00f3n inclusiva ALIDA &#8226; Federaci\u00f3n Down Galicia\",\"isPartOf\":{\"@id\":\"https:\/\/downgalicia.org\/es\/#website\"},\"primaryImageOfPage\":{\"@id\":\"https:\/\/downgalicia.org\/es\/la-escuela-de-magisterio-y-down-vigo-clausuran-el-primer-curso-del-proyecto-de-formacion-inclusiva-alida\/#primaryimage\"},\"image\":{\"@id\":\"https:\/\/downgalicia.org\/es\/la-escuela-de-magisterio-y-down-vigo-clausuran-el-primer-curso-del-proyecto-de-formacion-inclusiva-alida\/#primaryimage\"},\"thumbnailUrl\":\"https:\/\/downgalicia.org\/wp-content\/uploads\/2025\/06\/Clausura-programa-Alida-Down-Vigo-4-scaled.jpg\",\"datePublished\":\"2018-06-15T13:00:31+00:00\",\"breadcrumb\":{\"@id\":\"https:\/\/downgalicia.org\/es\/la-escuela-de-magisterio-y-down-vigo-clausuran-el-primer-curso-del-proyecto-de-formacion-inclusiva-alida\/#breadcrumb\"},\"inLanguage\":\"es\",\"potentialAction\":[{\"@type\":\"ReadAction\",\"target\":[\"https:\/\/downgalicia.org\/es\/la-escuela-de-magisterio-y-down-vigo-clausuran-el-primer-curso-del-proyecto-de-formacion-inclusiva-alida\/\"]}]},{\"@type\":\"ImageObject\",\"inLanguage\":\"es\",\"@id\":\"https:\/\/downgalicia.org\/es\/la-escuela-de-magisterio-y-down-vigo-clausuran-el-primer-curso-del-proyecto-de-formacion-inclusiva-alida\/#primaryimage\",\"url\":\"https:\/\/downgalicia.org\/wp-content\/uploads\/2025\/06\/Clausura-programa-Alida-Down-Vigo-4-scaled.jpg\",\"contentUrl\":\"https:\/\/downgalicia.org\/wp-content\/uploads\/2025\/06\/Clausura-programa-Alida-Down-Vigo-4-scaled.jpg\",\"width\":2560,\"height\":1767},{\"@type\":\"BreadcrumbList\",\"@id\":\"https:\/\/downgalicia.org\/es\/la-escuela-de-magisterio-y-down-vigo-clausuran-el-primer-curso-del-proyecto-de-formacion-inclusiva-alida\/#breadcrumb\",\"itemListElement\":[{\"@type\":\"ListItem\",\"position\":1,\"name\":\"Portada\",\"item\":\"https:\/\/downgalicia.org\/es\/\"},{\"@type\":\"ListItem\",\"position\":2,\"name\":\"Down Vigo y la Escuela de Magisterio clausuran el primer curso del proyecto de formaci\u00f3n inclusiva ALIDA\"}]},{\"@type\":\"WebSite\",\"@id\":\"https:\/\/downgalicia.org\/es\/#website\",\"url\":\"https:\/\/downgalicia.org\/es\/\",\"name\":\"Federaci\u00f3n Down Galicia\",\"description\":\"Apoio a persoas con S\u00edndrome de Down\",\"publisher\":{\"@id\":\"https:\/\/downgalicia.org\/es\/#organization\"},\"potentialAction\":[{\"@type\":\"SearchAction\",\"target\":{\"@type\":\"EntryPoint\",\"urlTemplate\":\"https:\/\/downgalicia.org\/es\/?s={search_term_string}\"},\"query-input\":{\"@type\":\"PropertyValueSpecification\",\"valueRequired\":true,\"valueName\":\"search_term_string\"}}],\"inLanguage\":\"es\"},{\"@type\":\"Organization\",\"@id\":\"https:\/\/downgalicia.org\/es\/#organization\",\"name\":\"Federaci\u00f3n Down Galicia\",\"url\":\"https:\/\/downgalicia.org\/es\/\",\"logo\":{\"@type\":\"ImageObject\",\"inLanguage\":\"es\",\"@id\":\"https:\/\/downgalicia.org\/es\/#\/schema\/logo\/image\/\",\"url\":\"https:\/\/downgalicia.org\/wp-content\/uploads\/2024\/07\/logo-sindrome-down-color.svg\",\"contentUrl\":\"https:\/\/downgalicia.org\/wp-content\/uploads\/2024\/07\/logo-sindrome-down-color.svg\",\"width\":271,\"height\":88,\"caption\":\"Federaci\u00f3n Down Galicia\"},\"image\":{\"@id\":\"https:\/\/downgalicia.org\/es\/#\/schema\/logo\/image\/\"}},{\"@type\":\"Person\",\"@id\":\"https:\/\/downgalicia.org\/es\/#\/schema\/person\/317730a00185114c76a219b94bddef15\",\"name\":\"produccion@visualpublinet.com\",\"image\":{\"@type\":\"ImageObject\",\"inLanguage\":\"es\",\"@id\":\"https:\/\/downgalicia.org\/es\/#\/schema\/person\/image\/\",\"url\":\"https:\/\/secure.gravatar.com\/avatar\/282ee20c78c1b1137175d4ab9f75785d8c239d499b1376df3ba16efa213b7b10?s=96&d=mm&r=g\",\"contentUrl\":\"https:\/\/secure.gravatar.com\/avatar\/282ee20c78c1b1137175d4ab9f75785d8c239d499b1376df3ba16efa213b7b10?s=96&d=mm&r=g\",\"caption\":\"produccion@visualpublinet.com\"},\"sameAs\":[\"https:\/\/downgalicia.org\"],\"url\":\"https:\/\/downgalicia.org\/es\/author\/produccionvisualpublinet-com\/\"}]}<\/script>\n<!-- \/ Yoast SEO plugin. -->","yoast_head_json":{"title":"Down Vigo y la Escuela de Magisterio clausuran el primer curso del proyecto de formaci\u00f3n inclusiva ALIDA &#8226; Federaci\u00f3n Down Galicia","robots":{"index":"index","follow":"follow","max-snippet":"max-snippet:-1","max-image-preview":"max-image-preview:large","max-video-preview":"max-video-preview:-1"},"canonical":"https:\/\/downgalicia.org\/es\/la-escuela-de-magisterio-y-down-vigo-clausuran-el-primer-curso-del-proyecto-de-formacion-inclusiva-alida\/","og_locale":"es_ES","og_type":"article","og_title":"Down Vigo y la Escuela de Magisterio clausuran el primer curso del proyecto de formaci\u00f3n inclusiva ALIDA &#8226; Federaci\u00f3n Down Galicia","og_description":"Down Vigo y la Escuela Universitaria CEU de Magisterio han celebrado esta ma\u00f1ana el acto de fin de curso del Programa ALIDA, un proyecto de colaboraci\u00f3n de dos cursos de duraci\u00f3n que tiene como principal objetivo mejorar la inclusi\u00f3n socio-laboral...","og_url":"https:\/\/downgalicia.org\/es\/la-escuela-de-magisterio-y-down-vigo-clausuran-el-primer-curso-del-proyecto-de-formacion-inclusiva-alida\/","og_site_name":"Federaci\u00f3n Down Galicia","article_published_time":"2018-06-15T13:00:31+00:00","og_image":[{"width":2560,"height":1767,"url":"https:\/\/downgalicia.org\/wp-content\/uploads\/2025\/06\/Clausura-programa-Alida-Down-Vigo-4-scaled.jpg","type":"image\/jpeg"}],"author":"produccion@visualpublinet.com","twitter_card":"summary_large_image","twitter_misc":{"Escrito por":"produccion@visualpublinet.com","Tiempo de lectura":"2 minutos"},"schema":{"@context":"https:\/\/schema.org","@graph":[{"@type":"Article","@id":"https:\/\/downgalicia.org\/es\/la-escuela-de-magisterio-y-down-vigo-clausuran-el-primer-curso-del-proyecto-de-formacion-inclusiva-alida\/#article","isPartOf":{"@id":"https:\/\/downgalicia.org\/es\/la-escuela-de-magisterio-y-down-vigo-clausuran-el-primer-curso-del-proyecto-de-formacion-inclusiva-alida\/"},"author":{"name":"produccion@visualpublinet.com","@id":"https:\/\/downgalicia.org\/es\/#\/schema\/person\/317730a00185114c76a219b94bddef15"},"headline":"Down Vigo y la Escuela de Magisterio clausuran el primer curso del proyecto de formaci\u00f3n inclusiva ALIDA","datePublished":"2018-06-15T13:00:31+00:00","mainEntityOfPage":{"@id":"https:\/\/downgalicia.org\/es\/la-escuela-de-magisterio-y-down-vigo-clausuran-el-primer-curso-del-proyecto-de-formacion-inclusiva-alida\/"},"wordCount":323,"publisher":{"@id":"https:\/\/downgalicia.org\/es\/#organization"},"image":{"@id":"https:\/\/downgalicia.org\/es\/la-escuela-de-magisterio-y-down-vigo-clausuran-el-primer-curso-del-proyecto-de-formacion-inclusiva-alida\/#primaryimage"},"thumbnailUrl":"https:\/\/downgalicia.org\/wp-content\/uploads\/2025\/06\/Clausura-programa-Alida-Down-Vigo-4-scaled.jpg","articleSection":["Down Vigo","Formaci\u00f3n e Emprego","Noticias del Movimiento Down"],"inLanguage":"es"},{"@type":"WebPage","@id":"https:\/\/downgalicia.org\/es\/la-escuela-de-magisterio-y-down-vigo-clausuran-el-primer-curso-del-proyecto-de-formacion-inclusiva-alida\/","url":"https:\/\/downgalicia.org\/es\/la-escuela-de-magisterio-y-down-vigo-clausuran-el-primer-curso-del-proyecto-de-formacion-inclusiva-alida\/","name":"Down Vigo y la Escuela de Magisterio clausuran el primer curso del proyecto de formaci\u00f3n inclusiva ALIDA &#8226; Federaci\u00f3n Down Galicia","isPartOf":{"@id":"https:\/\/downgalicia.org\/es\/#website"},"primaryImageOfPage":{"@id":"https:\/\/downgalicia.org\/es\/la-escuela-de-magisterio-y-down-vigo-clausuran-el-primer-curso-del-proyecto-de-formacion-inclusiva-alida\/#primaryimage"},"image":{"@id":"https:\/\/downgalicia.org\/es\/la-escuela-de-magisterio-y-down-vigo-clausuran-el-primer-curso-del-proyecto-de-formacion-inclusiva-alida\/#primaryimage"},"thumbnailUrl":"https:\/\/downgalicia.org\/wp-content\/uploads\/2025\/06\/Clausura-programa-Alida-Down-Vigo-4-scaled.jpg","datePublished":"2018-06-15T13:00:31+00:00","breadcrumb":{"@id":"https:\/\/downgalicia.org\/es\/la-escuela-de-magisterio-y-down-vigo-clausuran-el-primer-curso-del-proyecto-de-formacion-inclusiva-alida\/#breadcrumb"},"inLanguage":"es","potentialAction":[{"@type":"ReadAction","target":["https:\/\/downgalicia.org\/es\/la-escuela-de-magisterio-y-down-vigo-clausuran-el-primer-curso-del-proyecto-de-formacion-inclusiva-alida\/"]}]},{"@type":"ImageObject","inLanguage":"es","@id":"https:\/\/downgalicia.org\/es\/la-escuela-de-magisterio-y-down-vigo-clausuran-el-primer-curso-del-proyecto-de-formacion-inclusiva-alida\/#primaryimage","url":"https:\/\/downgalicia.org\/wp-content\/uploads\/2025\/06\/Clausura-programa-Alida-Down-Vigo-4-scaled.jpg","contentUrl":"https:\/\/downgalicia.org\/wp-content\/uploads\/2025\/06\/Clausura-programa-Alida-Down-Vigo-4-scaled.jpg","width":2560,"height":1767},{"@type":"BreadcrumbList","@id":"https:\/\/downgalicia.org\/es\/la-escuela-de-magisterio-y-down-vigo-clausuran-el-primer-curso-del-proyecto-de-formacion-inclusiva-alida\/#breadcrumb","itemListElement":[{"@type":"ListItem","position":1,"name":"Portada","item":"https:\/\/downgalicia.org\/es\/"},{"@type":"ListItem","position":2,"name":"Down Vigo y la Escuela de Magisterio clausuran el primer curso del proyecto de formaci\u00f3n inclusiva ALIDA"}]},{"@type":"WebSite","@id":"https:\/\/downgalicia.org\/es\/#website","url":"https:\/\/downgalicia.org\/es\/","name":"Federaci\u00f3n Down Galicia","description":"Apoio a persoas con S\u00edndrome de Down","publisher":{"@id":"https:\/\/downgalicia.org\/es\/#organization"},"potentialAction":[{"@type":"SearchAction","target":{"@type":"EntryPoint","urlTemplate":"https:\/\/downgalicia.org\/es\/?s={search_term_string}"},"query-input":{"@type":"PropertyValueSpecification","valueRequired":true,"valueName":"search_term_string"}}],"inLanguage":"es"},{"@type":"Organization","@id":"https:\/\/downgalicia.org\/es\/#organization","name":"Federaci\u00f3n Down Galicia","url":"https:\/\/downgalicia.org\/es\/","logo":{"@type":"ImageObject","inLanguage":"es","@id":"https:\/\/downgalicia.org\/es\/#\/schema\/logo\/image\/","url":"https:\/\/downgalicia.org\/wp-content\/uploads\/2024\/07\/logo-sindrome-down-color.svg","contentUrl":"https:\/\/downgalicia.org\/wp-content\/uploads\/2024\/07\/logo-sindrome-down-color.svg","width":271,"height":88,"caption":"Federaci\u00f3n Down Galicia"},"image":{"@id":"https:\/\/downgalicia.org\/es\/#\/schema\/logo\/image\/"}},{"@type":"Person","@id":"https:\/\/downgalicia.org\/es\/#\/schema\/person\/317730a00185114c76a219b94bddef15","name":"produccion@visualpublinet.com","image":{"@type":"ImageObject","inLanguage":"es","@id":"https:\/\/downgalicia.org\/es\/#\/schema\/person\/image\/","url":"https:\/\/secure.gravatar.com\/avatar\/282ee20c78c1b1137175d4ab9f75785d8c239d499b1376df3ba16efa213b7b10?s=96&d=mm&r=g","contentUrl":"https:\/\/secure.gravatar.com\/avatar\/282ee20c78c1b1137175d4ab9f75785d8c239d499b1376df3ba16efa213b7b10?s=96&d=mm&r=g","caption":"produccion@visualpublinet.com"},"sameAs":["https:\/\/downgalicia.org"],"url":"https:\/\/downgalicia.org\/es\/author\/produccionvisualpublinet-com\/"}]}},"_links":{"self":[{"href":"https:\/\/downgalicia.org\/es\/wp-json\/wp\/v2\/posts\/6935","targetHints":{"allow":["GET"]}}],"collection":[{"href":"https:\/\/downgalicia.org\/es\/wp-json\/wp\/v2\/posts"}],"about":[{"href":"https:\/\/downgalicia.org\/es\/wp-json\/wp\/v2\/types\/post"}],"author":[{"embeddable":true,"href":"https:\/\/downgalicia.org\/es\/wp-json\/wp\/v2\/users\/1"}],"replies":[{"embeddable":true,"href":"https:\/\/downgalicia.org\/es\/wp-json\/wp\/v2\/comments?post=6935"}],"version-history":[{"count":0,"href":"https:\/\/downgalicia.org\/es\/wp-json\/wp\/v2\/posts\/6935\/revisions"}],"wp:featuredmedia":[{"embeddable":true,"href":"https:\/\/downgalicia.org\/es\/wp-json\/wp\/v2\/media\/6936"}],"wp:attachment":[{"href":"https:\/\/downgalicia.org\/es\/wp-json\/wp\/v2\/media?parent=6935"}],"wp:term":[{"taxonomy":"category","embeddable":true,"href":"https:\/\/downgalicia.org\/es\/wp-json\/wp\/v2\/categories?post=6935"},{"taxonomy":"post_tag","embeddable":true,"href":"https:\/\/downgalicia.org\/es\/wp-json\/wp\/v2\/tags?post=6935"}],"curies":[{"name":"wp","href":"https:\/\/api.w.org\/{rel}","templated":true}]}}