{"id":6943,"date":"2018-06-07T08:31:40","date_gmt":"2018-06-07T06:31:40","guid":{"rendered":"http:\/\/downgalicia.org.136-144-253-96.136-144-253-96.visualpublinet.com\/down-coruna-inaugura-la-exposicion-fotografica-bailamos-bajo-la-lluvia\/"},"modified":"2018-06-07T08:31:40","modified_gmt":"2018-06-07T06:31:40","slug":"down-coruna-inaugura-la-exposicion-fotografica-bailamos-bajo-la-lluvia","status":"publish","type":"post","link":"https:\/\/downgalicia.org\/es\/down-coruna-inaugura-la-exposicion-fotografica-bailamos-bajo-la-lluvia\/","title":{"rendered":"Down Coru\u00f1a inaugura la exposici\u00f3n fotogr\u00e1fica \u201cBailamos bajo la lluvia\u201d"},"content":{"rendered":"<p>La Sede Afundaci\u00f3n de A Coru\u00f1a (Cant\u00f3n Grande, 8) acoge la exposici\u00f3n fotogr\u00e1fica <strong>\u00abBailamos bajo la lluvia\u00bb<\/strong>, obra de los fot\u00f3grafos Ana Amado y Rober Amado y organizada por la Asociaci\u00f3n Down Coru\u00f1a con la colaboraci\u00f3n de la Xunta de Galicia y Afundaci\u00f3n.<\/p>\n<p>La inauguraci\u00f3n tendr\u00e1 lugar a las 20:00h de esta tarde, en un acto que contar\u00e1 con la presencia de la fot\u00f3grafa Ana Amado; el presidente de la Asociaci\u00f3n Down Coru\u00f1a, Manuel \u00c1lvarez Esmor\u00eds; la jefa territorial de Pol\u00edtica Social de la Xunta de Galicia, Mar\u00eda Francisca G\u00f3mez; y el director-gerente de Afundaci\u00f3n, Pedro Otero. Para finalizar, un grupo de bailarines con discapacidad intelectual de la Escuela Artestudio Xesti\u00f3n Cultural de A Coru\u00f1a ofrecer\u00e1n una actuaci\u00f3n de baile.<\/p>\n<p>La exposici\u00f3n est\u00e1 compuesta por 54 fotograf\u00edas que ofrecen instantes de la actividad cotidiana de las personas usuarias de Down Coru\u00f1a, huyendo as\u00ed de la condescendencia habitual con la que se acostumbra a presentar a este colectivo. Los y las protagonistas aparecen bailando y representando escenas de conocidas pel\u00edculas musicales para acercar al espectador una de las actividades que mejor saben hacer y que m\u00e1s disfrutan.<\/p>\n<p>Ana Amado, autora de las fotograf\u00edas, explica que \u201cse trataba de dar un enfoque positivo, plasmar las cosas que saben hacer y como lo que les gusta es la m\u00fasica y bailar, pues los pusimos a bailar\u201d.<\/p>\n<p>Por su parte, Manuel \u00c1lvarez Esmor\u00eds, presidente de Down Coru\u00f1a comenta que \u201clo m\u00e1s importante es que la gente, a trav\u00e9s de estas fotograf\u00edas, pueda visualizar y cambiar la percepci\u00f3n que tienen de las personas con s\u00edndrome de Down\u201d.<\/p>\n<p>Esta muestra es ya todo un \u00e9xito, puesto que el pasado mes de marzo se convirti\u00f3 en una de las finalistas en la categor\u00eda <em>\u201cContemporary issues\u201d<\/em> de los prestigiosos premios <em>Sony World Photography Awards<\/em> celebrados en Londres. La colecci\u00f3n de fotograf\u00edas, elegida entre m\u00e1s de 320.000 trabajos presentados por fot\u00f3grafos de 200 pa\u00edses, estuvo expuesta en el edificio Somerset House de la capital brit\u00e1nica desde el 20 de abril hasta el 6 de mayo.<\/p>\n<p><strong>\u00abBailamos bajo la lluvia\u00bb<\/strong> se podr\u00e1 visitar del 8 al 23 de junio, de lunes a viernes en horario de 17.00 a 21.00h y los s\u00e1bados de 12.00 a 14.00h y de 17.00 a 21.00h.<\/p>\n","protected":false},"excerpt":{"rendered":"<p>La Sede Afundaci\u00f3n de A Coru\u00f1a (Cant\u00f3n Grande, 8) acoge la exposici\u00f3n fotogr\u00e1fica \u00abBailamos bajo la lluvia\u00bb, obra de los fot\u00f3grafos Ana Amado y Rober Amado y organizada por la Asociaci\u00f3n Down Coru\u00f1a con la colaboraci\u00f3n de la Xunta de&#8230;<\/p>\n","protected":false},"author":1,"featured_media":6944,"comment_status":"closed","ping_status":"closed","sticky":false,"template":"","format":"standard","meta":{"_acf_changed":false,"give_campaign_id":0,"footnotes":""},"categories":[119,71,120],"tags":[],"class_list":["post-6943","post","type-post","status-publish","format-standard","has-post-thumbnail","hentry","category-down-coruna-hemeroteca-es","category-noticias-sindrome-de-down-es","category-novas-hemeroteca-es"],"acf":[],"yoast_head":"<!-- This site is optimized with the Yoast SEO plugin v25.3.1 - https:\/\/yoast.com\/wordpress\/plugins\/seo\/ -->\n<title>Down Coru\u00f1a inaugura la exposici\u00f3n fotogr\u00e1fica \u201cBailamos bajo la lluvia\u201d &#8226; Federaci\u00f3n Down Galicia<\/title>\n<meta name=\"robots\" content=\"index, follow, max-snippet:-1, max-image-preview:large, max-video-preview:-1\" \/>\n<link rel=\"canonical\" href=\"https:\/\/downgalicia.org\/es\/down-coruna-inaugura-la-exposicion-fotografica-bailamos-bajo-la-lluvia\/\" \/>\n<meta property=\"og:locale\" content=\"es_ES\" \/>\n<meta property=\"og:type\" content=\"article\" \/>\n<meta property=\"og:title\" content=\"Down Coru\u00f1a inaugura la exposici\u00f3n fotogr\u00e1fica \u201cBailamos bajo la lluvia\u201d &#8226; Federaci\u00f3n Down Galicia\" \/>\n<meta property=\"og:description\" content=\"La Sede Afundaci\u00f3n de A Coru\u00f1a (Cant\u00f3n Grande, 8) acoge la exposici\u00f3n fotogr\u00e1fica \u00abBailamos bajo la lluvia\u00bb, obra de los fot\u00f3grafos Ana Amado y Rober Amado y organizada por la Asociaci\u00f3n Down Coru\u00f1a con la colaboraci\u00f3n de la Xunta de...\" \/>\n<meta property=\"og:url\" content=\"https:\/\/downgalicia.org\/es\/down-coruna-inaugura-la-exposicion-fotografica-bailamos-bajo-la-lluvia\/\" \/>\n<meta property=\"og:site_name\" content=\"Federaci\u00f3n Down Galicia\" \/>\n<meta property=\"article:published_time\" content=\"2018-06-07T06:31:40+00:00\" \/>\n<meta property=\"og:image\" content=\"https:\/\/downgalicia.org\/wp-content\/uploads\/2025\/06\/Exposicion-fotografica-Down-Coruna-4.jpg\" \/>\n\t<meta property=\"og:image:width\" content=\"1792\" \/>\n\t<meta property=\"og:image:height\" content=\"1063\" \/>\n\t<meta property=\"og:image:type\" content=\"image\/jpeg\" \/>\n<meta name=\"author\" content=\"produccion@visualpublinet.com\" \/>\n<meta name=\"twitter:card\" content=\"summary_large_image\" \/>\n<meta name=\"twitter:label1\" content=\"Escrito por\" \/>\n\t<meta name=\"twitter:data1\" content=\"produccion@visualpublinet.com\" \/>\n\t<meta name=\"twitter:label2\" content=\"Tiempo de lectura\" \/>\n\t<meta name=\"twitter:data2\" content=\"2 minutos\" \/>\n<script type=\"application\/ld+json\" class=\"yoast-schema-graph\">{\"@context\":\"https:\/\/schema.org\",\"@graph\":[{\"@type\":\"Article\",\"@id\":\"https:\/\/downgalicia.org\/es\/down-coruna-inaugura-la-exposicion-fotografica-bailamos-bajo-la-lluvia\/#article\",\"isPartOf\":{\"@id\":\"https:\/\/downgalicia.org\/es\/down-coruna-inaugura-la-exposicion-fotografica-bailamos-bajo-la-lluvia\/\"},\"author\":{\"name\":\"produccion@visualpublinet.com\",\"@id\":\"https:\/\/downgalicia.org\/es\/#\/schema\/person\/317730a00185114c76a219b94bddef15\"},\"headline\":\"Down Coru\u00f1a inaugura la exposici\u00f3n fotogr\u00e1fica \u201cBailamos bajo la lluvia\u201d\",\"datePublished\":\"2018-06-07T06:31:40+00:00\",\"mainEntityOfPage\":{\"@id\":\"https:\/\/downgalicia.org\/es\/down-coruna-inaugura-la-exposicion-fotografica-bailamos-bajo-la-lluvia\/\"},\"wordCount\":418,\"publisher\":{\"@id\":\"https:\/\/downgalicia.org\/es\/#organization\"},\"image\":{\"@id\":\"https:\/\/downgalicia.org\/es\/down-coruna-inaugura-la-exposicion-fotografica-bailamos-bajo-la-lluvia\/#primaryimage\"},\"thumbnailUrl\":\"https:\/\/downgalicia.org\/wp-content\/uploads\/2025\/06\/Exposicion-fotografica-Down-Coruna-4.jpg\",\"articleSection\":[\"Down Coru\u00f1a\",\"Noticias del Movimiento Down\",\"Novas\"],\"inLanguage\":\"es\"},{\"@type\":\"WebPage\",\"@id\":\"https:\/\/downgalicia.org\/es\/down-coruna-inaugura-la-exposicion-fotografica-bailamos-bajo-la-lluvia\/\",\"url\":\"https:\/\/downgalicia.org\/es\/down-coruna-inaugura-la-exposicion-fotografica-bailamos-bajo-la-lluvia\/\",\"name\":\"Down Coru\u00f1a inaugura la exposici\u00f3n fotogr\u00e1fica \u201cBailamos bajo la lluvia\u201d &#8226; Federaci\u00f3n Down Galicia\",\"isPartOf\":{\"@id\":\"https:\/\/downgalicia.org\/es\/#website\"},\"primaryImageOfPage\":{\"@id\":\"https:\/\/downgalicia.org\/es\/down-coruna-inaugura-la-exposicion-fotografica-bailamos-bajo-la-lluvia\/#primaryimage\"},\"image\":{\"@id\":\"https:\/\/downgalicia.org\/es\/down-coruna-inaugura-la-exposicion-fotografica-bailamos-bajo-la-lluvia\/#primaryimage\"},\"thumbnailUrl\":\"https:\/\/downgalicia.org\/wp-content\/uploads\/2025\/06\/Exposicion-fotografica-Down-Coruna-4.jpg\",\"datePublished\":\"2018-06-07T06:31:40+00:00\",\"breadcrumb\":{\"@id\":\"https:\/\/downgalicia.org\/es\/down-coruna-inaugura-la-exposicion-fotografica-bailamos-bajo-la-lluvia\/#breadcrumb\"},\"inLanguage\":\"es\",\"potentialAction\":[{\"@type\":\"ReadAction\",\"target\":[\"https:\/\/downgalicia.org\/es\/down-coruna-inaugura-la-exposicion-fotografica-bailamos-bajo-la-lluvia\/\"]}]},{\"@type\":\"ImageObject\",\"inLanguage\":\"es\",\"@id\":\"https:\/\/downgalicia.org\/es\/down-coruna-inaugura-la-exposicion-fotografica-bailamos-bajo-la-lluvia\/#primaryimage\",\"url\":\"https:\/\/downgalicia.org\/wp-content\/uploads\/2025\/06\/Exposicion-fotografica-Down-Coruna-4.jpg\",\"contentUrl\":\"https:\/\/downgalicia.org\/wp-content\/uploads\/2025\/06\/Exposicion-fotografica-Down-Coruna-4.jpg\",\"width\":1792,\"height\":1063},{\"@type\":\"BreadcrumbList\",\"@id\":\"https:\/\/downgalicia.org\/es\/down-coruna-inaugura-la-exposicion-fotografica-bailamos-bajo-la-lluvia\/#breadcrumb\",\"itemListElement\":[{\"@type\":\"ListItem\",\"position\":1,\"name\":\"Portada\",\"item\":\"https:\/\/downgalicia.org\/es\/\"},{\"@type\":\"ListItem\",\"position\":2,\"name\":\"Down Coru\u00f1a inaugura la exposici\u00f3n fotogr\u00e1fica \u201cBailamos bajo la lluvia\u201d\"}]},{\"@type\":\"WebSite\",\"@id\":\"https:\/\/downgalicia.org\/es\/#website\",\"url\":\"https:\/\/downgalicia.org\/es\/\",\"name\":\"Federaci\u00f3n Down Galicia\",\"description\":\"Apoio a persoas con S\u00edndrome de Down\",\"publisher\":{\"@id\":\"https:\/\/downgalicia.org\/es\/#organization\"},\"potentialAction\":[{\"@type\":\"SearchAction\",\"target\":{\"@type\":\"EntryPoint\",\"urlTemplate\":\"https:\/\/downgalicia.org\/es\/?s={search_term_string}\"},\"query-input\":{\"@type\":\"PropertyValueSpecification\",\"valueRequired\":true,\"valueName\":\"search_term_string\"}}],\"inLanguage\":\"es\"},{\"@type\":\"Organization\",\"@id\":\"https:\/\/downgalicia.org\/es\/#organization\",\"name\":\"Federaci\u00f3n Down Galicia\",\"url\":\"https:\/\/downgalicia.org\/es\/\",\"logo\":{\"@type\":\"ImageObject\",\"inLanguage\":\"es\",\"@id\":\"https:\/\/downgalicia.org\/es\/#\/schema\/logo\/image\/\",\"url\":\"https:\/\/downgalicia.org\/wp-content\/uploads\/2024\/07\/logo-sindrome-down-color.svg\",\"contentUrl\":\"https:\/\/downgalicia.org\/wp-content\/uploads\/2024\/07\/logo-sindrome-down-color.svg\",\"width\":271,\"height\":88,\"caption\":\"Federaci\u00f3n Down Galicia\"},\"image\":{\"@id\":\"https:\/\/downgalicia.org\/es\/#\/schema\/logo\/image\/\"}},{\"@type\":\"Person\",\"@id\":\"https:\/\/downgalicia.org\/es\/#\/schema\/person\/317730a00185114c76a219b94bddef15\",\"name\":\"produccion@visualpublinet.com\",\"image\":{\"@type\":\"ImageObject\",\"inLanguage\":\"es\",\"@id\":\"https:\/\/downgalicia.org\/es\/#\/schema\/person\/image\/\",\"url\":\"https:\/\/secure.gravatar.com\/avatar\/282ee20c78c1b1137175d4ab9f75785d8c239d499b1376df3ba16efa213b7b10?s=96&d=mm&r=g\",\"contentUrl\":\"https:\/\/secure.gravatar.com\/avatar\/282ee20c78c1b1137175d4ab9f75785d8c239d499b1376df3ba16efa213b7b10?s=96&d=mm&r=g\",\"caption\":\"produccion@visualpublinet.com\"},\"sameAs\":[\"https:\/\/downgalicia.org\"],\"url\":\"https:\/\/downgalicia.org\/es\/author\/produccionvisualpublinet-com\/\"}]}<\/script>\n<!-- \/ Yoast SEO plugin. -->","yoast_head_json":{"title":"Down Coru\u00f1a inaugura la exposici\u00f3n fotogr\u00e1fica \u201cBailamos bajo la lluvia\u201d &#8226; Federaci\u00f3n Down Galicia","robots":{"index":"index","follow":"follow","max-snippet":"max-snippet:-1","max-image-preview":"max-image-preview:large","max-video-preview":"max-video-preview:-1"},"canonical":"https:\/\/downgalicia.org\/es\/down-coruna-inaugura-la-exposicion-fotografica-bailamos-bajo-la-lluvia\/","og_locale":"es_ES","og_type":"article","og_title":"Down Coru\u00f1a inaugura la exposici\u00f3n fotogr\u00e1fica \u201cBailamos bajo la lluvia\u201d &#8226; Federaci\u00f3n Down Galicia","og_description":"La Sede Afundaci\u00f3n de A Coru\u00f1a (Cant\u00f3n Grande, 8) acoge la exposici\u00f3n fotogr\u00e1fica \u00abBailamos bajo la lluvia\u00bb, obra de los fot\u00f3grafos Ana Amado y Rober Amado y organizada por la Asociaci\u00f3n Down Coru\u00f1a con la colaboraci\u00f3n de la Xunta de...","og_url":"https:\/\/downgalicia.org\/es\/down-coruna-inaugura-la-exposicion-fotografica-bailamos-bajo-la-lluvia\/","og_site_name":"Federaci\u00f3n Down Galicia","article_published_time":"2018-06-07T06:31:40+00:00","og_image":[{"width":1792,"height":1063,"url":"https:\/\/downgalicia.org\/wp-content\/uploads\/2025\/06\/Exposicion-fotografica-Down-Coruna-4.jpg","type":"image\/jpeg"}],"author":"produccion@visualpublinet.com","twitter_card":"summary_large_image","twitter_misc":{"Escrito por":"produccion@visualpublinet.com","Tiempo de lectura":"2 minutos"},"schema":{"@context":"https:\/\/schema.org","@graph":[{"@type":"Article","@id":"https:\/\/downgalicia.org\/es\/down-coruna-inaugura-la-exposicion-fotografica-bailamos-bajo-la-lluvia\/#article","isPartOf":{"@id":"https:\/\/downgalicia.org\/es\/down-coruna-inaugura-la-exposicion-fotografica-bailamos-bajo-la-lluvia\/"},"author":{"name":"produccion@visualpublinet.com","@id":"https:\/\/downgalicia.org\/es\/#\/schema\/person\/317730a00185114c76a219b94bddef15"},"headline":"Down Coru\u00f1a inaugura la exposici\u00f3n fotogr\u00e1fica \u201cBailamos bajo la lluvia\u201d","datePublished":"2018-06-07T06:31:40+00:00","mainEntityOfPage":{"@id":"https:\/\/downgalicia.org\/es\/down-coruna-inaugura-la-exposicion-fotografica-bailamos-bajo-la-lluvia\/"},"wordCount":418,"publisher":{"@id":"https:\/\/downgalicia.org\/es\/#organization"},"image":{"@id":"https:\/\/downgalicia.org\/es\/down-coruna-inaugura-la-exposicion-fotografica-bailamos-bajo-la-lluvia\/#primaryimage"},"thumbnailUrl":"https:\/\/downgalicia.org\/wp-content\/uploads\/2025\/06\/Exposicion-fotografica-Down-Coruna-4.jpg","articleSection":["Down Coru\u00f1a","Noticias del Movimiento Down","Novas"],"inLanguage":"es"},{"@type":"WebPage","@id":"https:\/\/downgalicia.org\/es\/down-coruna-inaugura-la-exposicion-fotografica-bailamos-bajo-la-lluvia\/","url":"https:\/\/downgalicia.org\/es\/down-coruna-inaugura-la-exposicion-fotografica-bailamos-bajo-la-lluvia\/","name":"Down Coru\u00f1a inaugura la exposici\u00f3n fotogr\u00e1fica \u201cBailamos bajo la lluvia\u201d &#8226; Federaci\u00f3n Down Galicia","isPartOf":{"@id":"https:\/\/downgalicia.org\/es\/#website"},"primaryImageOfPage":{"@id":"https:\/\/downgalicia.org\/es\/down-coruna-inaugura-la-exposicion-fotografica-bailamos-bajo-la-lluvia\/#primaryimage"},"image":{"@id":"https:\/\/downgalicia.org\/es\/down-coruna-inaugura-la-exposicion-fotografica-bailamos-bajo-la-lluvia\/#primaryimage"},"thumbnailUrl":"https:\/\/downgalicia.org\/wp-content\/uploads\/2025\/06\/Exposicion-fotografica-Down-Coruna-4.jpg","datePublished":"2018-06-07T06:31:40+00:00","breadcrumb":{"@id":"https:\/\/downgalicia.org\/es\/down-coruna-inaugura-la-exposicion-fotografica-bailamos-bajo-la-lluvia\/#breadcrumb"},"inLanguage":"es","potentialAction":[{"@type":"ReadAction","target":["https:\/\/downgalicia.org\/es\/down-coruna-inaugura-la-exposicion-fotografica-bailamos-bajo-la-lluvia\/"]}]},{"@type":"ImageObject","inLanguage":"es","@id":"https:\/\/downgalicia.org\/es\/down-coruna-inaugura-la-exposicion-fotografica-bailamos-bajo-la-lluvia\/#primaryimage","url":"https:\/\/downgalicia.org\/wp-content\/uploads\/2025\/06\/Exposicion-fotografica-Down-Coruna-4.jpg","contentUrl":"https:\/\/downgalicia.org\/wp-content\/uploads\/2025\/06\/Exposicion-fotografica-Down-Coruna-4.jpg","width":1792,"height":1063},{"@type":"BreadcrumbList","@id":"https:\/\/downgalicia.org\/es\/down-coruna-inaugura-la-exposicion-fotografica-bailamos-bajo-la-lluvia\/#breadcrumb","itemListElement":[{"@type":"ListItem","position":1,"name":"Portada","item":"https:\/\/downgalicia.org\/es\/"},{"@type":"ListItem","position":2,"name":"Down Coru\u00f1a inaugura la exposici\u00f3n fotogr\u00e1fica \u201cBailamos bajo la lluvia\u201d"}]},{"@type":"WebSite","@id":"https:\/\/downgalicia.org\/es\/#website","url":"https:\/\/downgalicia.org\/es\/","name":"Federaci\u00f3n Down Galicia","description":"Apoio a persoas con S\u00edndrome de Down","publisher":{"@id":"https:\/\/downgalicia.org\/es\/#organization"},"potentialAction":[{"@type":"SearchAction","target":{"@type":"EntryPoint","urlTemplate":"https:\/\/downgalicia.org\/es\/?s={search_term_string}"},"query-input":{"@type":"PropertyValueSpecification","valueRequired":true,"valueName":"search_term_string"}}],"inLanguage":"es"},{"@type":"Organization","@id":"https:\/\/downgalicia.org\/es\/#organization","name":"Federaci\u00f3n Down Galicia","url":"https:\/\/downgalicia.org\/es\/","logo":{"@type":"ImageObject","inLanguage":"es","@id":"https:\/\/downgalicia.org\/es\/#\/schema\/logo\/image\/","url":"https:\/\/downgalicia.org\/wp-content\/uploads\/2024\/07\/logo-sindrome-down-color.svg","contentUrl":"https:\/\/downgalicia.org\/wp-content\/uploads\/2024\/07\/logo-sindrome-down-color.svg","width":271,"height":88,"caption":"Federaci\u00f3n Down Galicia"},"image":{"@id":"https:\/\/downgalicia.org\/es\/#\/schema\/logo\/image\/"}},{"@type":"Person","@id":"https:\/\/downgalicia.org\/es\/#\/schema\/person\/317730a00185114c76a219b94bddef15","name":"produccion@visualpublinet.com","image":{"@type":"ImageObject","inLanguage":"es","@id":"https:\/\/downgalicia.org\/es\/#\/schema\/person\/image\/","url":"https:\/\/secure.gravatar.com\/avatar\/282ee20c78c1b1137175d4ab9f75785d8c239d499b1376df3ba16efa213b7b10?s=96&d=mm&r=g","contentUrl":"https:\/\/secure.gravatar.com\/avatar\/282ee20c78c1b1137175d4ab9f75785d8c239d499b1376df3ba16efa213b7b10?s=96&d=mm&r=g","caption":"produccion@visualpublinet.com"},"sameAs":["https:\/\/downgalicia.org"],"url":"https:\/\/downgalicia.org\/es\/author\/produccionvisualpublinet-com\/"}]}},"_links":{"self":[{"href":"https:\/\/downgalicia.org\/es\/wp-json\/wp\/v2\/posts\/6943","targetHints":{"allow":["GET"]}}],"collection":[{"href":"https:\/\/downgalicia.org\/es\/wp-json\/wp\/v2\/posts"}],"about":[{"href":"https:\/\/downgalicia.org\/es\/wp-json\/wp\/v2\/types\/post"}],"author":[{"embeddable":true,"href":"https:\/\/downgalicia.org\/es\/wp-json\/wp\/v2\/users\/1"}],"replies":[{"embeddable":true,"href":"https:\/\/downgalicia.org\/es\/wp-json\/wp\/v2\/comments?post=6943"}],"version-history":[{"count":0,"href":"https:\/\/downgalicia.org\/es\/wp-json\/wp\/v2\/posts\/6943\/revisions"}],"wp:featuredmedia":[{"embeddable":true,"href":"https:\/\/downgalicia.org\/es\/wp-json\/wp\/v2\/media\/6944"}],"wp:attachment":[{"href":"https:\/\/downgalicia.org\/es\/wp-json\/wp\/v2\/media?parent=6943"}],"wp:term":[{"taxonomy":"category","embeddable":true,"href":"https:\/\/downgalicia.org\/es\/wp-json\/wp\/v2\/categories?post=6943"},{"taxonomy":"post_tag","embeddable":true,"href":"https:\/\/downgalicia.org\/es\/wp-json\/wp\/v2\/tags?post=6943"}],"curies":[{"name":"wp","href":"https:\/\/api.w.org\/{rel}","templated":true}]}}