{"id":6971,"date":"2018-05-24T12:51:01","date_gmt":"2018-05-24T10:51:01","guid":{"rendered":"http:\/\/downgalicia.org.136-144-253-96.136-144-253-96.visualpublinet.com\/un-joven-con-sindrome-de-down-consigue-la-primera-plaza-del-parlamento-de-galicia-para-personas-con-discapacidad-intelectual\/"},"modified":"2018-05-24T12:51:01","modified_gmt":"2018-05-24T10:51:01","slug":"un-joven-con-sindrome-de-down-consigue-la-primera-plaza-del-parlamento-de-galicia-para-personas-con-discapacidad-intelectual","status":"publish","type":"post","link":"https:\/\/downgalicia.org\/es\/un-joven-con-sindrome-de-down-consigue-la-primera-plaza-del-parlamento-de-galicia-para-personas-con-discapacidad-intelectual\/","title":{"rendered":"Un joven con s\u00edndrome de Down consigue la primera plaza del Parlamento de Galicia para personas con discapacidad intelectual"},"content":{"rendered":"<p>El\u00edas Ledo V\u00e1zquez, un miembro de Down Compostela de 29 a\u00f1os con s\u00edndrome de Down, acaba de comprobar que todo esfuerzo tiene su recompensa. As\u00ed, tras muchos meses de intenso trabajo, ha conseguido una plaza de ujier en el Parlamento de Galicia.<\/p>\n<p>Comenz\u00f3 a preparar oposiciones en el a\u00f1o 2012 y se centr\u00f3 en esta convocatoria en el momento en que fue hecha p\u00fablica, iniciando sus estudios en septiembre de 2017.<\/p>\n<p>El proceso selectivo, al que se presentaron m\u00e1s de 200 personas de toda Galicia, estaba reservado a personas que acreditaran una discapacidad intelectual y ten\u00eda por objeto impulsar la inserci\u00f3n laboral del colectivo. Esta es la primera vez en la historia del Parlamento de Galicia en la que la instituci\u00f3n contempla una reserva de plazas de este tipo.<\/p>\n<p>Tras conocer la buena noticia, El\u00edas se mostr\u00f3 \u201cmuy contento por conseguir este trabajo\u201d, que le permitir\u00e1 avanzar en su lucha por llevar una vida m\u00e1s aut\u00f3noma e independiente.<\/p>\n<p>Por su parte, Delmiro Prieto, presidente de Down Galicia, destac\u00f3 su satisfacci\u00f3n absoluta por la consecuci\u00f3n de esta plaza y reivindic\u00f3 que \u201cesta es una prueba m\u00e1s que demuestra las capacidades de las personas con s\u00edndrome de Down para desarrollar un trabajo\u201d.<\/p>\n<p>Juan Mart\u00ednez, presidente de la Fundaci\u00f3n Down Compostela, a\u00f1adi\u00f3 que \u201cEl\u00edas consigui\u00f3 el objetivo que estuvo persiguiendo tras muchos a\u00f1os de trabajo y esfuerzo. Al igual que otras personas con s\u00edndrome de Down y discapacidad intelectual, fue quien de superar una oposici\u00f3n e incorporarse al empleo p\u00fablico. Deseamos que todas las administraciones sigan el ejemplo del Parlamento de Galicia y de otras administraciones que le dan una oportunidad a las personas con discapacidad intelectual\u201d.<\/p>\n<p>&nbsp;<\/p>\n<p><strong>Otro sue\u00f1o cumplido en Ourense<\/strong><\/p>\n<p>Hace un mes el Diario Oficial de Galicia publicaba la adjudicaci\u00f3n de plazas reservadas en exclusiva para personas con discapacidad intelectual, en la categor\u00eda de ordenanza. De las plazas ofertadas, una ser\u00e1 para Jacobo Rey Gonz\u00e1lez, un joven con s\u00edndrome de Down miembro de Down Ourense, que considera este \u00e9xito \u201cun sue\u00f1o hecho realidad\u201d.<\/p>\n<p>Comenz\u00f3 la prepararla en enero de 2015 y el de ordenanza es el tercer proceso selectivo al que se presenta. Durante meses, con la constancia por bandera, Jacobo dedic\u00f3 muchas horas de su d\u00eda a d\u00eda al estudio de esta oposici\u00f3n.<\/p>\n<p>&nbsp;<\/p>\n<p><strong>La reivindicaci\u00f3n del Empleo P\u00fablico<\/strong><\/p>\n<p>El acceso al empleo p\u00fablico para las personas con discapacidad intelectual en general, y con s\u00edndrome de Down, en particular, es una de las reivindicaciones hist\u00f3ricas de la Federaci\u00f3n Down Galicia.<\/p>\n<p>El hecho de que las primeras convocatorias se hiciesen conjuntamente para el colectivo de personas con alguna discapacidad \u2013 ya fuera intelectual, f\u00edsica o sensorial-, implicaba que no se ten\u00eda en cuenta que las dificultades de los diferentes grupos de personas con discapacidad no son las mismas. Considerando que cada tipo de discapacidad tiene unas particularidades propias, Down Galicia siempre reclam\u00f3 que las adaptaciones en las pruebas de acceso fueran espec\u00edficas para cada grupo, ya que no es posible una equiparaci\u00f3n real de oportunidades de no tenerse en cuenta las diferencias de partida.<\/p>\n","protected":false},"excerpt":{"rendered":"<p>El\u00edas Ledo V\u00e1zquez, un miembro de Down Compostela de 29 a\u00f1os con s\u00edndrome de Down, acaba de comprobar que todo esfuerzo tiene su recompensa. As\u00ed, tras muchos meses de intenso trabajo, ha conseguido una plaza de ujier en el Parlamento&#8230;<\/p>\n","protected":false},"author":1,"featured_media":6972,"comment_status":"closed","ping_status":"closed","sticky":false,"template":"","format":"standard","meta":{"_acf_changed":false,"give_campaign_id":0,"footnotes":""},"categories":[134,127,71],"tags":[],"class_list":["post-6971","post","type-post","status-publish","format-standard","has-post-thumbnail","hentry","category-down-compostela-hemeroteca-es","category-formacion-e-emprego-hemeroteca-hemeroteca-es","category-noticias-sindrome-de-down-es"],"acf":[],"yoast_head":"<!-- This site is optimized with the Yoast SEO plugin v25.3.1 - https:\/\/yoast.com\/wordpress\/plugins\/seo\/ -->\n<title>Un joven con s\u00edndrome de Down consigue la primera plaza del Parlamento de Galicia para personas con discapacidad intelectual &#8226; Federaci\u00f3n Down Galicia<\/title>\n<meta name=\"robots\" content=\"index, follow, max-snippet:-1, max-image-preview:large, max-video-preview:-1\" \/>\n<link rel=\"canonical\" href=\"https:\/\/downgalicia.org\/es\/un-joven-con-sindrome-de-down-consigue-la-primera-plaza-del-parlamento-de-galicia-para-personas-con-discapacidad-intelectual\/\" \/>\n<meta property=\"og:locale\" content=\"es_ES\" \/>\n<meta property=\"og:type\" content=\"article\" \/>\n<meta property=\"og:title\" content=\"Un joven con s\u00edndrome de Down consigue la primera plaza del Parlamento de Galicia para personas con discapacidad intelectual &#8226; Federaci\u00f3n Down Galicia\" \/>\n<meta property=\"og:description\" content=\"El\u00edas Ledo V\u00e1zquez, un miembro de Down Compostela de 29 a\u00f1os con s\u00edndrome de Down, acaba de comprobar que todo esfuerzo tiene su recompensa. As\u00ed, tras muchos meses de intenso trabajo, ha conseguido una plaza de ujier en el Parlamento...\" \/>\n<meta property=\"og:url\" content=\"https:\/\/downgalicia.org\/es\/un-joven-con-sindrome-de-down-consigue-la-primera-plaza-del-parlamento-de-galicia-para-personas-con-discapacidad-intelectual\/\" \/>\n<meta property=\"og:site_name\" content=\"Federaci\u00f3n Down Galicia\" \/>\n<meta property=\"article:published_time\" content=\"2018-05-24T10:51:01+00:00\" \/>\n<meta property=\"og:image\" content=\"https:\/\/downgalicia.org\/wp-content\/uploads\/2025\/06\/Elias_web-4.jpg\" \/>\n\t<meta property=\"og:image:width\" content=\"940\" \/>\n\t<meta property=\"og:image:height\" content=\"600\" \/>\n\t<meta property=\"og:image:type\" content=\"image\/jpeg\" \/>\n<meta name=\"author\" content=\"produccion@visualpublinet.com\" \/>\n<meta name=\"twitter:card\" content=\"summary_large_image\" \/>\n<meta name=\"twitter:label1\" content=\"Escrito por\" \/>\n\t<meta name=\"twitter:data1\" content=\"produccion@visualpublinet.com\" \/>\n\t<meta name=\"twitter:label2\" content=\"Tiempo de lectura\" \/>\n\t<meta name=\"twitter:data2\" content=\"3 minutos\" \/>\n<script type=\"application\/ld+json\" class=\"yoast-schema-graph\">{\"@context\":\"https:\/\/schema.org\",\"@graph\":[{\"@type\":\"Article\",\"@id\":\"https:\/\/downgalicia.org\/es\/un-joven-con-sindrome-de-down-consigue-la-primera-plaza-del-parlamento-de-galicia-para-personas-con-discapacidad-intelectual\/#article\",\"isPartOf\":{\"@id\":\"https:\/\/downgalicia.org\/es\/un-joven-con-sindrome-de-down-consigue-la-primera-plaza-del-parlamento-de-galicia-para-personas-con-discapacidad-intelectual\/\"},\"author\":{\"name\":\"produccion@visualpublinet.com\",\"@id\":\"https:\/\/downgalicia.org\/es\/#\/schema\/person\/317730a00185114c76a219b94bddef15\"},\"headline\":\"Un joven con s\u00edndrome de Down consigue la primera plaza del Parlamento de Galicia para personas con discapacidad intelectual\",\"datePublished\":\"2018-05-24T10:51:01+00:00\",\"mainEntityOfPage\":{\"@id\":\"https:\/\/downgalicia.org\/es\/un-joven-con-sindrome-de-down-consigue-la-primera-plaza-del-parlamento-de-galicia-para-personas-con-discapacidad-intelectual\/\"},\"wordCount\":563,\"publisher\":{\"@id\":\"https:\/\/downgalicia.org\/es\/#organization\"},\"image\":{\"@id\":\"https:\/\/downgalicia.org\/es\/un-joven-con-sindrome-de-down-consigue-la-primera-plaza-del-parlamento-de-galicia-para-personas-con-discapacidad-intelectual\/#primaryimage\"},\"thumbnailUrl\":\"https:\/\/downgalicia.org\/wp-content\/uploads\/2025\/06\/Elias_web-4.jpg\",\"articleSection\":[\"Down Compostela\",\"Formaci\u00f3n e Emprego\",\"Noticias del Movimiento Down\"],\"inLanguage\":\"es\"},{\"@type\":\"WebPage\",\"@id\":\"https:\/\/downgalicia.org\/es\/un-joven-con-sindrome-de-down-consigue-la-primera-plaza-del-parlamento-de-galicia-para-personas-con-discapacidad-intelectual\/\",\"url\":\"https:\/\/downgalicia.org\/es\/un-joven-con-sindrome-de-down-consigue-la-primera-plaza-del-parlamento-de-galicia-para-personas-con-discapacidad-intelectual\/\",\"name\":\"Un joven con s\u00edndrome de Down consigue la primera plaza del Parlamento de Galicia para personas con discapacidad intelectual &#8226; Federaci\u00f3n Down Galicia\",\"isPartOf\":{\"@id\":\"https:\/\/downgalicia.org\/es\/#website\"},\"primaryImageOfPage\":{\"@id\":\"https:\/\/downgalicia.org\/es\/un-joven-con-sindrome-de-down-consigue-la-primera-plaza-del-parlamento-de-galicia-para-personas-con-discapacidad-intelectual\/#primaryimage\"},\"image\":{\"@id\":\"https:\/\/downgalicia.org\/es\/un-joven-con-sindrome-de-down-consigue-la-primera-plaza-del-parlamento-de-galicia-para-personas-con-discapacidad-intelectual\/#primaryimage\"},\"thumbnailUrl\":\"https:\/\/downgalicia.org\/wp-content\/uploads\/2025\/06\/Elias_web-4.jpg\",\"datePublished\":\"2018-05-24T10:51:01+00:00\",\"breadcrumb\":{\"@id\":\"https:\/\/downgalicia.org\/es\/un-joven-con-sindrome-de-down-consigue-la-primera-plaza-del-parlamento-de-galicia-para-personas-con-discapacidad-intelectual\/#breadcrumb\"},\"inLanguage\":\"es\",\"potentialAction\":[{\"@type\":\"ReadAction\",\"target\":[\"https:\/\/downgalicia.org\/es\/un-joven-con-sindrome-de-down-consigue-la-primera-plaza-del-parlamento-de-galicia-para-personas-con-discapacidad-intelectual\/\"]}]},{\"@type\":\"ImageObject\",\"inLanguage\":\"es\",\"@id\":\"https:\/\/downgalicia.org\/es\/un-joven-con-sindrome-de-down-consigue-la-primera-plaza-del-parlamento-de-galicia-para-personas-con-discapacidad-intelectual\/#primaryimage\",\"url\":\"https:\/\/downgalicia.org\/wp-content\/uploads\/2025\/06\/Elias_web-4.jpg\",\"contentUrl\":\"https:\/\/downgalicia.org\/wp-content\/uploads\/2025\/06\/Elias_web-4.jpg\",\"width\":940,\"height\":600},{\"@type\":\"BreadcrumbList\",\"@id\":\"https:\/\/downgalicia.org\/es\/un-joven-con-sindrome-de-down-consigue-la-primera-plaza-del-parlamento-de-galicia-para-personas-con-discapacidad-intelectual\/#breadcrumb\",\"itemListElement\":[{\"@type\":\"ListItem\",\"position\":1,\"name\":\"Portada\",\"item\":\"https:\/\/downgalicia.org\/es\/\"},{\"@type\":\"ListItem\",\"position\":2,\"name\":\"Un joven con s\u00edndrome de Down consigue la primera plaza del Parlamento de Galicia para personas con discapacidad intelectual\"}]},{\"@type\":\"WebSite\",\"@id\":\"https:\/\/downgalicia.org\/es\/#website\",\"url\":\"https:\/\/downgalicia.org\/es\/\",\"name\":\"Federaci\u00f3n Down Galicia\",\"description\":\"Apoio a persoas con S\u00edndrome de Down\",\"publisher\":{\"@id\":\"https:\/\/downgalicia.org\/es\/#organization\"},\"potentialAction\":[{\"@type\":\"SearchAction\",\"target\":{\"@type\":\"EntryPoint\",\"urlTemplate\":\"https:\/\/downgalicia.org\/es\/?s={search_term_string}\"},\"query-input\":{\"@type\":\"PropertyValueSpecification\",\"valueRequired\":true,\"valueName\":\"search_term_string\"}}],\"inLanguage\":\"es\"},{\"@type\":\"Organization\",\"@id\":\"https:\/\/downgalicia.org\/es\/#organization\",\"name\":\"Federaci\u00f3n Down Galicia\",\"url\":\"https:\/\/downgalicia.org\/es\/\",\"logo\":{\"@type\":\"ImageObject\",\"inLanguage\":\"es\",\"@id\":\"https:\/\/downgalicia.org\/es\/#\/schema\/logo\/image\/\",\"url\":\"https:\/\/downgalicia.org\/wp-content\/uploads\/2024\/07\/logo-sindrome-down-color.svg\",\"contentUrl\":\"https:\/\/downgalicia.org\/wp-content\/uploads\/2024\/07\/logo-sindrome-down-color.svg\",\"width\":271,\"height\":88,\"caption\":\"Federaci\u00f3n Down Galicia\"},\"image\":{\"@id\":\"https:\/\/downgalicia.org\/es\/#\/schema\/logo\/image\/\"}},{\"@type\":\"Person\",\"@id\":\"https:\/\/downgalicia.org\/es\/#\/schema\/person\/317730a00185114c76a219b94bddef15\",\"name\":\"produccion@visualpublinet.com\",\"image\":{\"@type\":\"ImageObject\",\"inLanguage\":\"es\",\"@id\":\"https:\/\/downgalicia.org\/es\/#\/schema\/person\/image\/\",\"url\":\"https:\/\/secure.gravatar.com\/avatar\/282ee20c78c1b1137175d4ab9f75785d8c239d499b1376df3ba16efa213b7b10?s=96&d=mm&r=g\",\"contentUrl\":\"https:\/\/secure.gravatar.com\/avatar\/282ee20c78c1b1137175d4ab9f75785d8c239d499b1376df3ba16efa213b7b10?s=96&d=mm&r=g\",\"caption\":\"produccion@visualpublinet.com\"},\"sameAs\":[\"https:\/\/downgalicia.org\"],\"url\":\"https:\/\/downgalicia.org\/es\/author\/produccionvisualpublinet-com\/\"}]}<\/script>\n<!-- \/ Yoast SEO plugin. -->","yoast_head_json":{"title":"Un joven con s\u00edndrome de Down consigue la primera plaza del Parlamento de Galicia para personas con discapacidad intelectual &#8226; Federaci\u00f3n Down Galicia","robots":{"index":"index","follow":"follow","max-snippet":"max-snippet:-1","max-image-preview":"max-image-preview:large","max-video-preview":"max-video-preview:-1"},"canonical":"https:\/\/downgalicia.org\/es\/un-joven-con-sindrome-de-down-consigue-la-primera-plaza-del-parlamento-de-galicia-para-personas-con-discapacidad-intelectual\/","og_locale":"es_ES","og_type":"article","og_title":"Un joven con s\u00edndrome de Down consigue la primera plaza del Parlamento de Galicia para personas con discapacidad intelectual &#8226; Federaci\u00f3n Down Galicia","og_description":"El\u00edas Ledo V\u00e1zquez, un miembro de Down Compostela de 29 a\u00f1os con s\u00edndrome de Down, acaba de comprobar que todo esfuerzo tiene su recompensa. As\u00ed, tras muchos meses de intenso trabajo, ha conseguido una plaza de ujier en el Parlamento...","og_url":"https:\/\/downgalicia.org\/es\/un-joven-con-sindrome-de-down-consigue-la-primera-plaza-del-parlamento-de-galicia-para-personas-con-discapacidad-intelectual\/","og_site_name":"Federaci\u00f3n Down Galicia","article_published_time":"2018-05-24T10:51:01+00:00","og_image":[{"width":940,"height":600,"url":"https:\/\/downgalicia.org\/wp-content\/uploads\/2025\/06\/Elias_web-4.jpg","type":"image\/jpeg"}],"author":"produccion@visualpublinet.com","twitter_card":"summary_large_image","twitter_misc":{"Escrito por":"produccion@visualpublinet.com","Tiempo de lectura":"3 minutos"},"schema":{"@context":"https:\/\/schema.org","@graph":[{"@type":"Article","@id":"https:\/\/downgalicia.org\/es\/un-joven-con-sindrome-de-down-consigue-la-primera-plaza-del-parlamento-de-galicia-para-personas-con-discapacidad-intelectual\/#article","isPartOf":{"@id":"https:\/\/downgalicia.org\/es\/un-joven-con-sindrome-de-down-consigue-la-primera-plaza-del-parlamento-de-galicia-para-personas-con-discapacidad-intelectual\/"},"author":{"name":"produccion@visualpublinet.com","@id":"https:\/\/downgalicia.org\/es\/#\/schema\/person\/317730a00185114c76a219b94bddef15"},"headline":"Un joven con s\u00edndrome de Down consigue la primera plaza del Parlamento de Galicia para personas con discapacidad intelectual","datePublished":"2018-05-24T10:51:01+00:00","mainEntityOfPage":{"@id":"https:\/\/downgalicia.org\/es\/un-joven-con-sindrome-de-down-consigue-la-primera-plaza-del-parlamento-de-galicia-para-personas-con-discapacidad-intelectual\/"},"wordCount":563,"publisher":{"@id":"https:\/\/downgalicia.org\/es\/#organization"},"image":{"@id":"https:\/\/downgalicia.org\/es\/un-joven-con-sindrome-de-down-consigue-la-primera-plaza-del-parlamento-de-galicia-para-personas-con-discapacidad-intelectual\/#primaryimage"},"thumbnailUrl":"https:\/\/downgalicia.org\/wp-content\/uploads\/2025\/06\/Elias_web-4.jpg","articleSection":["Down Compostela","Formaci\u00f3n e Emprego","Noticias del Movimiento Down"],"inLanguage":"es"},{"@type":"WebPage","@id":"https:\/\/downgalicia.org\/es\/un-joven-con-sindrome-de-down-consigue-la-primera-plaza-del-parlamento-de-galicia-para-personas-con-discapacidad-intelectual\/","url":"https:\/\/downgalicia.org\/es\/un-joven-con-sindrome-de-down-consigue-la-primera-plaza-del-parlamento-de-galicia-para-personas-con-discapacidad-intelectual\/","name":"Un joven con s\u00edndrome de Down consigue la primera plaza del Parlamento de Galicia para personas con discapacidad intelectual &#8226; Federaci\u00f3n Down Galicia","isPartOf":{"@id":"https:\/\/downgalicia.org\/es\/#website"},"primaryImageOfPage":{"@id":"https:\/\/downgalicia.org\/es\/un-joven-con-sindrome-de-down-consigue-la-primera-plaza-del-parlamento-de-galicia-para-personas-con-discapacidad-intelectual\/#primaryimage"},"image":{"@id":"https:\/\/downgalicia.org\/es\/un-joven-con-sindrome-de-down-consigue-la-primera-plaza-del-parlamento-de-galicia-para-personas-con-discapacidad-intelectual\/#primaryimage"},"thumbnailUrl":"https:\/\/downgalicia.org\/wp-content\/uploads\/2025\/06\/Elias_web-4.jpg","datePublished":"2018-05-24T10:51:01+00:00","breadcrumb":{"@id":"https:\/\/downgalicia.org\/es\/un-joven-con-sindrome-de-down-consigue-la-primera-plaza-del-parlamento-de-galicia-para-personas-con-discapacidad-intelectual\/#breadcrumb"},"inLanguage":"es","potentialAction":[{"@type":"ReadAction","target":["https:\/\/downgalicia.org\/es\/un-joven-con-sindrome-de-down-consigue-la-primera-plaza-del-parlamento-de-galicia-para-personas-con-discapacidad-intelectual\/"]}]},{"@type":"ImageObject","inLanguage":"es","@id":"https:\/\/downgalicia.org\/es\/un-joven-con-sindrome-de-down-consigue-la-primera-plaza-del-parlamento-de-galicia-para-personas-con-discapacidad-intelectual\/#primaryimage","url":"https:\/\/downgalicia.org\/wp-content\/uploads\/2025\/06\/Elias_web-4.jpg","contentUrl":"https:\/\/downgalicia.org\/wp-content\/uploads\/2025\/06\/Elias_web-4.jpg","width":940,"height":600},{"@type":"BreadcrumbList","@id":"https:\/\/downgalicia.org\/es\/un-joven-con-sindrome-de-down-consigue-la-primera-plaza-del-parlamento-de-galicia-para-personas-con-discapacidad-intelectual\/#breadcrumb","itemListElement":[{"@type":"ListItem","position":1,"name":"Portada","item":"https:\/\/downgalicia.org\/es\/"},{"@type":"ListItem","position":2,"name":"Un joven con s\u00edndrome de Down consigue la primera plaza del Parlamento de Galicia para personas con discapacidad intelectual"}]},{"@type":"WebSite","@id":"https:\/\/downgalicia.org\/es\/#website","url":"https:\/\/downgalicia.org\/es\/","name":"Federaci\u00f3n Down Galicia","description":"Apoio a persoas con S\u00edndrome de Down","publisher":{"@id":"https:\/\/downgalicia.org\/es\/#organization"},"potentialAction":[{"@type":"SearchAction","target":{"@type":"EntryPoint","urlTemplate":"https:\/\/downgalicia.org\/es\/?s={search_term_string}"},"query-input":{"@type":"PropertyValueSpecification","valueRequired":true,"valueName":"search_term_string"}}],"inLanguage":"es"},{"@type":"Organization","@id":"https:\/\/downgalicia.org\/es\/#organization","name":"Federaci\u00f3n Down Galicia","url":"https:\/\/downgalicia.org\/es\/","logo":{"@type":"ImageObject","inLanguage":"es","@id":"https:\/\/downgalicia.org\/es\/#\/schema\/logo\/image\/","url":"https:\/\/downgalicia.org\/wp-content\/uploads\/2024\/07\/logo-sindrome-down-color.svg","contentUrl":"https:\/\/downgalicia.org\/wp-content\/uploads\/2024\/07\/logo-sindrome-down-color.svg","width":271,"height":88,"caption":"Federaci\u00f3n Down Galicia"},"image":{"@id":"https:\/\/downgalicia.org\/es\/#\/schema\/logo\/image\/"}},{"@type":"Person","@id":"https:\/\/downgalicia.org\/es\/#\/schema\/person\/317730a00185114c76a219b94bddef15","name":"produccion@visualpublinet.com","image":{"@type":"ImageObject","inLanguage":"es","@id":"https:\/\/downgalicia.org\/es\/#\/schema\/person\/image\/","url":"https:\/\/secure.gravatar.com\/avatar\/282ee20c78c1b1137175d4ab9f75785d8c239d499b1376df3ba16efa213b7b10?s=96&d=mm&r=g","contentUrl":"https:\/\/secure.gravatar.com\/avatar\/282ee20c78c1b1137175d4ab9f75785d8c239d499b1376df3ba16efa213b7b10?s=96&d=mm&r=g","caption":"produccion@visualpublinet.com"},"sameAs":["https:\/\/downgalicia.org"],"url":"https:\/\/downgalicia.org\/es\/author\/produccionvisualpublinet-com\/"}]}},"_links":{"self":[{"href":"https:\/\/downgalicia.org\/es\/wp-json\/wp\/v2\/posts\/6971","targetHints":{"allow":["GET"]}}],"collection":[{"href":"https:\/\/downgalicia.org\/es\/wp-json\/wp\/v2\/posts"}],"about":[{"href":"https:\/\/downgalicia.org\/es\/wp-json\/wp\/v2\/types\/post"}],"author":[{"embeddable":true,"href":"https:\/\/downgalicia.org\/es\/wp-json\/wp\/v2\/users\/1"}],"replies":[{"embeddable":true,"href":"https:\/\/downgalicia.org\/es\/wp-json\/wp\/v2\/comments?post=6971"}],"version-history":[{"count":0,"href":"https:\/\/downgalicia.org\/es\/wp-json\/wp\/v2\/posts\/6971\/revisions"}],"wp:featuredmedia":[{"embeddable":true,"href":"https:\/\/downgalicia.org\/es\/wp-json\/wp\/v2\/media\/6972"}],"wp:attachment":[{"href":"https:\/\/downgalicia.org\/es\/wp-json\/wp\/v2\/media?parent=6971"}],"wp:term":[{"taxonomy":"category","embeddable":true,"href":"https:\/\/downgalicia.org\/es\/wp-json\/wp\/v2\/categories?post=6971"},{"taxonomy":"post_tag","embeddable":true,"href":"https:\/\/downgalicia.org\/es\/wp-json\/wp\/v2\/tags?post=6971"}],"curies":[{"name":"wp","href":"https:\/\/api.w.org\/{rel}","templated":true}]}}