{"id":7011,"date":"2018-04-18T12:34:25","date_gmt":"2018-04-18T10:34:25","guid":{"rendered":"http:\/\/downgalicia.org.136-144-253-96.136-144-253-96.visualpublinet.com\/10061\/"},"modified":"2018-04-18T12:34:25","modified_gmt":"2018-04-18T10:34:25","slug":"10061","status":"publish","type":"post","link":"https:\/\/downgalicia.org\/es\/10061\/","title":{"rendered":"El proyecto de educaci\u00f3n inclusiva de Down Galicia recibe uno de los Premios a la Innovaci\u00f3n Social de la Fundaci\u00f3n La Caixa"},"content":{"rendered":"<p>La Federaci\u00f3n Down Galicia recibi\u00f3 ayer uno de los diez <strong>Premios \u201cLa Caixa\u201d a la Innovaci\u00f3n Social<\/strong> que la Fundaci\u00f3n bancaria otorg\u00f3 a entidades sociales de todo el pa\u00eds, reconociendo as\u00ed la importancia de la educaci\u00f3n inclusiva para el alumnado con s\u00edndrome de Down y otras discapacidades intelectuales.<\/p>\n<p><strong>\u201cUna escuela para tod@s\u201d<\/strong> fue uno de los proyectos escogidos de entre los 643 participantes para llevarse los 15.000\u20ac con los que estaba dotado este reconocimiento. El jurado, formado por personalidades del mundo del tercer sector de acci\u00f3n social, la comunicaci\u00f3n, la administraci\u00f3n, la investigaci\u00f3n y la docencia, consider\u00f3 que el proyecto educativo de la Federaci\u00f3n era merecedor de esta distinci\u00f3n por su apuesta por la inclusi\u00f3n de ni\u00f1os, ni\u00f1as y adolescentes con discapacidad intelectual en la escuela ordinaria a trav\u00e9s del desarrollo cognitivo y un trabajo sist\u00e9mico con los centros educativos, el alumnado y sus familias.<\/p>\n<p>Los Premios \u201cLa Caixa\u201d a la Innovaci\u00f3n Social se crearon para reconocer el importante esfuerzo que realizan las entidades sociales de todo el pa\u00eds y la vocaci\u00f3n de transformaci\u00f3n social real y directa a trav\u00e9s de m\u00e9todos innovadores, siempre con el objetivo de mejorar la calidad de vida de las personas en situaci\u00f3n o riesgo de vulnerabilidad.<\/p>\n<p>La entrega de estos galardones tuvo lugar ayer en CosmoCaixa Barcelona y estuvo presidida por la ministra de Sanidad, Servicios Sociales e Igualdad, Dolors Montserrat; el delegado del gobierno en Catalu\u00f1a, Enric Millo; y el director general de la Fundaci\u00f3n Bancaria \u201dla Caixa\u201d, Jaume Gir\u00f3.<\/p>\n<p>Las diez entidades ganadoras de la cuarta edici\u00f3n de los premios, as\u00ed como las cuatro que han sido distinguidas con acc\u00e9sits, llevan a cabo su acci\u00f3n social en las provincias de Barcelona, Madrid, Murcia, M\u00e1laga, Sevilla, A Coru\u00f1a, Lugo, Segovia, Vizcaya y Lleida.<\/p>\n","protected":false},"excerpt":{"rendered":"<p>La Federaci\u00f3n Down Galicia recibi\u00f3 ayer uno de los diez Premios \u201cLa Caixa\u201d a la Innovaci\u00f3n Social que la Fundaci\u00f3n bancaria otorg\u00f3 a entidades sociales de todo el pa\u00eds, reconociendo as\u00ed la importancia de la educaci\u00f3n inclusiva para el alumnado&#8230;<\/p>\n","protected":false},"author":1,"featured_media":7012,"comment_status":"closed","ping_status":"closed","sticky":false,"template":"","format":"standard","meta":{"_acf_changed":false,"give_campaign_id":0,"footnotes":""},"categories":[129,113,71],"tags":[],"class_list":["post-7011","post","type-post","status-publish","format-standard","has-post-thumbnail","hentry","category-down-galicia-hemeroteca-es","category-educacion-hemeroteca-hemeroteca-es","category-noticias-sindrome-de-down-es"],"acf":[],"yoast_head":"<!-- This site is optimized with the Yoast SEO plugin v25.3.1 - https:\/\/yoast.com\/wordpress\/plugins\/seo\/ -->\n<title>El proyecto de educaci\u00f3n inclusiva de Down Galicia recibe uno de los Premios a la Innovaci\u00f3n Social de la Fundaci\u00f3n La Caixa &#8226; Federaci\u00f3n Down Galicia<\/title>\n<meta name=\"robots\" content=\"index, follow, max-snippet:-1, max-image-preview:large, max-video-preview:-1\" \/>\n<link rel=\"canonical\" href=\"https:\/\/downgalicia.org\/es\/10061\/\" \/>\n<meta property=\"og:locale\" content=\"es_ES\" \/>\n<meta property=\"og:type\" content=\"article\" \/>\n<meta property=\"og:title\" content=\"El proyecto de educaci\u00f3n inclusiva de Down Galicia recibe uno de los Premios a la Innovaci\u00f3n Social de la Fundaci\u00f3n La Caixa &#8226; Federaci\u00f3n Down Galicia\" \/>\n<meta property=\"og:description\" content=\"La Federaci\u00f3n Down Galicia recibi\u00f3 ayer uno de los diez Premios \u201cLa Caixa\u201d a la Innovaci\u00f3n Social que la Fundaci\u00f3n bancaria otorg\u00f3 a entidades sociales de todo el pa\u00eds, reconociendo as\u00ed la importancia de la educaci\u00f3n inclusiva para el alumnado...\" \/>\n<meta property=\"og:url\" content=\"https:\/\/downgalicia.org\/es\/10061\/\" \/>\n<meta property=\"og:site_name\" content=\"Federaci\u00f3n Down Galicia\" \/>\n<meta property=\"article:published_time\" content=\"2018-04-18T10:34:25+00:00\" \/>\n<meta property=\"og:image\" content=\"https:\/\/downgalicia.org\/wp-content\/uploads\/2025\/06\/Premio-La-Caixa-4-scaled.jpg\" \/>\n\t<meta property=\"og:image:width\" content=\"2560\" \/>\n\t<meta property=\"og:image:height\" content=\"1714\" \/>\n\t<meta property=\"og:image:type\" content=\"image\/jpeg\" \/>\n<meta name=\"author\" content=\"produccion@visualpublinet.com\" \/>\n<meta name=\"twitter:card\" content=\"summary_large_image\" \/>\n<meta name=\"twitter:label1\" content=\"Escrito por\" \/>\n\t<meta name=\"twitter:data1\" content=\"produccion@visualpublinet.com\" \/>\n\t<meta name=\"twitter:label2\" content=\"Tiempo de lectura\" \/>\n\t<meta name=\"twitter:data2\" content=\"2 minutos\" \/>\n<script type=\"application\/ld+json\" class=\"yoast-schema-graph\">{\"@context\":\"https:\/\/schema.org\",\"@graph\":[{\"@type\":\"Article\",\"@id\":\"https:\/\/downgalicia.org\/es\/10061\/#article\",\"isPartOf\":{\"@id\":\"https:\/\/downgalicia.org\/es\/10061\/\"},\"author\":{\"name\":\"produccion@visualpublinet.com\",\"@id\":\"https:\/\/downgalicia.org\/es\/#\/schema\/person\/317730a00185114c76a219b94bddef15\"},\"headline\":\"El proyecto de educaci\u00f3n inclusiva de Down Galicia recibe uno de los Premios a la Innovaci\u00f3n Social de la Fundaci\u00f3n La Caixa\",\"datePublished\":\"2018-04-18T10:34:25+00:00\",\"mainEntityOfPage\":{\"@id\":\"https:\/\/downgalicia.org\/es\/10061\/\"},\"wordCount\":345,\"publisher\":{\"@id\":\"https:\/\/downgalicia.org\/es\/#organization\"},\"image\":{\"@id\":\"https:\/\/downgalicia.org\/es\/10061\/#primaryimage\"},\"thumbnailUrl\":\"https:\/\/downgalicia.org\/wp-content\/uploads\/2025\/06\/Premio-La-Caixa-4-scaled.jpg\",\"articleSection\":[\"Down Galicia\",\"Educaci\u00f3n\",\"Noticias del Movimiento Down\"],\"inLanguage\":\"es\"},{\"@type\":\"WebPage\",\"@id\":\"https:\/\/downgalicia.org\/es\/10061\/\",\"url\":\"https:\/\/downgalicia.org\/es\/10061\/\",\"name\":\"El proyecto de educaci\u00f3n inclusiva de Down Galicia recibe uno de los Premios a la Innovaci\u00f3n Social de la Fundaci\u00f3n La Caixa &#8226; Federaci\u00f3n Down Galicia\",\"isPartOf\":{\"@id\":\"https:\/\/downgalicia.org\/es\/#website\"},\"primaryImageOfPage\":{\"@id\":\"https:\/\/downgalicia.org\/es\/10061\/#primaryimage\"},\"image\":{\"@id\":\"https:\/\/downgalicia.org\/es\/10061\/#primaryimage\"},\"thumbnailUrl\":\"https:\/\/downgalicia.org\/wp-content\/uploads\/2025\/06\/Premio-La-Caixa-4-scaled.jpg\",\"datePublished\":\"2018-04-18T10:34:25+00:00\",\"breadcrumb\":{\"@id\":\"https:\/\/downgalicia.org\/es\/10061\/#breadcrumb\"},\"inLanguage\":\"es\",\"potentialAction\":[{\"@type\":\"ReadAction\",\"target\":[\"https:\/\/downgalicia.org\/es\/10061\/\"]}]},{\"@type\":\"ImageObject\",\"inLanguage\":\"es\",\"@id\":\"https:\/\/downgalicia.org\/es\/10061\/#primaryimage\",\"url\":\"https:\/\/downgalicia.org\/wp-content\/uploads\/2025\/06\/Premio-La-Caixa-4-scaled.jpg\",\"contentUrl\":\"https:\/\/downgalicia.org\/wp-content\/uploads\/2025\/06\/Premio-La-Caixa-4-scaled.jpg\",\"width\":2560,\"height\":1714},{\"@type\":\"BreadcrumbList\",\"@id\":\"https:\/\/downgalicia.org\/es\/10061\/#breadcrumb\",\"itemListElement\":[{\"@type\":\"ListItem\",\"position\":1,\"name\":\"Portada\",\"item\":\"https:\/\/downgalicia.org\/es\/\"},{\"@type\":\"ListItem\",\"position\":2,\"name\":\"El proyecto de educaci\u00f3n inclusiva de Down Galicia recibe uno de los Premios a la Innovaci\u00f3n Social de la Fundaci\u00f3n La Caixa\"}]},{\"@type\":\"WebSite\",\"@id\":\"https:\/\/downgalicia.org\/es\/#website\",\"url\":\"https:\/\/downgalicia.org\/es\/\",\"name\":\"Federaci\u00f3n Down Galicia\",\"description\":\"Apoio a persoas con S\u00edndrome de Down\",\"publisher\":{\"@id\":\"https:\/\/downgalicia.org\/es\/#organization\"},\"potentialAction\":[{\"@type\":\"SearchAction\",\"target\":{\"@type\":\"EntryPoint\",\"urlTemplate\":\"https:\/\/downgalicia.org\/es\/?s={search_term_string}\"},\"query-input\":{\"@type\":\"PropertyValueSpecification\",\"valueRequired\":true,\"valueName\":\"search_term_string\"}}],\"inLanguage\":\"es\"},{\"@type\":\"Organization\",\"@id\":\"https:\/\/downgalicia.org\/es\/#organization\",\"name\":\"Federaci\u00f3n Down Galicia\",\"url\":\"https:\/\/downgalicia.org\/es\/\",\"logo\":{\"@type\":\"ImageObject\",\"inLanguage\":\"es\",\"@id\":\"https:\/\/downgalicia.org\/es\/#\/schema\/logo\/image\/\",\"url\":\"https:\/\/downgalicia.org\/wp-content\/uploads\/2024\/07\/logo-sindrome-down-color.svg\",\"contentUrl\":\"https:\/\/downgalicia.org\/wp-content\/uploads\/2024\/07\/logo-sindrome-down-color.svg\",\"width\":271,\"height\":88,\"caption\":\"Federaci\u00f3n Down Galicia\"},\"image\":{\"@id\":\"https:\/\/downgalicia.org\/es\/#\/schema\/logo\/image\/\"}},{\"@type\":\"Person\",\"@id\":\"https:\/\/downgalicia.org\/es\/#\/schema\/person\/317730a00185114c76a219b94bddef15\",\"name\":\"produccion@visualpublinet.com\",\"image\":{\"@type\":\"ImageObject\",\"inLanguage\":\"es\",\"@id\":\"https:\/\/downgalicia.org\/es\/#\/schema\/person\/image\/\",\"url\":\"https:\/\/secure.gravatar.com\/avatar\/282ee20c78c1b1137175d4ab9f75785d8c239d499b1376df3ba16efa213b7b10?s=96&d=mm&r=g\",\"contentUrl\":\"https:\/\/secure.gravatar.com\/avatar\/282ee20c78c1b1137175d4ab9f75785d8c239d499b1376df3ba16efa213b7b10?s=96&d=mm&r=g\",\"caption\":\"produccion@visualpublinet.com\"},\"sameAs\":[\"https:\/\/downgalicia.org\"],\"url\":\"https:\/\/downgalicia.org\/es\/author\/produccionvisualpublinet-com\/\"}]}<\/script>\n<!-- \/ Yoast SEO plugin. -->","yoast_head_json":{"title":"El proyecto de educaci\u00f3n inclusiva de Down Galicia recibe uno de los Premios a la Innovaci\u00f3n Social de la Fundaci\u00f3n La Caixa &#8226; Federaci\u00f3n Down Galicia","robots":{"index":"index","follow":"follow","max-snippet":"max-snippet:-1","max-image-preview":"max-image-preview:large","max-video-preview":"max-video-preview:-1"},"canonical":"https:\/\/downgalicia.org\/es\/10061\/","og_locale":"es_ES","og_type":"article","og_title":"El proyecto de educaci\u00f3n inclusiva de Down Galicia recibe uno de los Premios a la Innovaci\u00f3n Social de la Fundaci\u00f3n La Caixa &#8226; Federaci\u00f3n Down Galicia","og_description":"La Federaci\u00f3n Down Galicia recibi\u00f3 ayer uno de los diez Premios \u201cLa Caixa\u201d a la Innovaci\u00f3n Social que la Fundaci\u00f3n bancaria otorg\u00f3 a entidades sociales de todo el pa\u00eds, reconociendo as\u00ed la importancia de la educaci\u00f3n inclusiva para el alumnado...","og_url":"https:\/\/downgalicia.org\/es\/10061\/","og_site_name":"Federaci\u00f3n Down Galicia","article_published_time":"2018-04-18T10:34:25+00:00","og_image":[{"width":2560,"height":1714,"url":"https:\/\/downgalicia.org\/wp-content\/uploads\/2025\/06\/Premio-La-Caixa-4-scaled.jpg","type":"image\/jpeg"}],"author":"produccion@visualpublinet.com","twitter_card":"summary_large_image","twitter_misc":{"Escrito por":"produccion@visualpublinet.com","Tiempo de lectura":"2 minutos"},"schema":{"@context":"https:\/\/schema.org","@graph":[{"@type":"Article","@id":"https:\/\/downgalicia.org\/es\/10061\/#article","isPartOf":{"@id":"https:\/\/downgalicia.org\/es\/10061\/"},"author":{"name":"produccion@visualpublinet.com","@id":"https:\/\/downgalicia.org\/es\/#\/schema\/person\/317730a00185114c76a219b94bddef15"},"headline":"El proyecto de educaci\u00f3n inclusiva de Down Galicia recibe uno de los Premios a la Innovaci\u00f3n Social de la Fundaci\u00f3n La Caixa","datePublished":"2018-04-18T10:34:25+00:00","mainEntityOfPage":{"@id":"https:\/\/downgalicia.org\/es\/10061\/"},"wordCount":345,"publisher":{"@id":"https:\/\/downgalicia.org\/es\/#organization"},"image":{"@id":"https:\/\/downgalicia.org\/es\/10061\/#primaryimage"},"thumbnailUrl":"https:\/\/downgalicia.org\/wp-content\/uploads\/2025\/06\/Premio-La-Caixa-4-scaled.jpg","articleSection":["Down Galicia","Educaci\u00f3n","Noticias del Movimiento Down"],"inLanguage":"es"},{"@type":"WebPage","@id":"https:\/\/downgalicia.org\/es\/10061\/","url":"https:\/\/downgalicia.org\/es\/10061\/","name":"El proyecto de educaci\u00f3n inclusiva de Down Galicia recibe uno de los Premios a la Innovaci\u00f3n Social de la Fundaci\u00f3n La Caixa &#8226; Federaci\u00f3n Down Galicia","isPartOf":{"@id":"https:\/\/downgalicia.org\/es\/#website"},"primaryImageOfPage":{"@id":"https:\/\/downgalicia.org\/es\/10061\/#primaryimage"},"image":{"@id":"https:\/\/downgalicia.org\/es\/10061\/#primaryimage"},"thumbnailUrl":"https:\/\/downgalicia.org\/wp-content\/uploads\/2025\/06\/Premio-La-Caixa-4-scaled.jpg","datePublished":"2018-04-18T10:34:25+00:00","breadcrumb":{"@id":"https:\/\/downgalicia.org\/es\/10061\/#breadcrumb"},"inLanguage":"es","potentialAction":[{"@type":"ReadAction","target":["https:\/\/downgalicia.org\/es\/10061\/"]}]},{"@type":"ImageObject","inLanguage":"es","@id":"https:\/\/downgalicia.org\/es\/10061\/#primaryimage","url":"https:\/\/downgalicia.org\/wp-content\/uploads\/2025\/06\/Premio-La-Caixa-4-scaled.jpg","contentUrl":"https:\/\/downgalicia.org\/wp-content\/uploads\/2025\/06\/Premio-La-Caixa-4-scaled.jpg","width":2560,"height":1714},{"@type":"BreadcrumbList","@id":"https:\/\/downgalicia.org\/es\/10061\/#breadcrumb","itemListElement":[{"@type":"ListItem","position":1,"name":"Portada","item":"https:\/\/downgalicia.org\/es\/"},{"@type":"ListItem","position":2,"name":"El proyecto de educaci\u00f3n inclusiva de Down Galicia recibe uno de los Premios a la Innovaci\u00f3n Social de la Fundaci\u00f3n La Caixa"}]},{"@type":"WebSite","@id":"https:\/\/downgalicia.org\/es\/#website","url":"https:\/\/downgalicia.org\/es\/","name":"Federaci\u00f3n Down Galicia","description":"Apoio a persoas con S\u00edndrome de Down","publisher":{"@id":"https:\/\/downgalicia.org\/es\/#organization"},"potentialAction":[{"@type":"SearchAction","target":{"@type":"EntryPoint","urlTemplate":"https:\/\/downgalicia.org\/es\/?s={search_term_string}"},"query-input":{"@type":"PropertyValueSpecification","valueRequired":true,"valueName":"search_term_string"}}],"inLanguage":"es"},{"@type":"Organization","@id":"https:\/\/downgalicia.org\/es\/#organization","name":"Federaci\u00f3n Down Galicia","url":"https:\/\/downgalicia.org\/es\/","logo":{"@type":"ImageObject","inLanguage":"es","@id":"https:\/\/downgalicia.org\/es\/#\/schema\/logo\/image\/","url":"https:\/\/downgalicia.org\/wp-content\/uploads\/2024\/07\/logo-sindrome-down-color.svg","contentUrl":"https:\/\/downgalicia.org\/wp-content\/uploads\/2024\/07\/logo-sindrome-down-color.svg","width":271,"height":88,"caption":"Federaci\u00f3n Down Galicia"},"image":{"@id":"https:\/\/downgalicia.org\/es\/#\/schema\/logo\/image\/"}},{"@type":"Person","@id":"https:\/\/downgalicia.org\/es\/#\/schema\/person\/317730a00185114c76a219b94bddef15","name":"produccion@visualpublinet.com","image":{"@type":"ImageObject","inLanguage":"es","@id":"https:\/\/downgalicia.org\/es\/#\/schema\/person\/image\/","url":"https:\/\/secure.gravatar.com\/avatar\/282ee20c78c1b1137175d4ab9f75785d8c239d499b1376df3ba16efa213b7b10?s=96&d=mm&r=g","contentUrl":"https:\/\/secure.gravatar.com\/avatar\/282ee20c78c1b1137175d4ab9f75785d8c239d499b1376df3ba16efa213b7b10?s=96&d=mm&r=g","caption":"produccion@visualpublinet.com"},"sameAs":["https:\/\/downgalicia.org"],"url":"https:\/\/downgalicia.org\/es\/author\/produccionvisualpublinet-com\/"}]}},"_links":{"self":[{"href":"https:\/\/downgalicia.org\/es\/wp-json\/wp\/v2\/posts\/7011","targetHints":{"allow":["GET"]}}],"collection":[{"href":"https:\/\/downgalicia.org\/es\/wp-json\/wp\/v2\/posts"}],"about":[{"href":"https:\/\/downgalicia.org\/es\/wp-json\/wp\/v2\/types\/post"}],"author":[{"embeddable":true,"href":"https:\/\/downgalicia.org\/es\/wp-json\/wp\/v2\/users\/1"}],"replies":[{"embeddable":true,"href":"https:\/\/downgalicia.org\/es\/wp-json\/wp\/v2\/comments?post=7011"}],"version-history":[{"count":0,"href":"https:\/\/downgalicia.org\/es\/wp-json\/wp\/v2\/posts\/7011\/revisions"}],"wp:featuredmedia":[{"embeddable":true,"href":"https:\/\/downgalicia.org\/es\/wp-json\/wp\/v2\/media\/7012"}],"wp:attachment":[{"href":"https:\/\/downgalicia.org\/es\/wp-json\/wp\/v2\/media?parent=7011"}],"wp:term":[{"taxonomy":"category","embeddable":true,"href":"https:\/\/downgalicia.org\/es\/wp-json\/wp\/v2\/categories?post=7011"},{"taxonomy":"post_tag","embeddable":true,"href":"https:\/\/downgalicia.org\/es\/wp-json\/wp\/v2\/tags?post=7011"}],"curies":[{"name":"wp","href":"https:\/\/api.w.org\/{rel}","templated":true}]}}