{"id":7043,"date":"2018-03-22T11:00:48","date_gmt":"2018-03-22T10:00:48","guid":{"rendered":"http:\/\/downgalicia.org.136-144-253-96.136-144-253-96.visualpublinet.com\/todas-las-personas-tenemos-los-mismos-derechos-independientemente-de-nuestro-numero-de-cromosomas\/"},"modified":"2018-03-22T11:00:48","modified_gmt":"2018-03-22T10:00:48","slug":"todas-las-personas-tenemos-los-mismos-derechos-independientemente-de-nuestro-numero-de-cromosomas","status":"publish","type":"post","link":"https:\/\/downgalicia.org\/es\/todas-las-personas-tenemos-los-mismos-derechos-independientemente-de-nuestro-numero-de-cromosomas\/","title":{"rendered":"\u201cTodas las personas tenemos los mismos derechos independientemente de nuestro n\u00famero de cromosomas\u201d"},"content":{"rendered":"<p>Las personas con s\u00edndrome de Down reclamaron ayer en Santiago de Compostela la igualdad de derechos en el acto conmemorativo del <strong>D\u00eda Mundial del s\u00edndrome de Down<\/strong>. Pamela Casagrande, conductora de la gala en la que tambi\u00e9n se celebraban los 21 a\u00f1os de la Fundaci\u00f3n Down Compostela, anim\u00f3 a los asistentes a continuar juntos la lucha por la inclusi\u00f3n del colectivo y, con la lectura del <em>Manifiesto por la promoci\u00f3n de la autonom\u00eda personal<\/em>, alz\u00f3 su voz para decir bien alto y bien claro que \u201clas personas con s\u00edndrome de Down tenemos derecho a estudiar, a trabajar, a querer, a divertirnos y a ser personas aut\u00f3nomas e independientes\u201d.<\/p>\n<p>M\u00e1s de 350 personas acudieron al evento celebrado en el Hostal dos Reis Cat\u00f3licos, con el que la Federaci\u00f3n Down Galicia y la Fundaci\u00f3n Down Compostela quisieron conmemorar el D\u00eda Mundial del s\u00edndrome de Down que se celebra hoy en todo el mundo.<\/p>\n<p>Las personas con s\u00edndrome de Down y otras discapacidades intelectuales volvieron a ser las protagonistas imprescindibles de un acto, presentado por el periodista Luis Pardo, al que asistieron los conselleiros de Sanidad y Pol\u00edtica Social, Jes\u00fas V\u00e1zquez Almu\u00ed\u00f1a y Jos\u00e9 Manuel Rey Varela, y el alcalde de Santiago de Compostela, Marti\u00f1o Noriega S\u00e1nchez.<\/p>\n<p>El presidente de la Fundaci\u00f3n Down Compostela, Juan Mart\u00ednez, comenz\u00f3 su intervenci\u00f3n haciendo hincapi\u00e9 en los 21 a\u00f1os que en este 2018 cumple la entidad. \u201cSi hoy celebramos nuestro 21 aniversario, es gracias a diez personas que dieron un paso para poner en marcha Down Compostela. Sin ellas nuestra vida no ser\u00eda igual, y nuestra sociedad tampoco ser\u00eda la misma, y por ellas seguiremos reclamando la igualdad de derechos y oportunidades\u201d. Tambi\u00e9n aprovech\u00f3 Mart\u00ednez para agradecer \u201cla apuesta de muchos dirigentes pol\u00edticos por leyes pioneras como la LISMI, la integraci\u00f3n escolar, el acceso al empleo ordinario y a la funci\u00f3n p\u00fablica\u201d. Pero tambi\u00e9n quiso mostrar su preocupaci\u00f3n por el \u201cenfrentamiento endog\u00e1mico de nuestros pol\u00edticos, que los aleja cada vez m\u00e1s de la realidad y que siempre perjudica a los menos favorecidos\u201d. Como ejemplos, el presidente de Down Compostela cit\u00f3 el retroceso en la inclusi\u00f3n educativa, la diferencia en el campo de la igualdad de oportunidades entre comunidades aut\u00f3nomas y la pendiente reforma de la ley electoral.<\/p>\n<p>Por su parte, el presidente de Down Galicia aprovech\u00f3 la primera parte de su discurso para felicitar a la Fundaci\u00f3n Down Compostela por su 21 aniversario y agradecerles \u201cel apoyo y el trabajo conjunto desde hace m\u00e1s de dos d\u00e9cadas\u201d. Tras este inicio, Delmiro Prieto quiso poner de manifiesto la necesidad de que el marco legal estatal se ajuste m\u00e1s a la Convenci\u00f3n Internacional de los Derechos de las Personas con Discapacidad firmada por Espa\u00f1a en 2008. En este sentido, aprovech\u00f3 la presencia institucional de los representantes auton\u00f3micos y municipales para solicitar implicaci\u00f3n ante estas cuestiones, al tiempo que agradeci\u00f3 toda la colaboraci\u00f3n recibida para poner en valor las capacidades de las personas con s\u00edndrome de Down y hacerlas m\u00e1s visibles. Prieto puso tambi\u00e9n el foco en la pol\u00e9mica Ley de educaci\u00f3n (LOMCE) por \u201cvulnerar los derechos fundamentales de las personas con discapacidad, por su tendencia segregadora y por la ausencia de herramientas que fomenten la verdadera inclusi\u00f3n en las aulas\u201d. Asimismo, quiso destacar la importancia del envejecimiento de las personas con s\u00edndrome de Down y otras discapacidades intelectuales, ya que el aumento de su esperanza de vida pone de manifiesto a necesidad de llevar a cabo actuaciones que aborden esta nueva situaci\u00f3n.<\/p>\n<p><strong>\u00a0<\/strong><\/p>\n<p><strong>VII Premios Down Compostela<\/strong><\/p>\n<p>Uno de los puntos \u00e1lgidos de la noche fue la entrega de los <strong>VII Premios Down Compostela<\/strong>, que tienen por objeto reconocer la labor a favor de la promoci\u00f3n de la autonom\u00eda e igualdad de las personas con s\u00edndrome de Down y otras discapacidades intelectuales, realizado tanto por instituciones y entidades como por personas particulares.<\/p>\n<p>En este 2018 la Fundaci\u00f3n Down Compostela acord\u00f3 distinguir el trabajo que vienen realizando la empresa <strong>Cafento<\/strong>, la directora del Centro Instituciones Galicia de\u00a0 Caixabank, <strong>Mar\u00eda Jes\u00fas Garc\u00eda Pi\u00f1eiro<\/strong>, el Colegio <strong>\u201cNuestra Se\u00f1ora del Rosario\u201d<\/strong> de Arz\u00faa, y la voluntaria <strong>M\u00aa Magdalena Gonz\u00e1lez Barreiro<\/strong>.<\/p>\n<p><strong>Francisco Fianza<\/strong> quiso agradecer a <strong>Cafento<\/strong> que desde 2012 haya contribuido \u201ca hacer visible, mejorar y normalizar la imagen de las personas con discapacidad intelectual\u201d. \u201cQueremos agradecer que sig\u00e1is a nuestro lado, d\u00e1ndonos oportunidades y abriendo nuevos caminos para las personas con s\u00edndrome de Down\u201d, a\u00f1adi\u00f3 Fran. <strong>Alex Lado<\/strong> hizo entrega del Premio Down Compostela 2018 a Pelayo Collantes Fern\u00e1ndez, responsable del departamento de marketing de Cafento.<\/p>\n<p><strong>\u00d3scar Carril<\/strong> dio las gracias a <strong>Mar\u00eda Jes\u00fas Garc\u00eda Pi\u00f1eiro<\/strong> por apoyar al Grupo de Teatro de Down Compostela, haciendo hincapi\u00e9 en lo importante que es para las personas con s\u00edndrome de Down \u201cpoder demostrar que somos capaces de memorizar largos textos, representar personajes, seguir un guion y sacar adelante un espect\u00e1culo con \u00e9xito\u201d. <strong>El\u00edas Ledo<\/strong> fue el encargado de entregarle el Premio Down Compostela 2018 a la galardonada.<\/p>\n<p><strong>Pepa\u00a0 Lockhart<\/strong> present\u00f3 el premio otorgado al <strong>Colegio Nuestra Se\u00f1ora del Rosario<\/strong> <strong>de Arz\u00faa<\/strong>, Colegio Atocha, \u201cpor todo el trabajo hecho hasta ahora en materia de inclusi\u00f3n educativa\u201d.\u00a0 Pepa quiso aprovechar para reivindicar que \u201den la escuela haya un sitio para todas y todos, donde poder aprender y donde todos los ni\u00f1os y ni\u00f1as tengan presencia y participaci\u00f3n\u201d. Tras su intervenci\u00f3n, <strong>Pablo Balado<\/strong> hizo entrega del Premio Down Compostela 2018 a M\u00aa de\u00a0 los \u00c1ngeles\u00a0 Santamarta Rodr\u00edguez, directora del centro.<\/p>\n<p>Por \u00faltimo, se entreg\u00f3 el Premio Extraordinario \u201c21 a\u00f1os contigo\u201d a <strong>M\u00aa Magdalena Gonz\u00e1lez Barreiro<\/strong>. <strong>Carmi\u00f1a\u00a0 Romero<\/strong> agradeci\u00f3 a Malena su apoyo\u00a0 continuo. \u201cTe entregamos este premio por tu dedicaci\u00f3n incondicional, por tu capacidad de colaborar, por participar en todas nuestras actividades y por la alegr\u00eda con la que lo haces\u201d, cerr\u00f3 Carmi\u00f1a su intervenci\u00f3n. <strong>Cristina Freire<\/strong> fue la encargada de entregar el galard\u00f3n m\u00e1s emotivo de la noche.<\/p>\n<p>Durante la entrega de premios, el Grupo de Teatro Down Compostela present\u00f3 un avance de su nueva obra de teatro <strong>\u201cLa mansi\u00f3n de Jos\u00e9 Cruz\u201d<\/strong>, que se estrenar\u00e1 antes del verano. Adem\u00e1s, los asistentes tambi\u00e9n pudieron disfrutar con un v\u00eddeo que mostr\u00f3 el recorrido de Down Compostela en estos 21 a\u00f1os y con la presentaci\u00f3n del videoclip <a href=\"https:\/\/youtu.be\/SDUBlwWB4Ik\" target=\"_blank\" rel=\"noopener\"><strong>\u201cTres en raia\u201d<\/strong><\/a>, que A banda da Loba dedica a todas las personas con s\u00edndrome de Down y ha cedido a Down Compostela. La canci\u00f3n forma parte del primer disco del grupo compostelano, \u2018Bailando as r\u00faas\u2019.<\/p>\n<p>&nbsp;<\/p>\n<p><strong>Iluminaci\u00f3n de los principales monumentos de Galicia<\/strong><\/p>\n<p>Los principales monumentos de las siete grandes ciudades de Galicia conmemoraron ayer el D\u00eda Mundial del s\u00edndrome de Down. La torre de H\u00e9rcules, la muralla de Lugo, el Hostal dos Reis Cat\u00f3licos, la Ciudad de la Cultura, el Puente Romano de Ourense, los ayuntamientos de Ferrol, Pontevedra y Santiago de Compostela, las Fuentes de Arag\u00f3n de Vigo y la de Cuatro Caminos en A Coru\u00f1a, y los edificios de las Diputaciones de Pontevedra y Lugo estar\u00e1n iluminados de azul y amarillo en la tarde-noche de este mi\u00e9rcoles 21 de marzo.<\/p>\n<p>Naciones Unidas aprob\u00f3 en noviembre de 2011 la declaraci\u00f3n de 21 de marzo como D\u00eda Mundial del s\u00edndrome de Down. Se establece esta fecha, el 21 de marzo [21\/03] como un s\u00edmbolo, en referencia a la triplicaci\u00f3n [trisom\u00eda] del cromosoma 21 que se traduce en la condici\u00f3n gen\u00e9tica del s\u00edndrome de Down.<\/p>\n","protected":false},"excerpt":{"rendered":"<p>Las personas con s\u00edndrome de Down reclamaron ayer en Santiago de Compostela la igualdad de derechos en el acto conmemorativo del D\u00eda Mundial del s\u00edndrome de Down. Pamela Casagrande, conductora de la gala en la que tambi\u00e9n se celebraban los&#8230;<\/p>\n","protected":false},"author":1,"featured_media":7044,"comment_status":"closed","ping_status":"closed","sticky":false,"template":"","format":"standard","meta":{"_acf_changed":false,"give_campaign_id":0,"footnotes":""},"categories":[134,129,71],"tags":[],"class_list":["post-7043","post","type-post","status-publish","format-standard","has-post-thumbnail","hentry","category-down-compostela-hemeroteca-es","category-down-galicia-hemeroteca-es","category-noticias-sindrome-de-down-es"],"acf":[],"yoast_head":"<!-- This site is optimized with the Yoast SEO plugin v25.3.1 - https:\/\/yoast.com\/wordpress\/plugins\/seo\/ -->\n<title>\u201cTodas las personas tenemos los mismos derechos independientemente de nuestro n\u00famero de cromosomas\u201d &#8226; Federaci\u00f3n Down Galicia<\/title>\n<meta name=\"robots\" content=\"index, follow, max-snippet:-1, max-image-preview:large, max-video-preview:-1\" \/>\n<link rel=\"canonical\" href=\"https:\/\/downgalicia.org\/es\/todas-las-personas-tenemos-los-mismos-derechos-independientemente-de-nuestro-numero-de-cromosomas\/\" \/>\n<meta property=\"og:locale\" content=\"es_ES\" \/>\n<meta property=\"og:type\" content=\"article\" \/>\n<meta property=\"og:title\" content=\"\u201cTodas las personas tenemos los mismos derechos independientemente de nuestro n\u00famero de cromosomas\u201d &#8226; Federaci\u00f3n Down Galicia\" \/>\n<meta property=\"og:description\" content=\"Las personas con s\u00edndrome de Down reclamaron ayer en Santiago de Compostela la igualdad de derechos en el acto conmemorativo del D\u00eda Mundial del s\u00edndrome de Down. Pamela Casagrande, conductora de la gala en la que tambi\u00e9n se celebraban los...\" \/>\n<meta property=\"og:url\" content=\"https:\/\/downgalicia.org\/es\/todas-las-personas-tenemos-los-mismos-derechos-independientemente-de-nuestro-numero-de-cromosomas\/\" \/>\n<meta property=\"og:site_name\" content=\"Federaci\u00f3n Down Galicia\" \/>\n<meta property=\"article:published_time\" content=\"2018-03-22T10:00:48+00:00\" \/>\n<meta property=\"og:image\" content=\"https:\/\/downgalicia.org\/wp-content\/uploads\/2025\/06\/Dia-Mundial-4.jpg\" \/>\n\t<meta property=\"og:image:width\" content=\"1620\" \/>\n\t<meta property=\"og:image:height\" content=\"1080\" \/>\n\t<meta property=\"og:image:type\" content=\"image\/jpeg\" \/>\n<meta name=\"author\" content=\"produccion@visualpublinet.com\" \/>\n<meta name=\"twitter:card\" content=\"summary_large_image\" \/>\n<meta name=\"twitter:label1\" content=\"Escrito por\" \/>\n\t<meta name=\"twitter:data1\" content=\"produccion@visualpublinet.com\" \/>\n\t<meta name=\"twitter:label2\" content=\"Tiempo de lectura\" \/>\n\t<meta name=\"twitter:data2\" content=\"7 minutos\" \/>\n<script type=\"application\/ld+json\" class=\"yoast-schema-graph\">{\"@context\":\"https:\/\/schema.org\",\"@graph\":[{\"@type\":\"Article\",\"@id\":\"https:\/\/downgalicia.org\/es\/todas-las-personas-tenemos-los-mismos-derechos-independientemente-de-nuestro-numero-de-cromosomas\/#article\",\"isPartOf\":{\"@id\":\"https:\/\/downgalicia.org\/es\/todas-las-personas-tenemos-los-mismos-derechos-independientemente-de-nuestro-numero-de-cromosomas\/\"},\"author\":{\"name\":\"produccion@visualpublinet.com\",\"@id\":\"https:\/\/downgalicia.org\/es\/#\/schema\/person\/317730a00185114c76a219b94bddef15\"},\"headline\":\"\u201cTodas las personas tenemos los mismos derechos independientemente de nuestro n\u00famero de cromosomas\u201d\",\"datePublished\":\"2018-03-22T10:00:48+00:00\",\"mainEntityOfPage\":{\"@id\":\"https:\/\/downgalicia.org\/es\/todas-las-personas-tenemos-los-mismos-derechos-independientemente-de-nuestro-numero-de-cromosomas\/\"},\"wordCount\":1325,\"publisher\":{\"@id\":\"https:\/\/downgalicia.org\/es\/#organization\"},\"image\":{\"@id\":\"https:\/\/downgalicia.org\/es\/todas-las-personas-tenemos-los-mismos-derechos-independientemente-de-nuestro-numero-de-cromosomas\/#primaryimage\"},\"thumbnailUrl\":\"https:\/\/downgalicia.org\/wp-content\/uploads\/2025\/06\/Dia-Mundial-4.jpg\",\"articleSection\":[\"Down Compostela\",\"Down Galicia\",\"Noticias del Movimiento Down\"],\"inLanguage\":\"es\"},{\"@type\":\"WebPage\",\"@id\":\"https:\/\/downgalicia.org\/es\/todas-las-personas-tenemos-los-mismos-derechos-independientemente-de-nuestro-numero-de-cromosomas\/\",\"url\":\"https:\/\/downgalicia.org\/es\/todas-las-personas-tenemos-los-mismos-derechos-independientemente-de-nuestro-numero-de-cromosomas\/\",\"name\":\"\u201cTodas las personas tenemos los mismos derechos independientemente de nuestro n\u00famero de cromosomas\u201d &#8226; Federaci\u00f3n Down Galicia\",\"isPartOf\":{\"@id\":\"https:\/\/downgalicia.org\/es\/#website\"},\"primaryImageOfPage\":{\"@id\":\"https:\/\/downgalicia.org\/es\/todas-las-personas-tenemos-los-mismos-derechos-independientemente-de-nuestro-numero-de-cromosomas\/#primaryimage\"},\"image\":{\"@id\":\"https:\/\/downgalicia.org\/es\/todas-las-personas-tenemos-los-mismos-derechos-independientemente-de-nuestro-numero-de-cromosomas\/#primaryimage\"},\"thumbnailUrl\":\"https:\/\/downgalicia.org\/wp-content\/uploads\/2025\/06\/Dia-Mundial-4.jpg\",\"datePublished\":\"2018-03-22T10:00:48+00:00\",\"breadcrumb\":{\"@id\":\"https:\/\/downgalicia.org\/es\/todas-las-personas-tenemos-los-mismos-derechos-independientemente-de-nuestro-numero-de-cromosomas\/#breadcrumb\"},\"inLanguage\":\"es\",\"potentialAction\":[{\"@type\":\"ReadAction\",\"target\":[\"https:\/\/downgalicia.org\/es\/todas-las-personas-tenemos-los-mismos-derechos-independientemente-de-nuestro-numero-de-cromosomas\/\"]}]},{\"@type\":\"ImageObject\",\"inLanguage\":\"es\",\"@id\":\"https:\/\/downgalicia.org\/es\/todas-las-personas-tenemos-los-mismos-derechos-independientemente-de-nuestro-numero-de-cromosomas\/#primaryimage\",\"url\":\"https:\/\/downgalicia.org\/wp-content\/uploads\/2025\/06\/Dia-Mundial-4.jpg\",\"contentUrl\":\"https:\/\/downgalicia.org\/wp-content\/uploads\/2025\/06\/Dia-Mundial-4.jpg\",\"width\":1620,\"height\":1080},{\"@type\":\"BreadcrumbList\",\"@id\":\"https:\/\/downgalicia.org\/es\/todas-las-personas-tenemos-los-mismos-derechos-independientemente-de-nuestro-numero-de-cromosomas\/#breadcrumb\",\"itemListElement\":[{\"@type\":\"ListItem\",\"position\":1,\"name\":\"Portada\",\"item\":\"https:\/\/downgalicia.org\/es\/\"},{\"@type\":\"ListItem\",\"position\":2,\"name\":\"\u201cTodas las personas tenemos los mismos derechos independientemente de nuestro n\u00famero de cromosomas\u201d\"}]},{\"@type\":\"WebSite\",\"@id\":\"https:\/\/downgalicia.org\/es\/#website\",\"url\":\"https:\/\/downgalicia.org\/es\/\",\"name\":\"Federaci\u00f3n Down Galicia\",\"description\":\"Apoio a persoas con S\u00edndrome de Down\",\"publisher\":{\"@id\":\"https:\/\/downgalicia.org\/es\/#organization\"},\"potentialAction\":[{\"@type\":\"SearchAction\",\"target\":{\"@type\":\"EntryPoint\",\"urlTemplate\":\"https:\/\/downgalicia.org\/es\/?s={search_term_string}\"},\"query-input\":{\"@type\":\"PropertyValueSpecification\",\"valueRequired\":true,\"valueName\":\"search_term_string\"}}],\"inLanguage\":\"es\"},{\"@type\":\"Organization\",\"@id\":\"https:\/\/downgalicia.org\/es\/#organization\",\"name\":\"Federaci\u00f3n Down Galicia\",\"url\":\"https:\/\/downgalicia.org\/es\/\",\"logo\":{\"@type\":\"ImageObject\",\"inLanguage\":\"es\",\"@id\":\"https:\/\/downgalicia.org\/es\/#\/schema\/logo\/image\/\",\"url\":\"https:\/\/downgalicia.org\/wp-content\/uploads\/2024\/07\/logo-sindrome-down-color.svg\",\"contentUrl\":\"https:\/\/downgalicia.org\/wp-content\/uploads\/2024\/07\/logo-sindrome-down-color.svg\",\"width\":271,\"height\":88,\"caption\":\"Federaci\u00f3n Down Galicia\"},\"image\":{\"@id\":\"https:\/\/downgalicia.org\/es\/#\/schema\/logo\/image\/\"}},{\"@type\":\"Person\",\"@id\":\"https:\/\/downgalicia.org\/es\/#\/schema\/person\/317730a00185114c76a219b94bddef15\",\"name\":\"produccion@visualpublinet.com\",\"image\":{\"@type\":\"ImageObject\",\"inLanguage\":\"es\",\"@id\":\"https:\/\/downgalicia.org\/es\/#\/schema\/person\/image\/\",\"url\":\"https:\/\/secure.gravatar.com\/avatar\/282ee20c78c1b1137175d4ab9f75785d8c239d499b1376df3ba16efa213b7b10?s=96&d=mm&r=g\",\"contentUrl\":\"https:\/\/secure.gravatar.com\/avatar\/282ee20c78c1b1137175d4ab9f75785d8c239d499b1376df3ba16efa213b7b10?s=96&d=mm&r=g\",\"caption\":\"produccion@visualpublinet.com\"},\"sameAs\":[\"https:\/\/downgalicia.org\"],\"url\":\"https:\/\/downgalicia.org\/es\/author\/produccionvisualpublinet-com\/\"}]}<\/script>\n<!-- \/ Yoast SEO plugin. -->","yoast_head_json":{"title":"\u201cTodas las personas tenemos los mismos derechos independientemente de nuestro n\u00famero de cromosomas\u201d &#8226; Federaci\u00f3n Down Galicia","robots":{"index":"index","follow":"follow","max-snippet":"max-snippet:-1","max-image-preview":"max-image-preview:large","max-video-preview":"max-video-preview:-1"},"canonical":"https:\/\/downgalicia.org\/es\/todas-las-personas-tenemos-los-mismos-derechos-independientemente-de-nuestro-numero-de-cromosomas\/","og_locale":"es_ES","og_type":"article","og_title":"\u201cTodas las personas tenemos los mismos derechos independientemente de nuestro n\u00famero de cromosomas\u201d &#8226; Federaci\u00f3n Down Galicia","og_description":"Las personas con s\u00edndrome de Down reclamaron ayer en Santiago de Compostela la igualdad de derechos en el acto conmemorativo del D\u00eda Mundial del s\u00edndrome de Down. Pamela Casagrande, conductora de la gala en la que tambi\u00e9n se celebraban los...","og_url":"https:\/\/downgalicia.org\/es\/todas-las-personas-tenemos-los-mismos-derechos-independientemente-de-nuestro-numero-de-cromosomas\/","og_site_name":"Federaci\u00f3n Down Galicia","article_published_time":"2018-03-22T10:00:48+00:00","og_image":[{"width":1620,"height":1080,"url":"https:\/\/downgalicia.org\/wp-content\/uploads\/2025\/06\/Dia-Mundial-4.jpg","type":"image\/jpeg"}],"author":"produccion@visualpublinet.com","twitter_card":"summary_large_image","twitter_misc":{"Escrito por":"produccion@visualpublinet.com","Tiempo de lectura":"7 minutos"},"schema":{"@context":"https:\/\/schema.org","@graph":[{"@type":"Article","@id":"https:\/\/downgalicia.org\/es\/todas-las-personas-tenemos-los-mismos-derechos-independientemente-de-nuestro-numero-de-cromosomas\/#article","isPartOf":{"@id":"https:\/\/downgalicia.org\/es\/todas-las-personas-tenemos-los-mismos-derechos-independientemente-de-nuestro-numero-de-cromosomas\/"},"author":{"name":"produccion@visualpublinet.com","@id":"https:\/\/downgalicia.org\/es\/#\/schema\/person\/317730a00185114c76a219b94bddef15"},"headline":"\u201cTodas las personas tenemos los mismos derechos independientemente de nuestro n\u00famero de cromosomas\u201d","datePublished":"2018-03-22T10:00:48+00:00","mainEntityOfPage":{"@id":"https:\/\/downgalicia.org\/es\/todas-las-personas-tenemos-los-mismos-derechos-independientemente-de-nuestro-numero-de-cromosomas\/"},"wordCount":1325,"publisher":{"@id":"https:\/\/downgalicia.org\/es\/#organization"},"image":{"@id":"https:\/\/downgalicia.org\/es\/todas-las-personas-tenemos-los-mismos-derechos-independientemente-de-nuestro-numero-de-cromosomas\/#primaryimage"},"thumbnailUrl":"https:\/\/downgalicia.org\/wp-content\/uploads\/2025\/06\/Dia-Mundial-4.jpg","articleSection":["Down Compostela","Down Galicia","Noticias del Movimiento Down"],"inLanguage":"es"},{"@type":"WebPage","@id":"https:\/\/downgalicia.org\/es\/todas-las-personas-tenemos-los-mismos-derechos-independientemente-de-nuestro-numero-de-cromosomas\/","url":"https:\/\/downgalicia.org\/es\/todas-las-personas-tenemos-los-mismos-derechos-independientemente-de-nuestro-numero-de-cromosomas\/","name":"\u201cTodas las personas tenemos los mismos derechos independientemente de nuestro n\u00famero de cromosomas\u201d &#8226; Federaci\u00f3n Down Galicia","isPartOf":{"@id":"https:\/\/downgalicia.org\/es\/#website"},"primaryImageOfPage":{"@id":"https:\/\/downgalicia.org\/es\/todas-las-personas-tenemos-los-mismos-derechos-independientemente-de-nuestro-numero-de-cromosomas\/#primaryimage"},"image":{"@id":"https:\/\/downgalicia.org\/es\/todas-las-personas-tenemos-los-mismos-derechos-independientemente-de-nuestro-numero-de-cromosomas\/#primaryimage"},"thumbnailUrl":"https:\/\/downgalicia.org\/wp-content\/uploads\/2025\/06\/Dia-Mundial-4.jpg","datePublished":"2018-03-22T10:00:48+00:00","breadcrumb":{"@id":"https:\/\/downgalicia.org\/es\/todas-las-personas-tenemos-los-mismos-derechos-independientemente-de-nuestro-numero-de-cromosomas\/#breadcrumb"},"inLanguage":"es","potentialAction":[{"@type":"ReadAction","target":["https:\/\/downgalicia.org\/es\/todas-las-personas-tenemos-los-mismos-derechos-independientemente-de-nuestro-numero-de-cromosomas\/"]}]},{"@type":"ImageObject","inLanguage":"es","@id":"https:\/\/downgalicia.org\/es\/todas-las-personas-tenemos-los-mismos-derechos-independientemente-de-nuestro-numero-de-cromosomas\/#primaryimage","url":"https:\/\/downgalicia.org\/wp-content\/uploads\/2025\/06\/Dia-Mundial-4.jpg","contentUrl":"https:\/\/downgalicia.org\/wp-content\/uploads\/2025\/06\/Dia-Mundial-4.jpg","width":1620,"height":1080},{"@type":"BreadcrumbList","@id":"https:\/\/downgalicia.org\/es\/todas-las-personas-tenemos-los-mismos-derechos-independientemente-de-nuestro-numero-de-cromosomas\/#breadcrumb","itemListElement":[{"@type":"ListItem","position":1,"name":"Portada","item":"https:\/\/downgalicia.org\/es\/"},{"@type":"ListItem","position":2,"name":"\u201cTodas las personas tenemos los mismos derechos independientemente de nuestro n\u00famero de cromosomas\u201d"}]},{"@type":"WebSite","@id":"https:\/\/downgalicia.org\/es\/#website","url":"https:\/\/downgalicia.org\/es\/","name":"Federaci\u00f3n Down Galicia","description":"Apoio a persoas con S\u00edndrome de Down","publisher":{"@id":"https:\/\/downgalicia.org\/es\/#organization"},"potentialAction":[{"@type":"SearchAction","target":{"@type":"EntryPoint","urlTemplate":"https:\/\/downgalicia.org\/es\/?s={search_term_string}"},"query-input":{"@type":"PropertyValueSpecification","valueRequired":true,"valueName":"search_term_string"}}],"inLanguage":"es"},{"@type":"Organization","@id":"https:\/\/downgalicia.org\/es\/#organization","name":"Federaci\u00f3n Down Galicia","url":"https:\/\/downgalicia.org\/es\/","logo":{"@type":"ImageObject","inLanguage":"es","@id":"https:\/\/downgalicia.org\/es\/#\/schema\/logo\/image\/","url":"https:\/\/downgalicia.org\/wp-content\/uploads\/2024\/07\/logo-sindrome-down-color.svg","contentUrl":"https:\/\/downgalicia.org\/wp-content\/uploads\/2024\/07\/logo-sindrome-down-color.svg","width":271,"height":88,"caption":"Federaci\u00f3n Down Galicia"},"image":{"@id":"https:\/\/downgalicia.org\/es\/#\/schema\/logo\/image\/"}},{"@type":"Person","@id":"https:\/\/downgalicia.org\/es\/#\/schema\/person\/317730a00185114c76a219b94bddef15","name":"produccion@visualpublinet.com","image":{"@type":"ImageObject","inLanguage":"es","@id":"https:\/\/downgalicia.org\/es\/#\/schema\/person\/image\/","url":"https:\/\/secure.gravatar.com\/avatar\/282ee20c78c1b1137175d4ab9f75785d8c239d499b1376df3ba16efa213b7b10?s=96&d=mm&r=g","contentUrl":"https:\/\/secure.gravatar.com\/avatar\/282ee20c78c1b1137175d4ab9f75785d8c239d499b1376df3ba16efa213b7b10?s=96&d=mm&r=g","caption":"produccion@visualpublinet.com"},"sameAs":["https:\/\/downgalicia.org"],"url":"https:\/\/downgalicia.org\/es\/author\/produccionvisualpublinet-com\/"}]}},"_links":{"self":[{"href":"https:\/\/downgalicia.org\/es\/wp-json\/wp\/v2\/posts\/7043","targetHints":{"allow":["GET"]}}],"collection":[{"href":"https:\/\/downgalicia.org\/es\/wp-json\/wp\/v2\/posts"}],"about":[{"href":"https:\/\/downgalicia.org\/es\/wp-json\/wp\/v2\/types\/post"}],"author":[{"embeddable":true,"href":"https:\/\/downgalicia.org\/es\/wp-json\/wp\/v2\/users\/1"}],"replies":[{"embeddable":true,"href":"https:\/\/downgalicia.org\/es\/wp-json\/wp\/v2\/comments?post=7043"}],"version-history":[{"count":0,"href":"https:\/\/downgalicia.org\/es\/wp-json\/wp\/v2\/posts\/7043\/revisions"}],"wp:featuredmedia":[{"embeddable":true,"href":"https:\/\/downgalicia.org\/es\/wp-json\/wp\/v2\/media\/7044"}],"wp:attachment":[{"href":"https:\/\/downgalicia.org\/es\/wp-json\/wp\/v2\/media?parent=7043"}],"wp:term":[{"taxonomy":"category","embeddable":true,"href":"https:\/\/downgalicia.org\/es\/wp-json\/wp\/v2\/categories?post=7043"},{"taxonomy":"post_tag","embeddable":true,"href":"https:\/\/downgalicia.org\/es\/wp-json\/wp\/v2\/tags?post=7043"}],"curies":[{"name":"wp","href":"https:\/\/api.w.org\/{rel}","templated":true}]}}