{"id":7047,"date":"2018-03-20T13:33:11","date_gmt":"2018-03-20T12:33:11","guid":{"rendered":"http:\/\/downgalicia.org.136-144-253-96.136-144-253-96.visualpublinet.com\/down-galicia-y-la-fundacion-down-compostela-conmemoran-manana-el-dia-mundial-del-sindrome-de-down\/"},"modified":"2018-03-20T13:33:11","modified_gmt":"2018-03-20T12:33:11","slug":"down-galicia-y-la-fundacion-down-compostela-conmemoran-manana-el-dia-mundial-del-sindrome-de-down","status":"publish","type":"post","link":"https:\/\/downgalicia.org\/es\/down-galicia-y-la-fundacion-down-compostela-conmemoran-manana-el-dia-mundial-del-sindrome-de-down\/","title":{"rendered":"Down Galicia y la Fundaci\u00f3n Down Compostela conmemoran ma\u00f1ana el D\u00eda Mundial del s\u00edndrome de Down"},"content":{"rendered":"<p>La Federaci\u00f3n Down Galicia y la Fundaci\u00f3n Down Compostela conmemoran ma\u00f1ana, 21 de marzo, el <strong>D\u00eda Mundial da s\u00edndrome de Down <\/strong>con una gala en la Capilla Real del Hostal dos Reis Cat\u00f3licos de Santiago de Compostela. Este acto, que dar\u00e1 comienzo a las 20:00 horas, tiene como principal objetivo que las personas con s\u00edndrome de Down puedan reclamar sus derechos y defender la riqueza de una sociedad diversa y plural.<\/p>\n<p>En este d\u00eda, en el que tambi\u00e9n se conmemorar\u00e1 el 21 aniversario de la Fundaci\u00f3n Down Compostela, las personas con s\u00edndrome de Down y otras discapacidades intelectuales volver\u00e1n a ser las protagonistas de la gala, ya que ser\u00e1n las encargadas de conducir el acto, leer el <em>Manifiesto por la promoci\u00f3n de la Autonom\u00eda Personal<\/em> y entregar los VII Premios de la Fundaci\u00f3n.<\/p>\n<p>Durante el evento, las personas asistentes podr\u00e1n disfrutar tambi\u00e9n con un\u00a0 sketch de la nueva obra de teatro del Grupo de teatro Down Compostela, \u201cLa mansi\u00f3n de Jos\u00e9 Cruz\u201d, as\u00ed como del estreno del\u00a0 videoclip de la canci\u00f3n <em>Tres en raia<\/em> del grupo gallego A banda da loba.<\/p>\n<p>En el acto tambi\u00e9n intervendr\u00e1n los presidentes de la Fundaci\u00f3n Down Compostela, Juan Jes\u00fas Mart\u00ednez L\u00f3pez, y de Down Galicia,\u00a0 Delmiro Prieto Gonz\u00e1lez; el conselleiro de Pol\u00edtica Social, Jos\u00e9 Manuel Rey Varela; el conselleiro de Sanidad, Jes\u00fas V\u00e1zquez Almu\u00ed\u00f1a; y el alcalde de Santiago de Compostela, Marti\u00f1o Noriega S\u00e1nchez.<\/p>\n<p>&nbsp;<\/p>\n<p><strong>Premios Down Compostela<\/strong><\/p>\n<p>Uno de los puntos \u00e1lgidos de la noche ser\u00e1 la entrega de los VII Premios Down Compostela, que tienen por objeto reconocer la labor a favor de la promoci\u00f3n de la autonom\u00eda e igualdad de las personas con s\u00edndrome de Down y otras discapacidades intelectuales, realizado tanto por instituciones y entidades como por personas particulares.<\/p>\n<p>En este 2018 la Fundaci\u00f3n Down Compostela acord\u00f3 reconocer el trabajo que vienen realizando el Colegio \u201cNuestra Se\u00f1ora del Rosario\u201d de Arz\u00faa (colegio Atocha), la empresa Cafento, la directora del Centro Instituciones Galicia de Caixabank, Mar\u00eda Jes\u00fas Garc\u00eda Pi\u00f1eiro, y la voluntaria Malena Gonz\u00e1lez Barreiro.<\/p>\n<p>El premio consistir\u00e1 en una escultura del artista compostelano C\u00e1ndido Pazos hecha especialmente para representar estos galardones: una mano montada sobre una base de cuarzo del Pico Sacro. \u201cLa mano es la m\u00e1xima expresi\u00f3n del ser humano\u201d, se\u00f1ala el artista, quien utiliz\u00f3 los colores corporativos de la Fundaci\u00f3n (azul, amarillo y gris) para esmaltar las piezas. Con las manos, C\u00e1ndido Pazos pretende simbolizar el apoyo que los premiados dieron a las personas con s\u00edndrome de Down y la recompensa que recibieron por ello.<\/p>\n<p><strong>\u00a0<\/strong><\/p>\n<p><strong>Iluminaci\u00f3n de los principales monumentos de Galicia<\/strong><\/p>\n<p>Los principales monumentos de las siete grandes ciudades de Galicia conmemorar\u00e1n este mi\u00e9rcoles el D\u00eda Mundial del s\u00edndrome de Down. La torre de H\u00e9rcules, el Hostal dos Reis Cat\u00f3licos, la Ciudad de la Cultura, el Puente Romano de Ourense o los ayuntamientos de Ferrol, Pontevedra y Santiago de Compostela, entre otros, ser\u00e1n iluminados de azul y amarillo en la tarde-noche de este mi\u00e9rcoles 21 de marzo.<\/p>\n<p>Naciones Unidas aprob\u00f3 en noviembre de 2011 la declaraci\u00f3n de 21 de marzo como D\u00eda Mundial del s\u00edndrome de Down. Se establece esta fecha, el 21 de marzo [21\/03] como un s\u00edmbolo, en referencia a la\u00a0 triplicaci\u00f3n [trisom\u00eda] del cromosoma 21 que se traduce en la condici\u00f3n gen\u00e9tica del s\u00edndrome de Down.<\/p>\n","protected":false},"excerpt":{"rendered":"<p>La Federaci\u00f3n Down Galicia y la Fundaci\u00f3n Down Compostela conmemoran ma\u00f1ana, 21 de marzo, el D\u00eda Mundial da s\u00edndrome de Down con una gala en la Capilla Real del Hostal dos Reis Cat\u00f3licos de Santiago de Compostela. Este acto, que&#8230;<\/p>\n","protected":false},"author":1,"featured_media":7048,"comment_status":"closed","ping_status":"closed","sticky":false,"template":"","format":"standard","meta":{"_acf_changed":false,"give_campaign_id":0,"footnotes":""},"categories":[134,129,71],"tags":[],"class_list":["post-7047","post","type-post","status-publish","format-standard","has-post-thumbnail","hentry","category-down-compostela-hemeroteca-es","category-down-galicia-hemeroteca-es","category-noticias-sindrome-de-down-es"],"acf":[],"yoast_head":"<!-- This site is optimized with the Yoast SEO plugin v25.3.1 - https:\/\/yoast.com\/wordpress\/plugins\/seo\/ -->\n<title>Down Galicia y la Fundaci\u00f3n Down Compostela conmemoran ma\u00f1ana el D\u00eda Mundial del s\u00edndrome de Down &#8226; Federaci\u00f3n Down Galicia<\/title>\n<meta name=\"robots\" content=\"index, follow, max-snippet:-1, max-image-preview:large, max-video-preview:-1\" \/>\n<link rel=\"canonical\" href=\"https:\/\/downgalicia.org\/es\/down-galicia-y-la-fundacion-down-compostela-conmemoran-manana-el-dia-mundial-del-sindrome-de-down\/\" \/>\n<meta property=\"og:locale\" content=\"es_ES\" \/>\n<meta property=\"og:type\" content=\"article\" \/>\n<meta property=\"og:title\" content=\"Down Galicia y la Fundaci\u00f3n Down Compostela conmemoran ma\u00f1ana el D\u00eda Mundial del s\u00edndrome de Down &#8226; Federaci\u00f3n Down Galicia\" \/>\n<meta property=\"og:description\" content=\"La Federaci\u00f3n Down Galicia y la Fundaci\u00f3n Down Compostela conmemoran ma\u00f1ana, 21 de marzo, el D\u00eda Mundial da s\u00edndrome de Down con una gala en la Capilla Real del Hostal dos Reis Cat\u00f3licos de Santiago de Compostela. Este acto, que...\" \/>\n<meta property=\"og:url\" content=\"https:\/\/downgalicia.org\/es\/down-galicia-y-la-fundacion-down-compostela-conmemoran-manana-el-dia-mundial-del-sindrome-de-down\/\" \/>\n<meta property=\"og:site_name\" content=\"Federaci\u00f3n Down Galicia\" \/>\n<meta property=\"article:published_time\" content=\"2018-03-20T12:33:11+00:00\" \/>\n<meta property=\"og:image\" content=\"https:\/\/downgalicia.org\/wp-content\/uploads\/2025\/06\/juanito-4.jpg\" \/>\n\t<meta property=\"og:image:width\" content=\"2000\" \/>\n\t<meta property=\"og:image:height\" content=\"1333\" \/>\n\t<meta property=\"og:image:type\" content=\"image\/jpeg\" \/>\n<meta name=\"author\" content=\"produccion@visualpublinet.com\" \/>\n<meta name=\"twitter:card\" content=\"summary_large_image\" \/>\n<meta name=\"twitter:label1\" content=\"Escrito por\" \/>\n\t<meta name=\"twitter:data1\" content=\"produccion@visualpublinet.com\" \/>\n\t<meta name=\"twitter:label2\" content=\"Tiempo de lectura\" \/>\n\t<meta name=\"twitter:data2\" content=\"3 minutos\" \/>\n<script type=\"application\/ld+json\" class=\"yoast-schema-graph\">{\"@context\":\"https:\/\/schema.org\",\"@graph\":[{\"@type\":\"Article\",\"@id\":\"https:\/\/downgalicia.org\/es\/down-galicia-y-la-fundacion-down-compostela-conmemoran-manana-el-dia-mundial-del-sindrome-de-down\/#article\",\"isPartOf\":{\"@id\":\"https:\/\/downgalicia.org\/es\/down-galicia-y-la-fundacion-down-compostela-conmemoran-manana-el-dia-mundial-del-sindrome-de-down\/\"},\"author\":{\"name\":\"produccion@visualpublinet.com\",\"@id\":\"https:\/\/downgalicia.org\/es\/#\/schema\/person\/317730a00185114c76a219b94bddef15\"},\"headline\":\"Down Galicia y la Fundaci\u00f3n Down Compostela conmemoran ma\u00f1ana el D\u00eda Mundial del s\u00edndrome de Down\",\"datePublished\":\"2018-03-20T12:33:11+00:00\",\"mainEntityOfPage\":{\"@id\":\"https:\/\/downgalicia.org\/es\/down-galicia-y-la-fundacion-down-compostela-conmemoran-manana-el-dia-mundial-del-sindrome-de-down\/\"},\"wordCount\":621,\"publisher\":{\"@id\":\"https:\/\/downgalicia.org\/es\/#organization\"},\"image\":{\"@id\":\"https:\/\/downgalicia.org\/es\/down-galicia-y-la-fundacion-down-compostela-conmemoran-manana-el-dia-mundial-del-sindrome-de-down\/#primaryimage\"},\"thumbnailUrl\":\"https:\/\/downgalicia.org\/wp-content\/uploads\/2025\/06\/juanito-4.jpg\",\"articleSection\":[\"Down Compostela\",\"Down Galicia\",\"Noticias del Movimiento Down\"],\"inLanguage\":\"es\"},{\"@type\":\"WebPage\",\"@id\":\"https:\/\/downgalicia.org\/es\/down-galicia-y-la-fundacion-down-compostela-conmemoran-manana-el-dia-mundial-del-sindrome-de-down\/\",\"url\":\"https:\/\/downgalicia.org\/es\/down-galicia-y-la-fundacion-down-compostela-conmemoran-manana-el-dia-mundial-del-sindrome-de-down\/\",\"name\":\"Down Galicia y la Fundaci\u00f3n Down Compostela conmemoran ma\u00f1ana el D\u00eda Mundial del s\u00edndrome de Down &#8226; Federaci\u00f3n Down Galicia\",\"isPartOf\":{\"@id\":\"https:\/\/downgalicia.org\/es\/#website\"},\"primaryImageOfPage\":{\"@id\":\"https:\/\/downgalicia.org\/es\/down-galicia-y-la-fundacion-down-compostela-conmemoran-manana-el-dia-mundial-del-sindrome-de-down\/#primaryimage\"},\"image\":{\"@id\":\"https:\/\/downgalicia.org\/es\/down-galicia-y-la-fundacion-down-compostela-conmemoran-manana-el-dia-mundial-del-sindrome-de-down\/#primaryimage\"},\"thumbnailUrl\":\"https:\/\/downgalicia.org\/wp-content\/uploads\/2025\/06\/juanito-4.jpg\",\"datePublished\":\"2018-03-20T12:33:11+00:00\",\"breadcrumb\":{\"@id\":\"https:\/\/downgalicia.org\/es\/down-galicia-y-la-fundacion-down-compostela-conmemoran-manana-el-dia-mundial-del-sindrome-de-down\/#breadcrumb\"},\"inLanguage\":\"es\",\"potentialAction\":[{\"@type\":\"ReadAction\",\"target\":[\"https:\/\/downgalicia.org\/es\/down-galicia-y-la-fundacion-down-compostela-conmemoran-manana-el-dia-mundial-del-sindrome-de-down\/\"]}]},{\"@type\":\"ImageObject\",\"inLanguage\":\"es\",\"@id\":\"https:\/\/downgalicia.org\/es\/down-galicia-y-la-fundacion-down-compostela-conmemoran-manana-el-dia-mundial-del-sindrome-de-down\/#primaryimage\",\"url\":\"https:\/\/downgalicia.org\/wp-content\/uploads\/2025\/06\/juanito-4.jpg\",\"contentUrl\":\"https:\/\/downgalicia.org\/wp-content\/uploads\/2025\/06\/juanito-4.jpg\",\"width\":2000,\"height\":1333},{\"@type\":\"BreadcrumbList\",\"@id\":\"https:\/\/downgalicia.org\/es\/down-galicia-y-la-fundacion-down-compostela-conmemoran-manana-el-dia-mundial-del-sindrome-de-down\/#breadcrumb\",\"itemListElement\":[{\"@type\":\"ListItem\",\"position\":1,\"name\":\"Portada\",\"item\":\"https:\/\/downgalicia.org\/es\/\"},{\"@type\":\"ListItem\",\"position\":2,\"name\":\"Down Galicia y la Fundaci\u00f3n Down Compostela conmemoran ma\u00f1ana el D\u00eda Mundial del s\u00edndrome de Down\"}]},{\"@type\":\"WebSite\",\"@id\":\"https:\/\/downgalicia.org\/es\/#website\",\"url\":\"https:\/\/downgalicia.org\/es\/\",\"name\":\"Federaci\u00f3n Down Galicia\",\"description\":\"Apoio a persoas con S\u00edndrome de Down\",\"publisher\":{\"@id\":\"https:\/\/downgalicia.org\/es\/#organization\"},\"potentialAction\":[{\"@type\":\"SearchAction\",\"target\":{\"@type\":\"EntryPoint\",\"urlTemplate\":\"https:\/\/downgalicia.org\/es\/?s={search_term_string}\"},\"query-input\":{\"@type\":\"PropertyValueSpecification\",\"valueRequired\":true,\"valueName\":\"search_term_string\"}}],\"inLanguage\":\"es\"},{\"@type\":\"Organization\",\"@id\":\"https:\/\/downgalicia.org\/es\/#organization\",\"name\":\"Federaci\u00f3n Down Galicia\",\"url\":\"https:\/\/downgalicia.org\/es\/\",\"logo\":{\"@type\":\"ImageObject\",\"inLanguage\":\"es\",\"@id\":\"https:\/\/downgalicia.org\/es\/#\/schema\/logo\/image\/\",\"url\":\"https:\/\/downgalicia.org\/wp-content\/uploads\/2024\/07\/logo-sindrome-down-color.svg\",\"contentUrl\":\"https:\/\/downgalicia.org\/wp-content\/uploads\/2024\/07\/logo-sindrome-down-color.svg\",\"width\":271,\"height\":88,\"caption\":\"Federaci\u00f3n Down Galicia\"},\"image\":{\"@id\":\"https:\/\/downgalicia.org\/es\/#\/schema\/logo\/image\/\"}},{\"@type\":\"Person\",\"@id\":\"https:\/\/downgalicia.org\/es\/#\/schema\/person\/317730a00185114c76a219b94bddef15\",\"name\":\"produccion@visualpublinet.com\",\"image\":{\"@type\":\"ImageObject\",\"inLanguage\":\"es\",\"@id\":\"https:\/\/downgalicia.org\/es\/#\/schema\/person\/image\/\",\"url\":\"https:\/\/secure.gravatar.com\/avatar\/282ee20c78c1b1137175d4ab9f75785d8c239d499b1376df3ba16efa213b7b10?s=96&d=mm&r=g\",\"contentUrl\":\"https:\/\/secure.gravatar.com\/avatar\/282ee20c78c1b1137175d4ab9f75785d8c239d499b1376df3ba16efa213b7b10?s=96&d=mm&r=g\",\"caption\":\"produccion@visualpublinet.com\"},\"sameAs\":[\"https:\/\/downgalicia.org\"],\"url\":\"https:\/\/downgalicia.org\/es\/author\/produccionvisualpublinet-com\/\"}]}<\/script>\n<!-- \/ Yoast SEO plugin. -->","yoast_head_json":{"title":"Down Galicia y la Fundaci\u00f3n Down Compostela conmemoran ma\u00f1ana el D\u00eda Mundial del s\u00edndrome de Down &#8226; Federaci\u00f3n Down Galicia","robots":{"index":"index","follow":"follow","max-snippet":"max-snippet:-1","max-image-preview":"max-image-preview:large","max-video-preview":"max-video-preview:-1"},"canonical":"https:\/\/downgalicia.org\/es\/down-galicia-y-la-fundacion-down-compostela-conmemoran-manana-el-dia-mundial-del-sindrome-de-down\/","og_locale":"es_ES","og_type":"article","og_title":"Down Galicia y la Fundaci\u00f3n Down Compostela conmemoran ma\u00f1ana el D\u00eda Mundial del s\u00edndrome de Down &#8226; Federaci\u00f3n Down Galicia","og_description":"La Federaci\u00f3n Down Galicia y la Fundaci\u00f3n Down Compostela conmemoran ma\u00f1ana, 21 de marzo, el D\u00eda Mundial da s\u00edndrome de Down con una gala en la Capilla Real del Hostal dos Reis Cat\u00f3licos de Santiago de Compostela. Este acto, que...","og_url":"https:\/\/downgalicia.org\/es\/down-galicia-y-la-fundacion-down-compostela-conmemoran-manana-el-dia-mundial-del-sindrome-de-down\/","og_site_name":"Federaci\u00f3n Down Galicia","article_published_time":"2018-03-20T12:33:11+00:00","og_image":[{"width":2000,"height":1333,"url":"https:\/\/downgalicia.org\/wp-content\/uploads\/2025\/06\/juanito-4.jpg","type":"image\/jpeg"}],"author":"produccion@visualpublinet.com","twitter_card":"summary_large_image","twitter_misc":{"Escrito por":"produccion@visualpublinet.com","Tiempo de lectura":"3 minutos"},"schema":{"@context":"https:\/\/schema.org","@graph":[{"@type":"Article","@id":"https:\/\/downgalicia.org\/es\/down-galicia-y-la-fundacion-down-compostela-conmemoran-manana-el-dia-mundial-del-sindrome-de-down\/#article","isPartOf":{"@id":"https:\/\/downgalicia.org\/es\/down-galicia-y-la-fundacion-down-compostela-conmemoran-manana-el-dia-mundial-del-sindrome-de-down\/"},"author":{"name":"produccion@visualpublinet.com","@id":"https:\/\/downgalicia.org\/es\/#\/schema\/person\/317730a00185114c76a219b94bddef15"},"headline":"Down Galicia y la Fundaci\u00f3n Down Compostela conmemoran ma\u00f1ana el D\u00eda Mundial del s\u00edndrome de Down","datePublished":"2018-03-20T12:33:11+00:00","mainEntityOfPage":{"@id":"https:\/\/downgalicia.org\/es\/down-galicia-y-la-fundacion-down-compostela-conmemoran-manana-el-dia-mundial-del-sindrome-de-down\/"},"wordCount":621,"publisher":{"@id":"https:\/\/downgalicia.org\/es\/#organization"},"image":{"@id":"https:\/\/downgalicia.org\/es\/down-galicia-y-la-fundacion-down-compostela-conmemoran-manana-el-dia-mundial-del-sindrome-de-down\/#primaryimage"},"thumbnailUrl":"https:\/\/downgalicia.org\/wp-content\/uploads\/2025\/06\/juanito-4.jpg","articleSection":["Down Compostela","Down Galicia","Noticias del Movimiento Down"],"inLanguage":"es"},{"@type":"WebPage","@id":"https:\/\/downgalicia.org\/es\/down-galicia-y-la-fundacion-down-compostela-conmemoran-manana-el-dia-mundial-del-sindrome-de-down\/","url":"https:\/\/downgalicia.org\/es\/down-galicia-y-la-fundacion-down-compostela-conmemoran-manana-el-dia-mundial-del-sindrome-de-down\/","name":"Down Galicia y la Fundaci\u00f3n Down Compostela conmemoran ma\u00f1ana el D\u00eda Mundial del s\u00edndrome de Down &#8226; Federaci\u00f3n Down Galicia","isPartOf":{"@id":"https:\/\/downgalicia.org\/es\/#website"},"primaryImageOfPage":{"@id":"https:\/\/downgalicia.org\/es\/down-galicia-y-la-fundacion-down-compostela-conmemoran-manana-el-dia-mundial-del-sindrome-de-down\/#primaryimage"},"image":{"@id":"https:\/\/downgalicia.org\/es\/down-galicia-y-la-fundacion-down-compostela-conmemoran-manana-el-dia-mundial-del-sindrome-de-down\/#primaryimage"},"thumbnailUrl":"https:\/\/downgalicia.org\/wp-content\/uploads\/2025\/06\/juanito-4.jpg","datePublished":"2018-03-20T12:33:11+00:00","breadcrumb":{"@id":"https:\/\/downgalicia.org\/es\/down-galicia-y-la-fundacion-down-compostela-conmemoran-manana-el-dia-mundial-del-sindrome-de-down\/#breadcrumb"},"inLanguage":"es","potentialAction":[{"@type":"ReadAction","target":["https:\/\/downgalicia.org\/es\/down-galicia-y-la-fundacion-down-compostela-conmemoran-manana-el-dia-mundial-del-sindrome-de-down\/"]}]},{"@type":"ImageObject","inLanguage":"es","@id":"https:\/\/downgalicia.org\/es\/down-galicia-y-la-fundacion-down-compostela-conmemoran-manana-el-dia-mundial-del-sindrome-de-down\/#primaryimage","url":"https:\/\/downgalicia.org\/wp-content\/uploads\/2025\/06\/juanito-4.jpg","contentUrl":"https:\/\/downgalicia.org\/wp-content\/uploads\/2025\/06\/juanito-4.jpg","width":2000,"height":1333},{"@type":"BreadcrumbList","@id":"https:\/\/downgalicia.org\/es\/down-galicia-y-la-fundacion-down-compostela-conmemoran-manana-el-dia-mundial-del-sindrome-de-down\/#breadcrumb","itemListElement":[{"@type":"ListItem","position":1,"name":"Portada","item":"https:\/\/downgalicia.org\/es\/"},{"@type":"ListItem","position":2,"name":"Down Galicia y la Fundaci\u00f3n Down Compostela conmemoran ma\u00f1ana el D\u00eda Mundial del s\u00edndrome de Down"}]},{"@type":"WebSite","@id":"https:\/\/downgalicia.org\/es\/#website","url":"https:\/\/downgalicia.org\/es\/","name":"Federaci\u00f3n Down Galicia","description":"Apoio a persoas con S\u00edndrome de Down","publisher":{"@id":"https:\/\/downgalicia.org\/es\/#organization"},"potentialAction":[{"@type":"SearchAction","target":{"@type":"EntryPoint","urlTemplate":"https:\/\/downgalicia.org\/es\/?s={search_term_string}"},"query-input":{"@type":"PropertyValueSpecification","valueRequired":true,"valueName":"search_term_string"}}],"inLanguage":"es"},{"@type":"Organization","@id":"https:\/\/downgalicia.org\/es\/#organization","name":"Federaci\u00f3n Down Galicia","url":"https:\/\/downgalicia.org\/es\/","logo":{"@type":"ImageObject","inLanguage":"es","@id":"https:\/\/downgalicia.org\/es\/#\/schema\/logo\/image\/","url":"https:\/\/downgalicia.org\/wp-content\/uploads\/2024\/07\/logo-sindrome-down-color.svg","contentUrl":"https:\/\/downgalicia.org\/wp-content\/uploads\/2024\/07\/logo-sindrome-down-color.svg","width":271,"height":88,"caption":"Federaci\u00f3n Down Galicia"},"image":{"@id":"https:\/\/downgalicia.org\/es\/#\/schema\/logo\/image\/"}},{"@type":"Person","@id":"https:\/\/downgalicia.org\/es\/#\/schema\/person\/317730a00185114c76a219b94bddef15","name":"produccion@visualpublinet.com","image":{"@type":"ImageObject","inLanguage":"es","@id":"https:\/\/downgalicia.org\/es\/#\/schema\/person\/image\/","url":"https:\/\/secure.gravatar.com\/avatar\/282ee20c78c1b1137175d4ab9f75785d8c239d499b1376df3ba16efa213b7b10?s=96&d=mm&r=g","contentUrl":"https:\/\/secure.gravatar.com\/avatar\/282ee20c78c1b1137175d4ab9f75785d8c239d499b1376df3ba16efa213b7b10?s=96&d=mm&r=g","caption":"produccion@visualpublinet.com"},"sameAs":["https:\/\/downgalicia.org"],"url":"https:\/\/downgalicia.org\/es\/author\/produccionvisualpublinet-com\/"}]}},"_links":{"self":[{"href":"https:\/\/downgalicia.org\/es\/wp-json\/wp\/v2\/posts\/7047","targetHints":{"allow":["GET"]}}],"collection":[{"href":"https:\/\/downgalicia.org\/es\/wp-json\/wp\/v2\/posts"}],"about":[{"href":"https:\/\/downgalicia.org\/es\/wp-json\/wp\/v2\/types\/post"}],"author":[{"embeddable":true,"href":"https:\/\/downgalicia.org\/es\/wp-json\/wp\/v2\/users\/1"}],"replies":[{"embeddable":true,"href":"https:\/\/downgalicia.org\/es\/wp-json\/wp\/v2\/comments?post=7047"}],"version-history":[{"count":0,"href":"https:\/\/downgalicia.org\/es\/wp-json\/wp\/v2\/posts\/7047\/revisions"}],"wp:featuredmedia":[{"embeddable":true,"href":"https:\/\/downgalicia.org\/es\/wp-json\/wp\/v2\/media\/7048"}],"wp:attachment":[{"href":"https:\/\/downgalicia.org\/es\/wp-json\/wp\/v2\/media?parent=7047"}],"wp:term":[{"taxonomy":"category","embeddable":true,"href":"https:\/\/downgalicia.org\/es\/wp-json\/wp\/v2\/categories?post=7047"},{"taxonomy":"post_tag","embeddable":true,"href":"https:\/\/downgalicia.org\/es\/wp-json\/wp\/v2\/tags?post=7047"}],"curies":[{"name":"wp","href":"https:\/\/api.w.org\/{rel}","templated":true}]}}