{"id":7244,"date":"2017-10-05T14:03:18","date_gmt":"2017-10-05T12:03:18","guid":{"rendered":"http:\/\/downgalicia.org.136-144-253-96.136-144-253-96.visualpublinet.com\/fotografias-de-personas-usuarias-de-down-lugo-protagonizan-una-muestra-en-la-capilla-de-santa-maria\/"},"modified":"2017-10-05T14:03:18","modified_gmt":"2017-10-05T12:03:18","slug":"fotografias-de-personas-usuarias-de-down-lugo-protagonizan-una-muestra-en-la-capilla-de-santa-maria","status":"publish","type":"post","link":"https:\/\/downgalicia.org\/es\/fotografias-de-personas-usuarias-de-down-lugo-protagonizan-una-muestra-en-la-capilla-de-santa-maria\/","title":{"rendered":"Fotograf\u00edas de personas usuarias de Down Lugo protagonizan una muestra en la Capilla de Santa Mar\u00eda"},"content":{"rendered":"<p>El pasado martes 3 de octubre se inauguraba en Lugo la muestra fotogr\u00e1fica \u201cEnfocando Historias\u201d. La capilla del Hogar de Santa Mar\u00eda acoger\u00e1 hasta el 29 de octubre esta exposici\u00f3n gratuita, que recoge 36 fotograf\u00edas realizadas por 17 personas usuarias de Down Lugo dirigidas por la fot\u00f3grafa Aleksandra Dmitrieva, voluntaria desde hace dos a\u00f1os en la Asociaci\u00f3n y encargada de impartir el taller de fotograf\u00eda. En estas sesiones participaron tambi\u00e9n doce voluntarios de la Asociaci\u00f3n S\u00e9nior de Telef\u00f3nica de Lugo (ASTELU) y de Down de la provincia de Lugo.<\/p>\n<p>Los artistas crearon cuatro historias que posteriormente plasmaron en fotos. As\u00ed, cada narraci\u00f3n se cuenta en un m\u00e1ximo de 10 instant\u00e1neas, todas ellas ambientadas en la playa de Pe\u00f1arronda. El trabajo, que se enmarca en las actividades de la Fundaci\u00f3n Telef\u00f3nica de Madrid, comenz\u00f3 a finales del mes de mayo.<\/p>\n<p>Al acto de inauguraci\u00f3n asistieron la Diputada de Cultura, Pilar Garc\u00eda Porto; la Concelleira de Benestar, Ana Gonz\u00e1lez Abelleira; el Delegado Territorial de la Xunta, Jos\u00e9 Manuel Balseiro; y la Presidenta de Down Lugo, Mar\u00eda Jos\u00e9 Blanco.<\/p>\n<p>Garc\u00eda Porto destac\u00f3 en su intervenci\u00f3n que \u201ccon esta muestra, desde lo Ejecutivo Provincial queremos trasladar e incidir en nuestro mensaje de que todas las personas tenemos capacidades diferentes. Algunas de ellas extraordinarias, que son las que hacen posible a elaboraci\u00f3n de proyectos art\u00edsticos como el que hoy nos enorgullece traer la esta sala exposiciones\u201d.<\/p>\n<p>Ainara Garea, educadora y responsable de Ocio en la Vida Adulta en Down Lugo, recalc\u00f3 la importancia de estas actividades, para mostrar &#8220;que los j\u00f3venes tienen intereses comunes a todo el mundo, y con esto tienen la oportunidad de tener actividades adaptadas y que pueden compartir con otros&#8221;. Adem\u00e1s, afirm\u00f3 que la fotograf\u00eda &#8220;es un \u00e1mbito que les interesa mucho&#8221;.<\/p>\n<p>El horario de la muestra es de lunes a viernes de 10:30 a 14:00 horas y de 17:00 a 20:00 horas; s\u00e1bados, domingos y festivos de 11:00 a 14:00 horas y de 16:30 a 20:00 horas.<\/p>\n","protected":false},"excerpt":{"rendered":"<p>El pasado martes 3 de octubre se inauguraba en Lugo la muestra fotogr\u00e1fica \u201cEnfocando Historias\u201d. La capilla del Hogar de Santa Mar\u00eda acoger\u00e1 hasta el 29 de octubre esta exposici\u00f3n gratuita, que recoge 36 fotograf\u00edas realizadas por 17 personas usuarias&#8230;<\/p>\n","protected":false},"author":1,"featured_media":7245,"comment_status":"closed","ping_status":"closed","sticky":false,"template":"","format":"standard","meta":{"_acf_changed":false,"give_campaign_id":0,"footnotes":""},"categories":[125,71,117],"tags":[],"class_list":["post-7244","post","type-post","status-publish","format-standard","has-post-thumbnail","hentry","category-down-lugo-hemeroteca-es","category-noticias-sindrome-de-down-es","category-ocio-e-tempo-de-lecer-hemeroteca-es"],"acf":[],"yoast_head":"<!-- This site is optimized with the Yoast SEO plugin v25.3.1 - https:\/\/yoast.com\/wordpress\/plugins\/seo\/ -->\n<title>Fotograf\u00edas de personas usuarias de Down Lugo protagonizan una muestra en la Capilla de Santa Mar\u00eda &#8226; Federaci\u00f3n Down Galicia<\/title>\n<meta name=\"robots\" content=\"index, follow, max-snippet:-1, max-image-preview:large, max-video-preview:-1\" \/>\n<link rel=\"canonical\" href=\"https:\/\/downgalicia.org\/es\/fotografias-de-personas-usuarias-de-down-lugo-protagonizan-una-muestra-en-la-capilla-de-santa-maria\/\" \/>\n<meta property=\"og:locale\" content=\"es_ES\" \/>\n<meta property=\"og:type\" content=\"article\" \/>\n<meta property=\"og:title\" content=\"Fotograf\u00edas de personas usuarias de Down Lugo protagonizan una muestra en la Capilla de Santa Mar\u00eda &#8226; Federaci\u00f3n Down Galicia\" \/>\n<meta property=\"og:description\" content=\"El pasado martes 3 de octubre se inauguraba en Lugo la muestra fotogr\u00e1fica \u201cEnfocando Historias\u201d. La capilla del Hogar de Santa Mar\u00eda acoger\u00e1 hasta el 29 de octubre esta exposici\u00f3n gratuita, que recoge 36 fotograf\u00edas realizadas por 17 personas usuarias...\" \/>\n<meta property=\"og:url\" content=\"https:\/\/downgalicia.org\/es\/fotografias-de-personas-usuarias-de-down-lugo-protagonizan-una-muestra-en-la-capilla-de-santa-maria\/\" \/>\n<meta property=\"og:site_name\" content=\"Federaci\u00f3n Down Galicia\" \/>\n<meta property=\"article:published_time\" content=\"2017-10-05T12:03:18+00:00\" \/>\n<meta property=\"og:image\" content=\"https:\/\/downgalicia.org\/wp-content\/uploads\/2025\/06\/Mostra-Down-Lugo-1-4.jpg\" \/>\n\t<meta property=\"og:image:width\" content=\"1152\" \/>\n\t<meta property=\"og:image:height\" content=\"768\" \/>\n\t<meta property=\"og:image:type\" content=\"image\/jpeg\" \/>\n<meta name=\"author\" content=\"produccion@visualpublinet.com\" \/>\n<meta name=\"twitter:card\" content=\"summary_large_image\" \/>\n<meta name=\"twitter:label1\" content=\"Escrito por\" \/>\n\t<meta name=\"twitter:data1\" content=\"produccion@visualpublinet.com\" \/>\n\t<meta name=\"twitter:label2\" content=\"Tiempo de lectura\" \/>\n\t<meta name=\"twitter:data2\" content=\"2 minutos\" \/>\n<script type=\"application\/ld+json\" class=\"yoast-schema-graph\">{\"@context\":\"https:\/\/schema.org\",\"@graph\":[{\"@type\":\"Article\",\"@id\":\"https:\/\/downgalicia.org\/es\/fotografias-de-personas-usuarias-de-down-lugo-protagonizan-una-muestra-en-la-capilla-de-santa-maria\/#article\",\"isPartOf\":{\"@id\":\"https:\/\/downgalicia.org\/es\/fotografias-de-personas-usuarias-de-down-lugo-protagonizan-una-muestra-en-la-capilla-de-santa-maria\/\"},\"author\":{\"name\":\"produccion@visualpublinet.com\",\"@id\":\"https:\/\/downgalicia.org\/es\/#\/schema\/person\/317730a00185114c76a219b94bddef15\"},\"headline\":\"Fotograf\u00edas de personas usuarias de Down Lugo protagonizan una muestra en la Capilla de Santa Mar\u00eda\",\"datePublished\":\"2017-10-05T12:03:18+00:00\",\"mainEntityOfPage\":{\"@id\":\"https:\/\/downgalicia.org\/es\/fotografias-de-personas-usuarias-de-down-lugo-protagonizan-una-muestra-en-la-capilla-de-santa-maria\/\"},\"wordCount\":362,\"publisher\":{\"@id\":\"https:\/\/downgalicia.org\/es\/#organization\"},\"image\":{\"@id\":\"https:\/\/downgalicia.org\/es\/fotografias-de-personas-usuarias-de-down-lugo-protagonizan-una-muestra-en-la-capilla-de-santa-maria\/#primaryimage\"},\"thumbnailUrl\":\"https:\/\/downgalicia.org\/wp-content\/uploads\/2025\/06\/Mostra-Down-Lugo-1-4.jpg\",\"articleSection\":[\"Down Lugo\",\"Noticias del Movimiento Down\",\"Ocio e tempo de lecer\"],\"inLanguage\":\"es\"},{\"@type\":\"WebPage\",\"@id\":\"https:\/\/downgalicia.org\/es\/fotografias-de-personas-usuarias-de-down-lugo-protagonizan-una-muestra-en-la-capilla-de-santa-maria\/\",\"url\":\"https:\/\/downgalicia.org\/es\/fotografias-de-personas-usuarias-de-down-lugo-protagonizan-una-muestra-en-la-capilla-de-santa-maria\/\",\"name\":\"Fotograf\u00edas de personas usuarias de Down Lugo protagonizan una muestra en la Capilla de Santa Mar\u00eda &#8226; Federaci\u00f3n Down Galicia\",\"isPartOf\":{\"@id\":\"https:\/\/downgalicia.org\/es\/#website\"},\"primaryImageOfPage\":{\"@id\":\"https:\/\/downgalicia.org\/es\/fotografias-de-personas-usuarias-de-down-lugo-protagonizan-una-muestra-en-la-capilla-de-santa-maria\/#primaryimage\"},\"image\":{\"@id\":\"https:\/\/downgalicia.org\/es\/fotografias-de-personas-usuarias-de-down-lugo-protagonizan-una-muestra-en-la-capilla-de-santa-maria\/#primaryimage\"},\"thumbnailUrl\":\"https:\/\/downgalicia.org\/wp-content\/uploads\/2025\/06\/Mostra-Down-Lugo-1-4.jpg\",\"datePublished\":\"2017-10-05T12:03:18+00:00\",\"breadcrumb\":{\"@id\":\"https:\/\/downgalicia.org\/es\/fotografias-de-personas-usuarias-de-down-lugo-protagonizan-una-muestra-en-la-capilla-de-santa-maria\/#breadcrumb\"},\"inLanguage\":\"es\",\"potentialAction\":[{\"@type\":\"ReadAction\",\"target\":[\"https:\/\/downgalicia.org\/es\/fotografias-de-personas-usuarias-de-down-lugo-protagonizan-una-muestra-en-la-capilla-de-santa-maria\/\"]}]},{\"@type\":\"ImageObject\",\"inLanguage\":\"es\",\"@id\":\"https:\/\/downgalicia.org\/es\/fotografias-de-personas-usuarias-de-down-lugo-protagonizan-una-muestra-en-la-capilla-de-santa-maria\/#primaryimage\",\"url\":\"https:\/\/downgalicia.org\/wp-content\/uploads\/2025\/06\/Mostra-Down-Lugo-1-4.jpg\",\"contentUrl\":\"https:\/\/downgalicia.org\/wp-content\/uploads\/2025\/06\/Mostra-Down-Lugo-1-4.jpg\",\"width\":1152,\"height\":768},{\"@type\":\"BreadcrumbList\",\"@id\":\"https:\/\/downgalicia.org\/es\/fotografias-de-personas-usuarias-de-down-lugo-protagonizan-una-muestra-en-la-capilla-de-santa-maria\/#breadcrumb\",\"itemListElement\":[{\"@type\":\"ListItem\",\"position\":1,\"name\":\"Portada\",\"item\":\"https:\/\/downgalicia.org\/es\/\"},{\"@type\":\"ListItem\",\"position\":2,\"name\":\"Fotograf\u00edas de personas usuarias de Down Lugo protagonizan una muestra en la Capilla de Santa Mar\u00eda\"}]},{\"@type\":\"WebSite\",\"@id\":\"https:\/\/downgalicia.org\/es\/#website\",\"url\":\"https:\/\/downgalicia.org\/es\/\",\"name\":\"Federaci\u00f3n Down Galicia\",\"description\":\"Apoio a persoas con S\u00edndrome de Down\",\"publisher\":{\"@id\":\"https:\/\/downgalicia.org\/es\/#organization\"},\"potentialAction\":[{\"@type\":\"SearchAction\",\"target\":{\"@type\":\"EntryPoint\",\"urlTemplate\":\"https:\/\/downgalicia.org\/es\/?s={search_term_string}\"},\"query-input\":{\"@type\":\"PropertyValueSpecification\",\"valueRequired\":true,\"valueName\":\"search_term_string\"}}],\"inLanguage\":\"es\"},{\"@type\":\"Organization\",\"@id\":\"https:\/\/downgalicia.org\/es\/#organization\",\"name\":\"Federaci\u00f3n Down Galicia\",\"url\":\"https:\/\/downgalicia.org\/es\/\",\"logo\":{\"@type\":\"ImageObject\",\"inLanguage\":\"es\",\"@id\":\"https:\/\/downgalicia.org\/es\/#\/schema\/logo\/image\/\",\"url\":\"https:\/\/downgalicia.org\/wp-content\/uploads\/2024\/07\/logo-sindrome-down-color.svg\",\"contentUrl\":\"https:\/\/downgalicia.org\/wp-content\/uploads\/2024\/07\/logo-sindrome-down-color.svg\",\"width\":271,\"height\":88,\"caption\":\"Federaci\u00f3n Down Galicia\"},\"image\":{\"@id\":\"https:\/\/downgalicia.org\/es\/#\/schema\/logo\/image\/\"}},{\"@type\":\"Person\",\"@id\":\"https:\/\/downgalicia.org\/es\/#\/schema\/person\/317730a00185114c76a219b94bddef15\",\"name\":\"produccion@visualpublinet.com\",\"image\":{\"@type\":\"ImageObject\",\"inLanguage\":\"es\",\"@id\":\"https:\/\/downgalicia.org\/es\/#\/schema\/person\/image\/\",\"url\":\"https:\/\/secure.gravatar.com\/avatar\/282ee20c78c1b1137175d4ab9f75785d8c239d499b1376df3ba16efa213b7b10?s=96&d=mm&r=g\",\"contentUrl\":\"https:\/\/secure.gravatar.com\/avatar\/282ee20c78c1b1137175d4ab9f75785d8c239d499b1376df3ba16efa213b7b10?s=96&d=mm&r=g\",\"caption\":\"produccion@visualpublinet.com\"},\"sameAs\":[\"https:\/\/downgalicia.org\"],\"url\":\"https:\/\/downgalicia.org\/es\/author\/produccionvisualpublinet-com\/\"}]}<\/script>\n<!-- \/ Yoast SEO plugin. -->","yoast_head_json":{"title":"Fotograf\u00edas de personas usuarias de Down Lugo protagonizan una muestra en la Capilla de Santa Mar\u00eda &#8226; Federaci\u00f3n Down Galicia","robots":{"index":"index","follow":"follow","max-snippet":"max-snippet:-1","max-image-preview":"max-image-preview:large","max-video-preview":"max-video-preview:-1"},"canonical":"https:\/\/downgalicia.org\/es\/fotografias-de-personas-usuarias-de-down-lugo-protagonizan-una-muestra-en-la-capilla-de-santa-maria\/","og_locale":"es_ES","og_type":"article","og_title":"Fotograf\u00edas de personas usuarias de Down Lugo protagonizan una muestra en la Capilla de Santa Mar\u00eda &#8226; Federaci\u00f3n Down Galicia","og_description":"El pasado martes 3 de octubre se inauguraba en Lugo la muestra fotogr\u00e1fica \u201cEnfocando Historias\u201d. La capilla del Hogar de Santa Mar\u00eda acoger\u00e1 hasta el 29 de octubre esta exposici\u00f3n gratuita, que recoge 36 fotograf\u00edas realizadas por 17 personas usuarias...","og_url":"https:\/\/downgalicia.org\/es\/fotografias-de-personas-usuarias-de-down-lugo-protagonizan-una-muestra-en-la-capilla-de-santa-maria\/","og_site_name":"Federaci\u00f3n Down Galicia","article_published_time":"2017-10-05T12:03:18+00:00","og_image":[{"width":1152,"height":768,"url":"https:\/\/downgalicia.org\/wp-content\/uploads\/2025\/06\/Mostra-Down-Lugo-1-4.jpg","type":"image\/jpeg"}],"author":"produccion@visualpublinet.com","twitter_card":"summary_large_image","twitter_misc":{"Escrito por":"produccion@visualpublinet.com","Tiempo de lectura":"2 minutos"},"schema":{"@context":"https:\/\/schema.org","@graph":[{"@type":"Article","@id":"https:\/\/downgalicia.org\/es\/fotografias-de-personas-usuarias-de-down-lugo-protagonizan-una-muestra-en-la-capilla-de-santa-maria\/#article","isPartOf":{"@id":"https:\/\/downgalicia.org\/es\/fotografias-de-personas-usuarias-de-down-lugo-protagonizan-una-muestra-en-la-capilla-de-santa-maria\/"},"author":{"name":"produccion@visualpublinet.com","@id":"https:\/\/downgalicia.org\/es\/#\/schema\/person\/317730a00185114c76a219b94bddef15"},"headline":"Fotograf\u00edas de personas usuarias de Down Lugo protagonizan una muestra en la Capilla de Santa Mar\u00eda","datePublished":"2017-10-05T12:03:18+00:00","mainEntityOfPage":{"@id":"https:\/\/downgalicia.org\/es\/fotografias-de-personas-usuarias-de-down-lugo-protagonizan-una-muestra-en-la-capilla-de-santa-maria\/"},"wordCount":362,"publisher":{"@id":"https:\/\/downgalicia.org\/es\/#organization"},"image":{"@id":"https:\/\/downgalicia.org\/es\/fotografias-de-personas-usuarias-de-down-lugo-protagonizan-una-muestra-en-la-capilla-de-santa-maria\/#primaryimage"},"thumbnailUrl":"https:\/\/downgalicia.org\/wp-content\/uploads\/2025\/06\/Mostra-Down-Lugo-1-4.jpg","articleSection":["Down Lugo","Noticias del Movimiento Down","Ocio e tempo de lecer"],"inLanguage":"es"},{"@type":"WebPage","@id":"https:\/\/downgalicia.org\/es\/fotografias-de-personas-usuarias-de-down-lugo-protagonizan-una-muestra-en-la-capilla-de-santa-maria\/","url":"https:\/\/downgalicia.org\/es\/fotografias-de-personas-usuarias-de-down-lugo-protagonizan-una-muestra-en-la-capilla-de-santa-maria\/","name":"Fotograf\u00edas de personas usuarias de Down Lugo protagonizan una muestra en la Capilla de Santa Mar\u00eda &#8226; Federaci\u00f3n Down Galicia","isPartOf":{"@id":"https:\/\/downgalicia.org\/es\/#website"},"primaryImageOfPage":{"@id":"https:\/\/downgalicia.org\/es\/fotografias-de-personas-usuarias-de-down-lugo-protagonizan-una-muestra-en-la-capilla-de-santa-maria\/#primaryimage"},"image":{"@id":"https:\/\/downgalicia.org\/es\/fotografias-de-personas-usuarias-de-down-lugo-protagonizan-una-muestra-en-la-capilla-de-santa-maria\/#primaryimage"},"thumbnailUrl":"https:\/\/downgalicia.org\/wp-content\/uploads\/2025\/06\/Mostra-Down-Lugo-1-4.jpg","datePublished":"2017-10-05T12:03:18+00:00","breadcrumb":{"@id":"https:\/\/downgalicia.org\/es\/fotografias-de-personas-usuarias-de-down-lugo-protagonizan-una-muestra-en-la-capilla-de-santa-maria\/#breadcrumb"},"inLanguage":"es","potentialAction":[{"@type":"ReadAction","target":["https:\/\/downgalicia.org\/es\/fotografias-de-personas-usuarias-de-down-lugo-protagonizan-una-muestra-en-la-capilla-de-santa-maria\/"]}]},{"@type":"ImageObject","inLanguage":"es","@id":"https:\/\/downgalicia.org\/es\/fotografias-de-personas-usuarias-de-down-lugo-protagonizan-una-muestra-en-la-capilla-de-santa-maria\/#primaryimage","url":"https:\/\/downgalicia.org\/wp-content\/uploads\/2025\/06\/Mostra-Down-Lugo-1-4.jpg","contentUrl":"https:\/\/downgalicia.org\/wp-content\/uploads\/2025\/06\/Mostra-Down-Lugo-1-4.jpg","width":1152,"height":768},{"@type":"BreadcrumbList","@id":"https:\/\/downgalicia.org\/es\/fotografias-de-personas-usuarias-de-down-lugo-protagonizan-una-muestra-en-la-capilla-de-santa-maria\/#breadcrumb","itemListElement":[{"@type":"ListItem","position":1,"name":"Portada","item":"https:\/\/downgalicia.org\/es\/"},{"@type":"ListItem","position":2,"name":"Fotograf\u00edas de personas usuarias de Down Lugo protagonizan una muestra en la Capilla de Santa Mar\u00eda"}]},{"@type":"WebSite","@id":"https:\/\/downgalicia.org\/es\/#website","url":"https:\/\/downgalicia.org\/es\/","name":"Federaci\u00f3n Down Galicia","description":"Apoio a persoas con S\u00edndrome de Down","publisher":{"@id":"https:\/\/downgalicia.org\/es\/#organization"},"potentialAction":[{"@type":"SearchAction","target":{"@type":"EntryPoint","urlTemplate":"https:\/\/downgalicia.org\/es\/?s={search_term_string}"},"query-input":{"@type":"PropertyValueSpecification","valueRequired":true,"valueName":"search_term_string"}}],"inLanguage":"es"},{"@type":"Organization","@id":"https:\/\/downgalicia.org\/es\/#organization","name":"Federaci\u00f3n Down Galicia","url":"https:\/\/downgalicia.org\/es\/","logo":{"@type":"ImageObject","inLanguage":"es","@id":"https:\/\/downgalicia.org\/es\/#\/schema\/logo\/image\/","url":"https:\/\/downgalicia.org\/wp-content\/uploads\/2024\/07\/logo-sindrome-down-color.svg","contentUrl":"https:\/\/downgalicia.org\/wp-content\/uploads\/2024\/07\/logo-sindrome-down-color.svg","width":271,"height":88,"caption":"Federaci\u00f3n Down Galicia"},"image":{"@id":"https:\/\/downgalicia.org\/es\/#\/schema\/logo\/image\/"}},{"@type":"Person","@id":"https:\/\/downgalicia.org\/es\/#\/schema\/person\/317730a00185114c76a219b94bddef15","name":"produccion@visualpublinet.com","image":{"@type":"ImageObject","inLanguage":"es","@id":"https:\/\/downgalicia.org\/es\/#\/schema\/person\/image\/","url":"https:\/\/secure.gravatar.com\/avatar\/282ee20c78c1b1137175d4ab9f75785d8c239d499b1376df3ba16efa213b7b10?s=96&d=mm&r=g","contentUrl":"https:\/\/secure.gravatar.com\/avatar\/282ee20c78c1b1137175d4ab9f75785d8c239d499b1376df3ba16efa213b7b10?s=96&d=mm&r=g","caption":"produccion@visualpublinet.com"},"sameAs":["https:\/\/downgalicia.org"],"url":"https:\/\/downgalicia.org\/es\/author\/produccionvisualpublinet-com\/"}]}},"_links":{"self":[{"href":"https:\/\/downgalicia.org\/es\/wp-json\/wp\/v2\/posts\/7244","targetHints":{"allow":["GET"]}}],"collection":[{"href":"https:\/\/downgalicia.org\/es\/wp-json\/wp\/v2\/posts"}],"about":[{"href":"https:\/\/downgalicia.org\/es\/wp-json\/wp\/v2\/types\/post"}],"author":[{"embeddable":true,"href":"https:\/\/downgalicia.org\/es\/wp-json\/wp\/v2\/users\/1"}],"replies":[{"embeddable":true,"href":"https:\/\/downgalicia.org\/es\/wp-json\/wp\/v2\/comments?post=7244"}],"version-history":[{"count":0,"href":"https:\/\/downgalicia.org\/es\/wp-json\/wp\/v2\/posts\/7244\/revisions"}],"wp:featuredmedia":[{"embeddable":true,"href":"https:\/\/downgalicia.org\/es\/wp-json\/wp\/v2\/media\/7245"}],"wp:attachment":[{"href":"https:\/\/downgalicia.org\/es\/wp-json\/wp\/v2\/media?parent=7244"}],"wp:term":[{"taxonomy":"category","embeddable":true,"href":"https:\/\/downgalicia.org\/es\/wp-json\/wp\/v2\/categories?post=7244"},{"taxonomy":"post_tag","embeddable":true,"href":"https:\/\/downgalicia.org\/es\/wp-json\/wp\/v2\/tags?post=7244"}],"curies":[{"name":"wp","href":"https:\/\/api.w.org\/{rel}","templated":true}]}}