{"id":7284,"date":"2017-06-25T17:45:19","date_gmt":"2017-06-25T15:45:19","guid":{"rendered":"http:\/\/downgalicia.org.136-144-253-96.136-144-253-96.visualpublinet.com\/solidaridad-y-deporte-en-la-iniciativa-solidarios-non-stop-de-bbva\/"},"modified":"2017-06-25T17:45:19","modified_gmt":"2017-06-25T15:45:19","slug":"solidaridad-y-deporte-en-la-iniciativa-solidarios-non-stop-de-bbva","status":"publish","type":"post","link":"https:\/\/downgalicia.org\/es\/solidaridad-y-deporte-en-la-iniciativa-solidarios-non-stop-de-bbva\/","title":{"rendered":"Solidaridad y deporte en la iniciativa \u2018Solidarios non stop\u2019 de BBVA"},"content":{"rendered":"<p>A lo largo de este fin de semana y desde el pasado viernes, m\u00e1s de 140 empleados y amigos de BBVA han realizado el Camino Franc\u00e9s en bicicleta. El dinero recaudado con las aportaciones por participar en esta actividad ser\u00e1 destinado de manera \u00edntegra a apoyar la labor de cuatro asociaciones sin \u00e1nimo de lucro: ASDEGAL, Federaci\u00f3n S\u00edndrome de \u00a0Down Castilla y Le\u00f3n, Down Galicia y Fundaci\u00f3n Lukas.<\/p>\n<p>Empleados de BBVA, con el apoyo de BBVA Asset Management y la colaboraci\u00f3n de la Oficina de Voluntarios de la entidad, se han unido para organizar \u201cSolidarios non stop\u201d y completar por etapas el Camino de Santiago en bicicleta por una buena causa. El prop\u00f3sito de esta iniciativa ha sido recaudar fondos para fines solidarios: los 4.000 euros de beneficio se destinar\u00e1n a apoyar diferentes proyectos de ASDEGAL, Federaci\u00f3n de S\u00edndrome de Down Castilla y Le\u00f3n, Down Galicia y Fundaci\u00f3n Lukas.<\/p>\n<p>Tras su salida el pasado viernes desde Roncesvalles y dos d\u00edas de intenso pedaleo, los integrantes de esta peculiar caravana han sido escoltados por la Polic\u00eda Local de Santiago de Compostela en su llegada a la Plaza del Obradoiro. Este lugar emblem\u00e1tico ha sido el escenario del resultado de esta haza\u00f1a. Luis Esc\u00e1mez y Javier Arias en representaci\u00f3n de la Territorial Noroeste de BBVA; y Pablo Palacio, en representaci\u00f3n de BBVA Asset Management, han sido los encargados de entregar los cheques a las cuatro asociaciones por un importe total de 4.000 euros.<\/p>\n<p>Javier Arias, empleado de BBVA y uno de los promotores de esta iniciativa, ha destacado que est\u00e1n \u201cmuy satisfechos de estar hoy aqu\u00ed, y haber conseguido apoyar a estas cuatro asociaciones haciendo el deporte que nos gusta y nos une a todos\u201d. \u201cComo empleado de BBVA me siento especialmente orgulloso de pertenecer a una entidad que continuamente est\u00e1 creando oportunidades en las sociedades donde est\u00e1 presente,\u00a0 esta iniciativa es una muestra de ello\u201d, destac\u00f3.<\/p>\n<p><strong>Sobre \u2018Solidarios non stop\u2019<\/strong><\/p>\n<p>Para organizar esta iniciativa los empleados de BBVA han contado con el apoyo de BBVA Asset, unidad del Grupo BBVA que engloba las gestoras de fondos de inversi\u00f3n y pensiones. El camino ha estado dividido en 30 etapas y se ha completado por relevos. Los equipos participantes han llevado como testigo un bid\u00f3n ciclista que se ha ido pasando hasta completar el trayecto.<\/p>\n<p>El prop\u00f3sito de esta iniciativa ha sido contribuir con la Fundaci\u00f3n Lukas en la compra de bicicletas adaptadas para personas con discapacidad severa; con ASDEGAL, en la compra de tablets para apoyar en el estudio a ni\u00f1os en situaci\u00f3n de desamparo social; con la Federaci\u00f3n Down Castilla y Le\u00f3n, en la organizaci\u00f3n del encuentro vacacional de verano para los asociados; y con Down Galicia, en un proyecto de atenci\u00f3n temprana para ni\u00f1os y ni\u00f1as.<\/p>\n","protected":false},"excerpt":{"rendered":"<p>A lo largo de este fin de semana y desde el pasado viernes, m\u00e1s de 140 empleados y amigos de BBVA han realizado el Camino Franc\u00e9s en bicicleta. El dinero recaudado con las aportaciones por participar en esta actividad ser\u00e1&#8230;<\/p>\n","protected":false},"author":1,"featured_media":7285,"comment_status":"closed","ping_status":"closed","sticky":false,"template":"","format":"standard","meta":{"_acf_changed":false,"give_campaign_id":0,"footnotes":""},"categories":[133,129,71],"tags":[],"class_list":["post-7284","post","type-post","status-publish","format-standard","has-post-thumbnail","hentry","category-atencion-tempera-hemeroteca-hemeroteca-es","category-down-galicia-hemeroteca-es","category-noticias-sindrome-de-down-es"],"acf":[],"yoast_head":"<!-- This site is optimized with the Yoast SEO plugin v25.3.1 - https:\/\/yoast.com\/wordpress\/plugins\/seo\/ -->\n<title>Solidaridad y deporte en la iniciativa \u2018Solidarios non stop\u2019 de BBVA &#8226; Federaci\u00f3n Down Galicia<\/title>\n<meta name=\"robots\" content=\"index, follow, max-snippet:-1, max-image-preview:large, max-video-preview:-1\" \/>\n<link rel=\"canonical\" href=\"https:\/\/downgalicia.org\/es\/solidaridad-y-deporte-en-la-iniciativa-solidarios-non-stop-de-bbva\/\" \/>\n<meta property=\"og:locale\" content=\"es_ES\" \/>\n<meta property=\"og:type\" content=\"article\" \/>\n<meta property=\"og:title\" content=\"Solidaridad y deporte en la iniciativa \u2018Solidarios non stop\u2019 de BBVA &#8226; Federaci\u00f3n Down Galicia\" \/>\n<meta property=\"og:description\" content=\"A lo largo de este fin de semana y desde el pasado viernes, m\u00e1s de 140 empleados y amigos de BBVA han realizado el Camino Franc\u00e9s en bicicleta. El dinero recaudado con las aportaciones por participar en esta actividad ser\u00e1...\" \/>\n<meta property=\"og:url\" content=\"https:\/\/downgalicia.org\/es\/solidaridad-y-deporte-en-la-iniciativa-solidarios-non-stop-de-bbva\/\" \/>\n<meta property=\"og:site_name\" content=\"Federaci\u00f3n Down Galicia\" \/>\n<meta property=\"article:published_time\" content=\"2017-06-25T15:45:19+00:00\" \/>\n<meta property=\"og:image\" content=\"https:\/\/downgalicia.org\/wp-content\/uploads\/2025\/06\/Solidarios-Non-Stop-9.jpg\" \/>\n\t<meta property=\"og:image:width\" content=\"1296\" \/>\n\t<meta property=\"og:image:height\" content=\"864\" \/>\n\t<meta property=\"og:image:type\" content=\"image\/jpeg\" \/>\n<meta name=\"author\" content=\"produccion@visualpublinet.com\" \/>\n<meta name=\"twitter:card\" content=\"summary_large_image\" \/>\n<meta name=\"twitter:label1\" content=\"Escrito por\" \/>\n\t<meta name=\"twitter:data1\" content=\"produccion@visualpublinet.com\" \/>\n\t<meta name=\"twitter:label2\" content=\"Tiempo de lectura\" \/>\n\t<meta name=\"twitter:data2\" content=\"2 minutos\" \/>\n<script type=\"application\/ld+json\" class=\"yoast-schema-graph\">{\"@context\":\"https:\/\/schema.org\",\"@graph\":[{\"@type\":\"Article\",\"@id\":\"https:\/\/downgalicia.org\/es\/solidaridad-y-deporte-en-la-iniciativa-solidarios-non-stop-de-bbva\/#article\",\"isPartOf\":{\"@id\":\"https:\/\/downgalicia.org\/es\/solidaridad-y-deporte-en-la-iniciativa-solidarios-non-stop-de-bbva\/\"},\"author\":{\"name\":\"produccion@visualpublinet.com\",\"@id\":\"https:\/\/downgalicia.org\/es\/#\/schema\/person\/317730a00185114c76a219b94bddef15\"},\"headline\":\"Solidaridad y deporte en la iniciativa \u2018Solidarios non stop\u2019 de BBVA\",\"datePublished\":\"2017-06-25T15:45:19+00:00\",\"mainEntityOfPage\":{\"@id\":\"https:\/\/downgalicia.org\/es\/solidaridad-y-deporte-en-la-iniciativa-solidarios-non-stop-de-bbva\/\"},\"wordCount\":496,\"publisher\":{\"@id\":\"https:\/\/downgalicia.org\/es\/#organization\"},\"image\":{\"@id\":\"https:\/\/downgalicia.org\/es\/solidaridad-y-deporte-en-la-iniciativa-solidarios-non-stop-de-bbva\/#primaryimage\"},\"thumbnailUrl\":\"https:\/\/downgalicia.org\/wp-content\/uploads\/2025\/06\/Solidarios-Non-Stop-9.jpg\",\"articleSection\":[\"Atenci\u00f3n temper\u00e1\",\"Down Galicia\",\"Noticias del Movimiento Down\"],\"inLanguage\":\"es\"},{\"@type\":\"WebPage\",\"@id\":\"https:\/\/downgalicia.org\/es\/solidaridad-y-deporte-en-la-iniciativa-solidarios-non-stop-de-bbva\/\",\"url\":\"https:\/\/downgalicia.org\/es\/solidaridad-y-deporte-en-la-iniciativa-solidarios-non-stop-de-bbva\/\",\"name\":\"Solidaridad y deporte en la iniciativa \u2018Solidarios non stop\u2019 de BBVA &#8226; Federaci\u00f3n Down Galicia\",\"isPartOf\":{\"@id\":\"https:\/\/downgalicia.org\/es\/#website\"},\"primaryImageOfPage\":{\"@id\":\"https:\/\/downgalicia.org\/es\/solidaridad-y-deporte-en-la-iniciativa-solidarios-non-stop-de-bbva\/#primaryimage\"},\"image\":{\"@id\":\"https:\/\/downgalicia.org\/es\/solidaridad-y-deporte-en-la-iniciativa-solidarios-non-stop-de-bbva\/#primaryimage\"},\"thumbnailUrl\":\"https:\/\/downgalicia.org\/wp-content\/uploads\/2025\/06\/Solidarios-Non-Stop-9.jpg\",\"datePublished\":\"2017-06-25T15:45:19+00:00\",\"breadcrumb\":{\"@id\":\"https:\/\/downgalicia.org\/es\/solidaridad-y-deporte-en-la-iniciativa-solidarios-non-stop-de-bbva\/#breadcrumb\"},\"inLanguage\":\"es\",\"potentialAction\":[{\"@type\":\"ReadAction\",\"target\":[\"https:\/\/downgalicia.org\/es\/solidaridad-y-deporte-en-la-iniciativa-solidarios-non-stop-de-bbva\/\"]}]},{\"@type\":\"ImageObject\",\"inLanguage\":\"es\",\"@id\":\"https:\/\/downgalicia.org\/es\/solidaridad-y-deporte-en-la-iniciativa-solidarios-non-stop-de-bbva\/#primaryimage\",\"url\":\"https:\/\/downgalicia.org\/wp-content\/uploads\/2025\/06\/Solidarios-Non-Stop-9.jpg\",\"contentUrl\":\"https:\/\/downgalicia.org\/wp-content\/uploads\/2025\/06\/Solidarios-Non-Stop-9.jpg\",\"width\":1296,\"height\":864},{\"@type\":\"BreadcrumbList\",\"@id\":\"https:\/\/downgalicia.org\/es\/solidaridad-y-deporte-en-la-iniciativa-solidarios-non-stop-de-bbva\/#breadcrumb\",\"itemListElement\":[{\"@type\":\"ListItem\",\"position\":1,\"name\":\"Portada\",\"item\":\"https:\/\/downgalicia.org\/es\/\"},{\"@type\":\"ListItem\",\"position\":2,\"name\":\"Solidaridad y deporte en la iniciativa \u2018Solidarios non stop\u2019 de BBVA\"}]},{\"@type\":\"WebSite\",\"@id\":\"https:\/\/downgalicia.org\/es\/#website\",\"url\":\"https:\/\/downgalicia.org\/es\/\",\"name\":\"Federaci\u00f3n Down Galicia\",\"description\":\"Apoio a persoas con S\u00edndrome de Down\",\"publisher\":{\"@id\":\"https:\/\/downgalicia.org\/es\/#organization\"},\"potentialAction\":[{\"@type\":\"SearchAction\",\"target\":{\"@type\":\"EntryPoint\",\"urlTemplate\":\"https:\/\/downgalicia.org\/es\/?s={search_term_string}\"},\"query-input\":{\"@type\":\"PropertyValueSpecification\",\"valueRequired\":true,\"valueName\":\"search_term_string\"}}],\"inLanguage\":\"es\"},{\"@type\":\"Organization\",\"@id\":\"https:\/\/downgalicia.org\/es\/#organization\",\"name\":\"Federaci\u00f3n Down Galicia\",\"url\":\"https:\/\/downgalicia.org\/es\/\",\"logo\":{\"@type\":\"ImageObject\",\"inLanguage\":\"es\",\"@id\":\"https:\/\/downgalicia.org\/es\/#\/schema\/logo\/image\/\",\"url\":\"https:\/\/downgalicia.org\/wp-content\/uploads\/2024\/07\/logo-sindrome-down-color.svg\",\"contentUrl\":\"https:\/\/downgalicia.org\/wp-content\/uploads\/2024\/07\/logo-sindrome-down-color.svg\",\"width\":271,\"height\":88,\"caption\":\"Federaci\u00f3n Down Galicia\"},\"image\":{\"@id\":\"https:\/\/downgalicia.org\/es\/#\/schema\/logo\/image\/\"}},{\"@type\":\"Person\",\"@id\":\"https:\/\/downgalicia.org\/es\/#\/schema\/person\/317730a00185114c76a219b94bddef15\",\"name\":\"produccion@visualpublinet.com\",\"image\":{\"@type\":\"ImageObject\",\"inLanguage\":\"es\",\"@id\":\"https:\/\/downgalicia.org\/es\/#\/schema\/person\/image\/\",\"url\":\"https:\/\/secure.gravatar.com\/avatar\/282ee20c78c1b1137175d4ab9f75785d8c239d499b1376df3ba16efa213b7b10?s=96&d=mm&r=g\",\"contentUrl\":\"https:\/\/secure.gravatar.com\/avatar\/282ee20c78c1b1137175d4ab9f75785d8c239d499b1376df3ba16efa213b7b10?s=96&d=mm&r=g\",\"caption\":\"produccion@visualpublinet.com\"},\"sameAs\":[\"https:\/\/downgalicia.org\"],\"url\":\"https:\/\/downgalicia.org\/es\/author\/produccionvisualpublinet-com\/\"}]}<\/script>\n<!-- \/ Yoast SEO plugin. -->","yoast_head_json":{"title":"Solidaridad y deporte en la iniciativa \u2018Solidarios non stop\u2019 de BBVA &#8226; Federaci\u00f3n Down Galicia","robots":{"index":"index","follow":"follow","max-snippet":"max-snippet:-1","max-image-preview":"max-image-preview:large","max-video-preview":"max-video-preview:-1"},"canonical":"https:\/\/downgalicia.org\/es\/solidaridad-y-deporte-en-la-iniciativa-solidarios-non-stop-de-bbva\/","og_locale":"es_ES","og_type":"article","og_title":"Solidaridad y deporte en la iniciativa \u2018Solidarios non stop\u2019 de BBVA &#8226; Federaci\u00f3n Down Galicia","og_description":"A lo largo de este fin de semana y desde el pasado viernes, m\u00e1s de 140 empleados y amigos de BBVA han realizado el Camino Franc\u00e9s en bicicleta. El dinero recaudado con las aportaciones por participar en esta actividad ser\u00e1...","og_url":"https:\/\/downgalicia.org\/es\/solidaridad-y-deporte-en-la-iniciativa-solidarios-non-stop-de-bbva\/","og_site_name":"Federaci\u00f3n Down Galicia","article_published_time":"2017-06-25T15:45:19+00:00","og_image":[{"width":1296,"height":864,"url":"https:\/\/downgalicia.org\/wp-content\/uploads\/2025\/06\/Solidarios-Non-Stop-9.jpg","type":"image\/jpeg"}],"author":"produccion@visualpublinet.com","twitter_card":"summary_large_image","twitter_misc":{"Escrito por":"produccion@visualpublinet.com","Tiempo de lectura":"2 minutos"},"schema":{"@context":"https:\/\/schema.org","@graph":[{"@type":"Article","@id":"https:\/\/downgalicia.org\/es\/solidaridad-y-deporte-en-la-iniciativa-solidarios-non-stop-de-bbva\/#article","isPartOf":{"@id":"https:\/\/downgalicia.org\/es\/solidaridad-y-deporte-en-la-iniciativa-solidarios-non-stop-de-bbva\/"},"author":{"name":"produccion@visualpublinet.com","@id":"https:\/\/downgalicia.org\/es\/#\/schema\/person\/317730a00185114c76a219b94bddef15"},"headline":"Solidaridad y deporte en la iniciativa \u2018Solidarios non stop\u2019 de BBVA","datePublished":"2017-06-25T15:45:19+00:00","mainEntityOfPage":{"@id":"https:\/\/downgalicia.org\/es\/solidaridad-y-deporte-en-la-iniciativa-solidarios-non-stop-de-bbva\/"},"wordCount":496,"publisher":{"@id":"https:\/\/downgalicia.org\/es\/#organization"},"image":{"@id":"https:\/\/downgalicia.org\/es\/solidaridad-y-deporte-en-la-iniciativa-solidarios-non-stop-de-bbva\/#primaryimage"},"thumbnailUrl":"https:\/\/downgalicia.org\/wp-content\/uploads\/2025\/06\/Solidarios-Non-Stop-9.jpg","articleSection":["Atenci\u00f3n temper\u00e1","Down Galicia","Noticias del Movimiento Down"],"inLanguage":"es"},{"@type":"WebPage","@id":"https:\/\/downgalicia.org\/es\/solidaridad-y-deporte-en-la-iniciativa-solidarios-non-stop-de-bbva\/","url":"https:\/\/downgalicia.org\/es\/solidaridad-y-deporte-en-la-iniciativa-solidarios-non-stop-de-bbva\/","name":"Solidaridad y deporte en la iniciativa \u2018Solidarios non stop\u2019 de BBVA &#8226; Federaci\u00f3n Down Galicia","isPartOf":{"@id":"https:\/\/downgalicia.org\/es\/#website"},"primaryImageOfPage":{"@id":"https:\/\/downgalicia.org\/es\/solidaridad-y-deporte-en-la-iniciativa-solidarios-non-stop-de-bbva\/#primaryimage"},"image":{"@id":"https:\/\/downgalicia.org\/es\/solidaridad-y-deporte-en-la-iniciativa-solidarios-non-stop-de-bbva\/#primaryimage"},"thumbnailUrl":"https:\/\/downgalicia.org\/wp-content\/uploads\/2025\/06\/Solidarios-Non-Stop-9.jpg","datePublished":"2017-06-25T15:45:19+00:00","breadcrumb":{"@id":"https:\/\/downgalicia.org\/es\/solidaridad-y-deporte-en-la-iniciativa-solidarios-non-stop-de-bbva\/#breadcrumb"},"inLanguage":"es","potentialAction":[{"@type":"ReadAction","target":["https:\/\/downgalicia.org\/es\/solidaridad-y-deporte-en-la-iniciativa-solidarios-non-stop-de-bbva\/"]}]},{"@type":"ImageObject","inLanguage":"es","@id":"https:\/\/downgalicia.org\/es\/solidaridad-y-deporte-en-la-iniciativa-solidarios-non-stop-de-bbva\/#primaryimage","url":"https:\/\/downgalicia.org\/wp-content\/uploads\/2025\/06\/Solidarios-Non-Stop-9.jpg","contentUrl":"https:\/\/downgalicia.org\/wp-content\/uploads\/2025\/06\/Solidarios-Non-Stop-9.jpg","width":1296,"height":864},{"@type":"BreadcrumbList","@id":"https:\/\/downgalicia.org\/es\/solidaridad-y-deporte-en-la-iniciativa-solidarios-non-stop-de-bbva\/#breadcrumb","itemListElement":[{"@type":"ListItem","position":1,"name":"Portada","item":"https:\/\/downgalicia.org\/es\/"},{"@type":"ListItem","position":2,"name":"Solidaridad y deporte en la iniciativa \u2018Solidarios non stop\u2019 de BBVA"}]},{"@type":"WebSite","@id":"https:\/\/downgalicia.org\/es\/#website","url":"https:\/\/downgalicia.org\/es\/","name":"Federaci\u00f3n Down Galicia","description":"Apoio a persoas con S\u00edndrome de Down","publisher":{"@id":"https:\/\/downgalicia.org\/es\/#organization"},"potentialAction":[{"@type":"SearchAction","target":{"@type":"EntryPoint","urlTemplate":"https:\/\/downgalicia.org\/es\/?s={search_term_string}"},"query-input":{"@type":"PropertyValueSpecification","valueRequired":true,"valueName":"search_term_string"}}],"inLanguage":"es"},{"@type":"Organization","@id":"https:\/\/downgalicia.org\/es\/#organization","name":"Federaci\u00f3n Down Galicia","url":"https:\/\/downgalicia.org\/es\/","logo":{"@type":"ImageObject","inLanguage":"es","@id":"https:\/\/downgalicia.org\/es\/#\/schema\/logo\/image\/","url":"https:\/\/downgalicia.org\/wp-content\/uploads\/2024\/07\/logo-sindrome-down-color.svg","contentUrl":"https:\/\/downgalicia.org\/wp-content\/uploads\/2024\/07\/logo-sindrome-down-color.svg","width":271,"height":88,"caption":"Federaci\u00f3n Down Galicia"},"image":{"@id":"https:\/\/downgalicia.org\/es\/#\/schema\/logo\/image\/"}},{"@type":"Person","@id":"https:\/\/downgalicia.org\/es\/#\/schema\/person\/317730a00185114c76a219b94bddef15","name":"produccion@visualpublinet.com","image":{"@type":"ImageObject","inLanguage":"es","@id":"https:\/\/downgalicia.org\/es\/#\/schema\/person\/image\/","url":"https:\/\/secure.gravatar.com\/avatar\/282ee20c78c1b1137175d4ab9f75785d8c239d499b1376df3ba16efa213b7b10?s=96&d=mm&r=g","contentUrl":"https:\/\/secure.gravatar.com\/avatar\/282ee20c78c1b1137175d4ab9f75785d8c239d499b1376df3ba16efa213b7b10?s=96&d=mm&r=g","caption":"produccion@visualpublinet.com"},"sameAs":["https:\/\/downgalicia.org"],"url":"https:\/\/downgalicia.org\/es\/author\/produccionvisualpublinet-com\/"}]}},"_links":{"self":[{"href":"https:\/\/downgalicia.org\/es\/wp-json\/wp\/v2\/posts\/7284","targetHints":{"allow":["GET"]}}],"collection":[{"href":"https:\/\/downgalicia.org\/es\/wp-json\/wp\/v2\/posts"}],"about":[{"href":"https:\/\/downgalicia.org\/es\/wp-json\/wp\/v2\/types\/post"}],"author":[{"embeddable":true,"href":"https:\/\/downgalicia.org\/es\/wp-json\/wp\/v2\/users\/1"}],"replies":[{"embeddable":true,"href":"https:\/\/downgalicia.org\/es\/wp-json\/wp\/v2\/comments?post=7284"}],"version-history":[{"count":0,"href":"https:\/\/downgalicia.org\/es\/wp-json\/wp\/v2\/posts\/7284\/revisions"}],"wp:featuredmedia":[{"embeddable":true,"href":"https:\/\/downgalicia.org\/es\/wp-json\/wp\/v2\/media\/7285"}],"wp:attachment":[{"href":"https:\/\/downgalicia.org\/es\/wp-json\/wp\/v2\/media?parent=7284"}],"wp:term":[{"taxonomy":"category","embeddable":true,"href":"https:\/\/downgalicia.org\/es\/wp-json\/wp\/v2\/categories?post=7284"},{"taxonomy":"post_tag","embeddable":true,"href":"https:\/\/downgalicia.org\/es\/wp-json\/wp\/v2\/tags?post=7284"}],"curies":[{"name":"wp","href":"https:\/\/api.w.org\/{rel}","templated":true}]}}