{"id":7288,"date":"2017-06-19T07:55:29","date_gmt":"2017-06-19T05:55:29","guid":{"rendered":"http:\/\/downgalicia.org.136-144-253-96.136-144-253-96.visualpublinet.com\/sonora-ovacion-de-un-repleto-salon-teatro-tras-la-representacion-del-grupo-de-teatro-down-compostela\/"},"modified":"2017-06-19T07:55:29","modified_gmt":"2017-06-19T05:55:29","slug":"sonora-ovacion-de-un-repleto-salon-teatro-tras-la-representacion-del-grupo-de-teatro-down-compostela","status":"publish","type":"post","link":"https:\/\/downgalicia.org\/es\/sonora-ovacion-de-un-repleto-salon-teatro-tras-la-representacion-del-grupo-de-teatro-down-compostela\/","title":{"rendered":"Sonora ovaci\u00f3n de un repleto Sal\u00f3n Teatro tras la representaci\u00f3n del Grupo de Teatro Down Compostela"},"content":{"rendered":"<p>El Grupo de Teatro Down Compostela volvi\u00f3 a cosechar el pasado s\u00e1bado una prolongada ovaci\u00f3n de los m\u00e1s de 270 espectadores que asistieron a la representaci\u00f3n de <em>\u201cArturo, Arthur, Artur\u201d<\/em>, escrita y dirigida por Lucas Herrador. El Sal\u00f3n Teatro de Santiago llen\u00f3 su aforo para ver el estreno de la novena obra que interpretan j\u00f3venes con s\u00edndrome de Down y discapacidad intelectual. Las carcajadas y los aplausos fueron constantes durante los m\u00e1s de 60 minutos que dur\u00f3 el espect\u00e1culo.<\/p>\n<p><em>\u201cArturo, Arthur, Artur<\/em>\u201d muestra una visi\u00f3n personal de la leyenda del rey Arturo de Inglaterra, en la que, adem\u00e1s de recrear la historia, tienen cabida el humor y la invitaci\u00f3n al p\u00fablico para participar en el espect\u00e1culo.<\/p>\n<p>Paula Fern\u00e1ndez (Merl\u00edn), Elena Zas (Dama del Lago) y Yone Zas (Roca Sagrada) llevaron el peso de la representaci\u00f3n, en la que David Bur\u00e9s (Arturo) se hac\u00eda con el trono de Inglaterra tras conseguir sacar a \u201cEscalibur\u201d, la espada clavada en la roca. La retranca y la m\u00fasica gallega estuvieron tambi\u00e9n presentes en esta representaci\u00f3n en la que no faltaron los torneos y las batallas, la magia y la brujer\u00eda, la lealtad y la traici\u00f3n y los caballeros defendiendo el honor de las damas.<\/p>\n<p>Un montaje en el que Lucas Herrador pretend\u00eda dar respuesta a la gran pregunta: \u201c\u00bfQu\u00e9 tendr\u00e1 el rey Arturo que tanto nos atrae?\u201d, y aunque el propio director dice que \u201ctodo est\u00e1 ya inventado\u201d, ha querido dar la oportunidad a este grupo de veinte j\u00f3venes con s\u00edndrome de Down y discapacidad intelectual para demostrar sobre el escenario sus dotes art\u00edsticas.<\/p>\n<p>El resultado ha sido un espect\u00e1culo divertido, que ha provocado numerosas carcajadas y una gran ovaci\u00f3n final de las m\u00e1s de 270 personas que ayer asistieron al estreno, llenando por completo el Sal\u00f3n Teatro, y que provoc\u00f3 que algunos no pudiesen acceder al patio de butacas.<\/p>\n<p>Ahora,\u00a0 despu\u00e9s de unas merecidas vacaciones tras m\u00e1s de seis meses de ensayos, el Grupo de Teatro Down Compostela volver\u00e1 a representar <em>\u201cArturo, Arthur, Artur\u201d<\/em> el pr\u00f3ximo mes de septiembre en Rianxo.<\/p>\n<p>Rebeca Mun\u00edn, vicepresidenta primera de la Fundaci\u00f3n Down Compostela, agradeci\u00f3 al inicio de la obra la colaboraci\u00f3n de la Axencia Galega de Industrias Culturais (Agadic), \u201cque nos permite estrenar la obra en este marco incomparable del Sal\u00f3n Teatro\u201d, as\u00ed como la colaboraci\u00f3n de todos los trabajadores y voluntarios de la Fundaci\u00f3n. En este sentido, Mun\u00edn record\u00f3 que tanto el vestuario, como el maquillaje y <em>atrezzo<\/em> ha sido realizado por el personal y voluntarios de Down\u00a0 Compostela. Entre los asistentes al estreno se encontraban la concejala de Politicas Sociais, Concha Fern\u00e1ndez, y la directora del centro de instuticiones para Galicia de Caixabank, Mar\u00eda Jes\u00fas Garc\u00eda Pi\u00f1eiro.<\/p>\n","protected":false},"excerpt":{"rendered":"<p>El Grupo de Teatro Down Compostela volvi\u00f3 a cosechar el pasado s\u00e1bado una prolongada ovaci\u00f3n de los m\u00e1s de 270 espectadores que asistieron a la representaci\u00f3n de \u201cArturo, Arthur, Artur\u201d, escrita y dirigida por Lucas Herrador. El Sal\u00f3n Teatro de&#8230;<\/p>\n","protected":false},"author":1,"featured_media":7289,"comment_status":"closed","ping_status":"closed","sticky":false,"template":"","format":"standard","meta":{"_acf_changed":false,"give_campaign_id":0,"footnotes":""},"categories":[134,71,117],"tags":[],"class_list":["post-7288","post","type-post","status-publish","format-standard","has-post-thumbnail","hentry","category-down-compostela-hemeroteca-es","category-noticias-sindrome-de-down-es","category-ocio-e-tempo-de-lecer-hemeroteca-es"],"acf":[],"yoast_head":"<!-- This site is optimized with the Yoast SEO plugin v25.3.1 - https:\/\/yoast.com\/wordpress\/plugins\/seo\/ -->\n<title>Sonora ovaci\u00f3n de un repleto Sal\u00f3n Teatro tras la representaci\u00f3n del Grupo de Teatro Down Compostela &#8226; Federaci\u00f3n Down Galicia<\/title>\n<meta name=\"robots\" content=\"index, follow, max-snippet:-1, max-image-preview:large, max-video-preview:-1\" \/>\n<link rel=\"canonical\" href=\"https:\/\/downgalicia.org\/es\/sonora-ovacion-de-un-repleto-salon-teatro-tras-la-representacion-del-grupo-de-teatro-down-compostela\/\" \/>\n<meta property=\"og:locale\" content=\"es_ES\" \/>\n<meta property=\"og:type\" content=\"article\" \/>\n<meta property=\"og:title\" content=\"Sonora ovaci\u00f3n de un repleto Sal\u00f3n Teatro tras la representaci\u00f3n del Grupo de Teatro Down Compostela &#8226; Federaci\u00f3n Down Galicia\" \/>\n<meta property=\"og:description\" content=\"El Grupo de Teatro Down Compostela volvi\u00f3 a cosechar el pasado s\u00e1bado una prolongada ovaci\u00f3n de los m\u00e1s de 270 espectadores que asistieron a la representaci\u00f3n de \u201cArturo, Arthur, Artur\u201d, escrita y dirigida por Lucas Herrador. El Sal\u00f3n Teatro de...\" \/>\n<meta property=\"og:url\" content=\"https:\/\/downgalicia.org\/es\/sonora-ovacion-de-un-repleto-salon-teatro-tras-la-representacion-del-grupo-de-teatro-down-compostela\/\" \/>\n<meta property=\"og:site_name\" content=\"Federaci\u00f3n Down Galicia\" \/>\n<meta property=\"article:published_time\" content=\"2017-06-19T05:55:29+00:00\" \/>\n<meta property=\"og:image\" content=\"https:\/\/downgalicia.org\/wp-content\/uploads\/2025\/06\/Teatro_Down_Compostela-4.jpg\" \/>\n\t<meta property=\"og:image:width\" content=\"1181\" \/>\n\t<meta property=\"og:image:height\" content=\"767\" \/>\n\t<meta property=\"og:image:type\" content=\"image\/jpeg\" \/>\n<meta name=\"author\" content=\"produccion@visualpublinet.com\" \/>\n<meta name=\"twitter:card\" content=\"summary_large_image\" \/>\n<meta name=\"twitter:label1\" content=\"Escrito por\" \/>\n\t<meta name=\"twitter:data1\" content=\"produccion@visualpublinet.com\" \/>\n\t<meta name=\"twitter:label2\" content=\"Tiempo de lectura\" \/>\n\t<meta name=\"twitter:data2\" content=\"2 minutos\" \/>\n<script type=\"application\/ld+json\" class=\"yoast-schema-graph\">{\"@context\":\"https:\/\/schema.org\",\"@graph\":[{\"@type\":\"Article\",\"@id\":\"https:\/\/downgalicia.org\/es\/sonora-ovacion-de-un-repleto-salon-teatro-tras-la-representacion-del-grupo-de-teatro-down-compostela\/#article\",\"isPartOf\":{\"@id\":\"https:\/\/downgalicia.org\/es\/sonora-ovacion-de-un-repleto-salon-teatro-tras-la-representacion-del-grupo-de-teatro-down-compostela\/\"},\"author\":{\"name\":\"produccion@visualpublinet.com\",\"@id\":\"https:\/\/downgalicia.org\/es\/#\/schema\/person\/317730a00185114c76a219b94bddef15\"},\"headline\":\"Sonora ovaci\u00f3n de un repleto Sal\u00f3n Teatro tras la representaci\u00f3n del Grupo de Teatro Down Compostela\",\"datePublished\":\"2017-06-19T05:55:29+00:00\",\"mainEntityOfPage\":{\"@id\":\"https:\/\/downgalicia.org\/es\/sonora-ovacion-de-un-repleto-salon-teatro-tras-la-representacion-del-grupo-de-teatro-down-compostela\/\"},\"wordCount\":506,\"publisher\":{\"@id\":\"https:\/\/downgalicia.org\/es\/#organization\"},\"image\":{\"@id\":\"https:\/\/downgalicia.org\/es\/sonora-ovacion-de-un-repleto-salon-teatro-tras-la-representacion-del-grupo-de-teatro-down-compostela\/#primaryimage\"},\"thumbnailUrl\":\"https:\/\/downgalicia.org\/wp-content\/uploads\/2025\/06\/Teatro_Down_Compostela-4.jpg\",\"articleSection\":[\"Down Compostela\",\"Noticias del Movimiento Down\",\"Ocio e tempo de lecer\"],\"inLanguage\":\"es\"},{\"@type\":\"WebPage\",\"@id\":\"https:\/\/downgalicia.org\/es\/sonora-ovacion-de-un-repleto-salon-teatro-tras-la-representacion-del-grupo-de-teatro-down-compostela\/\",\"url\":\"https:\/\/downgalicia.org\/es\/sonora-ovacion-de-un-repleto-salon-teatro-tras-la-representacion-del-grupo-de-teatro-down-compostela\/\",\"name\":\"Sonora ovaci\u00f3n de un repleto Sal\u00f3n Teatro tras la representaci\u00f3n del Grupo de Teatro Down Compostela &#8226; Federaci\u00f3n Down Galicia\",\"isPartOf\":{\"@id\":\"https:\/\/downgalicia.org\/es\/#website\"},\"primaryImageOfPage\":{\"@id\":\"https:\/\/downgalicia.org\/es\/sonora-ovacion-de-un-repleto-salon-teatro-tras-la-representacion-del-grupo-de-teatro-down-compostela\/#primaryimage\"},\"image\":{\"@id\":\"https:\/\/downgalicia.org\/es\/sonora-ovacion-de-un-repleto-salon-teatro-tras-la-representacion-del-grupo-de-teatro-down-compostela\/#primaryimage\"},\"thumbnailUrl\":\"https:\/\/downgalicia.org\/wp-content\/uploads\/2025\/06\/Teatro_Down_Compostela-4.jpg\",\"datePublished\":\"2017-06-19T05:55:29+00:00\",\"breadcrumb\":{\"@id\":\"https:\/\/downgalicia.org\/es\/sonora-ovacion-de-un-repleto-salon-teatro-tras-la-representacion-del-grupo-de-teatro-down-compostela\/#breadcrumb\"},\"inLanguage\":\"es\",\"potentialAction\":[{\"@type\":\"ReadAction\",\"target\":[\"https:\/\/downgalicia.org\/es\/sonora-ovacion-de-un-repleto-salon-teatro-tras-la-representacion-del-grupo-de-teatro-down-compostela\/\"]}]},{\"@type\":\"ImageObject\",\"inLanguage\":\"es\",\"@id\":\"https:\/\/downgalicia.org\/es\/sonora-ovacion-de-un-repleto-salon-teatro-tras-la-representacion-del-grupo-de-teatro-down-compostela\/#primaryimage\",\"url\":\"https:\/\/downgalicia.org\/wp-content\/uploads\/2025\/06\/Teatro_Down_Compostela-4.jpg\",\"contentUrl\":\"https:\/\/downgalicia.org\/wp-content\/uploads\/2025\/06\/Teatro_Down_Compostela-4.jpg\",\"width\":1181,\"height\":767},{\"@type\":\"BreadcrumbList\",\"@id\":\"https:\/\/downgalicia.org\/es\/sonora-ovacion-de-un-repleto-salon-teatro-tras-la-representacion-del-grupo-de-teatro-down-compostela\/#breadcrumb\",\"itemListElement\":[{\"@type\":\"ListItem\",\"position\":1,\"name\":\"Portada\",\"item\":\"https:\/\/downgalicia.org\/es\/\"},{\"@type\":\"ListItem\",\"position\":2,\"name\":\"Sonora ovaci\u00f3n de un repleto Sal\u00f3n Teatro tras la representaci\u00f3n del Grupo de Teatro Down Compostela\"}]},{\"@type\":\"WebSite\",\"@id\":\"https:\/\/downgalicia.org\/es\/#website\",\"url\":\"https:\/\/downgalicia.org\/es\/\",\"name\":\"Federaci\u00f3n Down Galicia\",\"description\":\"Apoio a persoas con S\u00edndrome de Down\",\"publisher\":{\"@id\":\"https:\/\/downgalicia.org\/es\/#organization\"},\"potentialAction\":[{\"@type\":\"SearchAction\",\"target\":{\"@type\":\"EntryPoint\",\"urlTemplate\":\"https:\/\/downgalicia.org\/es\/?s={search_term_string}\"},\"query-input\":{\"@type\":\"PropertyValueSpecification\",\"valueRequired\":true,\"valueName\":\"search_term_string\"}}],\"inLanguage\":\"es\"},{\"@type\":\"Organization\",\"@id\":\"https:\/\/downgalicia.org\/es\/#organization\",\"name\":\"Federaci\u00f3n Down Galicia\",\"url\":\"https:\/\/downgalicia.org\/es\/\",\"logo\":{\"@type\":\"ImageObject\",\"inLanguage\":\"es\",\"@id\":\"https:\/\/downgalicia.org\/es\/#\/schema\/logo\/image\/\",\"url\":\"https:\/\/downgalicia.org\/wp-content\/uploads\/2024\/07\/logo-sindrome-down-color.svg\",\"contentUrl\":\"https:\/\/downgalicia.org\/wp-content\/uploads\/2024\/07\/logo-sindrome-down-color.svg\",\"width\":271,\"height\":88,\"caption\":\"Federaci\u00f3n Down Galicia\"},\"image\":{\"@id\":\"https:\/\/downgalicia.org\/es\/#\/schema\/logo\/image\/\"}},{\"@type\":\"Person\",\"@id\":\"https:\/\/downgalicia.org\/es\/#\/schema\/person\/317730a00185114c76a219b94bddef15\",\"name\":\"produccion@visualpublinet.com\",\"image\":{\"@type\":\"ImageObject\",\"inLanguage\":\"es\",\"@id\":\"https:\/\/downgalicia.org\/es\/#\/schema\/person\/image\/\",\"url\":\"https:\/\/secure.gravatar.com\/avatar\/282ee20c78c1b1137175d4ab9f75785d8c239d499b1376df3ba16efa213b7b10?s=96&d=mm&r=g\",\"contentUrl\":\"https:\/\/secure.gravatar.com\/avatar\/282ee20c78c1b1137175d4ab9f75785d8c239d499b1376df3ba16efa213b7b10?s=96&d=mm&r=g\",\"caption\":\"produccion@visualpublinet.com\"},\"sameAs\":[\"https:\/\/downgalicia.org\"],\"url\":\"https:\/\/downgalicia.org\/es\/author\/produccionvisualpublinet-com\/\"}]}<\/script>\n<!-- \/ Yoast SEO plugin. -->","yoast_head_json":{"title":"Sonora ovaci\u00f3n de un repleto Sal\u00f3n Teatro tras la representaci\u00f3n del Grupo de Teatro Down Compostela &#8226; Federaci\u00f3n Down Galicia","robots":{"index":"index","follow":"follow","max-snippet":"max-snippet:-1","max-image-preview":"max-image-preview:large","max-video-preview":"max-video-preview:-1"},"canonical":"https:\/\/downgalicia.org\/es\/sonora-ovacion-de-un-repleto-salon-teatro-tras-la-representacion-del-grupo-de-teatro-down-compostela\/","og_locale":"es_ES","og_type":"article","og_title":"Sonora ovaci\u00f3n de un repleto Sal\u00f3n Teatro tras la representaci\u00f3n del Grupo de Teatro Down Compostela &#8226; Federaci\u00f3n Down Galicia","og_description":"El Grupo de Teatro Down Compostela volvi\u00f3 a cosechar el pasado s\u00e1bado una prolongada ovaci\u00f3n de los m\u00e1s de 270 espectadores que asistieron a la representaci\u00f3n de \u201cArturo, Arthur, Artur\u201d, escrita y dirigida por Lucas Herrador. El Sal\u00f3n Teatro de...","og_url":"https:\/\/downgalicia.org\/es\/sonora-ovacion-de-un-repleto-salon-teatro-tras-la-representacion-del-grupo-de-teatro-down-compostela\/","og_site_name":"Federaci\u00f3n Down Galicia","article_published_time":"2017-06-19T05:55:29+00:00","og_image":[{"width":1181,"height":767,"url":"https:\/\/downgalicia.org\/wp-content\/uploads\/2025\/06\/Teatro_Down_Compostela-4.jpg","type":"image\/jpeg"}],"author":"produccion@visualpublinet.com","twitter_card":"summary_large_image","twitter_misc":{"Escrito por":"produccion@visualpublinet.com","Tiempo de lectura":"2 minutos"},"schema":{"@context":"https:\/\/schema.org","@graph":[{"@type":"Article","@id":"https:\/\/downgalicia.org\/es\/sonora-ovacion-de-un-repleto-salon-teatro-tras-la-representacion-del-grupo-de-teatro-down-compostela\/#article","isPartOf":{"@id":"https:\/\/downgalicia.org\/es\/sonora-ovacion-de-un-repleto-salon-teatro-tras-la-representacion-del-grupo-de-teatro-down-compostela\/"},"author":{"name":"produccion@visualpublinet.com","@id":"https:\/\/downgalicia.org\/es\/#\/schema\/person\/317730a00185114c76a219b94bddef15"},"headline":"Sonora ovaci\u00f3n de un repleto Sal\u00f3n Teatro tras la representaci\u00f3n del Grupo de Teatro Down Compostela","datePublished":"2017-06-19T05:55:29+00:00","mainEntityOfPage":{"@id":"https:\/\/downgalicia.org\/es\/sonora-ovacion-de-un-repleto-salon-teatro-tras-la-representacion-del-grupo-de-teatro-down-compostela\/"},"wordCount":506,"publisher":{"@id":"https:\/\/downgalicia.org\/es\/#organization"},"image":{"@id":"https:\/\/downgalicia.org\/es\/sonora-ovacion-de-un-repleto-salon-teatro-tras-la-representacion-del-grupo-de-teatro-down-compostela\/#primaryimage"},"thumbnailUrl":"https:\/\/downgalicia.org\/wp-content\/uploads\/2025\/06\/Teatro_Down_Compostela-4.jpg","articleSection":["Down Compostela","Noticias del Movimiento Down","Ocio e tempo de lecer"],"inLanguage":"es"},{"@type":"WebPage","@id":"https:\/\/downgalicia.org\/es\/sonora-ovacion-de-un-repleto-salon-teatro-tras-la-representacion-del-grupo-de-teatro-down-compostela\/","url":"https:\/\/downgalicia.org\/es\/sonora-ovacion-de-un-repleto-salon-teatro-tras-la-representacion-del-grupo-de-teatro-down-compostela\/","name":"Sonora ovaci\u00f3n de un repleto Sal\u00f3n Teatro tras la representaci\u00f3n del Grupo de Teatro Down Compostela &#8226; Federaci\u00f3n Down Galicia","isPartOf":{"@id":"https:\/\/downgalicia.org\/es\/#website"},"primaryImageOfPage":{"@id":"https:\/\/downgalicia.org\/es\/sonora-ovacion-de-un-repleto-salon-teatro-tras-la-representacion-del-grupo-de-teatro-down-compostela\/#primaryimage"},"image":{"@id":"https:\/\/downgalicia.org\/es\/sonora-ovacion-de-un-repleto-salon-teatro-tras-la-representacion-del-grupo-de-teatro-down-compostela\/#primaryimage"},"thumbnailUrl":"https:\/\/downgalicia.org\/wp-content\/uploads\/2025\/06\/Teatro_Down_Compostela-4.jpg","datePublished":"2017-06-19T05:55:29+00:00","breadcrumb":{"@id":"https:\/\/downgalicia.org\/es\/sonora-ovacion-de-un-repleto-salon-teatro-tras-la-representacion-del-grupo-de-teatro-down-compostela\/#breadcrumb"},"inLanguage":"es","potentialAction":[{"@type":"ReadAction","target":["https:\/\/downgalicia.org\/es\/sonora-ovacion-de-un-repleto-salon-teatro-tras-la-representacion-del-grupo-de-teatro-down-compostela\/"]}]},{"@type":"ImageObject","inLanguage":"es","@id":"https:\/\/downgalicia.org\/es\/sonora-ovacion-de-un-repleto-salon-teatro-tras-la-representacion-del-grupo-de-teatro-down-compostela\/#primaryimage","url":"https:\/\/downgalicia.org\/wp-content\/uploads\/2025\/06\/Teatro_Down_Compostela-4.jpg","contentUrl":"https:\/\/downgalicia.org\/wp-content\/uploads\/2025\/06\/Teatro_Down_Compostela-4.jpg","width":1181,"height":767},{"@type":"BreadcrumbList","@id":"https:\/\/downgalicia.org\/es\/sonora-ovacion-de-un-repleto-salon-teatro-tras-la-representacion-del-grupo-de-teatro-down-compostela\/#breadcrumb","itemListElement":[{"@type":"ListItem","position":1,"name":"Portada","item":"https:\/\/downgalicia.org\/es\/"},{"@type":"ListItem","position":2,"name":"Sonora ovaci\u00f3n de un repleto Sal\u00f3n Teatro tras la representaci\u00f3n del Grupo de Teatro Down Compostela"}]},{"@type":"WebSite","@id":"https:\/\/downgalicia.org\/es\/#website","url":"https:\/\/downgalicia.org\/es\/","name":"Federaci\u00f3n Down Galicia","description":"Apoio a persoas con S\u00edndrome de Down","publisher":{"@id":"https:\/\/downgalicia.org\/es\/#organization"},"potentialAction":[{"@type":"SearchAction","target":{"@type":"EntryPoint","urlTemplate":"https:\/\/downgalicia.org\/es\/?s={search_term_string}"},"query-input":{"@type":"PropertyValueSpecification","valueRequired":true,"valueName":"search_term_string"}}],"inLanguage":"es"},{"@type":"Organization","@id":"https:\/\/downgalicia.org\/es\/#organization","name":"Federaci\u00f3n Down Galicia","url":"https:\/\/downgalicia.org\/es\/","logo":{"@type":"ImageObject","inLanguage":"es","@id":"https:\/\/downgalicia.org\/es\/#\/schema\/logo\/image\/","url":"https:\/\/downgalicia.org\/wp-content\/uploads\/2024\/07\/logo-sindrome-down-color.svg","contentUrl":"https:\/\/downgalicia.org\/wp-content\/uploads\/2024\/07\/logo-sindrome-down-color.svg","width":271,"height":88,"caption":"Federaci\u00f3n Down Galicia"},"image":{"@id":"https:\/\/downgalicia.org\/es\/#\/schema\/logo\/image\/"}},{"@type":"Person","@id":"https:\/\/downgalicia.org\/es\/#\/schema\/person\/317730a00185114c76a219b94bddef15","name":"produccion@visualpublinet.com","image":{"@type":"ImageObject","inLanguage":"es","@id":"https:\/\/downgalicia.org\/es\/#\/schema\/person\/image\/","url":"https:\/\/secure.gravatar.com\/avatar\/282ee20c78c1b1137175d4ab9f75785d8c239d499b1376df3ba16efa213b7b10?s=96&d=mm&r=g","contentUrl":"https:\/\/secure.gravatar.com\/avatar\/282ee20c78c1b1137175d4ab9f75785d8c239d499b1376df3ba16efa213b7b10?s=96&d=mm&r=g","caption":"produccion@visualpublinet.com"},"sameAs":["https:\/\/downgalicia.org"],"url":"https:\/\/downgalicia.org\/es\/author\/produccionvisualpublinet-com\/"}]}},"_links":{"self":[{"href":"https:\/\/downgalicia.org\/es\/wp-json\/wp\/v2\/posts\/7288","targetHints":{"allow":["GET"]}}],"collection":[{"href":"https:\/\/downgalicia.org\/es\/wp-json\/wp\/v2\/posts"}],"about":[{"href":"https:\/\/downgalicia.org\/es\/wp-json\/wp\/v2\/types\/post"}],"author":[{"embeddable":true,"href":"https:\/\/downgalicia.org\/es\/wp-json\/wp\/v2\/users\/1"}],"replies":[{"embeddable":true,"href":"https:\/\/downgalicia.org\/es\/wp-json\/wp\/v2\/comments?post=7288"}],"version-history":[{"count":0,"href":"https:\/\/downgalicia.org\/es\/wp-json\/wp\/v2\/posts\/7288\/revisions"}],"wp:featuredmedia":[{"embeddable":true,"href":"https:\/\/downgalicia.org\/es\/wp-json\/wp\/v2\/media\/7289"}],"wp:attachment":[{"href":"https:\/\/downgalicia.org\/es\/wp-json\/wp\/v2\/media?parent=7288"}],"wp:term":[{"taxonomy":"category","embeddable":true,"href":"https:\/\/downgalicia.org\/es\/wp-json\/wp\/v2\/categories?post=7288"},{"taxonomy":"post_tag","embeddable":true,"href":"https:\/\/downgalicia.org\/es\/wp-json\/wp\/v2\/tags?post=7288"}],"curies":[{"name":"wp","href":"https:\/\/api.w.org\/{rel}","templated":true}]}}