{"id":7542,"date":"2016-10-21T11:54:47","date_gmt":"2016-10-21T09:54:47","guid":{"rendered":"http:\/\/downgalicia.org.136-144-253-96.136-144-253-96.visualpublinet.com\/la-denominacion-de-origen-ribeiro-colabora-con-down-ourense-a-traves-de-un-ciclo-de-catas\/"},"modified":"2016-10-21T11:54:47","modified_gmt":"2016-10-21T09:54:47","slug":"la-denominacion-de-origen-ribeiro-colabora-con-down-ourense-a-traves-de-un-ciclo-de-catas","status":"publish","type":"post","link":"https:\/\/downgalicia.org\/es\/la-denominacion-de-origen-ribeiro-colabora-con-down-ourense-a-traves-de-un-ciclo-de-catas\/","title":{"rendered":"La Denominaci\u00f3n de Origen Ribeiro colabora con Down Ourense a trav\u00e9s de un ciclo de catas"},"content":{"rendered":"<p>El Centro Cultural \u201cMarcos Valc\u00e1rcel\u201d de la Diputaci\u00f3n de Ourense acoger\u00e1 la tercera edici\u00f3n de \u201cCata el arte\u201d, en la que todos los jueves, entre el 27 de octubre y el 1 de diciembre, se celebrar\u00e1n presentaciones y degustaciones de vinos de seis bodegas del C.R.D.O. Ribeiro, con acciones culturales paralelas. As\u00ed lo informaron en la presentaci\u00f3n de esta ma\u00f1ana el vicepresidente de la Diputaci\u00f3n de Ourense, Rosendo Fern\u00e1ndez; el director del Centro Cultural \u201cMarcos Valc\u00e1rcel\u201d, Francisco Gonz\u00e1lez; el presidente del Consejo Regulador del Ribeiro, Felic\u00edsimo Pereira; la presidenta de la asociaci\u00f3n s\u00edndrome Down Ourense, M\u00aa del Mar Prieto; y la pianista y compositora, Mar\u00eda Mendoza. Esta celebraci\u00f3n tendr\u00e1 un car\u00e1cter solidario puesto que, tal y como explic\u00f3 Francisco Gonz\u00e1lez, \u201clos donativos recaudados con esta actividad ir\u00e1n \u00edntegramente destinados a favor de la asociaci\u00f3n s\u00edndrome Down Ourense\u201d.<\/p>\n<p>El vicepresidente de la Diputaci\u00f3n de Ourense destac\u00f3 que el Centro Cultural \u201cMarcos Valc\u00e1rcel\u201d es \u201cuna puerta abierta a la pluralidad, en la que hoy destaca esta iniciativa tan noble, que mezcla productos ourensanos, por un lado los vinos del Ribeiro, y por otro, la cultura y el arte que nos acerca el Centro Cultural y los artistas participantes, todo lo eres con un marcado car\u00e1cter solidario\u201d.<\/p>\n<p>\u201cLa filosof\u00eda de esta iniciativa es sencilla y al mismo tiempo muy gratificante, porque en ella mezclamos un producto de calidad como es el vino del Ribeiro, con otros productos de calidad en el campo cultural, catas que se hacen en salas de exposiciones y que se complementan con una actividad cultural. Van a realizarse los jueves, a partir de 27 de octubre a las 20.00 horas, en el Centro Cultural\u201d, explic\u00f3 Francisco Gonz\u00e1lez, que asegur\u00f3 que el promedio de asistentes por cata \u201ces de 100 personas\u201d.<\/p>\n<p>Felic\u00edsimo Pereira dijo que esta iniciativa \u201ctiene un elemento m\u00e1s que es lo de ayudar a una asociaci\u00f3n y en esta tercera edici\u00f3n participar\u00e1n seis bodegas que van a presentar sus vinos con m\u00fasica, artes esc\u00e9nicas y poes\u00eda\u201d. Pola su parte, M\u00aa del Mar Prieto, agradeci\u00f3 el apoyo a la asociaci\u00f3n, ya que la recaudaci\u00f3n obtenida durante este ciclo ser\u00e1 destinada \u201ca los programas de Down Ourense, que lleva a cabo desde hay m\u00e1s de 10 a\u00f1os, y que benefician actualmente a 56 personas y sus familias\u201d. La asociaci\u00f3n tiene como filosof\u00eda el apoyo a servicios que potencien la autonom\u00eda e independencia de las personas con s\u00edndrome de Down, dentro de un entorno normalizado.<\/p>\n<p>La programaci\u00f3n comienza el pr\u00f3ximo jueves, 27 de octubre, cata que correr\u00e1 a cargo de la Bodega Alanis y amenizada con la m\u00fasica de Mar\u00eda Mendoza, quien adelant\u00f3 que presentar\u00e1 su disco INTRO, inspirado en las Cantigas de Amigo de Mart\u00edn Codax, y temas tradicionales de la zona de Ourense. El d\u00eda 3 de noviembre, la bodega participante ser\u00e1 Vi\u00f1a da Cal con la poes\u00eda esc\u00e9nica de Luc\u00eda Aldao. El d\u00eda 10 de noviembre ser\u00e1 el turno de las artes esc\u00e9nicas, con las bailarinas Marta Alonso &amp; Paula Quintas, y la bodega Quinta do Rebolo. El jueves, 17 de noviembre, la bodega participante ser\u00e1 Pazo Casanova, amenizado con la m\u00fasica de jazz de Alex Salgueiro y Virxilio de la Silva. Al siguiente jueves, el d\u00eda 24 de noviembre se celebrar\u00e1 la cata\u00a0 con las Bodegas Cunqueiro y con la m\u00fasica de Pablo Seoane &amp; Jose Manuel D\u00edaz. Por \u00faltimo, el d\u00eda 1 de diciembre, los vinos ser\u00e1n de las Bodegas Nairoa con la actuaci\u00f3n de Blues do pa\u00eds.<\/p>\n","protected":false},"excerpt":{"rendered":"<p>El Centro Cultural \u201cMarcos Valc\u00e1rcel\u201d de la Diputaci\u00f3n de Ourense acoger\u00e1 la tercera edici\u00f3n de \u201cCata el arte\u201d, en la que todos los jueves, entre el 27 de octubre y el 1 de diciembre, se celebrar\u00e1n presentaciones y degustaciones de&#8230;<\/p>\n","protected":false},"author":1,"featured_media":7543,"comment_status":"closed","ping_status":"closed","sticky":false,"template":"","format":"standard","meta":{"_acf_changed":false,"give_campaign_id":0,"footnotes":""},"categories":[121,71],"tags":[],"class_list":["post-7542","post","type-post","status-publish","format-standard","has-post-thumbnail","hentry","category-down-ourense-hemeroteca-es","category-noticias-sindrome-de-down-es"],"acf":[],"yoast_head":"<!-- This site is optimized with the Yoast SEO plugin v25.3.1 - https:\/\/yoast.com\/wordpress\/plugins\/seo\/ -->\n<title>La Denominaci\u00f3n de Origen Ribeiro colabora con Down Ourense a trav\u00e9s de un ciclo de catas &#8226; Federaci\u00f3n Down Galicia<\/title>\n<meta name=\"robots\" content=\"index, follow, max-snippet:-1, max-image-preview:large, max-video-preview:-1\" \/>\n<link rel=\"canonical\" href=\"https:\/\/downgalicia.org\/es\/la-denominacion-de-origen-ribeiro-colabora-con-down-ourense-a-traves-de-un-ciclo-de-catas\/\" \/>\n<meta property=\"og:locale\" content=\"es_ES\" \/>\n<meta property=\"og:type\" content=\"article\" \/>\n<meta property=\"og:title\" content=\"La Denominaci\u00f3n de Origen Ribeiro colabora con Down Ourense a trav\u00e9s de un ciclo de catas &#8226; Federaci\u00f3n Down Galicia\" \/>\n<meta property=\"og:description\" content=\"El Centro Cultural \u201cMarcos Valc\u00e1rcel\u201d de la Diputaci\u00f3n de Ourense acoger\u00e1 la tercera edici\u00f3n de \u201cCata el arte\u201d, en la que todos los jueves, entre el 27 de octubre y el 1 de diciembre, se celebrar\u00e1n presentaciones y degustaciones de...\" \/>\n<meta property=\"og:url\" content=\"https:\/\/downgalicia.org\/es\/la-denominacion-de-origen-ribeiro-colabora-con-down-ourense-a-traves-de-un-ciclo-de-catas\/\" \/>\n<meta property=\"og:site_name\" content=\"Federaci\u00f3n Down Galicia\" \/>\n<meta property=\"article:published_time\" content=\"2016-10-21T09:54:47+00:00\" \/>\n<meta property=\"og:image\" content=\"https:\/\/downgalicia.org\/wp-content\/uploads\/2025\/06\/Catas_Ourense-4.jpg\" \/>\n\t<meta property=\"og:image:width\" content=\"1623\" \/>\n\t<meta property=\"og:image:height\" content=\"1080\" \/>\n\t<meta property=\"og:image:type\" content=\"image\/jpeg\" \/>\n<meta name=\"author\" content=\"produccion@visualpublinet.com\" \/>\n<meta name=\"twitter:card\" content=\"summary_large_image\" \/>\n<meta name=\"twitter:label1\" content=\"Escrito por\" \/>\n\t<meta name=\"twitter:data1\" content=\"produccion@visualpublinet.com\" \/>\n\t<meta name=\"twitter:label2\" content=\"Tiempo de lectura\" \/>\n\t<meta name=\"twitter:data2\" content=\"3 minutos\" \/>\n<script type=\"application\/ld+json\" class=\"yoast-schema-graph\">{\"@context\":\"https:\/\/schema.org\",\"@graph\":[{\"@type\":\"Article\",\"@id\":\"https:\/\/downgalicia.org\/es\/la-denominacion-de-origen-ribeiro-colabora-con-down-ourense-a-traves-de-un-ciclo-de-catas\/#article\",\"isPartOf\":{\"@id\":\"https:\/\/downgalicia.org\/es\/la-denominacion-de-origen-ribeiro-colabora-con-down-ourense-a-traves-de-un-ciclo-de-catas\/\"},\"author\":{\"name\":\"produccion@visualpublinet.com\",\"@id\":\"https:\/\/downgalicia.org\/es\/#\/schema\/person\/317730a00185114c76a219b94bddef15\"},\"headline\":\"La Denominaci\u00f3n de Origen Ribeiro colabora con Down Ourense a trav\u00e9s de un ciclo de catas\",\"datePublished\":\"2016-10-21T09:54:47+00:00\",\"mainEntityOfPage\":{\"@id\":\"https:\/\/downgalicia.org\/es\/la-denominacion-de-origen-ribeiro-colabora-con-down-ourense-a-traves-de-un-ciclo-de-catas\/\"},\"wordCount\":642,\"publisher\":{\"@id\":\"https:\/\/downgalicia.org\/es\/#organization\"},\"image\":{\"@id\":\"https:\/\/downgalicia.org\/es\/la-denominacion-de-origen-ribeiro-colabora-con-down-ourense-a-traves-de-un-ciclo-de-catas\/#primaryimage\"},\"thumbnailUrl\":\"https:\/\/downgalicia.org\/wp-content\/uploads\/2025\/06\/Catas_Ourense-4.jpg\",\"articleSection\":[\"Down Ourense\",\"Noticias del Movimiento Down\"],\"inLanguage\":\"es\"},{\"@type\":\"WebPage\",\"@id\":\"https:\/\/downgalicia.org\/es\/la-denominacion-de-origen-ribeiro-colabora-con-down-ourense-a-traves-de-un-ciclo-de-catas\/\",\"url\":\"https:\/\/downgalicia.org\/es\/la-denominacion-de-origen-ribeiro-colabora-con-down-ourense-a-traves-de-un-ciclo-de-catas\/\",\"name\":\"La Denominaci\u00f3n de Origen Ribeiro colabora con Down Ourense a trav\u00e9s de un ciclo de catas &#8226; Federaci\u00f3n Down Galicia\",\"isPartOf\":{\"@id\":\"https:\/\/downgalicia.org\/es\/#website\"},\"primaryImageOfPage\":{\"@id\":\"https:\/\/downgalicia.org\/es\/la-denominacion-de-origen-ribeiro-colabora-con-down-ourense-a-traves-de-un-ciclo-de-catas\/#primaryimage\"},\"image\":{\"@id\":\"https:\/\/downgalicia.org\/es\/la-denominacion-de-origen-ribeiro-colabora-con-down-ourense-a-traves-de-un-ciclo-de-catas\/#primaryimage\"},\"thumbnailUrl\":\"https:\/\/downgalicia.org\/wp-content\/uploads\/2025\/06\/Catas_Ourense-4.jpg\",\"datePublished\":\"2016-10-21T09:54:47+00:00\",\"breadcrumb\":{\"@id\":\"https:\/\/downgalicia.org\/es\/la-denominacion-de-origen-ribeiro-colabora-con-down-ourense-a-traves-de-un-ciclo-de-catas\/#breadcrumb\"},\"inLanguage\":\"es\",\"potentialAction\":[{\"@type\":\"ReadAction\",\"target\":[\"https:\/\/downgalicia.org\/es\/la-denominacion-de-origen-ribeiro-colabora-con-down-ourense-a-traves-de-un-ciclo-de-catas\/\"]}]},{\"@type\":\"ImageObject\",\"inLanguage\":\"es\",\"@id\":\"https:\/\/downgalicia.org\/es\/la-denominacion-de-origen-ribeiro-colabora-con-down-ourense-a-traves-de-un-ciclo-de-catas\/#primaryimage\",\"url\":\"https:\/\/downgalicia.org\/wp-content\/uploads\/2025\/06\/Catas_Ourense-4.jpg\",\"contentUrl\":\"https:\/\/downgalicia.org\/wp-content\/uploads\/2025\/06\/Catas_Ourense-4.jpg\",\"width\":1623,\"height\":1080},{\"@type\":\"BreadcrumbList\",\"@id\":\"https:\/\/downgalicia.org\/es\/la-denominacion-de-origen-ribeiro-colabora-con-down-ourense-a-traves-de-un-ciclo-de-catas\/#breadcrumb\",\"itemListElement\":[{\"@type\":\"ListItem\",\"position\":1,\"name\":\"Portada\",\"item\":\"https:\/\/downgalicia.org\/es\/\"},{\"@type\":\"ListItem\",\"position\":2,\"name\":\"La Denominaci\u00f3n de Origen Ribeiro colabora con Down Ourense a trav\u00e9s de un ciclo de catas\"}]},{\"@type\":\"WebSite\",\"@id\":\"https:\/\/downgalicia.org\/es\/#website\",\"url\":\"https:\/\/downgalicia.org\/es\/\",\"name\":\"Federaci\u00f3n Down Galicia\",\"description\":\"Apoio a persoas con S\u00edndrome de Down\",\"publisher\":{\"@id\":\"https:\/\/downgalicia.org\/es\/#organization\"},\"potentialAction\":[{\"@type\":\"SearchAction\",\"target\":{\"@type\":\"EntryPoint\",\"urlTemplate\":\"https:\/\/downgalicia.org\/es\/?s={search_term_string}\"},\"query-input\":{\"@type\":\"PropertyValueSpecification\",\"valueRequired\":true,\"valueName\":\"search_term_string\"}}],\"inLanguage\":\"es\"},{\"@type\":\"Organization\",\"@id\":\"https:\/\/downgalicia.org\/es\/#organization\",\"name\":\"Federaci\u00f3n Down Galicia\",\"url\":\"https:\/\/downgalicia.org\/es\/\",\"logo\":{\"@type\":\"ImageObject\",\"inLanguage\":\"es\",\"@id\":\"https:\/\/downgalicia.org\/es\/#\/schema\/logo\/image\/\",\"url\":\"https:\/\/downgalicia.org\/wp-content\/uploads\/2024\/07\/logo-sindrome-down-color.svg\",\"contentUrl\":\"https:\/\/downgalicia.org\/wp-content\/uploads\/2024\/07\/logo-sindrome-down-color.svg\",\"width\":271,\"height\":88,\"caption\":\"Federaci\u00f3n Down Galicia\"},\"image\":{\"@id\":\"https:\/\/downgalicia.org\/es\/#\/schema\/logo\/image\/\"}},{\"@type\":\"Person\",\"@id\":\"https:\/\/downgalicia.org\/es\/#\/schema\/person\/317730a00185114c76a219b94bddef15\",\"name\":\"produccion@visualpublinet.com\",\"image\":{\"@type\":\"ImageObject\",\"inLanguage\":\"es\",\"@id\":\"https:\/\/downgalicia.org\/es\/#\/schema\/person\/image\/\",\"url\":\"https:\/\/secure.gravatar.com\/avatar\/282ee20c78c1b1137175d4ab9f75785d8c239d499b1376df3ba16efa213b7b10?s=96&d=mm&r=g\",\"contentUrl\":\"https:\/\/secure.gravatar.com\/avatar\/282ee20c78c1b1137175d4ab9f75785d8c239d499b1376df3ba16efa213b7b10?s=96&d=mm&r=g\",\"caption\":\"produccion@visualpublinet.com\"},\"sameAs\":[\"https:\/\/downgalicia.org\"],\"url\":\"https:\/\/downgalicia.org\/es\/author\/produccionvisualpublinet-com\/\"}]}<\/script>\n<!-- \/ Yoast SEO plugin. -->","yoast_head_json":{"title":"La Denominaci\u00f3n de Origen Ribeiro colabora con Down Ourense a trav\u00e9s de un ciclo de catas &#8226; Federaci\u00f3n Down Galicia","robots":{"index":"index","follow":"follow","max-snippet":"max-snippet:-1","max-image-preview":"max-image-preview:large","max-video-preview":"max-video-preview:-1"},"canonical":"https:\/\/downgalicia.org\/es\/la-denominacion-de-origen-ribeiro-colabora-con-down-ourense-a-traves-de-un-ciclo-de-catas\/","og_locale":"es_ES","og_type":"article","og_title":"La Denominaci\u00f3n de Origen Ribeiro colabora con Down Ourense a trav\u00e9s de un ciclo de catas &#8226; Federaci\u00f3n Down Galicia","og_description":"El Centro Cultural \u201cMarcos Valc\u00e1rcel\u201d de la Diputaci\u00f3n de Ourense acoger\u00e1 la tercera edici\u00f3n de \u201cCata el arte\u201d, en la que todos los jueves, entre el 27 de octubre y el 1 de diciembre, se celebrar\u00e1n presentaciones y degustaciones de...","og_url":"https:\/\/downgalicia.org\/es\/la-denominacion-de-origen-ribeiro-colabora-con-down-ourense-a-traves-de-un-ciclo-de-catas\/","og_site_name":"Federaci\u00f3n Down Galicia","article_published_time":"2016-10-21T09:54:47+00:00","og_image":[{"width":1623,"height":1080,"url":"https:\/\/downgalicia.org\/wp-content\/uploads\/2025\/06\/Catas_Ourense-4.jpg","type":"image\/jpeg"}],"author":"produccion@visualpublinet.com","twitter_card":"summary_large_image","twitter_misc":{"Escrito por":"produccion@visualpublinet.com","Tiempo de lectura":"3 minutos"},"schema":{"@context":"https:\/\/schema.org","@graph":[{"@type":"Article","@id":"https:\/\/downgalicia.org\/es\/la-denominacion-de-origen-ribeiro-colabora-con-down-ourense-a-traves-de-un-ciclo-de-catas\/#article","isPartOf":{"@id":"https:\/\/downgalicia.org\/es\/la-denominacion-de-origen-ribeiro-colabora-con-down-ourense-a-traves-de-un-ciclo-de-catas\/"},"author":{"name":"produccion@visualpublinet.com","@id":"https:\/\/downgalicia.org\/es\/#\/schema\/person\/317730a00185114c76a219b94bddef15"},"headline":"La Denominaci\u00f3n de Origen Ribeiro colabora con Down Ourense a trav\u00e9s de un ciclo de catas","datePublished":"2016-10-21T09:54:47+00:00","mainEntityOfPage":{"@id":"https:\/\/downgalicia.org\/es\/la-denominacion-de-origen-ribeiro-colabora-con-down-ourense-a-traves-de-un-ciclo-de-catas\/"},"wordCount":642,"publisher":{"@id":"https:\/\/downgalicia.org\/es\/#organization"},"image":{"@id":"https:\/\/downgalicia.org\/es\/la-denominacion-de-origen-ribeiro-colabora-con-down-ourense-a-traves-de-un-ciclo-de-catas\/#primaryimage"},"thumbnailUrl":"https:\/\/downgalicia.org\/wp-content\/uploads\/2025\/06\/Catas_Ourense-4.jpg","articleSection":["Down Ourense","Noticias del Movimiento Down"],"inLanguage":"es"},{"@type":"WebPage","@id":"https:\/\/downgalicia.org\/es\/la-denominacion-de-origen-ribeiro-colabora-con-down-ourense-a-traves-de-un-ciclo-de-catas\/","url":"https:\/\/downgalicia.org\/es\/la-denominacion-de-origen-ribeiro-colabora-con-down-ourense-a-traves-de-un-ciclo-de-catas\/","name":"La Denominaci\u00f3n de Origen Ribeiro colabora con Down Ourense a trav\u00e9s de un ciclo de catas &#8226; Federaci\u00f3n Down Galicia","isPartOf":{"@id":"https:\/\/downgalicia.org\/es\/#website"},"primaryImageOfPage":{"@id":"https:\/\/downgalicia.org\/es\/la-denominacion-de-origen-ribeiro-colabora-con-down-ourense-a-traves-de-un-ciclo-de-catas\/#primaryimage"},"image":{"@id":"https:\/\/downgalicia.org\/es\/la-denominacion-de-origen-ribeiro-colabora-con-down-ourense-a-traves-de-un-ciclo-de-catas\/#primaryimage"},"thumbnailUrl":"https:\/\/downgalicia.org\/wp-content\/uploads\/2025\/06\/Catas_Ourense-4.jpg","datePublished":"2016-10-21T09:54:47+00:00","breadcrumb":{"@id":"https:\/\/downgalicia.org\/es\/la-denominacion-de-origen-ribeiro-colabora-con-down-ourense-a-traves-de-un-ciclo-de-catas\/#breadcrumb"},"inLanguage":"es","potentialAction":[{"@type":"ReadAction","target":["https:\/\/downgalicia.org\/es\/la-denominacion-de-origen-ribeiro-colabora-con-down-ourense-a-traves-de-un-ciclo-de-catas\/"]}]},{"@type":"ImageObject","inLanguage":"es","@id":"https:\/\/downgalicia.org\/es\/la-denominacion-de-origen-ribeiro-colabora-con-down-ourense-a-traves-de-un-ciclo-de-catas\/#primaryimage","url":"https:\/\/downgalicia.org\/wp-content\/uploads\/2025\/06\/Catas_Ourense-4.jpg","contentUrl":"https:\/\/downgalicia.org\/wp-content\/uploads\/2025\/06\/Catas_Ourense-4.jpg","width":1623,"height":1080},{"@type":"BreadcrumbList","@id":"https:\/\/downgalicia.org\/es\/la-denominacion-de-origen-ribeiro-colabora-con-down-ourense-a-traves-de-un-ciclo-de-catas\/#breadcrumb","itemListElement":[{"@type":"ListItem","position":1,"name":"Portada","item":"https:\/\/downgalicia.org\/es\/"},{"@type":"ListItem","position":2,"name":"La Denominaci\u00f3n de Origen Ribeiro colabora con Down Ourense a trav\u00e9s de un ciclo de catas"}]},{"@type":"WebSite","@id":"https:\/\/downgalicia.org\/es\/#website","url":"https:\/\/downgalicia.org\/es\/","name":"Federaci\u00f3n Down Galicia","description":"Apoio a persoas con S\u00edndrome de Down","publisher":{"@id":"https:\/\/downgalicia.org\/es\/#organization"},"potentialAction":[{"@type":"SearchAction","target":{"@type":"EntryPoint","urlTemplate":"https:\/\/downgalicia.org\/es\/?s={search_term_string}"},"query-input":{"@type":"PropertyValueSpecification","valueRequired":true,"valueName":"search_term_string"}}],"inLanguage":"es"},{"@type":"Organization","@id":"https:\/\/downgalicia.org\/es\/#organization","name":"Federaci\u00f3n Down Galicia","url":"https:\/\/downgalicia.org\/es\/","logo":{"@type":"ImageObject","inLanguage":"es","@id":"https:\/\/downgalicia.org\/es\/#\/schema\/logo\/image\/","url":"https:\/\/downgalicia.org\/wp-content\/uploads\/2024\/07\/logo-sindrome-down-color.svg","contentUrl":"https:\/\/downgalicia.org\/wp-content\/uploads\/2024\/07\/logo-sindrome-down-color.svg","width":271,"height":88,"caption":"Federaci\u00f3n Down Galicia"},"image":{"@id":"https:\/\/downgalicia.org\/es\/#\/schema\/logo\/image\/"}},{"@type":"Person","@id":"https:\/\/downgalicia.org\/es\/#\/schema\/person\/317730a00185114c76a219b94bddef15","name":"produccion@visualpublinet.com","image":{"@type":"ImageObject","inLanguage":"es","@id":"https:\/\/downgalicia.org\/es\/#\/schema\/person\/image\/","url":"https:\/\/secure.gravatar.com\/avatar\/282ee20c78c1b1137175d4ab9f75785d8c239d499b1376df3ba16efa213b7b10?s=96&d=mm&r=g","contentUrl":"https:\/\/secure.gravatar.com\/avatar\/282ee20c78c1b1137175d4ab9f75785d8c239d499b1376df3ba16efa213b7b10?s=96&d=mm&r=g","caption":"produccion@visualpublinet.com"},"sameAs":["https:\/\/downgalicia.org"],"url":"https:\/\/downgalicia.org\/es\/author\/produccionvisualpublinet-com\/"}]}},"_links":{"self":[{"href":"https:\/\/downgalicia.org\/es\/wp-json\/wp\/v2\/posts\/7542","targetHints":{"allow":["GET"]}}],"collection":[{"href":"https:\/\/downgalicia.org\/es\/wp-json\/wp\/v2\/posts"}],"about":[{"href":"https:\/\/downgalicia.org\/es\/wp-json\/wp\/v2\/types\/post"}],"author":[{"embeddable":true,"href":"https:\/\/downgalicia.org\/es\/wp-json\/wp\/v2\/users\/1"}],"replies":[{"embeddable":true,"href":"https:\/\/downgalicia.org\/es\/wp-json\/wp\/v2\/comments?post=7542"}],"version-history":[{"count":0,"href":"https:\/\/downgalicia.org\/es\/wp-json\/wp\/v2\/posts\/7542\/revisions"}],"wp:featuredmedia":[{"embeddable":true,"href":"https:\/\/downgalicia.org\/es\/wp-json\/wp\/v2\/media\/7543"}],"wp:attachment":[{"href":"https:\/\/downgalicia.org\/es\/wp-json\/wp\/v2\/media?parent=7542"}],"wp:term":[{"taxonomy":"category","embeddable":true,"href":"https:\/\/downgalicia.org\/es\/wp-json\/wp\/v2\/categories?post=7542"},{"taxonomy":"post_tag","embeddable":true,"href":"https:\/\/downgalicia.org\/es\/wp-json\/wp\/v2\/tags?post=7542"}],"curies":[{"name":"wp","href":"https:\/\/api.w.org\/{rel}","templated":true}]}}