{"id":7554,"date":"2016-10-17T16:18:53","date_gmt":"2016-10-17T14:18:53","guid":{"rendered":"http:\/\/downgalicia.org.136-144-253-96.136-144-253-96.visualpublinet.com\/abierto-el-plazo-de-inscripcion-para-la-jornada-experiencias-e-metodoloxias-de-educacion-inclusiva\/"},"modified":"2016-10-17T16:18:53","modified_gmt":"2016-10-17T14:18:53","slug":"abierto-el-plazo-de-inscripcion-para-la-jornada-experiencias-e-metodoloxias-de-educacion-inclusiva","status":"publish","type":"post","link":"https:\/\/downgalicia.org\/es\/abierto-el-plazo-de-inscripcion-para-la-jornada-experiencias-e-metodoloxias-de-educacion-inclusiva\/","title":{"rendered":"Abierto el plazo de inscripci\u00f3n para la jornada  \u201cExperiencias e Metodolox\u00edas de Educaci\u00f3n Inclusiva\u201d"},"content":{"rendered":"<p>La Federaci\u00f3n Down Galicia organiza el pr\u00f3ximo s\u00e1bado 5 de noviembre \u201cExperiencias e Metodolox\u00edas de Educaci\u00f3n Inclusiva\u201d, una jornada de aprendizaje para profesionales docentes, de orientaci\u00f3n y equipos directivos de los centros educativos de infantil, primaria y secundaria de la Comunidad Aut\u00f3noma de Galicia.<\/p>\n<p>El objetivo de esta formaci\u00f3n, homologada por la Xunta de Galicia, es contribuir a la mejora de la sensibilizaci\u00f3n y formaci\u00f3n de los participantes en la utilizaci\u00f3n de metodolog\u00edas inclusivas y buenas pr\u00e1cticas como medida de atenci\u00f3n y optimizaci\u00f3n del proceso de inclusi\u00f3n educativa del alumnado con mayores necesidades de apoyo educativo.<\/p>\n<p>La jornada estar\u00e1 centrada, en su mayor parte, en la presentaci\u00f3n de testimonios y experiencias de profesionales de la educaci\u00f3n, entre los que destaca Cecilia Sim\u00f3n Rueda, Doctora en Psicolog\u00eda y Maestra Titular del Departamento Interfacultativo de Psicolog\u00eda Evolutiva y de la Educaci\u00f3n de la Universidad Aut\u00f3noma de Madrid (UAM) y miembro del grupo de investigaci\u00f3n &#8220;Inclusi\u00f3n\/exclusi\u00f3n educativa: procesos interpersonales&#8221; de la UAM y del equipo que coordina lo \u201cConsorcio para la educaci\u00f3n inclusiva\u201d.<\/p>\n<p>La finalidad de las metodolog\u00edas inclusivas y las buenas pr\u00e1cticas es conseguir una escuela con capacidad para\u00a0 responder a las necesidades individuales de sus alumnos y alumnas, sea cu\u00e1l sea su grado de especificidad. Un tipo de escuela que debe ser capaz, por lo tanto, de adecuar recursos y metodolog\u00edas a las caracter\u00edsticas de todo el alumnado.<\/p>\n<p>Consulta toda la informaci\u00f3n y el programa de la jornada <a href=\"https:\/\/downgalicia.org\/wp-content\/uploads\/2016\/10\/Xornada-Educacion-Inclusiva_es-1.pdf\" target=\"_blank\">aqu\u00ed<\/a>.<\/p>\n<p>Inscr\u00edbete a trav\u00e9s de los siguientes enlaces seg\u00fan la opci\u00f3n que corresponda:<\/p>\n<p><strong>a. \u00bfEres personal en activo el 5\/11\/2016 en un centro educativo sostenido con fondos p\u00fablicos?: Inscr\u00edbete aqu\u00ed<\/strong><\/p>\n<p><strong>b. \u00bfOtro participante (Otro personal)?: Inscr\u00edbete aqu\u00ed<\/strong><\/p>\n","protected":false},"excerpt":{"rendered":"<p>La Federaci\u00f3n Down Galicia organiza el pr\u00f3ximo s\u00e1bado 5 de noviembre \u201cExperiencias e Metodolox\u00edas de Educaci\u00f3n Inclusiva\u201d, una jornada de aprendizaje para profesionales docentes, de orientaci\u00f3n y equipos directivos de los centros educativos de infantil, primaria y secundaria de la&#8230;<\/p>\n","protected":false},"author":1,"featured_media":7555,"comment_status":"closed","ping_status":"closed","sticky":false,"template":"","format":"standard","meta":{"_acf_changed":false,"give_campaign_id":0,"footnotes":""},"categories":[129,71],"tags":[],"class_list":["post-7554","post","type-post","status-publish","format-standard","has-post-thumbnail","hentry","category-down-galicia-hemeroteca-es","category-noticias-sindrome-de-down-es"],"acf":[],"yoast_head":"<!-- This site is optimized with the Yoast SEO plugin v25.3.1 - https:\/\/yoast.com\/wordpress\/plugins\/seo\/ -->\n<title>Abierto el plazo de inscripci\u00f3n para la jornada \u201cExperiencias e Metodolox\u00edas de Educaci\u00f3n Inclusiva\u201d &#8226; Federaci\u00f3n Down Galicia<\/title>\n<meta name=\"robots\" content=\"index, follow, max-snippet:-1, max-image-preview:large, max-video-preview:-1\" \/>\n<link rel=\"canonical\" href=\"https:\/\/downgalicia.org\/es\/abierto-el-plazo-de-inscripcion-para-la-jornada-experiencias-e-metodoloxias-de-educacion-inclusiva\/\" \/>\n<meta property=\"og:locale\" content=\"es_ES\" \/>\n<meta property=\"og:type\" content=\"article\" \/>\n<meta property=\"og:title\" content=\"Abierto el plazo de inscripci\u00f3n para la jornada \u201cExperiencias e Metodolox\u00edas de Educaci\u00f3n Inclusiva\u201d &#8226; Federaci\u00f3n Down Galicia\" \/>\n<meta property=\"og:description\" content=\"La Federaci\u00f3n Down Galicia organiza el pr\u00f3ximo s\u00e1bado 5 de noviembre \u201cExperiencias e Metodolox\u00edas de Educaci\u00f3n Inclusiva\u201d, una jornada de aprendizaje para profesionales docentes, de orientaci\u00f3n y equipos directivos de los centros educativos de infantil, primaria y secundaria de la...\" \/>\n<meta property=\"og:url\" content=\"https:\/\/downgalicia.org\/es\/abierto-el-plazo-de-inscripcion-para-la-jornada-experiencias-e-metodoloxias-de-educacion-inclusiva\/\" \/>\n<meta property=\"og:site_name\" content=\"Federaci\u00f3n Down Galicia\" \/>\n<meta property=\"article:published_time\" content=\"2016-10-17T14:18:53+00:00\" \/>\n<meta property=\"og:image\" content=\"https:\/\/downgalicia.org\/wp-content\/uploads\/2025\/06\/Xornada_metodoloxias_inclusivas-4.jpg\" \/>\n\t<meta property=\"og:image:width\" content=\"1440\" \/>\n\t<meta property=\"og:image:height\" content=\"1080\" \/>\n\t<meta property=\"og:image:type\" content=\"image\/jpeg\" \/>\n<meta name=\"author\" content=\"produccion@visualpublinet.com\" \/>\n<meta name=\"twitter:card\" content=\"summary_large_image\" \/>\n<meta name=\"twitter:label1\" content=\"Escrito por\" \/>\n\t<meta name=\"twitter:data1\" content=\"produccion@visualpublinet.com\" \/>\n\t<meta name=\"twitter:label2\" content=\"Tiempo de lectura\" \/>\n\t<meta name=\"twitter:data2\" content=\"2 minutos\" \/>\n<script type=\"application\/ld+json\" class=\"yoast-schema-graph\">{\"@context\":\"https:\/\/schema.org\",\"@graph\":[{\"@type\":\"Article\",\"@id\":\"https:\/\/downgalicia.org\/es\/abierto-el-plazo-de-inscripcion-para-la-jornada-experiencias-e-metodoloxias-de-educacion-inclusiva\/#article\",\"isPartOf\":{\"@id\":\"https:\/\/downgalicia.org\/es\/abierto-el-plazo-de-inscripcion-para-la-jornada-experiencias-e-metodoloxias-de-educacion-inclusiva\/\"},\"author\":{\"name\":\"produccion@visualpublinet.com\",\"@id\":\"https:\/\/downgalicia.org\/es\/#\/schema\/person\/317730a00185114c76a219b94bddef15\"},\"headline\":\"Abierto el plazo de inscripci\u00f3n para la jornada \u201cExperiencias e Metodolox\u00edas de Educaci\u00f3n Inclusiva\u201d\",\"datePublished\":\"2016-10-17T14:18:53+00:00\",\"mainEntityOfPage\":{\"@id\":\"https:\/\/downgalicia.org\/es\/abierto-el-plazo-de-inscripcion-para-la-jornada-experiencias-e-metodoloxias-de-educacion-inclusiva\/\"},\"wordCount\":330,\"publisher\":{\"@id\":\"https:\/\/downgalicia.org\/es\/#organization\"},\"image\":{\"@id\":\"https:\/\/downgalicia.org\/es\/abierto-el-plazo-de-inscripcion-para-la-jornada-experiencias-e-metodoloxias-de-educacion-inclusiva\/#primaryimage\"},\"thumbnailUrl\":\"https:\/\/downgalicia.org\/wp-content\/uploads\/2025\/06\/Xornada_metodoloxias_inclusivas-4.jpg\",\"articleSection\":[\"Down Galicia\",\"Noticias del Movimiento Down\"],\"inLanguage\":\"es\"},{\"@type\":\"WebPage\",\"@id\":\"https:\/\/downgalicia.org\/es\/abierto-el-plazo-de-inscripcion-para-la-jornada-experiencias-e-metodoloxias-de-educacion-inclusiva\/\",\"url\":\"https:\/\/downgalicia.org\/es\/abierto-el-plazo-de-inscripcion-para-la-jornada-experiencias-e-metodoloxias-de-educacion-inclusiva\/\",\"name\":\"Abierto el plazo de inscripci\u00f3n para la jornada \u201cExperiencias e Metodolox\u00edas de Educaci\u00f3n Inclusiva\u201d &#8226; Federaci\u00f3n Down Galicia\",\"isPartOf\":{\"@id\":\"https:\/\/downgalicia.org\/es\/#website\"},\"primaryImageOfPage\":{\"@id\":\"https:\/\/downgalicia.org\/es\/abierto-el-plazo-de-inscripcion-para-la-jornada-experiencias-e-metodoloxias-de-educacion-inclusiva\/#primaryimage\"},\"image\":{\"@id\":\"https:\/\/downgalicia.org\/es\/abierto-el-plazo-de-inscripcion-para-la-jornada-experiencias-e-metodoloxias-de-educacion-inclusiva\/#primaryimage\"},\"thumbnailUrl\":\"https:\/\/downgalicia.org\/wp-content\/uploads\/2025\/06\/Xornada_metodoloxias_inclusivas-4.jpg\",\"datePublished\":\"2016-10-17T14:18:53+00:00\",\"breadcrumb\":{\"@id\":\"https:\/\/downgalicia.org\/es\/abierto-el-plazo-de-inscripcion-para-la-jornada-experiencias-e-metodoloxias-de-educacion-inclusiva\/#breadcrumb\"},\"inLanguage\":\"es\",\"potentialAction\":[{\"@type\":\"ReadAction\",\"target\":[\"https:\/\/downgalicia.org\/es\/abierto-el-plazo-de-inscripcion-para-la-jornada-experiencias-e-metodoloxias-de-educacion-inclusiva\/\"]}]},{\"@type\":\"ImageObject\",\"inLanguage\":\"es\",\"@id\":\"https:\/\/downgalicia.org\/es\/abierto-el-plazo-de-inscripcion-para-la-jornada-experiencias-e-metodoloxias-de-educacion-inclusiva\/#primaryimage\",\"url\":\"https:\/\/downgalicia.org\/wp-content\/uploads\/2025\/06\/Xornada_metodoloxias_inclusivas-4.jpg\",\"contentUrl\":\"https:\/\/downgalicia.org\/wp-content\/uploads\/2025\/06\/Xornada_metodoloxias_inclusivas-4.jpg\",\"width\":1440,\"height\":1080},{\"@type\":\"BreadcrumbList\",\"@id\":\"https:\/\/downgalicia.org\/es\/abierto-el-plazo-de-inscripcion-para-la-jornada-experiencias-e-metodoloxias-de-educacion-inclusiva\/#breadcrumb\",\"itemListElement\":[{\"@type\":\"ListItem\",\"position\":1,\"name\":\"Portada\",\"item\":\"https:\/\/downgalicia.org\/es\/\"},{\"@type\":\"ListItem\",\"position\":2,\"name\":\"Abierto el plazo de inscripci\u00f3n para la jornada \u201cExperiencias e Metodolox\u00edas de Educaci\u00f3n Inclusiva\u201d\"}]},{\"@type\":\"WebSite\",\"@id\":\"https:\/\/downgalicia.org\/es\/#website\",\"url\":\"https:\/\/downgalicia.org\/es\/\",\"name\":\"Federaci\u00f3n Down Galicia\",\"description\":\"Apoio a persoas con S\u00edndrome de Down\",\"publisher\":{\"@id\":\"https:\/\/downgalicia.org\/es\/#organization\"},\"potentialAction\":[{\"@type\":\"SearchAction\",\"target\":{\"@type\":\"EntryPoint\",\"urlTemplate\":\"https:\/\/downgalicia.org\/es\/?s={search_term_string}\"},\"query-input\":{\"@type\":\"PropertyValueSpecification\",\"valueRequired\":true,\"valueName\":\"search_term_string\"}}],\"inLanguage\":\"es\"},{\"@type\":\"Organization\",\"@id\":\"https:\/\/downgalicia.org\/es\/#organization\",\"name\":\"Federaci\u00f3n Down Galicia\",\"url\":\"https:\/\/downgalicia.org\/es\/\",\"logo\":{\"@type\":\"ImageObject\",\"inLanguage\":\"es\",\"@id\":\"https:\/\/downgalicia.org\/es\/#\/schema\/logo\/image\/\",\"url\":\"https:\/\/downgalicia.org\/wp-content\/uploads\/2024\/07\/logo-sindrome-down-color.svg\",\"contentUrl\":\"https:\/\/downgalicia.org\/wp-content\/uploads\/2024\/07\/logo-sindrome-down-color.svg\",\"width\":271,\"height\":88,\"caption\":\"Federaci\u00f3n Down Galicia\"},\"image\":{\"@id\":\"https:\/\/downgalicia.org\/es\/#\/schema\/logo\/image\/\"}},{\"@type\":\"Person\",\"@id\":\"https:\/\/downgalicia.org\/es\/#\/schema\/person\/317730a00185114c76a219b94bddef15\",\"name\":\"produccion@visualpublinet.com\",\"image\":{\"@type\":\"ImageObject\",\"inLanguage\":\"es\",\"@id\":\"https:\/\/downgalicia.org\/es\/#\/schema\/person\/image\/\",\"url\":\"https:\/\/secure.gravatar.com\/avatar\/282ee20c78c1b1137175d4ab9f75785d8c239d499b1376df3ba16efa213b7b10?s=96&d=mm&r=g\",\"contentUrl\":\"https:\/\/secure.gravatar.com\/avatar\/282ee20c78c1b1137175d4ab9f75785d8c239d499b1376df3ba16efa213b7b10?s=96&d=mm&r=g\",\"caption\":\"produccion@visualpublinet.com\"},\"sameAs\":[\"https:\/\/downgalicia.org\"],\"url\":\"https:\/\/downgalicia.org\/es\/author\/produccionvisualpublinet-com\/\"}]}<\/script>\n<!-- \/ Yoast SEO plugin. -->","yoast_head_json":{"title":"Abierto el plazo de inscripci\u00f3n para la jornada \u201cExperiencias e Metodolox\u00edas de Educaci\u00f3n Inclusiva\u201d &#8226; Federaci\u00f3n Down Galicia","robots":{"index":"index","follow":"follow","max-snippet":"max-snippet:-1","max-image-preview":"max-image-preview:large","max-video-preview":"max-video-preview:-1"},"canonical":"https:\/\/downgalicia.org\/es\/abierto-el-plazo-de-inscripcion-para-la-jornada-experiencias-e-metodoloxias-de-educacion-inclusiva\/","og_locale":"es_ES","og_type":"article","og_title":"Abierto el plazo de inscripci\u00f3n para la jornada \u201cExperiencias e Metodolox\u00edas de Educaci\u00f3n Inclusiva\u201d &#8226; Federaci\u00f3n Down Galicia","og_description":"La Federaci\u00f3n Down Galicia organiza el pr\u00f3ximo s\u00e1bado 5 de noviembre \u201cExperiencias e Metodolox\u00edas de Educaci\u00f3n Inclusiva\u201d, una jornada de aprendizaje para profesionales docentes, de orientaci\u00f3n y equipos directivos de los centros educativos de infantil, primaria y secundaria de la...","og_url":"https:\/\/downgalicia.org\/es\/abierto-el-plazo-de-inscripcion-para-la-jornada-experiencias-e-metodoloxias-de-educacion-inclusiva\/","og_site_name":"Federaci\u00f3n Down Galicia","article_published_time":"2016-10-17T14:18:53+00:00","og_image":[{"width":1440,"height":1080,"url":"https:\/\/downgalicia.org\/wp-content\/uploads\/2025\/06\/Xornada_metodoloxias_inclusivas-4.jpg","type":"image\/jpeg"}],"author":"produccion@visualpublinet.com","twitter_card":"summary_large_image","twitter_misc":{"Escrito por":"produccion@visualpublinet.com","Tiempo de lectura":"2 minutos"},"schema":{"@context":"https:\/\/schema.org","@graph":[{"@type":"Article","@id":"https:\/\/downgalicia.org\/es\/abierto-el-plazo-de-inscripcion-para-la-jornada-experiencias-e-metodoloxias-de-educacion-inclusiva\/#article","isPartOf":{"@id":"https:\/\/downgalicia.org\/es\/abierto-el-plazo-de-inscripcion-para-la-jornada-experiencias-e-metodoloxias-de-educacion-inclusiva\/"},"author":{"name":"produccion@visualpublinet.com","@id":"https:\/\/downgalicia.org\/es\/#\/schema\/person\/317730a00185114c76a219b94bddef15"},"headline":"Abierto el plazo de inscripci\u00f3n para la jornada \u201cExperiencias e Metodolox\u00edas de Educaci\u00f3n Inclusiva\u201d","datePublished":"2016-10-17T14:18:53+00:00","mainEntityOfPage":{"@id":"https:\/\/downgalicia.org\/es\/abierto-el-plazo-de-inscripcion-para-la-jornada-experiencias-e-metodoloxias-de-educacion-inclusiva\/"},"wordCount":330,"publisher":{"@id":"https:\/\/downgalicia.org\/es\/#organization"},"image":{"@id":"https:\/\/downgalicia.org\/es\/abierto-el-plazo-de-inscripcion-para-la-jornada-experiencias-e-metodoloxias-de-educacion-inclusiva\/#primaryimage"},"thumbnailUrl":"https:\/\/downgalicia.org\/wp-content\/uploads\/2025\/06\/Xornada_metodoloxias_inclusivas-4.jpg","articleSection":["Down Galicia","Noticias del Movimiento Down"],"inLanguage":"es"},{"@type":"WebPage","@id":"https:\/\/downgalicia.org\/es\/abierto-el-plazo-de-inscripcion-para-la-jornada-experiencias-e-metodoloxias-de-educacion-inclusiva\/","url":"https:\/\/downgalicia.org\/es\/abierto-el-plazo-de-inscripcion-para-la-jornada-experiencias-e-metodoloxias-de-educacion-inclusiva\/","name":"Abierto el plazo de inscripci\u00f3n para la jornada \u201cExperiencias e Metodolox\u00edas de Educaci\u00f3n Inclusiva\u201d &#8226; Federaci\u00f3n Down Galicia","isPartOf":{"@id":"https:\/\/downgalicia.org\/es\/#website"},"primaryImageOfPage":{"@id":"https:\/\/downgalicia.org\/es\/abierto-el-plazo-de-inscripcion-para-la-jornada-experiencias-e-metodoloxias-de-educacion-inclusiva\/#primaryimage"},"image":{"@id":"https:\/\/downgalicia.org\/es\/abierto-el-plazo-de-inscripcion-para-la-jornada-experiencias-e-metodoloxias-de-educacion-inclusiva\/#primaryimage"},"thumbnailUrl":"https:\/\/downgalicia.org\/wp-content\/uploads\/2025\/06\/Xornada_metodoloxias_inclusivas-4.jpg","datePublished":"2016-10-17T14:18:53+00:00","breadcrumb":{"@id":"https:\/\/downgalicia.org\/es\/abierto-el-plazo-de-inscripcion-para-la-jornada-experiencias-e-metodoloxias-de-educacion-inclusiva\/#breadcrumb"},"inLanguage":"es","potentialAction":[{"@type":"ReadAction","target":["https:\/\/downgalicia.org\/es\/abierto-el-plazo-de-inscripcion-para-la-jornada-experiencias-e-metodoloxias-de-educacion-inclusiva\/"]}]},{"@type":"ImageObject","inLanguage":"es","@id":"https:\/\/downgalicia.org\/es\/abierto-el-plazo-de-inscripcion-para-la-jornada-experiencias-e-metodoloxias-de-educacion-inclusiva\/#primaryimage","url":"https:\/\/downgalicia.org\/wp-content\/uploads\/2025\/06\/Xornada_metodoloxias_inclusivas-4.jpg","contentUrl":"https:\/\/downgalicia.org\/wp-content\/uploads\/2025\/06\/Xornada_metodoloxias_inclusivas-4.jpg","width":1440,"height":1080},{"@type":"BreadcrumbList","@id":"https:\/\/downgalicia.org\/es\/abierto-el-plazo-de-inscripcion-para-la-jornada-experiencias-e-metodoloxias-de-educacion-inclusiva\/#breadcrumb","itemListElement":[{"@type":"ListItem","position":1,"name":"Portada","item":"https:\/\/downgalicia.org\/es\/"},{"@type":"ListItem","position":2,"name":"Abierto el plazo de inscripci\u00f3n para la jornada \u201cExperiencias e Metodolox\u00edas de Educaci\u00f3n Inclusiva\u201d"}]},{"@type":"WebSite","@id":"https:\/\/downgalicia.org\/es\/#website","url":"https:\/\/downgalicia.org\/es\/","name":"Federaci\u00f3n Down Galicia","description":"Apoio a persoas con S\u00edndrome de Down","publisher":{"@id":"https:\/\/downgalicia.org\/es\/#organization"},"potentialAction":[{"@type":"SearchAction","target":{"@type":"EntryPoint","urlTemplate":"https:\/\/downgalicia.org\/es\/?s={search_term_string}"},"query-input":{"@type":"PropertyValueSpecification","valueRequired":true,"valueName":"search_term_string"}}],"inLanguage":"es"},{"@type":"Organization","@id":"https:\/\/downgalicia.org\/es\/#organization","name":"Federaci\u00f3n Down Galicia","url":"https:\/\/downgalicia.org\/es\/","logo":{"@type":"ImageObject","inLanguage":"es","@id":"https:\/\/downgalicia.org\/es\/#\/schema\/logo\/image\/","url":"https:\/\/downgalicia.org\/wp-content\/uploads\/2024\/07\/logo-sindrome-down-color.svg","contentUrl":"https:\/\/downgalicia.org\/wp-content\/uploads\/2024\/07\/logo-sindrome-down-color.svg","width":271,"height":88,"caption":"Federaci\u00f3n Down Galicia"},"image":{"@id":"https:\/\/downgalicia.org\/es\/#\/schema\/logo\/image\/"}},{"@type":"Person","@id":"https:\/\/downgalicia.org\/es\/#\/schema\/person\/317730a00185114c76a219b94bddef15","name":"produccion@visualpublinet.com","image":{"@type":"ImageObject","inLanguage":"es","@id":"https:\/\/downgalicia.org\/es\/#\/schema\/person\/image\/","url":"https:\/\/secure.gravatar.com\/avatar\/282ee20c78c1b1137175d4ab9f75785d8c239d499b1376df3ba16efa213b7b10?s=96&d=mm&r=g","contentUrl":"https:\/\/secure.gravatar.com\/avatar\/282ee20c78c1b1137175d4ab9f75785d8c239d499b1376df3ba16efa213b7b10?s=96&d=mm&r=g","caption":"produccion@visualpublinet.com"},"sameAs":["https:\/\/downgalicia.org"],"url":"https:\/\/downgalicia.org\/es\/author\/produccionvisualpublinet-com\/"}]}},"_links":{"self":[{"href":"https:\/\/downgalicia.org\/es\/wp-json\/wp\/v2\/posts\/7554","targetHints":{"allow":["GET"]}}],"collection":[{"href":"https:\/\/downgalicia.org\/es\/wp-json\/wp\/v2\/posts"}],"about":[{"href":"https:\/\/downgalicia.org\/es\/wp-json\/wp\/v2\/types\/post"}],"author":[{"embeddable":true,"href":"https:\/\/downgalicia.org\/es\/wp-json\/wp\/v2\/users\/1"}],"replies":[{"embeddable":true,"href":"https:\/\/downgalicia.org\/es\/wp-json\/wp\/v2\/comments?post=7554"}],"version-history":[{"count":0,"href":"https:\/\/downgalicia.org\/es\/wp-json\/wp\/v2\/posts\/7554\/revisions"}],"wp:featuredmedia":[{"embeddable":true,"href":"https:\/\/downgalicia.org\/es\/wp-json\/wp\/v2\/media\/7555"}],"wp:attachment":[{"href":"https:\/\/downgalicia.org\/es\/wp-json\/wp\/v2\/media?parent=7554"}],"wp:term":[{"taxonomy":"category","embeddable":true,"href":"https:\/\/downgalicia.org\/es\/wp-json\/wp\/v2\/categories?post=7554"},{"taxonomy":"post_tag","embeddable":true,"href":"https:\/\/downgalicia.org\/es\/wp-json\/wp\/v2\/tags?post=7554"}],"curies":[{"name":"wp","href":"https:\/\/api.w.org\/{rel}","templated":true}]}}