{"id":7763,"date":"2016-03-21T17:37:36","date_gmt":"2016-03-21T16:37:36","guid":{"rendered":"http:\/\/downgalicia.org.136-144-253-96.136-144-253-96.visualpublinet.com\/down-coruna-estrena-nuevas-instalaciones-en-pedralonga\/"},"modified":"2016-03-21T17:37:36","modified_gmt":"2016-03-21T16:37:36","slug":"down-coruna-estrena-nuevas-instalaciones-en-pedralonga","status":"publish","type":"post","link":"https:\/\/downgalicia.org\/es\/down-coruna-estrena-nuevas-instalaciones-en-pedralonga\/","title":{"rendered":"Down Coru\u00f1a estrena nuevas instalaciones en Pedralonga"},"content":{"rendered":"<p>La nueva sede de Down Coru\u00f1a, situada en el lugar de Pedralonga, ha supuesto la recuperaci\u00f3n de la antigua escuela del barrio, adem\u00e1s de la construcci\u00f3n de un nuevo inmueble. Unas obras que han contado con una inversi\u00f3n superior a los 800.000 euros y que han sido posibles gracias a la colaboraci\u00f3n del Ayuntamiento de A Coru\u00f1a y la Diputaci\u00f3n Provincial.<\/p>\n<p>El nuevo centro ocupa una parcela de casi 2000 metros cuadrados, que el consistorio coru\u00f1\u00e9s ha cedido a la entidad por un plazo de 75 a\u00f1os.<\/p>\n<p>El acto de inauguraci\u00f3n de estas nuevas instalaciones ha coincido con la celebraci\u00f3n del d\u00eda mundial del S\u00edndrome de Down. A la cita han asistido el Alcalde de A Coru\u00f1a, as\u00ed como representantes de los distintos grupos de la Corporaci\u00f3n Municipal, el Presidente de la Diputaci\u00f3n Provincial de A Coru\u00f1a, el Delegado Territorial de la Xunta y el Conselleiro de Pol\u00edtica Social, entre otras autoridades. Tambi\u00e9n representantes de distintas entidades privadas que habitualmente colaboran con esta asociaci\u00f3n.<\/p>\n<p>En su discurso, el Presidente de Down Coru\u00f1a, Manuel \u00c1lvarez, record\u00f3 la importancia que tiene este d\u00eda para las m\u00e1s de 80 familias que en la actualidad integran esta asociaci\u00f3n. Tambi\u00e9n mencion\u00f3 como hace ya cinco a\u00f1os se inici\u00f3 el trabajo de \u201csumar esfuerzos\u201d para implicar a las distintas administraciones que hoy han hecho posible este proyecto \u201cnuevas instalaciones m\u00e1s amplias y mejor dotadas, desde las que tambi\u00e9n podremos ofertar m\u00e1s y mejores servicios\u201d.<\/p>\n<p>De hecho, parte de este nuevo espacio est\u00e1 reservado a los vecinos del barrio de Pedralonga. \u00a0\u201cNo queremos limitarnos a compartir metros cuadrados\u201d, manifest\u00f3 el Presidente de Down Coru\u00f1a en su discurso. \u201cEstamos convencidos de que en esta nueva etapa podemos y debemos compartir actividades,\u00a0 entre los vecinos del barrio y personas con diversidad funcional, haciendo de esto no una labor de integraci\u00f3n, sino de convivencia entre personas diferentes\u201d.<\/p>\n","protected":false},"excerpt":{"rendered":"<p>La nueva sede de Down Coru\u00f1a, situada en el lugar de Pedralonga, ha supuesto la recuperaci\u00f3n de la antigua escuela del barrio, adem\u00e1s de la construcci\u00f3n de un nuevo inmueble. Unas obras que han contado con una inversi\u00f3n superior a&#8230;<\/p>\n","protected":false},"author":1,"featured_media":0,"comment_status":"closed","ping_status":"closed","sticky":false,"template":"","format":"standard","meta":{"_acf_changed":false,"give_campaign_id":0,"footnotes":""},"categories":[119,71],"tags":[],"class_list":["post-7763","post","type-post","status-publish","format-standard","hentry","category-down-coruna-hemeroteca-es","category-noticias-sindrome-de-down-es"],"acf":[],"yoast_head":"<!-- This site is optimized with the Yoast SEO plugin v25.3.1 - https:\/\/yoast.com\/wordpress\/plugins\/seo\/ -->\n<title>Down Coru\u00f1a estrena nuevas instalaciones en Pedralonga &#8226; Federaci\u00f3n Down Galicia<\/title>\n<meta name=\"robots\" content=\"index, follow, max-snippet:-1, max-image-preview:large, max-video-preview:-1\" \/>\n<link rel=\"canonical\" href=\"https:\/\/downgalicia.org\/es\/down-coruna-estrena-nuevas-instalaciones-en-pedralonga\/\" \/>\n<meta property=\"og:locale\" content=\"es_ES\" \/>\n<meta property=\"og:type\" content=\"article\" \/>\n<meta property=\"og:title\" content=\"Down Coru\u00f1a estrena nuevas instalaciones en Pedralonga &#8226; Federaci\u00f3n Down Galicia\" \/>\n<meta property=\"og:description\" content=\"La nueva sede de Down Coru\u00f1a, situada en el lugar de Pedralonga, ha supuesto la recuperaci\u00f3n de la antigua escuela del barrio, adem\u00e1s de la construcci\u00f3n de un nuevo inmueble. Unas obras que han contado con una inversi\u00f3n superior a...\" \/>\n<meta property=\"og:url\" content=\"https:\/\/downgalicia.org\/es\/down-coruna-estrena-nuevas-instalaciones-en-pedralonga\/\" \/>\n<meta property=\"og:site_name\" content=\"Federaci\u00f3n Down Galicia\" \/>\n<meta property=\"article:published_time\" content=\"2016-03-21T16:37:36+00:00\" \/>\n<meta name=\"author\" content=\"produccion@visualpublinet.com\" \/>\n<meta name=\"twitter:card\" content=\"summary_large_image\" \/>\n<meta name=\"twitter:label1\" content=\"Escrito por\" \/>\n\t<meta name=\"twitter:data1\" content=\"produccion@visualpublinet.com\" \/>\n\t<meta name=\"twitter:label2\" content=\"Tiempo de lectura\" \/>\n\t<meta name=\"twitter:data2\" content=\"2 minutos\" \/>\n<script type=\"application\/ld+json\" class=\"yoast-schema-graph\">{\"@context\":\"https:\/\/schema.org\",\"@graph\":[{\"@type\":\"Article\",\"@id\":\"https:\/\/downgalicia.org\/es\/down-coruna-estrena-nuevas-instalaciones-en-pedralonga\/#article\",\"isPartOf\":{\"@id\":\"https:\/\/downgalicia.org\/es\/down-coruna-estrena-nuevas-instalaciones-en-pedralonga\/\"},\"author\":{\"name\":\"produccion@visualpublinet.com\",\"@id\":\"https:\/\/downgalicia.org\/es\/#\/schema\/person\/317730a00185114c76a219b94bddef15\"},\"headline\":\"Down Coru\u00f1a estrena nuevas instalaciones en Pedralonga\",\"datePublished\":\"2016-03-21T16:37:36+00:00\",\"mainEntityOfPage\":{\"@id\":\"https:\/\/downgalicia.org\/es\/down-coruna-estrena-nuevas-instalaciones-en-pedralonga\/\"},\"wordCount\":343,\"publisher\":{\"@id\":\"https:\/\/downgalicia.org\/es\/#organization\"},\"articleSection\":[\"Down Coru\u00f1a\",\"Noticias del Movimiento Down\"],\"inLanguage\":\"es\"},{\"@type\":\"WebPage\",\"@id\":\"https:\/\/downgalicia.org\/es\/down-coruna-estrena-nuevas-instalaciones-en-pedralonga\/\",\"url\":\"https:\/\/downgalicia.org\/es\/down-coruna-estrena-nuevas-instalaciones-en-pedralonga\/\",\"name\":\"Down Coru\u00f1a estrena nuevas instalaciones en Pedralonga &#8226; Federaci\u00f3n Down Galicia\",\"isPartOf\":{\"@id\":\"https:\/\/downgalicia.org\/es\/#website\"},\"datePublished\":\"2016-03-21T16:37:36+00:00\",\"breadcrumb\":{\"@id\":\"https:\/\/downgalicia.org\/es\/down-coruna-estrena-nuevas-instalaciones-en-pedralonga\/#breadcrumb\"},\"inLanguage\":\"es\",\"potentialAction\":[{\"@type\":\"ReadAction\",\"target\":[\"https:\/\/downgalicia.org\/es\/down-coruna-estrena-nuevas-instalaciones-en-pedralonga\/\"]}]},{\"@type\":\"BreadcrumbList\",\"@id\":\"https:\/\/downgalicia.org\/es\/down-coruna-estrena-nuevas-instalaciones-en-pedralonga\/#breadcrumb\",\"itemListElement\":[{\"@type\":\"ListItem\",\"position\":1,\"name\":\"Portada\",\"item\":\"https:\/\/downgalicia.org\/es\/\"},{\"@type\":\"ListItem\",\"position\":2,\"name\":\"Down Coru\u00f1a estrena nuevas instalaciones en Pedralonga\"}]},{\"@type\":\"WebSite\",\"@id\":\"https:\/\/downgalicia.org\/es\/#website\",\"url\":\"https:\/\/downgalicia.org\/es\/\",\"name\":\"Federaci\u00f3n Down Galicia\",\"description\":\"Apoio a persoas con S\u00edndrome de Down\",\"publisher\":{\"@id\":\"https:\/\/downgalicia.org\/es\/#organization\"},\"potentialAction\":[{\"@type\":\"SearchAction\",\"target\":{\"@type\":\"EntryPoint\",\"urlTemplate\":\"https:\/\/downgalicia.org\/es\/?s={search_term_string}\"},\"query-input\":{\"@type\":\"PropertyValueSpecification\",\"valueRequired\":true,\"valueName\":\"search_term_string\"}}],\"inLanguage\":\"es\"},{\"@type\":\"Organization\",\"@id\":\"https:\/\/downgalicia.org\/es\/#organization\",\"name\":\"Federaci\u00f3n Down Galicia\",\"url\":\"https:\/\/downgalicia.org\/es\/\",\"logo\":{\"@type\":\"ImageObject\",\"inLanguage\":\"es\",\"@id\":\"https:\/\/downgalicia.org\/es\/#\/schema\/logo\/image\/\",\"url\":\"https:\/\/downgalicia.org\/wp-content\/uploads\/2024\/07\/logo-sindrome-down-color.svg\",\"contentUrl\":\"https:\/\/downgalicia.org\/wp-content\/uploads\/2024\/07\/logo-sindrome-down-color.svg\",\"width\":271,\"height\":88,\"caption\":\"Federaci\u00f3n Down Galicia\"},\"image\":{\"@id\":\"https:\/\/downgalicia.org\/es\/#\/schema\/logo\/image\/\"}},{\"@type\":\"Person\",\"@id\":\"https:\/\/downgalicia.org\/es\/#\/schema\/person\/317730a00185114c76a219b94bddef15\",\"name\":\"produccion@visualpublinet.com\",\"image\":{\"@type\":\"ImageObject\",\"inLanguage\":\"es\",\"@id\":\"https:\/\/downgalicia.org\/es\/#\/schema\/person\/image\/\",\"url\":\"https:\/\/secure.gravatar.com\/avatar\/282ee20c78c1b1137175d4ab9f75785d8c239d499b1376df3ba16efa213b7b10?s=96&d=mm&r=g\",\"contentUrl\":\"https:\/\/secure.gravatar.com\/avatar\/282ee20c78c1b1137175d4ab9f75785d8c239d499b1376df3ba16efa213b7b10?s=96&d=mm&r=g\",\"caption\":\"produccion@visualpublinet.com\"},\"sameAs\":[\"https:\/\/downgalicia.org\"],\"url\":\"https:\/\/downgalicia.org\/es\/author\/produccionvisualpublinet-com\/\"}]}<\/script>\n<!-- \/ Yoast SEO plugin. -->","yoast_head_json":{"title":"Down Coru\u00f1a estrena nuevas instalaciones en Pedralonga &#8226; Federaci\u00f3n Down Galicia","robots":{"index":"index","follow":"follow","max-snippet":"max-snippet:-1","max-image-preview":"max-image-preview:large","max-video-preview":"max-video-preview:-1"},"canonical":"https:\/\/downgalicia.org\/es\/down-coruna-estrena-nuevas-instalaciones-en-pedralonga\/","og_locale":"es_ES","og_type":"article","og_title":"Down Coru\u00f1a estrena nuevas instalaciones en Pedralonga &#8226; Federaci\u00f3n Down Galicia","og_description":"La nueva sede de Down Coru\u00f1a, situada en el lugar de Pedralonga, ha supuesto la recuperaci\u00f3n de la antigua escuela del barrio, adem\u00e1s de la construcci\u00f3n de un nuevo inmueble. Unas obras que han contado con una inversi\u00f3n superior a...","og_url":"https:\/\/downgalicia.org\/es\/down-coruna-estrena-nuevas-instalaciones-en-pedralonga\/","og_site_name":"Federaci\u00f3n Down Galicia","article_published_time":"2016-03-21T16:37:36+00:00","author":"produccion@visualpublinet.com","twitter_card":"summary_large_image","twitter_misc":{"Escrito por":"produccion@visualpublinet.com","Tiempo de lectura":"2 minutos"},"schema":{"@context":"https:\/\/schema.org","@graph":[{"@type":"Article","@id":"https:\/\/downgalicia.org\/es\/down-coruna-estrena-nuevas-instalaciones-en-pedralonga\/#article","isPartOf":{"@id":"https:\/\/downgalicia.org\/es\/down-coruna-estrena-nuevas-instalaciones-en-pedralonga\/"},"author":{"name":"produccion@visualpublinet.com","@id":"https:\/\/downgalicia.org\/es\/#\/schema\/person\/317730a00185114c76a219b94bddef15"},"headline":"Down Coru\u00f1a estrena nuevas instalaciones en Pedralonga","datePublished":"2016-03-21T16:37:36+00:00","mainEntityOfPage":{"@id":"https:\/\/downgalicia.org\/es\/down-coruna-estrena-nuevas-instalaciones-en-pedralonga\/"},"wordCount":343,"publisher":{"@id":"https:\/\/downgalicia.org\/es\/#organization"},"articleSection":["Down Coru\u00f1a","Noticias del Movimiento Down"],"inLanguage":"es"},{"@type":"WebPage","@id":"https:\/\/downgalicia.org\/es\/down-coruna-estrena-nuevas-instalaciones-en-pedralonga\/","url":"https:\/\/downgalicia.org\/es\/down-coruna-estrena-nuevas-instalaciones-en-pedralonga\/","name":"Down Coru\u00f1a estrena nuevas instalaciones en Pedralonga &#8226; Federaci\u00f3n Down Galicia","isPartOf":{"@id":"https:\/\/downgalicia.org\/es\/#website"},"datePublished":"2016-03-21T16:37:36+00:00","breadcrumb":{"@id":"https:\/\/downgalicia.org\/es\/down-coruna-estrena-nuevas-instalaciones-en-pedralonga\/#breadcrumb"},"inLanguage":"es","potentialAction":[{"@type":"ReadAction","target":["https:\/\/downgalicia.org\/es\/down-coruna-estrena-nuevas-instalaciones-en-pedralonga\/"]}]},{"@type":"BreadcrumbList","@id":"https:\/\/downgalicia.org\/es\/down-coruna-estrena-nuevas-instalaciones-en-pedralonga\/#breadcrumb","itemListElement":[{"@type":"ListItem","position":1,"name":"Portada","item":"https:\/\/downgalicia.org\/es\/"},{"@type":"ListItem","position":2,"name":"Down Coru\u00f1a estrena nuevas instalaciones en Pedralonga"}]},{"@type":"WebSite","@id":"https:\/\/downgalicia.org\/es\/#website","url":"https:\/\/downgalicia.org\/es\/","name":"Federaci\u00f3n Down Galicia","description":"Apoio a persoas con S\u00edndrome de Down","publisher":{"@id":"https:\/\/downgalicia.org\/es\/#organization"},"potentialAction":[{"@type":"SearchAction","target":{"@type":"EntryPoint","urlTemplate":"https:\/\/downgalicia.org\/es\/?s={search_term_string}"},"query-input":{"@type":"PropertyValueSpecification","valueRequired":true,"valueName":"search_term_string"}}],"inLanguage":"es"},{"@type":"Organization","@id":"https:\/\/downgalicia.org\/es\/#organization","name":"Federaci\u00f3n Down Galicia","url":"https:\/\/downgalicia.org\/es\/","logo":{"@type":"ImageObject","inLanguage":"es","@id":"https:\/\/downgalicia.org\/es\/#\/schema\/logo\/image\/","url":"https:\/\/downgalicia.org\/wp-content\/uploads\/2024\/07\/logo-sindrome-down-color.svg","contentUrl":"https:\/\/downgalicia.org\/wp-content\/uploads\/2024\/07\/logo-sindrome-down-color.svg","width":271,"height":88,"caption":"Federaci\u00f3n Down Galicia"},"image":{"@id":"https:\/\/downgalicia.org\/es\/#\/schema\/logo\/image\/"}},{"@type":"Person","@id":"https:\/\/downgalicia.org\/es\/#\/schema\/person\/317730a00185114c76a219b94bddef15","name":"produccion@visualpublinet.com","image":{"@type":"ImageObject","inLanguage":"es","@id":"https:\/\/downgalicia.org\/es\/#\/schema\/person\/image\/","url":"https:\/\/secure.gravatar.com\/avatar\/282ee20c78c1b1137175d4ab9f75785d8c239d499b1376df3ba16efa213b7b10?s=96&d=mm&r=g","contentUrl":"https:\/\/secure.gravatar.com\/avatar\/282ee20c78c1b1137175d4ab9f75785d8c239d499b1376df3ba16efa213b7b10?s=96&d=mm&r=g","caption":"produccion@visualpublinet.com"},"sameAs":["https:\/\/downgalicia.org"],"url":"https:\/\/downgalicia.org\/es\/author\/produccionvisualpublinet-com\/"}]}},"_links":{"self":[{"href":"https:\/\/downgalicia.org\/es\/wp-json\/wp\/v2\/posts\/7763","targetHints":{"allow":["GET"]}}],"collection":[{"href":"https:\/\/downgalicia.org\/es\/wp-json\/wp\/v2\/posts"}],"about":[{"href":"https:\/\/downgalicia.org\/es\/wp-json\/wp\/v2\/types\/post"}],"author":[{"embeddable":true,"href":"https:\/\/downgalicia.org\/es\/wp-json\/wp\/v2\/users\/1"}],"replies":[{"embeddable":true,"href":"https:\/\/downgalicia.org\/es\/wp-json\/wp\/v2\/comments?post=7763"}],"version-history":[{"count":0,"href":"https:\/\/downgalicia.org\/es\/wp-json\/wp\/v2\/posts\/7763\/revisions"}],"wp:attachment":[{"href":"https:\/\/downgalicia.org\/es\/wp-json\/wp\/v2\/media?parent=7763"}],"wp:term":[{"taxonomy":"category","embeddable":true,"href":"https:\/\/downgalicia.org\/es\/wp-json\/wp\/v2\/categories?post=7763"},{"taxonomy":"post_tag","embeddable":true,"href":"https:\/\/downgalicia.org\/es\/wp-json\/wp\/v2\/tags?post=7763"}],"curies":[{"name":"wp","href":"https:\/\/api.w.org\/{rel}","templated":true}]}}