{"id":7843,"date":"2016-01-25T12:33:50","date_gmt":"2016-01-25T11:33:50","guid":{"rendered":"http:\/\/downgalicia.org.136-144-253-96.136-144-253-96.visualpublinet.com\/alba-firma-su-primer-contrato-indefinido-en-decathlon\/"},"modified":"2016-01-25T12:33:50","modified_gmt":"2016-01-25T11:33:50","slug":"alba-firma-su-primer-contrato-indefinido-en-decathlon","status":"publish","type":"post","link":"https:\/\/downgalicia.org\/es\/alba-firma-su-primer-contrato-indefinido-en-decathlon\/","title":{"rendered":"Alba firma su primer contrato indefinido en Decathlon"},"content":{"rendered":"<p>El pasado mes de agosto, tras m\u00e1s de cuatro a\u00f1os desempleada, Alba Abu\u00edn\u00a0 inici\u00f3 su andadura profesional en Decathlon. Comenz\u00f3 con un contrato de tres meses de duraci\u00f3n que, al llegar a su fin, le prorrogaron otros tres. A partir de ahora ya no tendr\u00e1 que mirar el calendario tan a menudo, ya que acaba de firmar un contrato indefinido.<\/p>\n<p>Esta joven de 27 a\u00f1os, miembro de Down Lugo, trabaja c\u00f3mo vendedora en la secci\u00f3n de fitness, en la que \u201cmejor\u00f3 much\u00edsimo el clima laboral tras su contrataci\u00f3n\u201d, seg\u00fan nos indican los responsables de la tienda.<\/p>\n<p>Alba consigui\u00f3 esta oportunidad laboral gracias al programa de Empleo con Apoyo que en Galicia llevan a cabo todas las entidades Down desde el a\u00f1o 2.002. El programa, que mantiene buenos resultados de inserci\u00f3n a pesar de la crisis, est\u00e1 orientado a facilitar que las personas con discapacidad encuentren empleo en empresas ordinarias. Para que estas inserciones sean efectivas se cuenta con la figura de un preparador o preparadora laboral (profesional que se encarga de ense\u00f1ar a la persona con discapacidad en el puesto de trabajo), y que no supone coste alguno para la empresa. Este tipo de apoyo en el puesto es gradual y se va retirando hasta desaparecer por completo a medida que la persona con discapacidad va adquiriendo autonom\u00eda en las tareas propias de su puesto.<\/p>\n<p>Es preciso resaltar que la participaci\u00f3n\u00a0 y, cada vez mayor presencia de las personas con discapacidad intelectual en las empresas ordinarias contribuye de forma eficaz a desterrar los t\u00f3picos que tradicionalmente se les atribuyen, resultando un modo sumamente eficaz de inclusi\u00f3n social. Contribuye, asimismo, a propiciar un cambio de visi\u00f3n, de persona con discapacidad a trabajador o trabajadora, constat\u00e1ndose una importante implicaci\u00f3n de los compa\u00f1eros y compa\u00f1eras de trabajo en la aceptaci\u00f3n de la diversidad.<\/p>\n","protected":false},"excerpt":{"rendered":"<p>El pasado mes de agosto, tras m\u00e1s de cuatro a\u00f1os desempleada, Alba Abu\u00edn\u00a0 inici\u00f3 su andadura profesional en Decathlon. Comenz\u00f3 con un contrato de tres meses de duraci\u00f3n que, al llegar a su fin, le prorrogaron otros tres. A partir&#8230;<\/p>\n","protected":false},"author":1,"featured_media":0,"comment_status":"closed","ping_status":"closed","sticky":false,"template":"","format":"standard","meta":{"_acf_changed":false,"give_campaign_id":0,"footnotes":""},"categories":[125,127,71],"tags":[],"class_list":["post-7843","post","type-post","status-publish","format-standard","hentry","category-down-lugo-hemeroteca-es","category-formacion-e-emprego-hemeroteca-hemeroteca-es","category-noticias-sindrome-de-down-es"],"acf":[],"yoast_head":"<!-- This site is optimized with the Yoast SEO plugin v25.3.1 - https:\/\/yoast.com\/wordpress\/plugins\/seo\/ -->\n<title>Alba firma su primer contrato indefinido en Decathlon &#8226; Federaci\u00f3n Down Galicia<\/title>\n<meta name=\"robots\" content=\"index, follow, max-snippet:-1, max-image-preview:large, max-video-preview:-1\" \/>\n<link rel=\"canonical\" href=\"https:\/\/downgalicia.org\/es\/alba-firma-su-primer-contrato-indefinido-en-decathlon\/\" \/>\n<meta property=\"og:locale\" content=\"es_ES\" \/>\n<meta property=\"og:type\" content=\"article\" \/>\n<meta property=\"og:title\" content=\"Alba firma su primer contrato indefinido en Decathlon &#8226; Federaci\u00f3n Down Galicia\" \/>\n<meta property=\"og:description\" content=\"El pasado mes de agosto, tras m\u00e1s de cuatro a\u00f1os desempleada, Alba Abu\u00edn\u00a0 inici\u00f3 su andadura profesional en Decathlon. Comenz\u00f3 con un contrato de tres meses de duraci\u00f3n que, al llegar a su fin, le prorrogaron otros tres. A partir...\" \/>\n<meta property=\"og:url\" content=\"https:\/\/downgalicia.org\/es\/alba-firma-su-primer-contrato-indefinido-en-decathlon\/\" \/>\n<meta property=\"og:site_name\" content=\"Federaci\u00f3n Down Galicia\" \/>\n<meta property=\"article:published_time\" content=\"2016-01-25T11:33:50+00:00\" \/>\n<meta name=\"author\" content=\"produccion@visualpublinet.com\" \/>\n<meta name=\"twitter:card\" content=\"summary_large_image\" \/>\n<meta name=\"twitter:label1\" content=\"Escrito por\" \/>\n\t<meta name=\"twitter:data1\" content=\"produccion@visualpublinet.com\" \/>\n\t<meta name=\"twitter:label2\" content=\"Tiempo de lectura\" \/>\n\t<meta name=\"twitter:data2\" content=\"2 minutos\" \/>\n<script type=\"application\/ld+json\" class=\"yoast-schema-graph\">{\"@context\":\"https:\/\/schema.org\",\"@graph\":[{\"@type\":\"Article\",\"@id\":\"https:\/\/downgalicia.org\/es\/alba-firma-su-primer-contrato-indefinido-en-decathlon\/#article\",\"isPartOf\":{\"@id\":\"https:\/\/downgalicia.org\/es\/alba-firma-su-primer-contrato-indefinido-en-decathlon\/\"},\"author\":{\"name\":\"produccion@visualpublinet.com\",\"@id\":\"https:\/\/downgalicia.org\/es\/#\/schema\/person\/317730a00185114c76a219b94bddef15\"},\"headline\":\"Alba firma su primer contrato indefinido en Decathlon\",\"datePublished\":\"2016-01-25T11:33:50+00:00\",\"mainEntityOfPage\":{\"@id\":\"https:\/\/downgalicia.org\/es\/alba-firma-su-primer-contrato-indefinido-en-decathlon\/\"},\"wordCount\":329,\"publisher\":{\"@id\":\"https:\/\/downgalicia.org\/es\/#organization\"},\"articleSection\":[\"Down Lugo\",\"Formaci\u00f3n e Emprego\",\"Noticias del Movimiento Down\"],\"inLanguage\":\"es\"},{\"@type\":\"WebPage\",\"@id\":\"https:\/\/downgalicia.org\/es\/alba-firma-su-primer-contrato-indefinido-en-decathlon\/\",\"url\":\"https:\/\/downgalicia.org\/es\/alba-firma-su-primer-contrato-indefinido-en-decathlon\/\",\"name\":\"Alba firma su primer contrato indefinido en Decathlon &#8226; Federaci\u00f3n Down Galicia\",\"isPartOf\":{\"@id\":\"https:\/\/downgalicia.org\/es\/#website\"},\"datePublished\":\"2016-01-25T11:33:50+00:00\",\"breadcrumb\":{\"@id\":\"https:\/\/downgalicia.org\/es\/alba-firma-su-primer-contrato-indefinido-en-decathlon\/#breadcrumb\"},\"inLanguage\":\"es\",\"potentialAction\":[{\"@type\":\"ReadAction\",\"target\":[\"https:\/\/downgalicia.org\/es\/alba-firma-su-primer-contrato-indefinido-en-decathlon\/\"]}]},{\"@type\":\"BreadcrumbList\",\"@id\":\"https:\/\/downgalicia.org\/es\/alba-firma-su-primer-contrato-indefinido-en-decathlon\/#breadcrumb\",\"itemListElement\":[{\"@type\":\"ListItem\",\"position\":1,\"name\":\"Portada\",\"item\":\"https:\/\/downgalicia.org\/es\/\"},{\"@type\":\"ListItem\",\"position\":2,\"name\":\"Alba firma su primer contrato indefinido en Decathlon\"}]},{\"@type\":\"WebSite\",\"@id\":\"https:\/\/downgalicia.org\/es\/#website\",\"url\":\"https:\/\/downgalicia.org\/es\/\",\"name\":\"Federaci\u00f3n Down Galicia\",\"description\":\"Apoio a persoas con S\u00edndrome de Down\",\"publisher\":{\"@id\":\"https:\/\/downgalicia.org\/es\/#organization\"},\"potentialAction\":[{\"@type\":\"SearchAction\",\"target\":{\"@type\":\"EntryPoint\",\"urlTemplate\":\"https:\/\/downgalicia.org\/es\/?s={search_term_string}\"},\"query-input\":{\"@type\":\"PropertyValueSpecification\",\"valueRequired\":true,\"valueName\":\"search_term_string\"}}],\"inLanguage\":\"es\"},{\"@type\":\"Organization\",\"@id\":\"https:\/\/downgalicia.org\/es\/#organization\",\"name\":\"Federaci\u00f3n Down Galicia\",\"url\":\"https:\/\/downgalicia.org\/es\/\",\"logo\":{\"@type\":\"ImageObject\",\"inLanguage\":\"es\",\"@id\":\"https:\/\/downgalicia.org\/es\/#\/schema\/logo\/image\/\",\"url\":\"https:\/\/downgalicia.org\/wp-content\/uploads\/2024\/07\/logo-sindrome-down-color.svg\",\"contentUrl\":\"https:\/\/downgalicia.org\/wp-content\/uploads\/2024\/07\/logo-sindrome-down-color.svg\",\"width\":271,\"height\":88,\"caption\":\"Federaci\u00f3n Down Galicia\"},\"image\":{\"@id\":\"https:\/\/downgalicia.org\/es\/#\/schema\/logo\/image\/\"}},{\"@type\":\"Person\",\"@id\":\"https:\/\/downgalicia.org\/es\/#\/schema\/person\/317730a00185114c76a219b94bddef15\",\"name\":\"produccion@visualpublinet.com\",\"image\":{\"@type\":\"ImageObject\",\"inLanguage\":\"es\",\"@id\":\"https:\/\/downgalicia.org\/es\/#\/schema\/person\/image\/\",\"url\":\"https:\/\/secure.gravatar.com\/avatar\/282ee20c78c1b1137175d4ab9f75785d8c239d499b1376df3ba16efa213b7b10?s=96&d=mm&r=g\",\"contentUrl\":\"https:\/\/secure.gravatar.com\/avatar\/282ee20c78c1b1137175d4ab9f75785d8c239d499b1376df3ba16efa213b7b10?s=96&d=mm&r=g\",\"caption\":\"produccion@visualpublinet.com\"},\"sameAs\":[\"https:\/\/downgalicia.org\"],\"url\":\"https:\/\/downgalicia.org\/es\/author\/produccionvisualpublinet-com\/\"}]}<\/script>\n<!-- \/ Yoast SEO plugin. -->","yoast_head_json":{"title":"Alba firma su primer contrato indefinido en Decathlon &#8226; Federaci\u00f3n Down Galicia","robots":{"index":"index","follow":"follow","max-snippet":"max-snippet:-1","max-image-preview":"max-image-preview:large","max-video-preview":"max-video-preview:-1"},"canonical":"https:\/\/downgalicia.org\/es\/alba-firma-su-primer-contrato-indefinido-en-decathlon\/","og_locale":"es_ES","og_type":"article","og_title":"Alba firma su primer contrato indefinido en Decathlon &#8226; Federaci\u00f3n Down Galicia","og_description":"El pasado mes de agosto, tras m\u00e1s de cuatro a\u00f1os desempleada, Alba Abu\u00edn\u00a0 inici\u00f3 su andadura profesional en Decathlon. Comenz\u00f3 con un contrato de tres meses de duraci\u00f3n que, al llegar a su fin, le prorrogaron otros tres. A partir...","og_url":"https:\/\/downgalicia.org\/es\/alba-firma-su-primer-contrato-indefinido-en-decathlon\/","og_site_name":"Federaci\u00f3n Down Galicia","article_published_time":"2016-01-25T11:33:50+00:00","author":"produccion@visualpublinet.com","twitter_card":"summary_large_image","twitter_misc":{"Escrito por":"produccion@visualpublinet.com","Tiempo de lectura":"2 minutos"},"schema":{"@context":"https:\/\/schema.org","@graph":[{"@type":"Article","@id":"https:\/\/downgalicia.org\/es\/alba-firma-su-primer-contrato-indefinido-en-decathlon\/#article","isPartOf":{"@id":"https:\/\/downgalicia.org\/es\/alba-firma-su-primer-contrato-indefinido-en-decathlon\/"},"author":{"name":"produccion@visualpublinet.com","@id":"https:\/\/downgalicia.org\/es\/#\/schema\/person\/317730a00185114c76a219b94bddef15"},"headline":"Alba firma su primer contrato indefinido en Decathlon","datePublished":"2016-01-25T11:33:50+00:00","mainEntityOfPage":{"@id":"https:\/\/downgalicia.org\/es\/alba-firma-su-primer-contrato-indefinido-en-decathlon\/"},"wordCount":329,"publisher":{"@id":"https:\/\/downgalicia.org\/es\/#organization"},"articleSection":["Down Lugo","Formaci\u00f3n e Emprego","Noticias del Movimiento Down"],"inLanguage":"es"},{"@type":"WebPage","@id":"https:\/\/downgalicia.org\/es\/alba-firma-su-primer-contrato-indefinido-en-decathlon\/","url":"https:\/\/downgalicia.org\/es\/alba-firma-su-primer-contrato-indefinido-en-decathlon\/","name":"Alba firma su primer contrato indefinido en Decathlon &#8226; Federaci\u00f3n Down Galicia","isPartOf":{"@id":"https:\/\/downgalicia.org\/es\/#website"},"datePublished":"2016-01-25T11:33:50+00:00","breadcrumb":{"@id":"https:\/\/downgalicia.org\/es\/alba-firma-su-primer-contrato-indefinido-en-decathlon\/#breadcrumb"},"inLanguage":"es","potentialAction":[{"@type":"ReadAction","target":["https:\/\/downgalicia.org\/es\/alba-firma-su-primer-contrato-indefinido-en-decathlon\/"]}]},{"@type":"BreadcrumbList","@id":"https:\/\/downgalicia.org\/es\/alba-firma-su-primer-contrato-indefinido-en-decathlon\/#breadcrumb","itemListElement":[{"@type":"ListItem","position":1,"name":"Portada","item":"https:\/\/downgalicia.org\/es\/"},{"@type":"ListItem","position":2,"name":"Alba firma su primer contrato indefinido en Decathlon"}]},{"@type":"WebSite","@id":"https:\/\/downgalicia.org\/es\/#website","url":"https:\/\/downgalicia.org\/es\/","name":"Federaci\u00f3n Down Galicia","description":"Apoio a persoas con S\u00edndrome de Down","publisher":{"@id":"https:\/\/downgalicia.org\/es\/#organization"},"potentialAction":[{"@type":"SearchAction","target":{"@type":"EntryPoint","urlTemplate":"https:\/\/downgalicia.org\/es\/?s={search_term_string}"},"query-input":{"@type":"PropertyValueSpecification","valueRequired":true,"valueName":"search_term_string"}}],"inLanguage":"es"},{"@type":"Organization","@id":"https:\/\/downgalicia.org\/es\/#organization","name":"Federaci\u00f3n Down Galicia","url":"https:\/\/downgalicia.org\/es\/","logo":{"@type":"ImageObject","inLanguage":"es","@id":"https:\/\/downgalicia.org\/es\/#\/schema\/logo\/image\/","url":"https:\/\/downgalicia.org\/wp-content\/uploads\/2024\/07\/logo-sindrome-down-color.svg","contentUrl":"https:\/\/downgalicia.org\/wp-content\/uploads\/2024\/07\/logo-sindrome-down-color.svg","width":271,"height":88,"caption":"Federaci\u00f3n Down Galicia"},"image":{"@id":"https:\/\/downgalicia.org\/es\/#\/schema\/logo\/image\/"}},{"@type":"Person","@id":"https:\/\/downgalicia.org\/es\/#\/schema\/person\/317730a00185114c76a219b94bddef15","name":"produccion@visualpublinet.com","image":{"@type":"ImageObject","inLanguage":"es","@id":"https:\/\/downgalicia.org\/es\/#\/schema\/person\/image\/","url":"https:\/\/secure.gravatar.com\/avatar\/282ee20c78c1b1137175d4ab9f75785d8c239d499b1376df3ba16efa213b7b10?s=96&d=mm&r=g","contentUrl":"https:\/\/secure.gravatar.com\/avatar\/282ee20c78c1b1137175d4ab9f75785d8c239d499b1376df3ba16efa213b7b10?s=96&d=mm&r=g","caption":"produccion@visualpublinet.com"},"sameAs":["https:\/\/downgalicia.org"],"url":"https:\/\/downgalicia.org\/es\/author\/produccionvisualpublinet-com\/"}]}},"_links":{"self":[{"href":"https:\/\/downgalicia.org\/es\/wp-json\/wp\/v2\/posts\/7843","targetHints":{"allow":["GET"]}}],"collection":[{"href":"https:\/\/downgalicia.org\/es\/wp-json\/wp\/v2\/posts"}],"about":[{"href":"https:\/\/downgalicia.org\/es\/wp-json\/wp\/v2\/types\/post"}],"author":[{"embeddable":true,"href":"https:\/\/downgalicia.org\/es\/wp-json\/wp\/v2\/users\/1"}],"replies":[{"embeddable":true,"href":"https:\/\/downgalicia.org\/es\/wp-json\/wp\/v2\/comments?post=7843"}],"version-history":[{"count":0,"href":"https:\/\/downgalicia.org\/es\/wp-json\/wp\/v2\/posts\/7843\/revisions"}],"wp:attachment":[{"href":"https:\/\/downgalicia.org\/es\/wp-json\/wp\/v2\/media?parent=7843"}],"wp:term":[{"taxonomy":"category","embeddable":true,"href":"https:\/\/downgalicia.org\/es\/wp-json\/wp\/v2\/categories?post=7843"},{"taxonomy":"post_tag","embeddable":true,"href":"https:\/\/downgalicia.org\/es\/wp-json\/wp\/v2\/tags?post=7843"}],"curies":[{"name":"wp","href":"https:\/\/api.w.org\/{rel}","templated":true}]}}