{"id":7885,"date":"2015-11-13T07:55:00","date_gmt":"2015-11-13T06:55:00","guid":{"rendered":"http:\/\/downgalicia.org.136-144-253-96.136-144-253-96.visualpublinet.com\/el-conselleiro-de-politica-social-visita-la-sede-de-down-galicia\/"},"modified":"2015-11-13T07:55:00","modified_gmt":"2015-11-13T06:55:00","slug":"el-conselleiro-de-politica-social-visita-la-sede-de-down-galicia","status":"publish","type":"post","link":"https:\/\/downgalicia.org\/es\/el-conselleiro-de-politica-social-visita-la-sede-de-down-galicia\/","title":{"rendered":"El Conselleiro de Pol\u00edtica Social visita la sede de Down Galicia"},"content":{"rendered":"<p>Jos\u00e9 Manuel Rey Varela, titular de la Conseller\u00eda de Pol\u00edtica Social, y Coro Pi\u00f1eiro, Directora Xeral de Maiores e Persoas con Discapacidade, visitaron en la ma\u00f1ana de ayer la sede de la organizaci\u00f3n Down Galicia en Santiago de Compostela.<\/p>\n<p>El responsable de la Conseller\u00eda\u00a0de Pol\u00edtica Social mantuvo un encuentro de trabajo con Delmiro Prieto y El\u00edas Ledo, Presidente y Secretario de la Federaci\u00f3n Down Galicia, con Sonia Caldas, gerente de la Federaci\u00f3n, y con Marta Rodr\u00edguez, directora de la Asociaci\u00f3n Down Compostela. En esta reuni\u00f3n el Conselleiro pudo conocer de primera mano los proyectos y necesidades de la organizaci\u00f3n y trat\u00f3 varios temas que preocupan a los representantes de la Federaci\u00f3n.<\/p>\n<p>Rey Varela adquiri\u00f3 el compromiso de explorar nuevas v\u00edas de colaboraci\u00f3n con la entidad para conseguir \u201cuna mejora de la integraci\u00f3n y de la igualdad de las personas con s\u00edndrome de Down que revierta en la mejora de la calidad de vida de estos y de sus familias\u201d.<\/p>\n<p>Con ocasi\u00f3n de este encuentro, el Conselleiro pudo saludar a los usuarios y usuarias que se encontraban en la sede en ese momento. El centro presta asistencia a personas con s\u00edndrome de Down de todas las edades, principalmente de entre 15 y 25 a\u00f1os.<\/p>\n","protected":false},"excerpt":{"rendered":"<p>Jos\u00e9 Manuel Rey Varela, titular de la Conseller\u00eda de Pol\u00edtica Social, y Coro Pi\u00f1eiro, Directora Xeral de Maiores e Persoas con Discapacidade, visitaron en la ma\u00f1ana de ayer la sede de la organizaci\u00f3n Down Galicia en Santiago de Compostela. El&#8230;<\/p>\n","protected":false},"author":1,"featured_media":0,"comment_status":"closed","ping_status":"closed","sticky":false,"template":"","format":"standard","meta":{"_acf_changed":false,"give_campaign_id":0,"footnotes":""},"categories":[129,71],"tags":[],"class_list":["post-7885","post","type-post","status-publish","format-standard","hentry","category-down-galicia-hemeroteca-es","category-noticias-sindrome-de-down-es"],"acf":[],"yoast_head":"<!-- This site is optimized with the Yoast SEO plugin v25.3.1 - https:\/\/yoast.com\/wordpress\/plugins\/seo\/ -->\n<title>El Conselleiro de Pol\u00edtica Social visita la sede de Down Galicia &#8226; Federaci\u00f3n Down Galicia<\/title>\n<meta name=\"robots\" content=\"index, follow, max-snippet:-1, max-image-preview:large, max-video-preview:-1\" \/>\n<link rel=\"canonical\" href=\"https:\/\/downgalicia.org\/es\/el-conselleiro-de-politica-social-visita-la-sede-de-down-galicia\/\" \/>\n<meta property=\"og:locale\" content=\"es_ES\" \/>\n<meta property=\"og:type\" content=\"article\" \/>\n<meta property=\"og:title\" content=\"El Conselleiro de Pol\u00edtica Social visita la sede de Down Galicia &#8226; Federaci\u00f3n Down Galicia\" \/>\n<meta property=\"og:description\" content=\"Jos\u00e9 Manuel Rey Varela, titular de la Conseller\u00eda de Pol\u00edtica Social, y Coro Pi\u00f1eiro, Directora Xeral de Maiores e Persoas con Discapacidade, visitaron en la ma\u00f1ana de ayer la sede de la organizaci\u00f3n Down Galicia en Santiago de Compostela. El...\" \/>\n<meta property=\"og:url\" content=\"https:\/\/downgalicia.org\/es\/el-conselleiro-de-politica-social-visita-la-sede-de-down-galicia\/\" \/>\n<meta property=\"og:site_name\" content=\"Federaci\u00f3n Down Galicia\" \/>\n<meta property=\"article:published_time\" content=\"2015-11-13T06:55:00+00:00\" \/>\n<meta name=\"author\" content=\"produccion@visualpublinet.com\" \/>\n<meta name=\"twitter:card\" content=\"summary_large_image\" \/>\n<meta name=\"twitter:label1\" content=\"Escrito por\" \/>\n\t<meta name=\"twitter:data1\" content=\"produccion@visualpublinet.com\" \/>\n\t<meta name=\"twitter:label2\" content=\"Tiempo de lectura\" \/>\n\t<meta name=\"twitter:data2\" content=\"1 minuto\" \/>\n<script type=\"application\/ld+json\" class=\"yoast-schema-graph\">{\"@context\":\"https:\/\/schema.org\",\"@graph\":[{\"@type\":\"Article\",\"@id\":\"https:\/\/downgalicia.org\/es\/el-conselleiro-de-politica-social-visita-la-sede-de-down-galicia\/#article\",\"isPartOf\":{\"@id\":\"https:\/\/downgalicia.org\/es\/el-conselleiro-de-politica-social-visita-la-sede-de-down-galicia\/\"},\"author\":{\"name\":\"produccion@visualpublinet.com\",\"@id\":\"https:\/\/downgalicia.org\/es\/#\/schema\/person\/317730a00185114c76a219b94bddef15\"},\"headline\":\"El Conselleiro de Pol\u00edtica Social visita la sede de Down Galicia\",\"datePublished\":\"2015-11-13T06:55:00+00:00\",\"mainEntityOfPage\":{\"@id\":\"https:\/\/downgalicia.org\/es\/el-conselleiro-de-politica-social-visita-la-sede-de-down-galicia\/\"},\"wordCount\":236,\"publisher\":{\"@id\":\"https:\/\/downgalicia.org\/es\/#organization\"},\"articleSection\":[\"Down Galicia\",\"Noticias del Movimiento Down\"],\"inLanguage\":\"es\"},{\"@type\":\"WebPage\",\"@id\":\"https:\/\/downgalicia.org\/es\/el-conselleiro-de-politica-social-visita-la-sede-de-down-galicia\/\",\"url\":\"https:\/\/downgalicia.org\/es\/el-conselleiro-de-politica-social-visita-la-sede-de-down-galicia\/\",\"name\":\"El Conselleiro de Pol\u00edtica Social visita la sede de Down Galicia &#8226; Federaci\u00f3n Down Galicia\",\"isPartOf\":{\"@id\":\"https:\/\/downgalicia.org\/es\/#website\"},\"datePublished\":\"2015-11-13T06:55:00+00:00\",\"breadcrumb\":{\"@id\":\"https:\/\/downgalicia.org\/es\/el-conselleiro-de-politica-social-visita-la-sede-de-down-galicia\/#breadcrumb\"},\"inLanguage\":\"es\",\"potentialAction\":[{\"@type\":\"ReadAction\",\"target\":[\"https:\/\/downgalicia.org\/es\/el-conselleiro-de-politica-social-visita-la-sede-de-down-galicia\/\"]}]},{\"@type\":\"BreadcrumbList\",\"@id\":\"https:\/\/downgalicia.org\/es\/el-conselleiro-de-politica-social-visita-la-sede-de-down-galicia\/#breadcrumb\",\"itemListElement\":[{\"@type\":\"ListItem\",\"position\":1,\"name\":\"Portada\",\"item\":\"https:\/\/downgalicia.org\/es\/\"},{\"@type\":\"ListItem\",\"position\":2,\"name\":\"El Conselleiro de Pol\u00edtica Social visita la sede de Down Galicia\"}]},{\"@type\":\"WebSite\",\"@id\":\"https:\/\/downgalicia.org\/es\/#website\",\"url\":\"https:\/\/downgalicia.org\/es\/\",\"name\":\"Federaci\u00f3n Down Galicia\",\"description\":\"Apoio a persoas con S\u00edndrome de Down\",\"publisher\":{\"@id\":\"https:\/\/downgalicia.org\/es\/#organization\"},\"potentialAction\":[{\"@type\":\"SearchAction\",\"target\":{\"@type\":\"EntryPoint\",\"urlTemplate\":\"https:\/\/downgalicia.org\/es\/?s={search_term_string}\"},\"query-input\":{\"@type\":\"PropertyValueSpecification\",\"valueRequired\":true,\"valueName\":\"search_term_string\"}}],\"inLanguage\":\"es\"},{\"@type\":\"Organization\",\"@id\":\"https:\/\/downgalicia.org\/es\/#organization\",\"name\":\"Federaci\u00f3n Down Galicia\",\"url\":\"https:\/\/downgalicia.org\/es\/\",\"logo\":{\"@type\":\"ImageObject\",\"inLanguage\":\"es\",\"@id\":\"https:\/\/downgalicia.org\/es\/#\/schema\/logo\/image\/\",\"url\":\"https:\/\/downgalicia.org\/wp-content\/uploads\/2024\/07\/logo-sindrome-down-color.svg\",\"contentUrl\":\"https:\/\/downgalicia.org\/wp-content\/uploads\/2024\/07\/logo-sindrome-down-color.svg\",\"width\":271,\"height\":88,\"caption\":\"Federaci\u00f3n Down Galicia\"},\"image\":{\"@id\":\"https:\/\/downgalicia.org\/es\/#\/schema\/logo\/image\/\"}},{\"@type\":\"Person\",\"@id\":\"https:\/\/downgalicia.org\/es\/#\/schema\/person\/317730a00185114c76a219b94bddef15\",\"name\":\"produccion@visualpublinet.com\",\"image\":{\"@type\":\"ImageObject\",\"inLanguage\":\"es\",\"@id\":\"https:\/\/downgalicia.org\/es\/#\/schema\/person\/image\/\",\"url\":\"https:\/\/secure.gravatar.com\/avatar\/282ee20c78c1b1137175d4ab9f75785d8c239d499b1376df3ba16efa213b7b10?s=96&d=mm&r=g\",\"contentUrl\":\"https:\/\/secure.gravatar.com\/avatar\/282ee20c78c1b1137175d4ab9f75785d8c239d499b1376df3ba16efa213b7b10?s=96&d=mm&r=g\",\"caption\":\"produccion@visualpublinet.com\"},\"sameAs\":[\"https:\/\/downgalicia.org\"],\"url\":\"https:\/\/downgalicia.org\/es\/author\/produccionvisualpublinet-com\/\"}]}<\/script>\n<!-- \/ Yoast SEO plugin. -->","yoast_head_json":{"title":"El Conselleiro de Pol\u00edtica Social visita la sede de Down Galicia &#8226; Federaci\u00f3n Down Galicia","robots":{"index":"index","follow":"follow","max-snippet":"max-snippet:-1","max-image-preview":"max-image-preview:large","max-video-preview":"max-video-preview:-1"},"canonical":"https:\/\/downgalicia.org\/es\/el-conselleiro-de-politica-social-visita-la-sede-de-down-galicia\/","og_locale":"es_ES","og_type":"article","og_title":"El Conselleiro de Pol\u00edtica Social visita la sede de Down Galicia &#8226; Federaci\u00f3n Down Galicia","og_description":"Jos\u00e9 Manuel Rey Varela, titular de la Conseller\u00eda de Pol\u00edtica Social, y Coro Pi\u00f1eiro, Directora Xeral de Maiores e Persoas con Discapacidade, visitaron en la ma\u00f1ana de ayer la sede de la organizaci\u00f3n Down Galicia en Santiago de Compostela. El...","og_url":"https:\/\/downgalicia.org\/es\/el-conselleiro-de-politica-social-visita-la-sede-de-down-galicia\/","og_site_name":"Federaci\u00f3n Down Galicia","article_published_time":"2015-11-13T06:55:00+00:00","author":"produccion@visualpublinet.com","twitter_card":"summary_large_image","twitter_misc":{"Escrito por":"produccion@visualpublinet.com","Tiempo de lectura":"1 minuto"},"schema":{"@context":"https:\/\/schema.org","@graph":[{"@type":"Article","@id":"https:\/\/downgalicia.org\/es\/el-conselleiro-de-politica-social-visita-la-sede-de-down-galicia\/#article","isPartOf":{"@id":"https:\/\/downgalicia.org\/es\/el-conselleiro-de-politica-social-visita-la-sede-de-down-galicia\/"},"author":{"name":"produccion@visualpublinet.com","@id":"https:\/\/downgalicia.org\/es\/#\/schema\/person\/317730a00185114c76a219b94bddef15"},"headline":"El Conselleiro de Pol\u00edtica Social visita la sede de Down Galicia","datePublished":"2015-11-13T06:55:00+00:00","mainEntityOfPage":{"@id":"https:\/\/downgalicia.org\/es\/el-conselleiro-de-politica-social-visita-la-sede-de-down-galicia\/"},"wordCount":236,"publisher":{"@id":"https:\/\/downgalicia.org\/es\/#organization"},"articleSection":["Down Galicia","Noticias del Movimiento Down"],"inLanguage":"es"},{"@type":"WebPage","@id":"https:\/\/downgalicia.org\/es\/el-conselleiro-de-politica-social-visita-la-sede-de-down-galicia\/","url":"https:\/\/downgalicia.org\/es\/el-conselleiro-de-politica-social-visita-la-sede-de-down-galicia\/","name":"El Conselleiro de Pol\u00edtica Social visita la sede de Down Galicia &#8226; Federaci\u00f3n Down Galicia","isPartOf":{"@id":"https:\/\/downgalicia.org\/es\/#website"},"datePublished":"2015-11-13T06:55:00+00:00","breadcrumb":{"@id":"https:\/\/downgalicia.org\/es\/el-conselleiro-de-politica-social-visita-la-sede-de-down-galicia\/#breadcrumb"},"inLanguage":"es","potentialAction":[{"@type":"ReadAction","target":["https:\/\/downgalicia.org\/es\/el-conselleiro-de-politica-social-visita-la-sede-de-down-galicia\/"]}]},{"@type":"BreadcrumbList","@id":"https:\/\/downgalicia.org\/es\/el-conselleiro-de-politica-social-visita-la-sede-de-down-galicia\/#breadcrumb","itemListElement":[{"@type":"ListItem","position":1,"name":"Portada","item":"https:\/\/downgalicia.org\/es\/"},{"@type":"ListItem","position":2,"name":"El Conselleiro de Pol\u00edtica Social visita la sede de Down Galicia"}]},{"@type":"WebSite","@id":"https:\/\/downgalicia.org\/es\/#website","url":"https:\/\/downgalicia.org\/es\/","name":"Federaci\u00f3n Down Galicia","description":"Apoio a persoas con S\u00edndrome de Down","publisher":{"@id":"https:\/\/downgalicia.org\/es\/#organization"},"potentialAction":[{"@type":"SearchAction","target":{"@type":"EntryPoint","urlTemplate":"https:\/\/downgalicia.org\/es\/?s={search_term_string}"},"query-input":{"@type":"PropertyValueSpecification","valueRequired":true,"valueName":"search_term_string"}}],"inLanguage":"es"},{"@type":"Organization","@id":"https:\/\/downgalicia.org\/es\/#organization","name":"Federaci\u00f3n Down Galicia","url":"https:\/\/downgalicia.org\/es\/","logo":{"@type":"ImageObject","inLanguage":"es","@id":"https:\/\/downgalicia.org\/es\/#\/schema\/logo\/image\/","url":"https:\/\/downgalicia.org\/wp-content\/uploads\/2024\/07\/logo-sindrome-down-color.svg","contentUrl":"https:\/\/downgalicia.org\/wp-content\/uploads\/2024\/07\/logo-sindrome-down-color.svg","width":271,"height":88,"caption":"Federaci\u00f3n Down Galicia"},"image":{"@id":"https:\/\/downgalicia.org\/es\/#\/schema\/logo\/image\/"}},{"@type":"Person","@id":"https:\/\/downgalicia.org\/es\/#\/schema\/person\/317730a00185114c76a219b94bddef15","name":"produccion@visualpublinet.com","image":{"@type":"ImageObject","inLanguage":"es","@id":"https:\/\/downgalicia.org\/es\/#\/schema\/person\/image\/","url":"https:\/\/secure.gravatar.com\/avatar\/282ee20c78c1b1137175d4ab9f75785d8c239d499b1376df3ba16efa213b7b10?s=96&d=mm&r=g","contentUrl":"https:\/\/secure.gravatar.com\/avatar\/282ee20c78c1b1137175d4ab9f75785d8c239d499b1376df3ba16efa213b7b10?s=96&d=mm&r=g","caption":"produccion@visualpublinet.com"},"sameAs":["https:\/\/downgalicia.org"],"url":"https:\/\/downgalicia.org\/es\/author\/produccionvisualpublinet-com\/"}]}},"_links":{"self":[{"href":"https:\/\/downgalicia.org\/es\/wp-json\/wp\/v2\/posts\/7885","targetHints":{"allow":["GET"]}}],"collection":[{"href":"https:\/\/downgalicia.org\/es\/wp-json\/wp\/v2\/posts"}],"about":[{"href":"https:\/\/downgalicia.org\/es\/wp-json\/wp\/v2\/types\/post"}],"author":[{"embeddable":true,"href":"https:\/\/downgalicia.org\/es\/wp-json\/wp\/v2\/users\/1"}],"replies":[{"embeddable":true,"href":"https:\/\/downgalicia.org\/es\/wp-json\/wp\/v2\/comments?post=7885"}],"version-history":[{"count":0,"href":"https:\/\/downgalicia.org\/es\/wp-json\/wp\/v2\/posts\/7885\/revisions"}],"wp:attachment":[{"href":"https:\/\/downgalicia.org\/es\/wp-json\/wp\/v2\/media?parent=7885"}],"wp:term":[{"taxonomy":"category","embeddable":true,"href":"https:\/\/downgalicia.org\/es\/wp-json\/wp\/v2\/categories?post=7885"},{"taxonomy":"post_tag","embeddable":true,"href":"https:\/\/downgalicia.org\/es\/wp-json\/wp\/v2\/tags?post=7885"}],"curies":[{"name":"wp","href":"https:\/\/api.w.org\/{rel}","templated":true}]}}