{"id":7905,"date":"2015-10-15T15:41:17","date_gmt":"2015-10-15T13:41:17","guid":{"rendered":"http:\/\/downgalicia.org.136-144-253-96.136-144-253-96.visualpublinet.com\/la-conselleria-de-traballo-e-benestar-colabora-en-la-insercion-laboral-de-personas-con-sindrome-de-down\/"},"modified":"2015-10-15T15:41:17","modified_gmt":"2015-10-15T13:41:17","slug":"la-conselleria-de-traballo-e-benestar-colabora-en-la-insercion-laboral-de-personas-con-sindrome-de-down","status":"publish","type":"post","link":"https:\/\/downgalicia.org\/es\/la-conselleria-de-traballo-e-benestar-colabora-en-la-insercion-laboral-de-personas-con-sindrome-de-down\/","title":{"rendered":"La Conseller\u00eda de Traballo e Benestar colabora en la inserci\u00f3n laboral de personas con s\u00edndrome de Down"},"content":{"rendered":"<p>La Direcci\u00f3n Xeral de Xuventude e Voluntariado, dependiente de la Conseller\u00eda de Traballo e Benestar, destin\u00f3 4.800\u20ac al proyecto \u201cVoluntariado e adestramento en habilidades complementarias \u00f3 posto de traballo para persoas coa s\u00edndrome de Down\u201d de Down Galicia. Esta ayuda se enmarca en el programa de\u00a0Voluntariado Xuvenil de la Xunta de Galicia.<\/p>\n<p>El objetivo principal del proyecto es disponer de un equipo de voluntariado en red eficaz y eficiente que contribuya al entrenamiento en habilidades complementarias al puesto de trabajo para personas con s\u00edndrome de Down y\/o discapacidad intelectual de Galicia.<\/p>\n<p>Un total de 99 personas, participantes del programa de Emprego con Apoio de Down Galicia, se beneficiaron de las actividades de este proyecto y a 24 de estos participantes (9 personas usuarias de Down Lugo y 15 de Down Vigo) se les elabor\u00f3 un plan de entrenamiento individual.<\/p>\n","protected":false},"excerpt":{"rendered":"<p>La Direcci\u00f3n Xeral de Xuventude e Voluntariado, dependiente de la Conseller\u00eda de Traballo e Benestar, destin\u00f3 4.800\u20ac al proyecto \u201cVoluntariado e adestramento en habilidades complementarias \u00f3 posto de traballo para persoas coa s\u00edndrome de Down\u201d de Down Galicia. Esta ayuda&#8230;<\/p>\n","protected":false},"author":1,"featured_media":0,"comment_status":"closed","ping_status":"closed","sticky":false,"template":"","format":"standard","meta":{"_acf_changed":false,"give_campaign_id":0,"footnotes":""},"categories":[129,71],"tags":[],"class_list":["post-7905","post","type-post","status-publish","format-standard","hentry","category-down-galicia-hemeroteca-es","category-noticias-sindrome-de-down-es"],"acf":[],"yoast_head":"<!-- This site is optimized with the Yoast SEO plugin v25.3.1 - https:\/\/yoast.com\/wordpress\/plugins\/seo\/ -->\n<title>La Conseller\u00eda de Traballo e Benestar colabora en la inserci\u00f3n laboral de personas con s\u00edndrome de Down &#8226; Federaci\u00f3n Down Galicia<\/title>\n<meta name=\"robots\" content=\"index, follow, max-snippet:-1, max-image-preview:large, max-video-preview:-1\" \/>\n<link rel=\"canonical\" href=\"https:\/\/downgalicia.org\/es\/la-conselleria-de-traballo-e-benestar-colabora-en-la-insercion-laboral-de-personas-con-sindrome-de-down\/\" \/>\n<meta property=\"og:locale\" content=\"es_ES\" \/>\n<meta property=\"og:type\" content=\"article\" \/>\n<meta property=\"og:title\" content=\"La Conseller\u00eda de Traballo e Benestar colabora en la inserci\u00f3n laboral de personas con s\u00edndrome de Down &#8226; Federaci\u00f3n Down Galicia\" \/>\n<meta property=\"og:description\" content=\"La Direcci\u00f3n Xeral de Xuventude e Voluntariado, dependiente de la Conseller\u00eda de Traballo e Benestar, destin\u00f3 4.800\u20ac al proyecto \u201cVoluntariado e adestramento en habilidades complementarias \u00f3 posto de traballo para persoas coa s\u00edndrome de Down\u201d de Down Galicia. Esta ayuda...\" \/>\n<meta property=\"og:url\" content=\"https:\/\/downgalicia.org\/es\/la-conselleria-de-traballo-e-benestar-colabora-en-la-insercion-laboral-de-personas-con-sindrome-de-down\/\" \/>\n<meta property=\"og:site_name\" content=\"Federaci\u00f3n Down Galicia\" \/>\n<meta property=\"article:published_time\" content=\"2015-10-15T13:41:17+00:00\" \/>\n<meta name=\"author\" content=\"produccion@visualpublinet.com\" \/>\n<meta name=\"twitter:card\" content=\"summary_large_image\" \/>\n<meta name=\"twitter:label1\" content=\"Escrito por\" \/>\n\t<meta name=\"twitter:data1\" content=\"produccion@visualpublinet.com\" \/>\n\t<meta name=\"twitter:label2\" content=\"Tiempo de lectura\" \/>\n\t<meta name=\"twitter:data2\" content=\"1 minuto\" \/>\n<script type=\"application\/ld+json\" class=\"yoast-schema-graph\">{\"@context\":\"https:\/\/schema.org\",\"@graph\":[{\"@type\":\"Article\",\"@id\":\"https:\/\/downgalicia.org\/es\/la-conselleria-de-traballo-e-benestar-colabora-en-la-insercion-laboral-de-personas-con-sindrome-de-down\/#article\",\"isPartOf\":{\"@id\":\"https:\/\/downgalicia.org\/es\/la-conselleria-de-traballo-e-benestar-colabora-en-la-insercion-laboral-de-personas-con-sindrome-de-down\/\"},\"author\":{\"name\":\"produccion@visualpublinet.com\",\"@id\":\"https:\/\/downgalicia.org\/es\/#\/schema\/person\/317730a00185114c76a219b94bddef15\"},\"headline\":\"La Conseller\u00eda de Traballo e Benestar colabora en la inserci\u00f3n laboral de personas con s\u00edndrome de Down\",\"datePublished\":\"2015-10-15T13:41:17+00:00\",\"mainEntityOfPage\":{\"@id\":\"https:\/\/downgalicia.org\/es\/la-conselleria-de-traballo-e-benestar-colabora-en-la-insercion-laboral-de-personas-con-sindrome-de-down\/\"},\"wordCount\":159,\"publisher\":{\"@id\":\"https:\/\/downgalicia.org\/es\/#organization\"},\"articleSection\":[\"Down Galicia\",\"Noticias del Movimiento Down\"],\"inLanguage\":\"es\"},{\"@type\":\"WebPage\",\"@id\":\"https:\/\/downgalicia.org\/es\/la-conselleria-de-traballo-e-benestar-colabora-en-la-insercion-laboral-de-personas-con-sindrome-de-down\/\",\"url\":\"https:\/\/downgalicia.org\/es\/la-conselleria-de-traballo-e-benestar-colabora-en-la-insercion-laboral-de-personas-con-sindrome-de-down\/\",\"name\":\"La Conseller\u00eda de Traballo e Benestar colabora en la inserci\u00f3n laboral de personas con s\u00edndrome de Down &#8226; Federaci\u00f3n Down Galicia\",\"isPartOf\":{\"@id\":\"https:\/\/downgalicia.org\/es\/#website\"},\"datePublished\":\"2015-10-15T13:41:17+00:00\",\"breadcrumb\":{\"@id\":\"https:\/\/downgalicia.org\/es\/la-conselleria-de-traballo-e-benestar-colabora-en-la-insercion-laboral-de-personas-con-sindrome-de-down\/#breadcrumb\"},\"inLanguage\":\"es\",\"potentialAction\":[{\"@type\":\"ReadAction\",\"target\":[\"https:\/\/downgalicia.org\/es\/la-conselleria-de-traballo-e-benestar-colabora-en-la-insercion-laboral-de-personas-con-sindrome-de-down\/\"]}]},{\"@type\":\"BreadcrumbList\",\"@id\":\"https:\/\/downgalicia.org\/es\/la-conselleria-de-traballo-e-benestar-colabora-en-la-insercion-laboral-de-personas-con-sindrome-de-down\/#breadcrumb\",\"itemListElement\":[{\"@type\":\"ListItem\",\"position\":1,\"name\":\"Portada\",\"item\":\"https:\/\/downgalicia.org\/es\/\"},{\"@type\":\"ListItem\",\"position\":2,\"name\":\"La Conseller\u00eda de Traballo e Benestar colabora en la inserci\u00f3n laboral de personas con s\u00edndrome de Down\"}]},{\"@type\":\"WebSite\",\"@id\":\"https:\/\/downgalicia.org\/es\/#website\",\"url\":\"https:\/\/downgalicia.org\/es\/\",\"name\":\"Federaci\u00f3n Down Galicia\",\"description\":\"Apoio a persoas con S\u00edndrome de Down\",\"publisher\":{\"@id\":\"https:\/\/downgalicia.org\/es\/#organization\"},\"potentialAction\":[{\"@type\":\"SearchAction\",\"target\":{\"@type\":\"EntryPoint\",\"urlTemplate\":\"https:\/\/downgalicia.org\/es\/?s={search_term_string}\"},\"query-input\":{\"@type\":\"PropertyValueSpecification\",\"valueRequired\":true,\"valueName\":\"search_term_string\"}}],\"inLanguage\":\"es\"},{\"@type\":\"Organization\",\"@id\":\"https:\/\/downgalicia.org\/es\/#organization\",\"name\":\"Federaci\u00f3n Down Galicia\",\"url\":\"https:\/\/downgalicia.org\/es\/\",\"logo\":{\"@type\":\"ImageObject\",\"inLanguage\":\"es\",\"@id\":\"https:\/\/downgalicia.org\/es\/#\/schema\/logo\/image\/\",\"url\":\"https:\/\/downgalicia.org\/wp-content\/uploads\/2024\/07\/logo-sindrome-down-color.svg\",\"contentUrl\":\"https:\/\/downgalicia.org\/wp-content\/uploads\/2024\/07\/logo-sindrome-down-color.svg\",\"width\":271,\"height\":88,\"caption\":\"Federaci\u00f3n Down Galicia\"},\"image\":{\"@id\":\"https:\/\/downgalicia.org\/es\/#\/schema\/logo\/image\/\"}},{\"@type\":\"Person\",\"@id\":\"https:\/\/downgalicia.org\/es\/#\/schema\/person\/317730a00185114c76a219b94bddef15\",\"name\":\"produccion@visualpublinet.com\",\"image\":{\"@type\":\"ImageObject\",\"inLanguage\":\"es\",\"@id\":\"https:\/\/downgalicia.org\/es\/#\/schema\/person\/image\/\",\"url\":\"https:\/\/secure.gravatar.com\/avatar\/282ee20c78c1b1137175d4ab9f75785d8c239d499b1376df3ba16efa213b7b10?s=96&d=mm&r=g\",\"contentUrl\":\"https:\/\/secure.gravatar.com\/avatar\/282ee20c78c1b1137175d4ab9f75785d8c239d499b1376df3ba16efa213b7b10?s=96&d=mm&r=g\",\"caption\":\"produccion@visualpublinet.com\"},\"sameAs\":[\"https:\/\/downgalicia.org\"],\"url\":\"https:\/\/downgalicia.org\/es\/author\/produccionvisualpublinet-com\/\"}]}<\/script>\n<!-- \/ Yoast SEO plugin. -->","yoast_head_json":{"title":"La Conseller\u00eda de Traballo e Benestar colabora en la inserci\u00f3n laboral de personas con s\u00edndrome de Down &#8226; Federaci\u00f3n Down Galicia","robots":{"index":"index","follow":"follow","max-snippet":"max-snippet:-1","max-image-preview":"max-image-preview:large","max-video-preview":"max-video-preview:-1"},"canonical":"https:\/\/downgalicia.org\/es\/la-conselleria-de-traballo-e-benestar-colabora-en-la-insercion-laboral-de-personas-con-sindrome-de-down\/","og_locale":"es_ES","og_type":"article","og_title":"La Conseller\u00eda de Traballo e Benestar colabora en la inserci\u00f3n laboral de personas con s\u00edndrome de Down &#8226; Federaci\u00f3n Down Galicia","og_description":"La Direcci\u00f3n Xeral de Xuventude e Voluntariado, dependiente de la Conseller\u00eda de Traballo e Benestar, destin\u00f3 4.800\u20ac al proyecto \u201cVoluntariado e adestramento en habilidades complementarias \u00f3 posto de traballo para persoas coa s\u00edndrome de Down\u201d de Down Galicia. Esta ayuda...","og_url":"https:\/\/downgalicia.org\/es\/la-conselleria-de-traballo-e-benestar-colabora-en-la-insercion-laboral-de-personas-con-sindrome-de-down\/","og_site_name":"Federaci\u00f3n Down Galicia","article_published_time":"2015-10-15T13:41:17+00:00","author":"produccion@visualpublinet.com","twitter_card":"summary_large_image","twitter_misc":{"Escrito por":"produccion@visualpublinet.com","Tiempo de lectura":"1 minuto"},"schema":{"@context":"https:\/\/schema.org","@graph":[{"@type":"Article","@id":"https:\/\/downgalicia.org\/es\/la-conselleria-de-traballo-e-benestar-colabora-en-la-insercion-laboral-de-personas-con-sindrome-de-down\/#article","isPartOf":{"@id":"https:\/\/downgalicia.org\/es\/la-conselleria-de-traballo-e-benestar-colabora-en-la-insercion-laboral-de-personas-con-sindrome-de-down\/"},"author":{"name":"produccion@visualpublinet.com","@id":"https:\/\/downgalicia.org\/es\/#\/schema\/person\/317730a00185114c76a219b94bddef15"},"headline":"La Conseller\u00eda de Traballo e Benestar colabora en la inserci\u00f3n laboral de personas con s\u00edndrome de Down","datePublished":"2015-10-15T13:41:17+00:00","mainEntityOfPage":{"@id":"https:\/\/downgalicia.org\/es\/la-conselleria-de-traballo-e-benestar-colabora-en-la-insercion-laboral-de-personas-con-sindrome-de-down\/"},"wordCount":159,"publisher":{"@id":"https:\/\/downgalicia.org\/es\/#organization"},"articleSection":["Down Galicia","Noticias del Movimiento Down"],"inLanguage":"es"},{"@type":"WebPage","@id":"https:\/\/downgalicia.org\/es\/la-conselleria-de-traballo-e-benestar-colabora-en-la-insercion-laboral-de-personas-con-sindrome-de-down\/","url":"https:\/\/downgalicia.org\/es\/la-conselleria-de-traballo-e-benestar-colabora-en-la-insercion-laboral-de-personas-con-sindrome-de-down\/","name":"La Conseller\u00eda de Traballo e Benestar colabora en la inserci\u00f3n laboral de personas con s\u00edndrome de Down &#8226; Federaci\u00f3n Down Galicia","isPartOf":{"@id":"https:\/\/downgalicia.org\/es\/#website"},"datePublished":"2015-10-15T13:41:17+00:00","breadcrumb":{"@id":"https:\/\/downgalicia.org\/es\/la-conselleria-de-traballo-e-benestar-colabora-en-la-insercion-laboral-de-personas-con-sindrome-de-down\/#breadcrumb"},"inLanguage":"es","potentialAction":[{"@type":"ReadAction","target":["https:\/\/downgalicia.org\/es\/la-conselleria-de-traballo-e-benestar-colabora-en-la-insercion-laboral-de-personas-con-sindrome-de-down\/"]}]},{"@type":"BreadcrumbList","@id":"https:\/\/downgalicia.org\/es\/la-conselleria-de-traballo-e-benestar-colabora-en-la-insercion-laboral-de-personas-con-sindrome-de-down\/#breadcrumb","itemListElement":[{"@type":"ListItem","position":1,"name":"Portada","item":"https:\/\/downgalicia.org\/es\/"},{"@type":"ListItem","position":2,"name":"La Conseller\u00eda de Traballo e Benestar colabora en la inserci\u00f3n laboral de personas con s\u00edndrome de Down"}]},{"@type":"WebSite","@id":"https:\/\/downgalicia.org\/es\/#website","url":"https:\/\/downgalicia.org\/es\/","name":"Federaci\u00f3n Down Galicia","description":"Apoio a persoas con S\u00edndrome de Down","publisher":{"@id":"https:\/\/downgalicia.org\/es\/#organization"},"potentialAction":[{"@type":"SearchAction","target":{"@type":"EntryPoint","urlTemplate":"https:\/\/downgalicia.org\/es\/?s={search_term_string}"},"query-input":{"@type":"PropertyValueSpecification","valueRequired":true,"valueName":"search_term_string"}}],"inLanguage":"es"},{"@type":"Organization","@id":"https:\/\/downgalicia.org\/es\/#organization","name":"Federaci\u00f3n Down Galicia","url":"https:\/\/downgalicia.org\/es\/","logo":{"@type":"ImageObject","inLanguage":"es","@id":"https:\/\/downgalicia.org\/es\/#\/schema\/logo\/image\/","url":"https:\/\/downgalicia.org\/wp-content\/uploads\/2024\/07\/logo-sindrome-down-color.svg","contentUrl":"https:\/\/downgalicia.org\/wp-content\/uploads\/2024\/07\/logo-sindrome-down-color.svg","width":271,"height":88,"caption":"Federaci\u00f3n Down Galicia"},"image":{"@id":"https:\/\/downgalicia.org\/es\/#\/schema\/logo\/image\/"}},{"@type":"Person","@id":"https:\/\/downgalicia.org\/es\/#\/schema\/person\/317730a00185114c76a219b94bddef15","name":"produccion@visualpublinet.com","image":{"@type":"ImageObject","inLanguage":"es","@id":"https:\/\/downgalicia.org\/es\/#\/schema\/person\/image\/","url":"https:\/\/secure.gravatar.com\/avatar\/282ee20c78c1b1137175d4ab9f75785d8c239d499b1376df3ba16efa213b7b10?s=96&d=mm&r=g","contentUrl":"https:\/\/secure.gravatar.com\/avatar\/282ee20c78c1b1137175d4ab9f75785d8c239d499b1376df3ba16efa213b7b10?s=96&d=mm&r=g","caption":"produccion@visualpublinet.com"},"sameAs":["https:\/\/downgalicia.org"],"url":"https:\/\/downgalicia.org\/es\/author\/produccionvisualpublinet-com\/"}]}},"_links":{"self":[{"href":"https:\/\/downgalicia.org\/es\/wp-json\/wp\/v2\/posts\/7905","targetHints":{"allow":["GET"]}}],"collection":[{"href":"https:\/\/downgalicia.org\/es\/wp-json\/wp\/v2\/posts"}],"about":[{"href":"https:\/\/downgalicia.org\/es\/wp-json\/wp\/v2\/types\/post"}],"author":[{"embeddable":true,"href":"https:\/\/downgalicia.org\/es\/wp-json\/wp\/v2\/users\/1"}],"replies":[{"embeddable":true,"href":"https:\/\/downgalicia.org\/es\/wp-json\/wp\/v2\/comments?post=7905"}],"version-history":[{"count":0,"href":"https:\/\/downgalicia.org\/es\/wp-json\/wp\/v2\/posts\/7905\/revisions"}],"wp:attachment":[{"href":"https:\/\/downgalicia.org\/es\/wp-json\/wp\/v2\/media?parent=7905"}],"wp:term":[{"taxonomy":"category","embeddable":true,"href":"https:\/\/downgalicia.org\/es\/wp-json\/wp\/v2\/categories?post=7905"},{"taxonomy":"post_tag","embeddable":true,"href":"https:\/\/downgalicia.org\/es\/wp-json\/wp\/v2\/tags?post=7905"}],"curies":[{"name":"wp","href":"https:\/\/api.w.org\/{rel}","templated":true}]}}