{"id":8117,"date":"2014-12-18T16:56:39","date_gmt":"2014-12-18T15:56:39","guid":{"rendered":"http:\/\/downgalicia.org.136-144-253-96.136-144-253-96.visualpublinet.com\/down-ourense-inaugura-sus-nuevas-instalaciones-demandando-mayor-inclusion-social-e-igualdad-de-oportunidades\/"},"modified":"2014-12-18T16:56:39","modified_gmt":"2014-12-18T15:56:39","slug":"down-ourense-inaugura-sus-nuevas-instalaciones-demandando-mayor-inclusion-social-e-igualdad-de-oportunidades","status":"publish","type":"post","link":"https:\/\/downgalicia.org\/es\/down-ourense-inaugura-sus-nuevas-instalaciones-demandando-mayor-inclusion-social-e-igualdad-de-oportunidades\/","title":{"rendered":"Down Ourense inaugura sus nuevas instalaciones demandando mayor inclusi\u00f3n social e igualdad de oportunidades"},"content":{"rendered":"<p>\u201cMe llamo David y tengo un sue\u00f1o, conseguir un empleo digno y ser uno m\u00e1s\u201d, as\u00ed comenzaba su intervenci\u00f3n David N\u00f3voa, un chico con discapacidad intelectual, que en nombre de todos sus compa\u00f1eros y compa\u00f1eras interven\u00eda en el acto de inauguraci\u00f3n de las nuevas instalaciones de la Asociaci\u00f3n Down Ourense. David puso de manifiesto la necesidad de llevar una vida activa y normalizada en la sociedad y asegur\u00e9 que \u201ca\u00fan que tengamos una discapacidad tambi\u00e9n somos capaces de aprender y podemos desempe\u00f1ar un trabajo, al igual que cualquier otro trabajador\u201d.<\/p>\n<p>Acompa\u00f1ando a David estaban la presidenta de la Asociaci\u00f3n, Mara Prieto, y la secretaria xeral de Igualdade, Susana L\u00f3pez Abella, cuyo departamento contribuy\u00f3 con una ayuda econ\u00f3mica a financiar el acondicionamiento de las nuevas instalaciones. Unas instalaciones con las que se pretende dar cabida a las nuevas necesidades de espacio que Down Ourense ven\u00eda detectando debido a su crecimiento de los \u00faltimos a\u00f1os, tanto en n\u00famero de personas usuarias como en programas y servicios. En este sentido, Mara Prieto recordaba que desde el a\u00f1o 2003 en el que nac\u00eda la Asociaci\u00f3n, contin\u00faan trabajando \u201ccon una propuesta muy clara: que las personas con s\u00edndrome de Down tengan las mismas oportunidades que cualquier otra persona para llevar una vida normalizada y activa en su propia comunidad\u201d. Hizo hincapi\u00e9 en la necesidad de marcar una ruptura \u201ccon modelos de intervenci\u00f3n asistencialistas y segregadores\u201d y solicit\u00f3 que \u201ctoda la sociedad se implique en la lucha contra la invisibilidad a la que siempre se quiso someter a las personas con discapacidad, y contra los estereotipos y prejuicios de los que son objeto\u201d. Calific\u00f3 el trabajo de la entidad que preside como \u201cpionero\u201d y manifest\u00f3 sentirse orgullosa de las puertas que fueron abriendo en esta d\u00e9cada de vida.<\/p>\n<p>A este acto tambi\u00e9n acudieron autoridades locales y provinciales, entre las que destacan el Alcalde de Ourense, Agust\u00edn Fern\u00e1ndez Gallego, la Concelleira de Benestar Social, Marga Mart\u00edn, el Delegado Territorial de la Xunta, Rogelio Mart\u00ednez, el Subdelegado del Gobierno, Roberto Castro, el Presidente de la C\u00e1mara de Comercio, Juan Carlos Parada R\u00faa, el Director Territorial de Abanca, Rub\u00e9n Saavedra, la Directora Territorial de FSC Inserta, Menchu Iglesias, y el Vicerreitor da Universidade de Vigo en el Campus de Ourense, Virxilio Rodr\u00edguez.<\/p>\n<p>Tambi\u00e9n estaban representadas las instituciones y entidades que colaboraron en la financiaci\u00f3n de las obras de acondicionamiento, que ascendieron a 68.000 euros, de las cuales la Secretar\u00eda Xeral de Igualdade financi\u00f3 17.000 euros, La Caixa 6.000, la Once 5.500, y la empresa Arm\u00e1n contribuy\u00f3 con dotaci\u00f3n de mobiliario. El importe restante se cubri\u00f3 con aportaciones de donantes particulares y con fondos propios.<\/p>\n","protected":false},"excerpt":{"rendered":"<p>\u201cMe llamo David y tengo un sue\u00f1o, conseguir un empleo digno y ser uno m\u00e1s\u201d, as\u00ed comenzaba su intervenci\u00f3n David N\u00f3voa, un chico con discapacidad intelectual, que en nombre de todos sus compa\u00f1eros y compa\u00f1eras interven\u00eda en el acto de&#8230;<\/p>\n","protected":false},"author":1,"featured_media":0,"comment_status":"closed","ping_status":"closed","sticky":false,"template":"","format":"standard","meta":{"_acf_changed":false,"give_campaign_id":0,"footnotes":""},"categories":[121,71],"tags":[],"class_list":["post-8117","post","type-post","status-publish","format-standard","hentry","category-down-ourense-hemeroteca-es","category-noticias-sindrome-de-down-es"],"acf":[],"yoast_head":"<!-- This site is optimized with the Yoast SEO plugin v25.3.1 - https:\/\/yoast.com\/wordpress\/plugins\/seo\/ -->\n<title>Down Ourense inaugura sus nuevas instalaciones demandando mayor inclusi\u00f3n social e igualdad de oportunidades &#8226; Federaci\u00f3n Down Galicia<\/title>\n<meta name=\"robots\" content=\"index, follow, max-snippet:-1, max-image-preview:large, max-video-preview:-1\" \/>\n<link rel=\"canonical\" href=\"https:\/\/downgalicia.org\/es\/down-ourense-inaugura-sus-nuevas-instalaciones-demandando-mayor-inclusion-social-e-igualdad-de-oportunidades\/\" \/>\n<meta property=\"og:locale\" content=\"es_ES\" \/>\n<meta property=\"og:type\" content=\"article\" \/>\n<meta property=\"og:title\" content=\"Down Ourense inaugura sus nuevas instalaciones demandando mayor inclusi\u00f3n social e igualdad de oportunidades &#8226; Federaci\u00f3n Down Galicia\" \/>\n<meta property=\"og:description\" content=\"\u201cMe llamo David y tengo un sue\u00f1o, conseguir un empleo digno y ser uno m\u00e1s\u201d, as\u00ed comenzaba su intervenci\u00f3n David N\u00f3voa, un chico con discapacidad intelectual, que en nombre de todos sus compa\u00f1eros y compa\u00f1eras interven\u00eda en el acto de...\" \/>\n<meta property=\"og:url\" content=\"https:\/\/downgalicia.org\/es\/down-ourense-inaugura-sus-nuevas-instalaciones-demandando-mayor-inclusion-social-e-igualdad-de-oportunidades\/\" \/>\n<meta property=\"og:site_name\" content=\"Federaci\u00f3n Down Galicia\" \/>\n<meta property=\"article:published_time\" content=\"2014-12-18T15:56:39+00:00\" \/>\n<meta name=\"author\" content=\"produccion@visualpublinet.com\" \/>\n<meta name=\"twitter:card\" content=\"summary_large_image\" \/>\n<meta name=\"twitter:label1\" content=\"Escrito por\" \/>\n\t<meta name=\"twitter:data1\" content=\"produccion@visualpublinet.com\" \/>\n\t<meta name=\"twitter:label2\" content=\"Tiempo de lectura\" \/>\n\t<meta name=\"twitter:data2\" content=\"2 minutos\" \/>\n<script type=\"application\/ld+json\" class=\"yoast-schema-graph\">{\"@context\":\"https:\/\/schema.org\",\"@graph\":[{\"@type\":\"Article\",\"@id\":\"https:\/\/downgalicia.org\/es\/down-ourense-inaugura-sus-nuevas-instalaciones-demandando-mayor-inclusion-social-e-igualdad-de-oportunidades\/#article\",\"isPartOf\":{\"@id\":\"https:\/\/downgalicia.org\/es\/down-ourense-inaugura-sus-nuevas-instalaciones-demandando-mayor-inclusion-social-e-igualdad-de-oportunidades\/\"},\"author\":{\"name\":\"produccion@visualpublinet.com\",\"@id\":\"https:\/\/downgalicia.org\/es\/#\/schema\/person\/317730a00185114c76a219b94bddef15\"},\"headline\":\"Down Ourense inaugura sus nuevas instalaciones demandando mayor inclusi\u00f3n social e igualdad de oportunidades\",\"datePublished\":\"2014-12-18T15:56:39+00:00\",\"mainEntityOfPage\":{\"@id\":\"https:\/\/downgalicia.org\/es\/down-ourense-inaugura-sus-nuevas-instalaciones-demandando-mayor-inclusion-social-e-igualdad-de-oportunidades\/\"},\"wordCount\":485,\"publisher\":{\"@id\":\"https:\/\/downgalicia.org\/es\/#organization\"},\"articleSection\":[\"Down Ourense\",\"Noticias del Movimiento Down\"],\"inLanguage\":\"es\"},{\"@type\":\"WebPage\",\"@id\":\"https:\/\/downgalicia.org\/es\/down-ourense-inaugura-sus-nuevas-instalaciones-demandando-mayor-inclusion-social-e-igualdad-de-oportunidades\/\",\"url\":\"https:\/\/downgalicia.org\/es\/down-ourense-inaugura-sus-nuevas-instalaciones-demandando-mayor-inclusion-social-e-igualdad-de-oportunidades\/\",\"name\":\"Down Ourense inaugura sus nuevas instalaciones demandando mayor inclusi\u00f3n social e igualdad de oportunidades &#8226; Federaci\u00f3n Down Galicia\",\"isPartOf\":{\"@id\":\"https:\/\/downgalicia.org\/es\/#website\"},\"datePublished\":\"2014-12-18T15:56:39+00:00\",\"breadcrumb\":{\"@id\":\"https:\/\/downgalicia.org\/es\/down-ourense-inaugura-sus-nuevas-instalaciones-demandando-mayor-inclusion-social-e-igualdad-de-oportunidades\/#breadcrumb\"},\"inLanguage\":\"es\",\"potentialAction\":[{\"@type\":\"ReadAction\",\"target\":[\"https:\/\/downgalicia.org\/es\/down-ourense-inaugura-sus-nuevas-instalaciones-demandando-mayor-inclusion-social-e-igualdad-de-oportunidades\/\"]}]},{\"@type\":\"BreadcrumbList\",\"@id\":\"https:\/\/downgalicia.org\/es\/down-ourense-inaugura-sus-nuevas-instalaciones-demandando-mayor-inclusion-social-e-igualdad-de-oportunidades\/#breadcrumb\",\"itemListElement\":[{\"@type\":\"ListItem\",\"position\":1,\"name\":\"Portada\",\"item\":\"https:\/\/downgalicia.org\/es\/\"},{\"@type\":\"ListItem\",\"position\":2,\"name\":\"Down Ourense inaugura sus nuevas instalaciones demandando mayor inclusi\u00f3n social e igualdad de oportunidades\"}]},{\"@type\":\"WebSite\",\"@id\":\"https:\/\/downgalicia.org\/es\/#website\",\"url\":\"https:\/\/downgalicia.org\/es\/\",\"name\":\"Federaci\u00f3n Down Galicia\",\"description\":\"Apoio a persoas con S\u00edndrome de Down\",\"publisher\":{\"@id\":\"https:\/\/downgalicia.org\/es\/#organization\"},\"potentialAction\":[{\"@type\":\"SearchAction\",\"target\":{\"@type\":\"EntryPoint\",\"urlTemplate\":\"https:\/\/downgalicia.org\/es\/?s={search_term_string}\"},\"query-input\":{\"@type\":\"PropertyValueSpecification\",\"valueRequired\":true,\"valueName\":\"search_term_string\"}}],\"inLanguage\":\"es\"},{\"@type\":\"Organization\",\"@id\":\"https:\/\/downgalicia.org\/es\/#organization\",\"name\":\"Federaci\u00f3n Down Galicia\",\"url\":\"https:\/\/downgalicia.org\/es\/\",\"logo\":{\"@type\":\"ImageObject\",\"inLanguage\":\"es\",\"@id\":\"https:\/\/downgalicia.org\/es\/#\/schema\/logo\/image\/\",\"url\":\"https:\/\/downgalicia.org\/wp-content\/uploads\/2024\/07\/logo-sindrome-down-color.svg\",\"contentUrl\":\"https:\/\/downgalicia.org\/wp-content\/uploads\/2024\/07\/logo-sindrome-down-color.svg\",\"width\":271,\"height\":88,\"caption\":\"Federaci\u00f3n Down Galicia\"},\"image\":{\"@id\":\"https:\/\/downgalicia.org\/es\/#\/schema\/logo\/image\/\"}},{\"@type\":\"Person\",\"@id\":\"https:\/\/downgalicia.org\/es\/#\/schema\/person\/317730a00185114c76a219b94bddef15\",\"name\":\"produccion@visualpublinet.com\",\"image\":{\"@type\":\"ImageObject\",\"inLanguage\":\"es\",\"@id\":\"https:\/\/downgalicia.org\/es\/#\/schema\/person\/image\/\",\"url\":\"https:\/\/secure.gravatar.com\/avatar\/282ee20c78c1b1137175d4ab9f75785d8c239d499b1376df3ba16efa213b7b10?s=96&d=mm&r=g\",\"contentUrl\":\"https:\/\/secure.gravatar.com\/avatar\/282ee20c78c1b1137175d4ab9f75785d8c239d499b1376df3ba16efa213b7b10?s=96&d=mm&r=g\",\"caption\":\"produccion@visualpublinet.com\"},\"sameAs\":[\"https:\/\/downgalicia.org\"],\"url\":\"https:\/\/downgalicia.org\/es\/author\/produccionvisualpublinet-com\/\"}]}<\/script>\n<!-- \/ Yoast SEO plugin. -->","yoast_head_json":{"title":"Down Ourense inaugura sus nuevas instalaciones demandando mayor inclusi\u00f3n social e igualdad de oportunidades &#8226; Federaci\u00f3n Down Galicia","robots":{"index":"index","follow":"follow","max-snippet":"max-snippet:-1","max-image-preview":"max-image-preview:large","max-video-preview":"max-video-preview:-1"},"canonical":"https:\/\/downgalicia.org\/es\/down-ourense-inaugura-sus-nuevas-instalaciones-demandando-mayor-inclusion-social-e-igualdad-de-oportunidades\/","og_locale":"es_ES","og_type":"article","og_title":"Down Ourense inaugura sus nuevas instalaciones demandando mayor inclusi\u00f3n social e igualdad de oportunidades &#8226; Federaci\u00f3n Down Galicia","og_description":"\u201cMe llamo David y tengo un sue\u00f1o, conseguir un empleo digno y ser uno m\u00e1s\u201d, as\u00ed comenzaba su intervenci\u00f3n David N\u00f3voa, un chico con discapacidad intelectual, que en nombre de todos sus compa\u00f1eros y compa\u00f1eras interven\u00eda en el acto de...","og_url":"https:\/\/downgalicia.org\/es\/down-ourense-inaugura-sus-nuevas-instalaciones-demandando-mayor-inclusion-social-e-igualdad-de-oportunidades\/","og_site_name":"Federaci\u00f3n Down Galicia","article_published_time":"2014-12-18T15:56:39+00:00","author":"produccion@visualpublinet.com","twitter_card":"summary_large_image","twitter_misc":{"Escrito por":"produccion@visualpublinet.com","Tiempo de lectura":"2 minutos"},"schema":{"@context":"https:\/\/schema.org","@graph":[{"@type":"Article","@id":"https:\/\/downgalicia.org\/es\/down-ourense-inaugura-sus-nuevas-instalaciones-demandando-mayor-inclusion-social-e-igualdad-de-oportunidades\/#article","isPartOf":{"@id":"https:\/\/downgalicia.org\/es\/down-ourense-inaugura-sus-nuevas-instalaciones-demandando-mayor-inclusion-social-e-igualdad-de-oportunidades\/"},"author":{"name":"produccion@visualpublinet.com","@id":"https:\/\/downgalicia.org\/es\/#\/schema\/person\/317730a00185114c76a219b94bddef15"},"headline":"Down Ourense inaugura sus nuevas instalaciones demandando mayor inclusi\u00f3n social e igualdad de oportunidades","datePublished":"2014-12-18T15:56:39+00:00","mainEntityOfPage":{"@id":"https:\/\/downgalicia.org\/es\/down-ourense-inaugura-sus-nuevas-instalaciones-demandando-mayor-inclusion-social-e-igualdad-de-oportunidades\/"},"wordCount":485,"publisher":{"@id":"https:\/\/downgalicia.org\/es\/#organization"},"articleSection":["Down Ourense","Noticias del Movimiento Down"],"inLanguage":"es"},{"@type":"WebPage","@id":"https:\/\/downgalicia.org\/es\/down-ourense-inaugura-sus-nuevas-instalaciones-demandando-mayor-inclusion-social-e-igualdad-de-oportunidades\/","url":"https:\/\/downgalicia.org\/es\/down-ourense-inaugura-sus-nuevas-instalaciones-demandando-mayor-inclusion-social-e-igualdad-de-oportunidades\/","name":"Down Ourense inaugura sus nuevas instalaciones demandando mayor inclusi\u00f3n social e igualdad de oportunidades &#8226; Federaci\u00f3n Down Galicia","isPartOf":{"@id":"https:\/\/downgalicia.org\/es\/#website"},"datePublished":"2014-12-18T15:56:39+00:00","breadcrumb":{"@id":"https:\/\/downgalicia.org\/es\/down-ourense-inaugura-sus-nuevas-instalaciones-demandando-mayor-inclusion-social-e-igualdad-de-oportunidades\/#breadcrumb"},"inLanguage":"es","potentialAction":[{"@type":"ReadAction","target":["https:\/\/downgalicia.org\/es\/down-ourense-inaugura-sus-nuevas-instalaciones-demandando-mayor-inclusion-social-e-igualdad-de-oportunidades\/"]}]},{"@type":"BreadcrumbList","@id":"https:\/\/downgalicia.org\/es\/down-ourense-inaugura-sus-nuevas-instalaciones-demandando-mayor-inclusion-social-e-igualdad-de-oportunidades\/#breadcrumb","itemListElement":[{"@type":"ListItem","position":1,"name":"Portada","item":"https:\/\/downgalicia.org\/es\/"},{"@type":"ListItem","position":2,"name":"Down Ourense inaugura sus nuevas instalaciones demandando mayor inclusi\u00f3n social e igualdad de oportunidades"}]},{"@type":"WebSite","@id":"https:\/\/downgalicia.org\/es\/#website","url":"https:\/\/downgalicia.org\/es\/","name":"Federaci\u00f3n Down Galicia","description":"Apoio a persoas con S\u00edndrome de Down","publisher":{"@id":"https:\/\/downgalicia.org\/es\/#organization"},"potentialAction":[{"@type":"SearchAction","target":{"@type":"EntryPoint","urlTemplate":"https:\/\/downgalicia.org\/es\/?s={search_term_string}"},"query-input":{"@type":"PropertyValueSpecification","valueRequired":true,"valueName":"search_term_string"}}],"inLanguage":"es"},{"@type":"Organization","@id":"https:\/\/downgalicia.org\/es\/#organization","name":"Federaci\u00f3n Down Galicia","url":"https:\/\/downgalicia.org\/es\/","logo":{"@type":"ImageObject","inLanguage":"es","@id":"https:\/\/downgalicia.org\/es\/#\/schema\/logo\/image\/","url":"https:\/\/downgalicia.org\/wp-content\/uploads\/2024\/07\/logo-sindrome-down-color.svg","contentUrl":"https:\/\/downgalicia.org\/wp-content\/uploads\/2024\/07\/logo-sindrome-down-color.svg","width":271,"height":88,"caption":"Federaci\u00f3n Down Galicia"},"image":{"@id":"https:\/\/downgalicia.org\/es\/#\/schema\/logo\/image\/"}},{"@type":"Person","@id":"https:\/\/downgalicia.org\/es\/#\/schema\/person\/317730a00185114c76a219b94bddef15","name":"produccion@visualpublinet.com","image":{"@type":"ImageObject","inLanguage":"es","@id":"https:\/\/downgalicia.org\/es\/#\/schema\/person\/image\/","url":"https:\/\/secure.gravatar.com\/avatar\/282ee20c78c1b1137175d4ab9f75785d8c239d499b1376df3ba16efa213b7b10?s=96&d=mm&r=g","contentUrl":"https:\/\/secure.gravatar.com\/avatar\/282ee20c78c1b1137175d4ab9f75785d8c239d499b1376df3ba16efa213b7b10?s=96&d=mm&r=g","caption":"produccion@visualpublinet.com"},"sameAs":["https:\/\/downgalicia.org"],"url":"https:\/\/downgalicia.org\/es\/author\/produccionvisualpublinet-com\/"}]}},"_links":{"self":[{"href":"https:\/\/downgalicia.org\/es\/wp-json\/wp\/v2\/posts\/8117","targetHints":{"allow":["GET"]}}],"collection":[{"href":"https:\/\/downgalicia.org\/es\/wp-json\/wp\/v2\/posts"}],"about":[{"href":"https:\/\/downgalicia.org\/es\/wp-json\/wp\/v2\/types\/post"}],"author":[{"embeddable":true,"href":"https:\/\/downgalicia.org\/es\/wp-json\/wp\/v2\/users\/1"}],"replies":[{"embeddable":true,"href":"https:\/\/downgalicia.org\/es\/wp-json\/wp\/v2\/comments?post=8117"}],"version-history":[{"count":0,"href":"https:\/\/downgalicia.org\/es\/wp-json\/wp\/v2\/posts\/8117\/revisions"}],"wp:attachment":[{"href":"https:\/\/downgalicia.org\/es\/wp-json\/wp\/v2\/media?parent=8117"}],"wp:term":[{"taxonomy":"category","embeddable":true,"href":"https:\/\/downgalicia.org\/es\/wp-json\/wp\/v2\/categories?post=8117"},{"taxonomy":"post_tag","embeddable":true,"href":"https:\/\/downgalicia.org\/es\/wp-json\/wp\/v2\/tags?post=8117"}],"curies":[{"name":"wp","href":"https:\/\/api.w.org\/{rel}","templated":true}]}}